{"id":100544,"date":"2011-12-22T00:00:00","date_gmt":"2011-12-22T00:00:00","guid":{"rendered":""},"modified":"2011-12-22T00:00:00","modified_gmt":"2011-12-22T00:00:00","slug":"salvi-il-falo-di-sant-antonio-e-la-gioeubia","status":"publish","type":"post","link":"https:\/\/staging.varesenews.it\/2011\/12\/salvi-il-falo-di-sant-antonio-e-la-gioeubia\/100544\/","title":{"rendered":"Salvi il Fal\u00f2 di Sant&#8217;Antonio e la Gioe\u00f9bia"},"content":{"rendered":"<p><strong><img loading=\"lazy\" decoding=\"async\" border=\"1\" hspace=\"5\" alt=\"\" vspace=\"5\" align=\"left\" width=\"266\" height=\"200\" src=\"https:\/\/www3.varesenews.it\/immagini_articoli\/200601\/FALO_1 (4).jpg\" \/>Fal&ograve; e fuochi tradizionali &quot;salvi&quot; in tutta la Lombardia<\/strong>. A deciderlo la giunta regionale che ha modifica una delibera di luglio che rischiava invece di metterli a rischio. Il <a target=\"_blank\" href=\"http:\/\/www3.varesenews.it\/varese\/articolo.php?id=218884\">caso &egrave; &quot;scoppiato&quot; qualche settimana fa <\/a>quando il Partito democratico in Regione ha messo in evidenza che a causa di una interpretazione rigida della DGR Lombarda dell&rsquo;11 luglio 2008 n.7635 sull&rsquo;inquinamento da combustione di biomasse legnose, erano a rischio le accensioni dei fal&ograve; durante le tradizionali feste. In forse, quindi, c&#8217;erano due delle pi&ugrave; famose tradizioni della nostra provincia: <strong>Fal&ograve; di Sant&#8217;Antonio a Varese e la Gioe&ugrave;bia a Busto Arsizio<\/strong>.<br \/>\nOggi, gioved&igrave;, la giunta regionale ha invece deciso di modificare il testo della delibera per salvare fal&ograve; e fuochi paesani. Cos&igrave; il nuovo testo della delibera: &quot;Potranno comunque essere consentiti, <strong>previa autorizzazione del Sindaco competente, fal&ograve; e fuochi in occasione di feste, sagre di paese <\/strong>o comunque di eventi attinenti ai rituali calendariali della tradizione popolare culturale della Lombardia. L&rsquo;autorizzazione deve comunque assicurare il <strong>rispetto delle norme vigenti <\/strong>e prevedere eventuali prescrizioni a garanzia della sicurezza dei cittadini e dell&rsquo;ambiente&quot;.<br \/>\nQuesta rappresenta l&#8217;unica eccezione al divieto di combustione all&#8217;aperto che rimane in vigore. Infatti, bruciare la legna, se ci&ograve; non avviene con apparecchiature tecnologicamente adeguate, comporta emissioni molto elevate di polveri sottili, che inquinano l&#8217;aria e sono nocive per la salute.<br \/>\n<br type=\"_moz\" \/><br \/>\n<strong>Soddisfatto l&rsquo;assessore alle Infrastrutture e Mobilit&agrave; della Regione Lombardia <\/strong>annuncia che &laquo;<strong>anche il popolare fal&ograve; di Sant&rsquo;Antonio, simbolo della Citt&agrave; Giardino &egrave; salvo <\/strong>e a Varese, come in tutte le altre citt&agrave; della Lombardia, sar&agrave; consentito di svolgere i tradizionali festeggiamenti in occasione delle feste locali. <strong>La scelta di regione Lombardia va nella direzione di preservare le iniziative di carattere comunitario<\/strong>, norme vigenti e prevedere eventuali prescrizioni a garanzia della sicurezza dei cittadini e dell&#8217;ambiente&raquo;.<\/p>\n<div>Esprime soddisfazione per la scelta <strong>Alessandro Alfieri, consigliere regionale del Pd<\/strong>: &laquo;Dopo che il fal&ograve; di Cicognolo, in provincia di Cremona, era stato spento dalla norma antismog, abbiamo sollecitato la Giunta lombarda a ripensare a questo punto della normativa, discutendone anche in Commissione. <strong>Erano a rischio tutti i riti delle festivit&agrave;: Sant&rsquo;Antonio a Varese, la pi&ugrave; antica e amata dai varesini, Olgiate Olona, Mustonate e Viconago, ma anche i fal&ograve; della Gioe&ugrave;bia a Busto Arsizio e, solo per citarne alcuni, i tradizionali fal&ograve; per le festivit&agrave; di San Biagio e per l&rsquo;Epifania. <\/strong>Ora, al di l&agrave; di quelle che sono state le interpretazioni date in questi ultimi giorni, c&rsquo;&egrave; stata una vera e propria sollevazione popolare, sulla spinta anche delle associazioni locali che si occupano di questi riti, per la tutela delle iniziative della tradizione. La decisione di buon senso della Giunta dimostra che non era una questione di secondo piano. <strong>Ora toccher&agrave; ai sindaci <\/strong>vigilare che la nuova regola venga applicata con la dovuta correttezza&raquo;.<\/div>\n<p>\n&laquo;Sono molto contendo che la giunta abbia deliberato in favore dei fal&ograve; e dei fuochi all&#8217;aperto &ndash; dice il <strong>consigliere regionale della Lega Nord Renzo Bossi -,<\/strong>&nbsp;<strong>&egrave; importante salvaguardare le tradizioni <\/strong>locali. Noi della Lega siamo sempre dalla parte del cittadino, insieme al consigliere Longoni avevamo segnalato pi&ugrave; volte agli assessori di competenza che non &egrave; certo il fal&ograve; di qualche festivit&agrave; a inquinare in maniera pesante le nostre citt&agrave;. Il problema delle polveri sottili che rendono l&#8217;aria delle nostre citt&agrave; irrespirabile &egrave; molto serio e ci vorranno delle precauzioni e delle regole ad hoc. Per questo era giusto intervenire, perdere le tradizioni significa perdere parte della nostra cultura. Soprattutto dopo che a Cremona a causa di una norma antismog era stato spento il fal&ograve; di Cicognolo, erano a rischio tutti i fal&ograve; della Lombardia&raquo;. <strong>Secondo il consigliere Giangiacomo Longoni&nbsp;<\/strong>&laquo;la delibera specifica che l&#8217;autorizzazione necessaria deve assicurare il rispetto delle norme vigenti e prevedere eventuali prescrizioni a garanzia della sicurezza dei cittadini e dell&#8217;ambiente. Questa rappresenta l&#8217;unica eccezione al divieto di combustione all&#8217;aperto che rimane in vigore&raquo;.<\/p>\n","protected":false},"excerpt":{"rendered":"<p>Una delibera regionale metteva a rischio i fal\u00f2 nelle sagre. Ora saranno nuovamente possibili previa autorizzazione del sindaco<\/p>\n","protected":false},"author":10,"featured_media":0,"comment_status":"open","ping_status":"open","sticky":false,"template":"","format":"standard","meta":{"footnotes":""},"categories":[4,2],"tags":[10724,10419,532],"acf":[],"yoast_head":"<!-- This site is optimized with the Yoast SEO plugin v20.1 - https:\/\/yoast.com\/wordpress\/plugins\/seo\/ -->\n<title>Salvi il Fal\u00f2 di Sant&#039;Antonio e la Gioe\u00f9bia<\/title>\n<meta name=\"description\" content=\"Una delibera regionale metteva a rischio i fal\u00f2 nelle sagre. Ora saranno nuovamente possibili previa autorizzazione del sindaco\" \/>\n<meta name=\"robots\" content=\"noindex, follow, max-snippet:-1, max-image-preview:large, max-video-preview:-1\" \/>\n<meta property=\"og:locale\" content=\"it_IT\" \/>\n<meta property=\"og:type\" content=\"article\" \/>\n<meta property=\"og:title\" content=\"Salvi il Fal\u00f2 di Sant&#039;Antonio e la Gioe\u00f9bia\" \/>\n<meta property=\"og:description\" content=\"Una delibera regionale metteva a rischio i fal\u00f2 nelle sagre. Ora saranno nuovamente possibili previa autorizzazione del sindaco\" \/>\n<meta property=\"og:url\" content=\"https:\/\/staging.varesenews.it\/2011\/12\/salvi-il-falo-di-sant-antonio-e-la-gioeubia\/100544\/\" \/>\n<meta property=\"og:site_name\" content=\"VareseNews\" \/>\n<meta property=\"article:publisher\" content=\"https:\/\/www.facebook.com\/varesenews\" \/>\n<meta property=\"article:published_time\" content=\"2011-12-22T00:00:00+00:00\" \/>\n<meta name=\"author\" content=\"Redazione VareseNews\" \/>\n<meta name=\"twitter:card\" content=\"summary_large_image\" \/>\n<meta name=\"twitter:creator\" content=\"@varesenews\" \/>\n<meta name=\"twitter:site\" content=\"@varesenews\" \/>\n<meta name=\"twitter:label1\" content=\"Scritto da\" \/>\n\t<meta name=\"twitter:data1\" content=\"Redazione VareseNews\" \/>\n\t<meta name=\"twitter:label2\" content=\"Tempo di lettura stimato\" \/>\n\t<meta name=\"twitter:data2\" content=\"4 minuti\" \/>\n<script type=\"application\/ld+json\" class=\"yoast-schema-graph\">{\"@context\":\"https:\/\/schema.org\",\"@graph\":[{\"@type\":\"WebPage\",\"@id\":\"https:\/\/staging.varesenews.it\/2011\/12\/salvi-il-falo-di-sant-antonio-e-la-gioeubia\/100544\/\",\"url\":\"https:\/\/staging.varesenews.it\/2011\/12\/salvi-il-falo-di-sant-antonio-e-la-gioeubia\/100544\/\",\"name\":\"Salvi il Fal\u00f2 di Sant'Antonio e la Gioe\u00f9bia\",\"isPartOf\":{\"@id\":\"https:\/\/staging.varesenews.it\/#website\"},\"datePublished\":\"2011-12-22T00:00:00+00:00\",\"dateModified\":\"2011-12-22T00:00:00+00:00\",\"author\":{\"@id\":\"https:\/\/staging.varesenews.it\/#\/schema\/person\/fb20c4da0b7b16c291707a20db73e169\"},\"description\":\"Una delibera regionale metteva a rischio i fal\u00f2 nelle sagre. Ora saranno nuovamente possibili previa autorizzazione del sindaco\",\"breadcrumb\":{\"@id\":\"https:\/\/staging.varesenews.it\/2011\/12\/salvi-il-falo-di-sant-antonio-e-la-gioeubia\/100544\/#breadcrumb\"},\"inLanguage\":\"it-IT\",\"potentialAction\":[{\"@type\":\"ReadAction\",\"target\":[\"https:\/\/staging.varesenews.it\/2011\/12\/salvi-il-falo-di-sant-antonio-e-la-gioeubia\/100544\/\"]}]},{\"@type\":\"BreadcrumbList\",\"@id\":\"https:\/\/staging.varesenews.it\/2011\/12\/salvi-il-falo-di-sant-antonio-e-la-gioeubia\/100544\/#breadcrumb\",\"itemListElement\":[{\"@type\":\"ListItem\",\"position\":1,\"name\":\"Home\",\"item\":\"https:\/\/www.varesenews.it\/\"},{\"@type\":\"ListItem\",\"position\":2,\"name\":\"Salvi il Fal\u00f2 di Sant&#8217;Antonio e la Gioe\u00f9bia\"}]},{\"@type\":\"WebSite\",\"@id\":\"https:\/\/staging.varesenews.it\/#website\",\"url\":\"https:\/\/staging.varesenews.it\/\",\"name\":\"VareseNews\",\"description\":\"\",\"potentialAction\":[{\"@type\":\"SearchAction\",\"target\":{\"@type\":\"EntryPoint\",\"urlTemplate\":\"https:\/\/staging.varesenews.it\/?s={search_term_string}\"},\"query-input\":\"required name=search_term_string\"}],\"inLanguage\":\"it-IT\"},{\"@type\":\"Person\",\"@id\":\"https:\/\/staging.varesenews.it\/#\/schema\/person\/fb20c4da0b7b16c291707a20db73e169\",\"name\":\"Redazione VareseNews\",\"image\":{\"@type\":\"ImageObject\",\"inLanguage\":\"it-IT\",\"@id\":\"https:\/\/staging.varesenews.it\/#\/schema\/person\/image\/\",\"url\":\"https:\/\/staging.varesenews.it\/wp-content\/uploads\/2020\/12\/logo_VN_colori_500.png\",\"contentUrl\":\"https:\/\/staging.varesenews.it\/wp-content\/uploads\/2020\/12\/logo_VN_colori_500.png\",\"caption\":\"Redazione VareseNews\"},\"url\":\"https:\/\/staging.varesenews.it\/persona\/redazione1\/\"}]}<\/script>\n<!-- \/ Yoast SEO plugin. -->","yoast_head_json":{"title":"Salvi il Fal\u00f2 di Sant'Antonio e la Gioe\u00f9bia","description":"Una delibera regionale metteva a rischio i fal\u00f2 nelle sagre. Ora saranno nuovamente possibili previa autorizzazione del sindaco","robots":{"index":"noindex","follow":"follow","max-snippet":"max-snippet:-1","max-image-preview":"max-image-preview:large","max-video-preview":"max-video-preview:-1"},"og_locale":"it_IT","og_type":"article","og_title":"Salvi il Fal\u00f2 di Sant'Antonio e la Gioe\u00f9bia","og_description":"Una delibera regionale metteva a rischio i fal\u00f2 nelle sagre. Ora saranno nuovamente possibili previa autorizzazione del sindaco","og_url":"https:\/\/staging.varesenews.it\/2011\/12\/salvi-il-falo-di-sant-antonio-e-la-gioeubia\/100544\/","og_site_name":"VareseNews","article_publisher":"https:\/\/www.facebook.com\/varesenews","article_published_time":"2011-12-22T00:00:00+00:00","author":"Redazione VareseNews","twitter_card":"summary_large_image","twitter_creator":"@varesenews","twitter_site":"@varesenews","twitter_misc":{"Scritto da":"Redazione VareseNews","Tempo di lettura stimato":"4 minuti"},"schema":{"@context":"https:\/\/schema.org","@graph":[{"@type":"WebPage","@id":"https:\/\/staging.varesenews.it\/2011\/12\/salvi-il-falo-di-sant-antonio-e-la-gioeubia\/100544\/","url":"https:\/\/staging.varesenews.it\/2011\/12\/salvi-il-falo-di-sant-antonio-e-la-gioeubia\/100544\/","name":"Salvi il Fal\u00f2 di Sant'Antonio e la Gioe\u00f9bia","isPartOf":{"@id":"https:\/\/staging.varesenews.it\/#website"},"datePublished":"2011-12-22T00:00:00+00:00","dateModified":"2011-12-22T00:00:00+00:00","author":{"@id":"https:\/\/staging.varesenews.it\/#\/schema\/person\/fb20c4da0b7b16c291707a20db73e169"},"description":"Una delibera regionale metteva a rischio i fal\u00f2 nelle sagre. Ora saranno nuovamente possibili previa autorizzazione del sindaco","breadcrumb":{"@id":"https:\/\/staging.varesenews.it\/2011\/12\/salvi-il-falo-di-sant-antonio-e-la-gioeubia\/100544\/#breadcrumb"},"inLanguage":"it-IT","potentialAction":[{"@type":"ReadAction","target":["https:\/\/staging.varesenews.it\/2011\/12\/salvi-il-falo-di-sant-antonio-e-la-gioeubia\/100544\/"]}]},{"@type":"BreadcrumbList","@id":"https:\/\/staging.varesenews.it\/2011\/12\/salvi-il-falo-di-sant-antonio-e-la-gioeubia\/100544\/#breadcrumb","itemListElement":[{"@type":"ListItem","position":1,"name":"Home","item":"https:\/\/www.varesenews.it\/"},{"@type":"ListItem","position":2,"name":"Salvi il Fal\u00f2 di Sant&#8217;Antonio e la Gioe\u00f9bia"}]},{"@type":"WebSite","@id":"https:\/\/staging.varesenews.it\/#website","url":"https:\/\/staging.varesenews.it\/","name":"VareseNews","description":"","potentialAction":[{"@type":"SearchAction","target":{"@type":"EntryPoint","urlTemplate":"https:\/\/staging.varesenews.it\/?s={search_term_string}"},"query-input":"required name=search_term_string"}],"inLanguage":"it-IT"},{"@type":"Person","@id":"https:\/\/staging.varesenews.it\/#\/schema\/person\/fb20c4da0b7b16c291707a20db73e169","name":"Redazione VareseNews","image":{"@type":"ImageObject","inLanguage":"it-IT","@id":"https:\/\/staging.varesenews.it\/#\/schema\/person\/image\/","url":"https:\/\/staging.varesenews.it\/wp-content\/uploads\/2020\/12\/logo_VN_colori_500.png","contentUrl":"https:\/\/staging.varesenews.it\/wp-content\/uploads\/2020\/12\/logo_VN_colori_500.png","caption":"Redazione VareseNews"},"url":"https:\/\/staging.varesenews.it\/persona\/redazione1\/"}]}},"post_meta":{"id_old":"221857","argomento":"Varese - Busto Arsizio","id_link_fotogallery":"309209,306956,306958,309210"},"photos":[],"_links":{"self":[{"href":"https:\/\/staging.varesenews.it\/swgapi\/v1\/wp\/v2\/posts\/100544"}],"collection":[{"href":"https:\/\/staging.varesenews.it\/swgapi\/v1\/wp\/v2\/posts"}],"about":[{"href":"https:\/\/staging.varesenews.it\/swgapi\/v1\/wp\/v2\/types\/post"}],"author":[{"embeddable":true,"href":"https:\/\/staging.varesenews.it\/swgapi\/v1\/wp\/v2\/users\/10"}],"replies":[{"embeddable":true,"href":"https:\/\/staging.varesenews.it\/swgapi\/v1\/wp\/v2\/comments?post=100544"}],"version-history":[{"count":0,"href":"https:\/\/staging.varesenews.it\/swgapi\/v1\/wp\/v2\/posts\/100544\/revisions"}],"wp:attachment":[{"href":"https:\/\/staging.varesenews.it\/swgapi\/v1\/wp\/v2\/media?parent=100544"}],"wp:term":[{"taxonomy":"category","embeddable":true,"href":"https:\/\/staging.varesenews.it\/swgapi\/v1\/wp\/v2\/categories?post=100544"},{"taxonomy":"post_tag","embeddable":true,"href":"https:\/\/staging.varesenews.it\/swgapi\/v1\/wp\/v2\/tags?post=100544"}],"curies":[{"name":"wp","href":"https:\/\/api.w.org\/{rel}","templated":true}]}}