{"id":101099,"date":"2011-12-15T00:00:00","date_gmt":"2011-12-15T00:00:00","guid":{"rendered":""},"modified":"2011-12-15T00:00:00","modified_gmt":"2011-12-15T00:00:00","slug":"chiude-definitivamente-lo-svincolo-di-origgio","status":"publish","type":"post","link":"https:\/\/staging.varesenews.it\/2011\/12\/chiude-definitivamente-lo-svincolo-di-origgio\/101099\/","title":{"rendered":"Chiude definitivamente lo svincolo di Origgio"},"content":{"rendered":"<p><img loading=\"lazy\" decoding=\"async\" alt=\"i lavori allo svincolo di Origgio\" width=\"300\" height=\"225\" vspace=\"5\" hspace=\"5\" border=\"1\" align=\"left\" src=\"https:\/\/www3.varesenews.it\/immagini_articoli\/201010\/IMG_0935.JPG\" \/>Autostrade  per l&rsquo;Italia comunica che sull&rsquo;A9&nbsp;Lainate-Chiasso,  nell&rsquo;ambito dei lavori di ampliamento a tre corsie, dalle&nbsp;6 di   domani  mattina,  venerd&igrave;  16  dicembre,   verr&agrave;  chiuso&nbsp;definitivamente   il   <strong>vecchio   svincolo   di  Origgio <\/strong> (km  12+000  sud).<\/p>\n<p>Contestualmente  verr&agrave; aperto &ndash; in modalit&agrave; provvisoria &ndash; il nuovo svincolo&nbsp;di  Origgio-Uboldo  (km  13+900  sud),  solo in entrata per chi proviene da&nbsp;Uboldo ed &egrave; diretto a Milano o Varese.<br \/>\nSulla viabilit&agrave; ordinaria verr&agrave; posta apposita segnaletica per agevolare&nbsp;l&rsquo;ingresso al nuovo svincolo di Origgio-Uboldo.<\/p>\n","protected":false},"excerpt":{"rendered":"<p>Dalle 6 di venerd\u00ec 16 dicembre non sar\u00e0 pi\u00f9 utilizzabile  il vecchio svincolo sulla A9. Contestualmente viene aperto il nuovo svincolo di Origgio Uboldo<\/p>\n","protected":false},"author":10,"featured_media":0,"comment_status":"open","ping_status":"open","sticky":false,"template":"","format":"standard","meta":{"footnotes":""},"categories":[8,5],"tags":[1390],"acf":[],"yoast_head":"<!-- This site is optimized with the Yoast SEO plugin v20.1 - https:\/\/yoast.com\/wordpress\/plugins\/seo\/ -->\n<title>Chiude definitivamente lo svincolo di Origgio<\/title>\n<meta name=\"description\" content=\"Dalle 6 di venerd\u00ec 16 dicembre non sar\u00e0 pi\u00f9 utilizzabile il vecchio svincolo sulla A9. Contestualmente viene aperto il nuovo svincolo di Origgio Uboldo\" \/>\n<meta name=\"robots\" content=\"noindex, follow, max-snippet:-1, max-image-preview:large, max-video-preview:-1\" \/>\n<meta property=\"og:locale\" content=\"it_IT\" \/>\n<meta property=\"og:type\" content=\"article\" \/>\n<meta property=\"og:title\" content=\"Chiude definitivamente lo svincolo di Origgio\" \/>\n<meta property=\"og:description\" content=\"Dalle 6 di venerd\u00ec 16 dicembre non sar\u00e0 pi\u00f9 utilizzabile il vecchio svincolo sulla A9. Contestualmente viene aperto il nuovo svincolo di Origgio Uboldo\" \/>\n<meta property=\"og:url\" content=\"https:\/\/staging.varesenews.it\/2011\/12\/chiude-definitivamente-lo-svincolo-di-origgio\/101099\/\" \/>\n<meta property=\"og:site_name\" content=\"VareseNews\" \/>\n<meta property=\"article:publisher\" content=\"https:\/\/www.facebook.com\/varesenews\" \/>\n<meta property=\"article:published_time\" content=\"2011-12-15T00:00:00+00:00\" \/>\n<meta property=\"og:image\" content=\"https:\/\/www3.varesenews.it\/immagini_articoli\/201010\/IMG_0935.JPG\" \/>\n<meta name=\"author\" content=\"Redazione VareseNews\" \/>\n<meta name=\"twitter:card\" content=\"summary_large_image\" \/>\n<meta name=\"twitter:creator\" content=\"@varesenews\" \/>\n<meta name=\"twitter:site\" content=\"@varesenews\" \/>\n<meta name=\"twitter:label1\" content=\"Scritto da\" \/>\n\t<meta name=\"twitter:data1\" content=\"Redazione VareseNews\" \/>\n<script type=\"application\/ld+json\" class=\"yoast-schema-graph\">{\"@context\":\"https:\/\/schema.org\",\"@graph\":[{\"@type\":\"WebPage\",\"@id\":\"https:\/\/staging.varesenews.it\/2011\/12\/chiude-definitivamente-lo-svincolo-di-origgio\/101099\/\",\"url\":\"https:\/\/staging.varesenews.it\/2011\/12\/chiude-definitivamente-lo-svincolo-di-origgio\/101099\/\",\"name\":\"Chiude definitivamente lo svincolo di Origgio\",\"isPartOf\":{\"@id\":\"https:\/\/staging.varesenews.it\/#website\"},\"datePublished\":\"2011-12-15T00:00:00+00:00\",\"dateModified\":\"2011-12-15T00:00:00+00:00\",\"author\":{\"@id\":\"https:\/\/staging.varesenews.it\/#\/schema\/person\/fb20c4da0b7b16c291707a20db73e169\"},\"description\":\"Dalle 6 di venerd\u00ec 16 dicembre non sar\u00e0 pi\u00f9 utilizzabile il vecchio svincolo sulla A9. Contestualmente viene aperto il nuovo svincolo di Origgio Uboldo\",\"breadcrumb\":{\"@id\":\"https:\/\/staging.varesenews.it\/2011\/12\/chiude-definitivamente-lo-svincolo-di-origgio\/101099\/#breadcrumb\"},\"inLanguage\":\"it-IT\",\"potentialAction\":[{\"@type\":\"ReadAction\",\"target\":[\"https:\/\/staging.varesenews.it\/2011\/12\/chiude-definitivamente-lo-svincolo-di-origgio\/101099\/\"]}]},{\"@type\":\"BreadcrumbList\",\"@id\":\"https:\/\/staging.varesenews.it\/2011\/12\/chiude-definitivamente-lo-svincolo-di-origgio\/101099\/#breadcrumb\",\"itemListElement\":[{\"@type\":\"ListItem\",\"position\":1,\"name\":\"Home\",\"item\":\"https:\/\/www.varesenews.it\/\"},{\"@type\":\"ListItem\",\"position\":2,\"name\":\"Chiude definitivamente lo svincolo di Origgio\"}]},{\"@type\":\"WebSite\",\"@id\":\"https:\/\/staging.varesenews.it\/#website\",\"url\":\"https:\/\/staging.varesenews.it\/\",\"name\":\"VareseNews\",\"description\":\"\",\"potentialAction\":[{\"@type\":\"SearchAction\",\"target\":{\"@type\":\"EntryPoint\",\"urlTemplate\":\"https:\/\/staging.varesenews.it\/?s={search_term_string}\"},\"query-input\":\"required name=search_term_string\"}],\"inLanguage\":\"it-IT\"},{\"@type\":\"Person\",\"@id\":\"https:\/\/staging.varesenews.it\/#\/schema\/person\/fb20c4da0b7b16c291707a20db73e169\",\"name\":\"Redazione VareseNews\",\"image\":{\"@type\":\"ImageObject\",\"inLanguage\":\"it-IT\",\"@id\":\"https:\/\/staging.varesenews.it\/#\/schema\/person\/image\/\",\"url\":\"https:\/\/staging.varesenews.it\/wp-content\/uploads\/2020\/12\/logo_VN_colori_500.png\",\"contentUrl\":\"https:\/\/staging.varesenews.it\/wp-content\/uploads\/2020\/12\/logo_VN_colori_500.png\",\"caption\":\"Redazione VareseNews\"},\"url\":\"https:\/\/staging.varesenews.it\/persona\/redazione1\/\"}]}<\/script>\n<!-- \/ Yoast SEO plugin. -->","yoast_head_json":{"title":"Chiude definitivamente lo svincolo di Origgio","description":"Dalle 6 di venerd\u00ec 16 dicembre non sar\u00e0 pi\u00f9 utilizzabile il vecchio svincolo sulla A9. Contestualmente viene aperto il nuovo svincolo di Origgio Uboldo","robots":{"index":"noindex","follow":"follow","max-snippet":"max-snippet:-1","max-image-preview":"max-image-preview:large","max-video-preview":"max-video-preview:-1"},"og_locale":"it_IT","og_type":"article","og_title":"Chiude definitivamente lo svincolo di Origgio","og_description":"Dalle 6 di venerd\u00ec 16 dicembre non sar\u00e0 pi\u00f9 utilizzabile il vecchio svincolo sulla A9. Contestualmente viene aperto il nuovo svincolo di Origgio Uboldo","og_url":"https:\/\/staging.varesenews.it\/2011\/12\/chiude-definitivamente-lo-svincolo-di-origgio\/101099\/","og_site_name":"VareseNews","article_publisher":"https:\/\/www.facebook.com\/varesenews","article_published_time":"2011-12-15T00:00:00+00:00","og_image":[{"url":"https:\/\/www3.varesenews.it\/immagini_articoli\/201010\/IMG_0935.JPG"}],"author":"Redazione VareseNews","twitter_card":"summary_large_image","twitter_creator":"@varesenews","twitter_site":"@varesenews","twitter_misc":{"Scritto da":"Redazione VareseNews"},"schema":{"@context":"https:\/\/schema.org","@graph":[{"@type":"WebPage","@id":"https:\/\/staging.varesenews.it\/2011\/12\/chiude-definitivamente-lo-svincolo-di-origgio\/101099\/","url":"https:\/\/staging.varesenews.it\/2011\/12\/chiude-definitivamente-lo-svincolo-di-origgio\/101099\/","name":"Chiude definitivamente lo svincolo di Origgio","isPartOf":{"@id":"https:\/\/staging.varesenews.it\/#website"},"datePublished":"2011-12-15T00:00:00+00:00","dateModified":"2011-12-15T00:00:00+00:00","author":{"@id":"https:\/\/staging.varesenews.it\/#\/schema\/person\/fb20c4da0b7b16c291707a20db73e169"},"description":"Dalle 6 di venerd\u00ec 16 dicembre non sar\u00e0 pi\u00f9 utilizzabile il vecchio svincolo sulla A9. Contestualmente viene aperto il nuovo svincolo di Origgio Uboldo","breadcrumb":{"@id":"https:\/\/staging.varesenews.it\/2011\/12\/chiude-definitivamente-lo-svincolo-di-origgio\/101099\/#breadcrumb"},"inLanguage":"it-IT","potentialAction":[{"@type":"ReadAction","target":["https:\/\/staging.varesenews.it\/2011\/12\/chiude-definitivamente-lo-svincolo-di-origgio\/101099\/"]}]},{"@type":"BreadcrumbList","@id":"https:\/\/staging.varesenews.it\/2011\/12\/chiude-definitivamente-lo-svincolo-di-origgio\/101099\/#breadcrumb","itemListElement":[{"@type":"ListItem","position":1,"name":"Home","item":"https:\/\/www.varesenews.it\/"},{"@type":"ListItem","position":2,"name":"Chiude definitivamente lo svincolo di Origgio"}]},{"@type":"WebSite","@id":"https:\/\/staging.varesenews.it\/#website","url":"https:\/\/staging.varesenews.it\/","name":"VareseNews","description":"","potentialAction":[{"@type":"SearchAction","target":{"@type":"EntryPoint","urlTemplate":"https:\/\/staging.varesenews.it\/?s={search_term_string}"},"query-input":"required name=search_term_string"}],"inLanguage":"it-IT"},{"@type":"Person","@id":"https:\/\/staging.varesenews.it\/#\/schema\/person\/fb20c4da0b7b16c291707a20db73e169","name":"Redazione VareseNews","image":{"@type":"ImageObject","inLanguage":"it-IT","@id":"https:\/\/staging.varesenews.it\/#\/schema\/person\/image\/","url":"https:\/\/staging.varesenews.it\/wp-content\/uploads\/2020\/12\/logo_VN_colori_500.png","contentUrl":"https:\/\/staging.varesenews.it\/wp-content\/uploads\/2020\/12\/logo_VN_colori_500.png","caption":"Redazione VareseNews"},"url":"https:\/\/staging.varesenews.it\/persona\/redazione1\/"}]}},"post_meta":{"id_old":"221288","argomento":"A9"},"photos":[],"_links":{"self":[{"href":"https:\/\/staging.varesenews.it\/swgapi\/v1\/wp\/v2\/posts\/101099"}],"collection":[{"href":"https:\/\/staging.varesenews.it\/swgapi\/v1\/wp\/v2\/posts"}],"about":[{"href":"https:\/\/staging.varesenews.it\/swgapi\/v1\/wp\/v2\/types\/post"}],"author":[{"embeddable":true,"href":"https:\/\/staging.varesenews.it\/swgapi\/v1\/wp\/v2\/users\/10"}],"replies":[{"embeddable":true,"href":"https:\/\/staging.varesenews.it\/swgapi\/v1\/wp\/v2\/comments?post=101099"}],"version-history":[{"count":0,"href":"https:\/\/staging.varesenews.it\/swgapi\/v1\/wp\/v2\/posts\/101099\/revisions"}],"wp:attachment":[{"href":"https:\/\/staging.varesenews.it\/swgapi\/v1\/wp\/v2\/media?parent=101099"}],"wp:term":[{"taxonomy":"category","embeddable":true,"href":"https:\/\/staging.varesenews.it\/swgapi\/v1\/wp\/v2\/categories?post=101099"},{"taxonomy":"post_tag","embeddable":true,"href":"https:\/\/staging.varesenews.it\/swgapi\/v1\/wp\/v2\/tags?post=101099"}],"curies":[{"name":"wp","href":"https:\/\/api.w.org\/{rel}","templated":true}]}}