{"id":101796,"date":"2011-12-06T00:00:00","date_gmt":"2011-12-06T00:00:00","guid":{"rendered":""},"modified":"2011-12-06T00:00:00","modified_gmt":"2011-12-06T00:00:00","slug":"maxigrattacielo-inaugurato-a-zurigo","status":"publish","type":"post","link":"https:\/\/staging.varesenews.it\/2011\/12\/maxigrattacielo-inaugurato-a-zurigo\/101796\/","title":{"rendered":"Maxigrattacielo inaugurato a Zurigo"},"content":{"rendered":"<p><img loading=\"lazy\" decoding=\"async\" width=\"250\" vspace=\"5\" hspace=\"5\" height=\"350\" border=\"1\" align=\"right\" src=\"https:\/\/www3.varesenews.it\/immagini_articoli\/201112\/tmax600x480_258967323_110509045.jpg\" alt=\"prime tower zurigo torre pi&ugrave; alta della svizzera\" \/>&Egrave; stata inaugurata oggi la <strong>&quot;Prime Tower&quot; di Zurigo<\/strong>, la costruzione pi&ugrave; alta della Svizzera. L&#8217;edificio misura 126 metri d&#8217;altezza, conta 36 piani e 40.000 metri quadrati di superficie ed &egrave; costato 360 milioni di franchi. Al suo interno si trovano proncipalmente uffici, vi lavorano circa 2.000 persone. <\/p>\n<p>La &quot;torre di vetro&quot; &egrave; stata disegnata dagli architetti zurighesi Gigon e Guyer. Per realizzare quest&#8217;imponente opera si sono resi necessari 18 mesi. Il grattacielo &egrave; stato costruito dal consorzio Losinger Marazzi AG\/Steiner AG. <\/p>\n<p>Si tratta di un&#8217;opera da record che rester&agrave; tale solo provvisoriamente. A <strong>Basilea<\/strong> una nuova torre del gruppo farmaceutico Roche raggiunger&agrave; a lavori ultimati (termine previsto il 2015) i 175 metri di altezza, per 41 piani. <\/p>\n","protected":false},"excerpt":{"rendered":"<p>Con i suoi 126 metri la &#8220;Prime Tower&#8221; \u00e8 la costruzione pi\u00f9 alta della Svizzera. Rester\u00e0 un edificio record solo per poco, a Basilea una nuova torre Roche arriver\u00e0 a 175 metri<\/p>\n","protected":false},"author":10,"featured_media":0,"comment_status":"open","ping_status":"open","sticky":false,"template":"","format":"standard","meta":{"footnotes":""},"categories":[44667,8],"tags":[132,327,2944],"acf":[],"yoast_head":"<!-- This site is optimized with the Yoast SEO plugin v20.1 - https:\/\/yoast.com\/wordpress\/plugins\/seo\/ -->\n<title>Maxigrattacielo inaugurato a Zurigo<\/title>\n<meta name=\"description\" content=\"Con i suoi 126 metri la &quot;Prime Tower&quot; \u00e8 la costruzione pi\u00f9 alta della Svizzera. Rester\u00e0 un edificio record solo per poco, a Basilea una nuova torre Roche arriver\u00e0 a 175 metri\" \/>\n<meta name=\"robots\" content=\"noindex, follow, max-snippet:-1, max-image-preview:large, max-video-preview:-1\" \/>\n<meta property=\"og:locale\" content=\"it_IT\" \/>\n<meta property=\"og:type\" content=\"article\" \/>\n<meta property=\"og:title\" content=\"Maxigrattacielo inaugurato a Zurigo\" \/>\n<meta property=\"og:description\" content=\"Con i suoi 126 metri la &quot;Prime Tower&quot; \u00e8 la costruzione pi\u00f9 alta della Svizzera. Rester\u00e0 un edificio record solo per poco, a Basilea una nuova torre Roche arriver\u00e0 a 175 metri\" \/>\n<meta property=\"og:url\" content=\"https:\/\/staging.varesenews.it\/2011\/12\/maxigrattacielo-inaugurato-a-zurigo\/101796\/\" \/>\n<meta property=\"og:site_name\" content=\"VareseNews\" \/>\n<meta property=\"article:publisher\" content=\"https:\/\/www.facebook.com\/varesenews\" \/>\n<meta property=\"article:published_time\" content=\"2011-12-06T00:00:00+00:00\" \/>\n<meta property=\"og:image\" content=\"https:\/\/www3.varesenews.it\/immagini_articoli\/201112\/tmax600x480_258967323_110509045.jpg\" \/>\n<meta name=\"author\" content=\"Redazione VareseNews\" \/>\n<meta name=\"twitter:card\" content=\"summary_large_image\" \/>\n<meta name=\"twitter:creator\" content=\"@varesenews\" \/>\n<meta name=\"twitter:site\" content=\"@varesenews\" \/>\n<meta name=\"twitter:label1\" content=\"Scritto da\" \/>\n\t<meta name=\"twitter:data1\" content=\"Redazione VareseNews\" \/>\n\t<meta name=\"twitter:label2\" content=\"Tempo di lettura stimato\" \/>\n\t<meta name=\"twitter:data2\" content=\"1 minuto\" \/>\n<script type=\"application\/ld+json\" class=\"yoast-schema-graph\">{\"@context\":\"https:\/\/schema.org\",\"@graph\":[{\"@type\":\"WebPage\",\"@id\":\"https:\/\/staging.varesenews.it\/2011\/12\/maxigrattacielo-inaugurato-a-zurigo\/101796\/\",\"url\":\"https:\/\/staging.varesenews.it\/2011\/12\/maxigrattacielo-inaugurato-a-zurigo\/101796\/\",\"name\":\"Maxigrattacielo inaugurato a Zurigo\",\"isPartOf\":{\"@id\":\"https:\/\/staging.varesenews.it\/#website\"},\"datePublished\":\"2011-12-06T00:00:00+00:00\",\"dateModified\":\"2011-12-06T00:00:00+00:00\",\"author\":{\"@id\":\"https:\/\/staging.varesenews.it\/#\/schema\/person\/fb20c4da0b7b16c291707a20db73e169\"},\"description\":\"Con i suoi 126 metri la \\\"Prime Tower\\\" \u00e8 la costruzione pi\u00f9 alta della Svizzera. Rester\u00e0 un edificio record solo per poco, a Basilea una nuova torre Roche arriver\u00e0 a 175 metri\",\"breadcrumb\":{\"@id\":\"https:\/\/staging.varesenews.it\/2011\/12\/maxigrattacielo-inaugurato-a-zurigo\/101796\/#breadcrumb\"},\"inLanguage\":\"it-IT\",\"potentialAction\":[{\"@type\":\"ReadAction\",\"target\":[\"https:\/\/staging.varesenews.it\/2011\/12\/maxigrattacielo-inaugurato-a-zurigo\/101796\/\"]}]},{\"@type\":\"BreadcrumbList\",\"@id\":\"https:\/\/staging.varesenews.it\/2011\/12\/maxigrattacielo-inaugurato-a-zurigo\/101796\/#breadcrumb\",\"itemListElement\":[{\"@type\":\"ListItem\",\"position\":1,\"name\":\"Home\",\"item\":\"https:\/\/www.varesenews.it\/\"},{\"@type\":\"ListItem\",\"position\":2,\"name\":\"Maxigrattacielo inaugurato a Zurigo\"}]},{\"@type\":\"WebSite\",\"@id\":\"https:\/\/staging.varesenews.it\/#website\",\"url\":\"https:\/\/staging.varesenews.it\/\",\"name\":\"VareseNews\",\"description\":\"\",\"potentialAction\":[{\"@type\":\"SearchAction\",\"target\":{\"@type\":\"EntryPoint\",\"urlTemplate\":\"https:\/\/staging.varesenews.it\/?s={search_term_string}\"},\"query-input\":\"required name=search_term_string\"}],\"inLanguage\":\"it-IT\"},{\"@type\":\"Person\",\"@id\":\"https:\/\/staging.varesenews.it\/#\/schema\/person\/fb20c4da0b7b16c291707a20db73e169\",\"name\":\"Redazione VareseNews\",\"image\":{\"@type\":\"ImageObject\",\"inLanguage\":\"it-IT\",\"@id\":\"https:\/\/staging.varesenews.it\/#\/schema\/person\/image\/\",\"url\":\"https:\/\/staging.varesenews.it\/wp-content\/uploads\/2020\/12\/logo_VN_colori_500.png\",\"contentUrl\":\"https:\/\/staging.varesenews.it\/wp-content\/uploads\/2020\/12\/logo_VN_colori_500.png\",\"caption\":\"Redazione VareseNews\"},\"url\":\"https:\/\/staging.varesenews.it\/persona\/redazione1\/\"}]}<\/script>\n<!-- \/ Yoast SEO plugin. -->","yoast_head_json":{"title":"Maxigrattacielo inaugurato a Zurigo","description":"Con i suoi 126 metri la \"Prime Tower\" \u00e8 la costruzione pi\u00f9 alta della Svizzera. Rester\u00e0 un edificio record solo per poco, a Basilea una nuova torre Roche arriver\u00e0 a 175 metri","robots":{"index":"noindex","follow":"follow","max-snippet":"max-snippet:-1","max-image-preview":"max-image-preview:large","max-video-preview":"max-video-preview:-1"},"og_locale":"it_IT","og_type":"article","og_title":"Maxigrattacielo inaugurato a Zurigo","og_description":"Con i suoi 126 metri la \"Prime Tower\" \u00e8 la costruzione pi\u00f9 alta della Svizzera. Rester\u00e0 un edificio record solo per poco, a Basilea una nuova torre Roche arriver\u00e0 a 175 metri","og_url":"https:\/\/staging.varesenews.it\/2011\/12\/maxigrattacielo-inaugurato-a-zurigo\/101796\/","og_site_name":"VareseNews","article_publisher":"https:\/\/www.facebook.com\/varesenews","article_published_time":"2011-12-06T00:00:00+00:00","og_image":[{"url":"https:\/\/www3.varesenews.it\/immagini_articoli\/201112\/tmax600x480_258967323_110509045.jpg"}],"author":"Redazione VareseNews","twitter_card":"summary_large_image","twitter_creator":"@varesenews","twitter_site":"@varesenews","twitter_misc":{"Scritto da":"Redazione VareseNews","Tempo di lettura stimato":"1 minuto"},"schema":{"@context":"https:\/\/schema.org","@graph":[{"@type":"WebPage","@id":"https:\/\/staging.varesenews.it\/2011\/12\/maxigrattacielo-inaugurato-a-zurigo\/101796\/","url":"https:\/\/staging.varesenews.it\/2011\/12\/maxigrattacielo-inaugurato-a-zurigo\/101796\/","name":"Maxigrattacielo inaugurato a Zurigo","isPartOf":{"@id":"https:\/\/staging.varesenews.it\/#website"},"datePublished":"2011-12-06T00:00:00+00:00","dateModified":"2011-12-06T00:00:00+00:00","author":{"@id":"https:\/\/staging.varesenews.it\/#\/schema\/person\/fb20c4da0b7b16c291707a20db73e169"},"description":"Con i suoi 126 metri la \"Prime Tower\" \u00e8 la costruzione pi\u00f9 alta della Svizzera. Rester\u00e0 un edificio record solo per poco, a Basilea una nuova torre Roche arriver\u00e0 a 175 metri","breadcrumb":{"@id":"https:\/\/staging.varesenews.it\/2011\/12\/maxigrattacielo-inaugurato-a-zurigo\/101796\/#breadcrumb"},"inLanguage":"it-IT","potentialAction":[{"@type":"ReadAction","target":["https:\/\/staging.varesenews.it\/2011\/12\/maxigrattacielo-inaugurato-a-zurigo\/101796\/"]}]},{"@type":"BreadcrumbList","@id":"https:\/\/staging.varesenews.it\/2011\/12\/maxigrattacielo-inaugurato-a-zurigo\/101796\/#breadcrumb","itemListElement":[{"@type":"ListItem","position":1,"name":"Home","item":"https:\/\/www.varesenews.it\/"},{"@type":"ListItem","position":2,"name":"Maxigrattacielo inaugurato a Zurigo"}]},{"@type":"WebSite","@id":"https:\/\/staging.varesenews.it\/#website","url":"https:\/\/staging.varesenews.it\/","name":"VareseNews","description":"","potentialAction":[{"@type":"SearchAction","target":{"@type":"EntryPoint","urlTemplate":"https:\/\/staging.varesenews.it\/?s={search_term_string}"},"query-input":"required name=search_term_string"}],"inLanguage":"it-IT"},{"@type":"Person","@id":"https:\/\/staging.varesenews.it\/#\/schema\/person\/fb20c4da0b7b16c291707a20db73e169","name":"Redazione VareseNews","image":{"@type":"ImageObject","inLanguage":"it-IT","@id":"https:\/\/staging.varesenews.it\/#\/schema\/person\/image\/","url":"https:\/\/staging.varesenews.it\/wp-content\/uploads\/2020\/12\/logo_VN_colori_500.png","contentUrl":"https:\/\/staging.varesenews.it\/wp-content\/uploads\/2020\/12\/logo_VN_colori_500.png","caption":"Redazione VareseNews"},"url":"https:\/\/staging.varesenews.it\/persona\/redazione1\/"}]}},"post_meta":{"id_old":"220580","argomento":"Svizzera","id_link_fotogallery":"304836"},"photos":[],"_links":{"self":[{"href":"https:\/\/staging.varesenews.it\/swgapi\/v1\/wp\/v2\/posts\/101796"}],"collection":[{"href":"https:\/\/staging.varesenews.it\/swgapi\/v1\/wp\/v2\/posts"}],"about":[{"href":"https:\/\/staging.varesenews.it\/swgapi\/v1\/wp\/v2\/types\/post"}],"author":[{"embeddable":true,"href":"https:\/\/staging.varesenews.it\/swgapi\/v1\/wp\/v2\/users\/10"}],"replies":[{"embeddable":true,"href":"https:\/\/staging.varesenews.it\/swgapi\/v1\/wp\/v2\/comments?post=101796"}],"version-history":[{"count":0,"href":"https:\/\/staging.varesenews.it\/swgapi\/v1\/wp\/v2\/posts\/101796\/revisions"}],"wp:attachment":[{"href":"https:\/\/staging.varesenews.it\/swgapi\/v1\/wp\/v2\/media?parent=101796"}],"wp:term":[{"taxonomy":"category","embeddable":true,"href":"https:\/\/staging.varesenews.it\/swgapi\/v1\/wp\/v2\/categories?post=101796"},{"taxonomy":"post_tag","embeddable":true,"href":"https:\/\/staging.varesenews.it\/swgapi\/v1\/wp\/v2\/tags?post=101796"}],"curies":[{"name":"wp","href":"https:\/\/api.w.org\/{rel}","templated":true}]}}