{"id":106070,"date":"2011-10-20T00:00:00","date_gmt":"2011-10-20T00:00:00","guid":{"rendered":""},"modified":"2011-10-20T00:00:00","modified_gmt":"2011-10-20T00:00:00","slug":"auto-contro-moto-muore-sessantenne","status":"publish","type":"post","link":"https:\/\/staging.varesenews.it\/2011\/10\/auto-contro-moto-muore-sessantenne\/106070\/","title":{"rendered":"Auto contro moto, muore sessantenne"},"content":{"rendered":"<p><strong><img loading=\"lazy\" decoding=\"async\" width=\"250\" height=\"248\" vspace=\"5\" hspace=\"5\" border=\"1\" align=\"left\" alt=\"\" src=\"https:\/\/www3.varesenews.it\/immagini_articoli\/201110\/moto.jpg\" \/>Incidente mortale<\/strong> questa mattina attorno alle 8.15 di oggi, gioved&igrave;, in via No&egrave; Pellegatta, nel quartiere Redentore. Un<strong> sessantenne a bordo di uno scooter<\/strong> &egrave; caduto dopo il contatto con un&#8217;auto a met&agrave; della via, nei pressi del vialetto d&#8217;ingresso ad un complesso di palazzi. La dinamica &egrave; ancora al vaglio della Polizia Locale e non si esclude che l&#8217;uomo possa aver avvertito un malore poco prima di cadere. Certamente la vittima ha battuto la testa in maniera violenta in quanto il casco &egrave; stato trovato piuttosto distante dal luogo dell&#8217;impatto. Illesa la persona alla guida dell&#8217;autovettura. &nbsp;L&#8217;uomo rimasto a terra &egrave; <strong>Giuseppe Rugo<\/strong>, un sessantenne residente in via Delle Grigne a Busto Arsizio e i soccorritori, giunti sul posto, non hanno potuto fare altro che constatare il decesso. &nbsp;<br type=\"_moz\" \/><\/p>\n","protected":false},"excerpt":{"rendered":"<p>L&#8217;incidente questa mattina intorno alle 8.15 in via No\u00e8 Pellegatta. L&#8217;uomo alla guida della moto \u00e8 morto sul colpo mentre il conducente della vettura \u00e8 rimasto illeso. Alla base della caduta, forse, un malore<\/p>\n","protected":false},"author":10,"featured_media":0,"comment_status":"open","ping_status":"open","sticky":false,"template":"","format":"standard","meta":{"footnotes":""},"categories":[4],"tags":[3288,335,2854],"acf":[],"yoast_head":"<!-- This site is optimized with the Yoast SEO plugin v20.1 - https:\/\/yoast.com\/wordpress\/plugins\/seo\/ -->\n<title>Auto contro moto, muore sessantenne<\/title>\n<meta name=\"description\" content=\"L&#039;incidente questa mattina intorno alle 8.15 in via No\u00e8 Pellegatta. L&#039;uomo alla guida della moto \u00e8 morto sul colpo mentre il conducente della vettura \u00e8 rimasto illeso. Alla base della caduta, forse, un malore\" \/>\n<meta name=\"robots\" content=\"noindex, follow, max-snippet:-1, max-image-preview:large, max-video-preview:-1\" \/>\n<meta property=\"og:locale\" content=\"it_IT\" \/>\n<meta property=\"og:type\" content=\"article\" \/>\n<meta property=\"og:title\" content=\"Auto contro moto, muore sessantenne\" \/>\n<meta property=\"og:description\" content=\"L&#039;incidente questa mattina intorno alle 8.15 in via No\u00e8 Pellegatta. L&#039;uomo alla guida della moto \u00e8 morto sul colpo mentre il conducente della vettura \u00e8 rimasto illeso. Alla base della caduta, forse, un malore\" \/>\n<meta property=\"og:url\" content=\"https:\/\/staging.varesenews.it\/2011\/10\/auto-contro-moto-muore-sessantenne\/106070\/\" \/>\n<meta property=\"og:site_name\" content=\"VareseNews\" \/>\n<meta property=\"article:publisher\" content=\"https:\/\/www.facebook.com\/varesenews\" \/>\n<meta property=\"article:published_time\" content=\"2011-10-20T00:00:00+00:00\" \/>\n<meta property=\"og:image\" content=\"https:\/\/www3.varesenews.it\/immagini_articoli\/201110\/moto.jpg\" \/>\n<meta name=\"author\" content=\"Redazione VareseNews\" \/>\n<meta name=\"twitter:card\" content=\"summary_large_image\" \/>\n<meta name=\"twitter:creator\" content=\"@varesenews\" \/>\n<meta name=\"twitter:site\" content=\"@varesenews\" \/>\n<meta name=\"twitter:label1\" content=\"Scritto da\" \/>\n\t<meta name=\"twitter:data1\" content=\"Redazione VareseNews\" \/>\n\t<meta name=\"twitter:label2\" content=\"Tempo di lettura stimato\" \/>\n\t<meta name=\"twitter:data2\" content=\"1 minuto\" \/>\n<script type=\"application\/ld+json\" class=\"yoast-schema-graph\">{\"@context\":\"https:\/\/schema.org\",\"@graph\":[{\"@type\":\"WebPage\",\"@id\":\"https:\/\/staging.varesenews.it\/2011\/10\/auto-contro-moto-muore-sessantenne\/106070\/\",\"url\":\"https:\/\/staging.varesenews.it\/2011\/10\/auto-contro-moto-muore-sessantenne\/106070\/\",\"name\":\"Auto contro moto, muore sessantenne\",\"isPartOf\":{\"@id\":\"https:\/\/staging.varesenews.it\/#website\"},\"datePublished\":\"2011-10-20T00:00:00+00:00\",\"dateModified\":\"2011-10-20T00:00:00+00:00\",\"author\":{\"@id\":\"https:\/\/staging.varesenews.it\/#\/schema\/person\/fb20c4da0b7b16c291707a20db73e169\"},\"description\":\"L'incidente questa mattina intorno alle 8.15 in via No\u00e8 Pellegatta. L'uomo alla guida della moto \u00e8 morto sul colpo mentre il conducente della vettura \u00e8 rimasto illeso. Alla base della caduta, forse, un malore\",\"breadcrumb\":{\"@id\":\"https:\/\/staging.varesenews.it\/2011\/10\/auto-contro-moto-muore-sessantenne\/106070\/#breadcrumb\"},\"inLanguage\":\"it-IT\",\"potentialAction\":[{\"@type\":\"ReadAction\",\"target\":[\"https:\/\/staging.varesenews.it\/2011\/10\/auto-contro-moto-muore-sessantenne\/106070\/\"]}]},{\"@type\":\"BreadcrumbList\",\"@id\":\"https:\/\/staging.varesenews.it\/2011\/10\/auto-contro-moto-muore-sessantenne\/106070\/#breadcrumb\",\"itemListElement\":[{\"@type\":\"ListItem\",\"position\":1,\"name\":\"Home\",\"item\":\"https:\/\/www.varesenews.it\/\"},{\"@type\":\"ListItem\",\"position\":2,\"name\":\"Auto contro moto, muore sessantenne\"}]},{\"@type\":\"WebSite\",\"@id\":\"https:\/\/staging.varesenews.it\/#website\",\"url\":\"https:\/\/staging.varesenews.it\/\",\"name\":\"VareseNews\",\"description\":\"\",\"potentialAction\":[{\"@type\":\"SearchAction\",\"target\":{\"@type\":\"EntryPoint\",\"urlTemplate\":\"https:\/\/staging.varesenews.it\/?s={search_term_string}\"},\"query-input\":\"required name=search_term_string\"}],\"inLanguage\":\"it-IT\"},{\"@type\":\"Person\",\"@id\":\"https:\/\/staging.varesenews.it\/#\/schema\/person\/fb20c4da0b7b16c291707a20db73e169\",\"name\":\"Redazione VareseNews\",\"image\":{\"@type\":\"ImageObject\",\"inLanguage\":\"it-IT\",\"@id\":\"https:\/\/staging.varesenews.it\/#\/schema\/person\/image\/\",\"url\":\"https:\/\/staging.varesenews.it\/wp-content\/uploads\/2020\/12\/logo_VN_colori_500.png\",\"contentUrl\":\"https:\/\/staging.varesenews.it\/wp-content\/uploads\/2020\/12\/logo_VN_colori_500.png\",\"caption\":\"Redazione VareseNews\"},\"url\":\"https:\/\/staging.varesenews.it\/persona\/redazione1\/\"}]}<\/script>\n<!-- \/ Yoast SEO plugin. -->","yoast_head_json":{"title":"Auto contro moto, muore sessantenne","description":"L'incidente questa mattina intorno alle 8.15 in via No\u00e8 Pellegatta. L'uomo alla guida della moto \u00e8 morto sul colpo mentre il conducente della vettura \u00e8 rimasto illeso. Alla base della caduta, forse, un malore","robots":{"index":"noindex","follow":"follow","max-snippet":"max-snippet:-1","max-image-preview":"max-image-preview:large","max-video-preview":"max-video-preview:-1"},"og_locale":"it_IT","og_type":"article","og_title":"Auto contro moto, muore sessantenne","og_description":"L'incidente questa mattina intorno alle 8.15 in via No\u00e8 Pellegatta. L'uomo alla guida della moto \u00e8 morto sul colpo mentre il conducente della vettura \u00e8 rimasto illeso. Alla base della caduta, forse, un malore","og_url":"https:\/\/staging.varesenews.it\/2011\/10\/auto-contro-moto-muore-sessantenne\/106070\/","og_site_name":"VareseNews","article_publisher":"https:\/\/www.facebook.com\/varesenews","article_published_time":"2011-10-20T00:00:00+00:00","og_image":[{"url":"https:\/\/www3.varesenews.it\/immagini_articoli\/201110\/moto.jpg"}],"author":"Redazione VareseNews","twitter_card":"summary_large_image","twitter_creator":"@varesenews","twitter_site":"@varesenews","twitter_misc":{"Scritto da":"Redazione VareseNews","Tempo di lettura stimato":"1 minuto"},"schema":{"@context":"https:\/\/schema.org","@graph":[{"@type":"WebPage","@id":"https:\/\/staging.varesenews.it\/2011\/10\/auto-contro-moto-muore-sessantenne\/106070\/","url":"https:\/\/staging.varesenews.it\/2011\/10\/auto-contro-moto-muore-sessantenne\/106070\/","name":"Auto contro moto, muore sessantenne","isPartOf":{"@id":"https:\/\/staging.varesenews.it\/#website"},"datePublished":"2011-10-20T00:00:00+00:00","dateModified":"2011-10-20T00:00:00+00:00","author":{"@id":"https:\/\/staging.varesenews.it\/#\/schema\/person\/fb20c4da0b7b16c291707a20db73e169"},"description":"L'incidente questa mattina intorno alle 8.15 in via No\u00e8 Pellegatta. L'uomo alla guida della moto \u00e8 morto sul colpo mentre il conducente della vettura \u00e8 rimasto illeso. Alla base della caduta, forse, un malore","breadcrumb":{"@id":"https:\/\/staging.varesenews.it\/2011\/10\/auto-contro-moto-muore-sessantenne\/106070\/#breadcrumb"},"inLanguage":"it-IT","potentialAction":[{"@type":"ReadAction","target":["https:\/\/staging.varesenews.it\/2011\/10\/auto-contro-moto-muore-sessantenne\/106070\/"]}]},{"@type":"BreadcrumbList","@id":"https:\/\/staging.varesenews.it\/2011\/10\/auto-contro-moto-muore-sessantenne\/106070\/#breadcrumb","itemListElement":[{"@type":"ListItem","position":1,"name":"Home","item":"https:\/\/www.varesenews.it\/"},{"@type":"ListItem","position":2,"name":"Auto contro moto, muore sessantenne"}]},{"@type":"WebSite","@id":"https:\/\/staging.varesenews.it\/#website","url":"https:\/\/staging.varesenews.it\/","name":"VareseNews","description":"","potentialAction":[{"@type":"SearchAction","target":{"@type":"EntryPoint","urlTemplate":"https:\/\/staging.varesenews.it\/?s={search_term_string}"},"query-input":"required name=search_term_string"}],"inLanguage":"it-IT"},{"@type":"Person","@id":"https:\/\/staging.varesenews.it\/#\/schema\/person\/fb20c4da0b7b16c291707a20db73e169","name":"Redazione VareseNews","image":{"@type":"ImageObject","inLanguage":"it-IT","@id":"https:\/\/staging.varesenews.it\/#\/schema\/person\/image\/","url":"https:\/\/staging.varesenews.it\/wp-content\/uploads\/2020\/12\/logo_VN_colori_500.png","contentUrl":"https:\/\/staging.varesenews.it\/wp-content\/uploads\/2020\/12\/logo_VN_colori_500.png","caption":"Redazione VareseNews"},"url":"https:\/\/staging.varesenews.it\/persona\/redazione1\/"}]}},"post_meta":{"id_old":"216201","argomento":"Busto Arsizio","id_link_fotogallery":"305184"},"photos":[],"_links":{"self":[{"href":"https:\/\/staging.varesenews.it\/swgapi\/v1\/wp\/v2\/posts\/106070"}],"collection":[{"href":"https:\/\/staging.varesenews.it\/swgapi\/v1\/wp\/v2\/posts"}],"about":[{"href":"https:\/\/staging.varesenews.it\/swgapi\/v1\/wp\/v2\/types\/post"}],"author":[{"embeddable":true,"href":"https:\/\/staging.varesenews.it\/swgapi\/v1\/wp\/v2\/users\/10"}],"replies":[{"embeddable":true,"href":"https:\/\/staging.varesenews.it\/swgapi\/v1\/wp\/v2\/comments?post=106070"}],"version-history":[{"count":0,"href":"https:\/\/staging.varesenews.it\/swgapi\/v1\/wp\/v2\/posts\/106070\/revisions"}],"wp:attachment":[{"href":"https:\/\/staging.varesenews.it\/swgapi\/v1\/wp\/v2\/media?parent=106070"}],"wp:term":[{"taxonomy":"category","embeddable":true,"href":"https:\/\/staging.varesenews.it\/swgapi\/v1\/wp\/v2\/categories?post=106070"},{"taxonomy":"post_tag","embeddable":true,"href":"https:\/\/staging.varesenews.it\/swgapi\/v1\/wp\/v2\/tags?post=106070"}],"curies":[{"name":"wp","href":"https:\/\/api.w.org\/{rel}","templated":true}]}}