{"id":107526,"date":"2011-10-03T00:00:00","date_gmt":"2011-10-03T00:00:00","guid":{"rendered":""},"modified":"2011-10-03T00:00:00","modified_gmt":"2011-10-03T00:00:00","slug":"bossi-indica-canton-il-candidato-di-reguzzoni","status":"publish","type":"post","link":"https:\/\/staging.varesenews.it\/2011\/10\/bossi-indica-canton-il-candidato-di-reguzzoni\/107526\/","title":{"rendered":"Bossi indica Canton, il candidato di Reguzzoni"},"content":{"rendered":"<div>\n<div><span style=\"background: white; color: black\"><img loading=\"lazy\" decoding=\"async\" hspace=\"5\" alt=\"\" vspace=\"5\" align=\"left\" width=\"250\" height=\"244\" src=\"https:\/\/www3.varesenews.it\/immagini_articoli\/201110\/leganord.jpg\" \/>La partita all&rsquo;interno della Lega Nord si complica. Ieri sera a Buguggiate (nella foto) Umberto Bossi ha parlato bene del candidato Maurilio Canton,&nbsp;<strong>ovvero l&rsquo;uomo scelto dal capogruppo alla camera Marco Reguzzoni<\/strong>, riequilibrando di fatto la partita. Numeri alla mano, infatti, Canton avrebbe meno chance del gruppo maroniano ma se Bossi ci mette una parola &egrave; chiaro che le cose cambiano per tutti.&nbsp;In altre parole &egrave; una improvvisa investitura per Canton, il candidato del &laquo;Cerchio magico&raquo;, come viene chiamato dagli avversari il gruppo di dirigenti che frequenta la casa della famiglia Bossi e che secondo alcuni&nbsp;ha una forte influenza sulle scelte del segretario federale.<\/span>&nbsp;<\/div>\n<div><strong><span style=\"background: white; color: black\">Bossi si &egrave; presentato a sorpresa alla festa della Lega Nord a Buguggiate intorno alle 23<\/span><\/strong><b><span style=\"background: white; color: black\">&nbsp;<\/span><\/b><span style=\"background: white; color: black\">e ha tenuto un discorso su governo e Padania, ma ha anche fatto&nbsp;<a href=\"http:\/\/www3.varesenews.it\/politica\/articolo.php?id=214112\"><span style=\"color: #990003\">un accenno al congresso provinciale che si terr&agrave; il prossimo 9 ottobre all&rsquo;Ata hotel di Varese<\/span><\/a>. Sul palco, il leader leghista ha detto letteralmente &laquo;spero che votiate Canton&raquo; complimentandosi con il sindaco di Cadrezzate, lodato anche per &laquo;la scuola quadri e i libretti&raquo;.<\/span><\/div>\n<div style=\"line-height: 15pt\">&nbsp;<span style=\"background: white; color: black\"><a href=\"http:\/\/www3.varesenews.it\/varese\/articolo.php?id=214359\"><span style=\"background-origin: initial; background-clip: initial\"><span style=\"color: #990003\">Oggi tra i maroniani (vincitori al congresso di Brescia) serpeggia nervosismo<\/span><\/span><\/a>.&nbsp;Canton &egrave; invece pi&ugrave; che soddisfatto: &laquo;Io sono un militante &ndash; osserva &#8211;&nbsp;e sono abituato a pensare che quando il mio capo dice una cosa bisogna seguirla. Sono contento, non lo nego, perch&eacute; &egrave; arrivato un attestato di stima a uno che ha sempre fatto la sua parte come la stragrande maggioranza di militanti di Varese&raquo;.<\/span><\/div>\n<div style=\"line-height: 15pt\"><span style=\"background: white; color: black\"><span style=\"background-origin: initial; background-clip: initial\">Ma a cosa si riferiva Bossi con l&rsquo;accenno alla scuola quadri e ai libretti? &laquo;Ho tenuto io la scuola quadri del 2010 e ho fatto una dispensa di 250 pagine circa che serve a dare informazioni ai nuovi militanti e a chi vuole accostarsi alla Lega&raquo;. Ha gi&agrave; presentato la sua candidatura? &laquo;Ho quasi completato la raccolta firme, ma comunque abbiamo tempo entro le 48 ore antecedenti al congresso, e quindi entro le 8 e mezzo o 9 di mattina di venerd&igrave;&raquo;.<\/span><\/span><\/div>\n<div>&nbsp;<\/div>\n<div><span style=\"background: white; color: black\"><img loading=\"lazy\" decoding=\"async\" hspace=\"5\" alt=\"\" vspace=\"5\" align=\"left\" width=\"202\" height=\"209\" src=\"https:\/\/www3.varesenews.it\/immagini_articoli\/201110\/cantoncadrezzate.jpg\" \/>La riscossa del candidato di Reguzzoni (<strong><span style=\"background-origin: initial; background-clip: initial\">nella foto Canton<\/span><\/strong><span style=\"background-origin: initial; background-clip: initial\">) nasconde una svolta nella strategia interna. Canton oggi pronuncia parole che stupiranno alcuni. Il sindaco di Cadrezzate viene infatti soprannominato dai maroniani &laquo;il tagliagole&raquo;, e dipinto come un uomo che dovr&agrave; fare piazza pulita della attuale segreteria provinciale.&nbsp;<\/span><strong><span style=\"background-origin: initial; background-clip: initial\">Ma ecco che lui adesso tende la mano e propone un patto alla corrente avversa:&nbsp;&laquo;Voglio far sapere a tutti questa cosa: io sono un pacificatore<\/span><\/strong><b>&nbsp;<\/b>&ndash; afferma &#8211; &nbsp;e di conseguenza intendo pensare questa cosa come uno dei messaggi importanti della futura segreteria provinciale. Non ci devono essere nemici &ndash; continua &#8211; Facciamo parte dello stesso movimento e abbiamo lo stesso obiettivo. Non sono il tagliagole, o il tagliateste, come mi chiamano alcuni. Chi sua questo termine lo vuole usare come strumento di attivit&agrave; politica, io sono il contrario. E&rsquo; un messaggio che va a tutti quelli del mio partito &ndash; afferma &#8211; &nbsp;perch&eacute; siamo tutti uomini di Bossi. Devo quindi riconoscere a chi ha gestito fino ad oggi la segreteria provinciale il merito di aver fatto fare passi avanti alla Lega Nord. Io li ritengo comunque delle risorse se se sar&agrave; eletto non ci sar&agrave; alcuna resa dei conti, collaboreremo insieme&raquo;.<\/span><\/div>\n<div>&nbsp;<\/div>\n<p>&nbsp;<\/p><\/div>\n","protected":false},"excerpt":{"rendered":"<p>Alla festa della Lega Nord il leader leghista dice di preferire il candidato antimaroniano Maurilio Canton come segretario provinciale. Che oggi si propone come pacificatore: &#8220;Non sar\u00f2\u00e0 un tagliagole, chi mi ha preceduto non sar\u00e0 emarginato&#8221;<\/p>\n","protected":false},"author":10,"featured_media":0,"comment_status":"open","ping_status":"open","sticky":false,"template":"","format":"standard","meta":{"footnotes":""},"categories":[16,2],"tags":[270,24441],"acf":[],"yoast_head":"<!-- This site is optimized with the Yoast SEO plugin v20.1 - https:\/\/yoast.com\/wordpress\/plugins\/seo\/ -->\n<title>Bossi indica Canton, il candidato di Reguzzoni<\/title>\n<meta name=\"description\" content=\"Alla festa della Lega Nord il leader leghista dice di preferire il candidato antimaroniano Maurilio Canton come segretario provinciale. Che oggi si propone come pacificatore: &quot;Non sar\u00f2\u00e0 un tagliagole, chi mi ha preceduto non sar\u00e0 emarginato&quot;\" \/>\n<meta name=\"robots\" content=\"noindex, follow, max-snippet:-1, max-image-preview:large, max-video-preview:-1\" \/>\n<meta property=\"og:locale\" content=\"it_IT\" \/>\n<meta property=\"og:type\" content=\"article\" \/>\n<meta property=\"og:title\" content=\"Bossi indica Canton, il candidato di Reguzzoni\" \/>\n<meta property=\"og:description\" content=\"Alla festa della Lega Nord il leader leghista dice di preferire il candidato antimaroniano Maurilio Canton come segretario provinciale. Che oggi si propone come pacificatore: &quot;Non sar\u00f2\u00e0 un tagliagole, chi mi ha preceduto non sar\u00e0 emarginato&quot;\" \/>\n<meta property=\"og:url\" content=\"https:\/\/staging.varesenews.it\/2011\/10\/bossi-indica-canton-il-candidato-di-reguzzoni\/107526\/\" \/>\n<meta property=\"og:site_name\" content=\"VareseNews\" \/>\n<meta property=\"article:publisher\" content=\"https:\/\/www.facebook.com\/varesenews\" \/>\n<meta property=\"article:published_time\" content=\"2011-10-03T00:00:00+00:00\" \/>\n<meta property=\"og:image\" content=\"https:\/\/www3.varesenews.it\/immagini_articoli\/201110\/leganord.jpg\" \/>\n<meta name=\"author\" content=\"Redazione VareseNews\" \/>\n<meta name=\"twitter:card\" content=\"summary_large_image\" \/>\n<meta name=\"twitter:creator\" content=\"@varesenews\" \/>\n<meta name=\"twitter:site\" content=\"@varesenews\" \/>\n<meta name=\"twitter:label1\" content=\"Scritto da\" \/>\n\t<meta name=\"twitter:data1\" content=\"Redazione VareseNews\" \/>\n\t<meta name=\"twitter:label2\" content=\"Tempo di lettura stimato\" \/>\n\t<meta name=\"twitter:data2\" content=\"3 minuti\" \/>\n<script type=\"application\/ld+json\" class=\"yoast-schema-graph\">{\"@context\":\"https:\/\/schema.org\",\"@graph\":[{\"@type\":\"WebPage\",\"@id\":\"https:\/\/staging.varesenews.it\/2011\/10\/bossi-indica-canton-il-candidato-di-reguzzoni\/107526\/\",\"url\":\"https:\/\/staging.varesenews.it\/2011\/10\/bossi-indica-canton-il-candidato-di-reguzzoni\/107526\/\",\"name\":\"Bossi indica Canton, il candidato di Reguzzoni\",\"isPartOf\":{\"@id\":\"https:\/\/staging.varesenews.it\/#website\"},\"datePublished\":\"2011-10-03T00:00:00+00:00\",\"dateModified\":\"2011-10-03T00:00:00+00:00\",\"author\":{\"@id\":\"https:\/\/staging.varesenews.it\/#\/schema\/person\/fb20c4da0b7b16c291707a20db73e169\"},\"description\":\"Alla festa della Lega Nord il leader leghista dice di preferire il candidato antimaroniano Maurilio Canton come segretario provinciale. Che oggi si propone come pacificatore: \\\"Non sar\u00f2\u00e0 un tagliagole, chi mi ha preceduto non sar\u00e0 emarginato\\\"\",\"breadcrumb\":{\"@id\":\"https:\/\/staging.varesenews.it\/2011\/10\/bossi-indica-canton-il-candidato-di-reguzzoni\/107526\/#breadcrumb\"},\"inLanguage\":\"it-IT\",\"potentialAction\":[{\"@type\":\"ReadAction\",\"target\":[\"https:\/\/staging.varesenews.it\/2011\/10\/bossi-indica-canton-il-candidato-di-reguzzoni\/107526\/\"]}]},{\"@type\":\"BreadcrumbList\",\"@id\":\"https:\/\/staging.varesenews.it\/2011\/10\/bossi-indica-canton-il-candidato-di-reguzzoni\/107526\/#breadcrumb\",\"itemListElement\":[{\"@type\":\"ListItem\",\"position\":1,\"name\":\"Home\",\"item\":\"https:\/\/www.varesenews.it\/\"},{\"@type\":\"ListItem\",\"position\":2,\"name\":\"Bossi indica Canton, il candidato di Reguzzoni\"}]},{\"@type\":\"WebSite\",\"@id\":\"https:\/\/staging.varesenews.it\/#website\",\"url\":\"https:\/\/staging.varesenews.it\/\",\"name\":\"VareseNews\",\"description\":\"\",\"potentialAction\":[{\"@type\":\"SearchAction\",\"target\":{\"@type\":\"EntryPoint\",\"urlTemplate\":\"https:\/\/staging.varesenews.it\/?s={search_term_string}\"},\"query-input\":\"required name=search_term_string\"}],\"inLanguage\":\"it-IT\"},{\"@type\":\"Person\",\"@id\":\"https:\/\/staging.varesenews.it\/#\/schema\/person\/fb20c4da0b7b16c291707a20db73e169\",\"name\":\"Redazione VareseNews\",\"image\":{\"@type\":\"ImageObject\",\"inLanguage\":\"it-IT\",\"@id\":\"https:\/\/staging.varesenews.it\/#\/schema\/person\/image\/\",\"url\":\"https:\/\/staging.varesenews.it\/wp-content\/uploads\/2020\/12\/logo_VN_colori_500.png\",\"contentUrl\":\"https:\/\/staging.varesenews.it\/wp-content\/uploads\/2020\/12\/logo_VN_colori_500.png\",\"caption\":\"Redazione VareseNews\"},\"url\":\"https:\/\/staging.varesenews.it\/persona\/redazione1\/\"}]}<\/script>\n<!-- \/ Yoast SEO plugin. -->","yoast_head_json":{"title":"Bossi indica Canton, il candidato di Reguzzoni","description":"Alla festa della Lega Nord il leader leghista dice di preferire il candidato antimaroniano Maurilio Canton come segretario provinciale. Che oggi si propone come pacificatore: \"Non sar\u00f2\u00e0 un tagliagole, chi mi ha preceduto non sar\u00e0 emarginato\"","robots":{"index":"noindex","follow":"follow","max-snippet":"max-snippet:-1","max-image-preview":"max-image-preview:large","max-video-preview":"max-video-preview:-1"},"og_locale":"it_IT","og_type":"article","og_title":"Bossi indica Canton, il candidato di Reguzzoni","og_description":"Alla festa della Lega Nord il leader leghista dice di preferire il candidato antimaroniano Maurilio Canton come segretario provinciale. Che oggi si propone come pacificatore: \"Non sar\u00f2\u00e0 un tagliagole, chi mi ha preceduto non sar\u00e0 emarginato\"","og_url":"https:\/\/staging.varesenews.it\/2011\/10\/bossi-indica-canton-il-candidato-di-reguzzoni\/107526\/","og_site_name":"VareseNews","article_publisher":"https:\/\/www.facebook.com\/varesenews","article_published_time":"2011-10-03T00:00:00+00:00","og_image":[{"url":"https:\/\/www3.varesenews.it\/immagini_articoli\/201110\/leganord.jpg"}],"author":"Redazione VareseNews","twitter_card":"summary_large_image","twitter_creator":"@varesenews","twitter_site":"@varesenews","twitter_misc":{"Scritto da":"Redazione VareseNews","Tempo di lettura stimato":"3 minuti"},"schema":{"@context":"https:\/\/schema.org","@graph":[{"@type":"WebPage","@id":"https:\/\/staging.varesenews.it\/2011\/10\/bossi-indica-canton-il-candidato-di-reguzzoni\/107526\/","url":"https:\/\/staging.varesenews.it\/2011\/10\/bossi-indica-canton-il-candidato-di-reguzzoni\/107526\/","name":"Bossi indica Canton, il candidato di Reguzzoni","isPartOf":{"@id":"https:\/\/staging.varesenews.it\/#website"},"datePublished":"2011-10-03T00:00:00+00:00","dateModified":"2011-10-03T00:00:00+00:00","author":{"@id":"https:\/\/staging.varesenews.it\/#\/schema\/person\/fb20c4da0b7b16c291707a20db73e169"},"description":"Alla festa della Lega Nord il leader leghista dice di preferire il candidato antimaroniano Maurilio Canton come segretario provinciale. Che oggi si propone come pacificatore: \"Non sar\u00f2\u00e0 un tagliagole, chi mi ha preceduto non sar\u00e0 emarginato\"","breadcrumb":{"@id":"https:\/\/staging.varesenews.it\/2011\/10\/bossi-indica-canton-il-candidato-di-reguzzoni\/107526\/#breadcrumb"},"inLanguage":"it-IT","potentialAction":[{"@type":"ReadAction","target":["https:\/\/staging.varesenews.it\/2011\/10\/bossi-indica-canton-il-candidato-di-reguzzoni\/107526\/"]}]},{"@type":"BreadcrumbList","@id":"https:\/\/staging.varesenews.it\/2011\/10\/bossi-indica-canton-il-candidato-di-reguzzoni\/107526\/#breadcrumb","itemListElement":[{"@type":"ListItem","position":1,"name":"Home","item":"https:\/\/www.varesenews.it\/"},{"@type":"ListItem","position":2,"name":"Bossi indica Canton, il candidato di Reguzzoni"}]},{"@type":"WebSite","@id":"https:\/\/staging.varesenews.it\/#website","url":"https:\/\/staging.varesenews.it\/","name":"VareseNews","description":"","potentialAction":[{"@type":"SearchAction","target":{"@type":"EntryPoint","urlTemplate":"https:\/\/staging.varesenews.it\/?s={search_term_string}"},"query-input":"required name=search_term_string"}],"inLanguage":"it-IT"},{"@type":"Person","@id":"https:\/\/staging.varesenews.it\/#\/schema\/person\/fb20c4da0b7b16c291707a20db73e169","name":"Redazione VareseNews","image":{"@type":"ImageObject","inLanguage":"it-IT","@id":"https:\/\/staging.varesenews.it\/#\/schema\/person\/image\/","url":"https:\/\/staging.varesenews.it\/wp-content\/uploads\/2020\/12\/logo_VN_colori_500.png","contentUrl":"https:\/\/staging.varesenews.it\/wp-content\/uploads\/2020\/12\/logo_VN_colori_500.png","caption":"Redazione VareseNews"},"url":"https:\/\/staging.varesenews.it\/persona\/redazione1\/"}]}},"post_meta":{"id_old":"214730","argomento":"Buguggiate","autore_old":"Roberto Rotondo"},"photos":[],"_links":{"self":[{"href":"https:\/\/staging.varesenews.it\/swgapi\/v1\/wp\/v2\/posts\/107526"}],"collection":[{"href":"https:\/\/staging.varesenews.it\/swgapi\/v1\/wp\/v2\/posts"}],"about":[{"href":"https:\/\/staging.varesenews.it\/swgapi\/v1\/wp\/v2\/types\/post"}],"author":[{"embeddable":true,"href":"https:\/\/staging.varesenews.it\/swgapi\/v1\/wp\/v2\/users\/10"}],"replies":[{"embeddable":true,"href":"https:\/\/staging.varesenews.it\/swgapi\/v1\/wp\/v2\/comments?post=107526"}],"version-history":[{"count":0,"href":"https:\/\/staging.varesenews.it\/swgapi\/v1\/wp\/v2\/posts\/107526\/revisions"}],"wp:attachment":[{"href":"https:\/\/staging.varesenews.it\/swgapi\/v1\/wp\/v2\/media?parent=107526"}],"wp:term":[{"taxonomy":"category","embeddable":true,"href":"https:\/\/staging.varesenews.it\/swgapi\/v1\/wp\/v2\/categories?post=107526"},{"taxonomy":"post_tag","embeddable":true,"href":"https:\/\/staging.varesenews.it\/swgapi\/v1\/wp\/v2\/tags?post=107526"}],"curies":[{"name":"wp","href":"https:\/\/api.w.org\/{rel}","templated":true}]}}