{"id":110250,"date":"2011-08-29T00:00:00","date_gmt":"2011-08-29T00:00:00","guid":{"rendered":""},"modified":"2011-08-29T00:00:00","modified_gmt":"2011-08-29T00:00:00","slug":"morosolo-in-festa-tornano-risottata-e-incanto-dei-canestri","status":"publish","type":"post","link":"https:\/\/staging.varesenews.it\/2011\/08\/morosolo-in-festa-tornano-risottata-e-incanto-dei-canestri\/110250\/","title":{"rendered":"Morosolo in festa, tornano risottata e incanto dei canestri"},"content":{"rendered":"<div><strong><img loading=\"lazy\" decoding=\"async\" style=\"width: 298px; height: 277px\" border=\"1\" hspace=\"5\" alt=\"\" vspace=\"5\" align=\"left\" width=\"500\" height=\"444\" src=\"https:\/\/www3.varesenews.it\/immagini_articoli\/201009\/morosolo3.jpg\" \/>Momenti di preghiera e divertimento. Torna anche quest&rsquo;anno la Festa di Morosolo<\/strong>, organizzata dalla parrocchia di San&rsquo;Ambrogio: <strong>si comincia gioved&igrave; 8 settembre alle 21 <\/strong>con &ldquo;come l&rsquo;arte racconta il Vangelo: Maria sotto la croce&rdquo;, immagini e parole con Laura Marazzi, direttrice del museo Baroffio del Sacro Monte. <strong>Venerd&igrave; 9 settembre l&rsquo;attesissima &ldquo;Risottata per tutti&rdquo;, con via Vittorio Veneto chiusa al traffico e aperta al cibo e allo stare insieme<\/strong>. Sabato 10 settembre dalle 10 alle 12 &egrave; tempo di confessioni, alle 17.30 la santa Messa vigiliare con i vespri solenni e alle 18.15 &ldquo;Aperitivo con la Storia&rdquo;, con poesie e immagini dal Risorgimento in collaborazione con il Comitato Paolo Maspero in largo Paolo Maspero, alle 19.30 cena e alle 21 serata musicale. <strong>Domenica 11 settembre <\/strong>alle 10.30 messa solenne, alle 15.30 benedizione dei canestri in chiesa e processione per le vie san Martino, Maspero e Vittorio Veneto, con<strong> incanto dei canestri al centro parrocchiale<\/strong>: proprio per rilanciare la tradizione, gli organizzatori chiedono a tutti, morosolesi e non, di offrire come succedeva una volta cesti di generi alimentari in occasione della festa patronale, con i bambini e i ragazzi invitati a portare i cesti in processione per le vie del paese: il ricavato dell&rsquo;&rdquo;incanto&rdquo; verr&agrave; poi devoluto alla parrocchia. Dalle 17.30 giochi per ragazzi, dalle 19.30 cena e poi serata musicale con karaoke. Sia sabato che domenica funzioneranno bar, cucina, pesca di beneficenza e uno stand di abilit&agrave;. Luned&igrave; 12 settembre alle 20.45 messa in chiesa per tutti i defunti. Gioved&igrave; 15 settembre festa dell&rsquo;Addolorata con santa messa alle 17.30 e rosario e fiaccolata verso la cappelletta dell&rsquo;Addolorata alle 20.45. Sabato 17 settembre pellegrinaggio al Sacro Monte con partenza alle 7 dalla piazza della Chiesa.<\/div>\n<div>&nbsp;<\/div>\n<div><strong>Il ricavato della festa sar&agrave; destinato ai lavori di sistemazione delle porte esterne della chiesa di Morosolo e del campanile: 53 mila euro totali. <\/strong><\/div>\n","protected":false},"excerpt":{"rendered":"<p>Da gioved\u00ec 8 settembre la comunit\u00e0 della parrocchia di Sant&#8217;Ambrogio festeggia. Venerd\u00ec 9 settembre la risottata in via Vittorio Veneto. Il ricavato per la sistemzione della chiesa<\/p>\n","protected":false},"author":10,"featured_media":0,"comment_status":"open","ping_status":"open","sticky":false,"template":"","format":"standard","meta":{"footnotes":""},"categories":[21,2],"tags":[97,1865],"acf":[],"yoast_head":"<!-- This site is optimized with the Yoast SEO plugin v20.1 - https:\/\/yoast.com\/wordpress\/plugins\/seo\/ -->\n<title>Morosolo in festa, tornano risottata e incanto dei canestri<\/title>\n<meta name=\"description\" content=\"Da gioved\u00ec 8 settembre la comunit\u00e0 della parrocchia di Sant&#039;Ambrogio festeggia. Venerd\u00ec 9 settembre la risottata in via Vittorio Veneto. Il ricavato per la sistemzione della chiesa\" \/>\n<meta name=\"robots\" content=\"noindex, follow, max-snippet:-1, max-image-preview:large, max-video-preview:-1\" \/>\n<meta property=\"og:locale\" content=\"it_IT\" \/>\n<meta property=\"og:type\" content=\"article\" \/>\n<meta property=\"og:title\" content=\"Morosolo in festa, tornano risottata e incanto dei canestri\" \/>\n<meta property=\"og:description\" content=\"Da gioved\u00ec 8 settembre la comunit\u00e0 della parrocchia di Sant&#039;Ambrogio festeggia. Venerd\u00ec 9 settembre la risottata in via Vittorio Veneto. Il ricavato per la sistemzione della chiesa\" \/>\n<meta property=\"og:url\" content=\"https:\/\/staging.varesenews.it\/2011\/08\/morosolo-in-festa-tornano-risottata-e-incanto-dei-canestri\/110250\/\" \/>\n<meta property=\"og:site_name\" content=\"VareseNews\" \/>\n<meta property=\"article:publisher\" content=\"https:\/\/www.facebook.com\/varesenews\" \/>\n<meta property=\"article:published_time\" content=\"2011-08-29T00:00:00+00:00\" \/>\n<meta property=\"og:image\" content=\"https:\/\/www3.varesenews.it\/immagini_articoli\/201009\/morosolo3.jpg\" \/>\n<meta name=\"author\" content=\"Redazione VareseNews\" \/>\n<meta name=\"twitter:card\" content=\"summary_large_image\" \/>\n<meta name=\"twitter:creator\" content=\"@varesenews\" \/>\n<meta name=\"twitter:site\" content=\"@varesenews\" \/>\n<meta name=\"twitter:label1\" content=\"Scritto da\" \/>\n\t<meta name=\"twitter:data1\" content=\"Redazione VareseNews\" \/>\n\t<meta name=\"twitter:label2\" content=\"Tempo di lettura stimato\" \/>\n\t<meta name=\"twitter:data2\" content=\"2 minuti\" \/>\n<script type=\"application\/ld+json\" class=\"yoast-schema-graph\">{\"@context\":\"https:\/\/schema.org\",\"@graph\":[{\"@type\":\"WebPage\",\"@id\":\"https:\/\/staging.varesenews.it\/2011\/08\/morosolo-in-festa-tornano-risottata-e-incanto-dei-canestri\/110250\/\",\"url\":\"https:\/\/staging.varesenews.it\/2011\/08\/morosolo-in-festa-tornano-risottata-e-incanto-dei-canestri\/110250\/\",\"name\":\"Morosolo in festa, tornano risottata e incanto dei canestri\",\"isPartOf\":{\"@id\":\"https:\/\/staging.varesenews.it\/#website\"},\"datePublished\":\"2011-08-29T00:00:00+00:00\",\"dateModified\":\"2011-08-29T00:00:00+00:00\",\"author\":{\"@id\":\"https:\/\/staging.varesenews.it\/#\/schema\/person\/fb20c4da0b7b16c291707a20db73e169\"},\"description\":\"Da gioved\u00ec 8 settembre la comunit\u00e0 della parrocchia di Sant'Ambrogio festeggia. Venerd\u00ec 9 settembre la risottata in via Vittorio Veneto. Il ricavato per la sistemzione della chiesa\",\"breadcrumb\":{\"@id\":\"https:\/\/staging.varesenews.it\/2011\/08\/morosolo-in-festa-tornano-risottata-e-incanto-dei-canestri\/110250\/#breadcrumb\"},\"inLanguage\":\"it-IT\",\"potentialAction\":[{\"@type\":\"ReadAction\",\"target\":[\"https:\/\/staging.varesenews.it\/2011\/08\/morosolo-in-festa-tornano-risottata-e-incanto-dei-canestri\/110250\/\"]}]},{\"@type\":\"BreadcrumbList\",\"@id\":\"https:\/\/staging.varesenews.it\/2011\/08\/morosolo-in-festa-tornano-risottata-e-incanto-dei-canestri\/110250\/#breadcrumb\",\"itemListElement\":[{\"@type\":\"ListItem\",\"position\":1,\"name\":\"Home\",\"item\":\"https:\/\/www.varesenews.it\/\"},{\"@type\":\"ListItem\",\"position\":2,\"name\":\"Morosolo in festa, tornano risottata e incanto dei canestri\"}]},{\"@type\":\"WebSite\",\"@id\":\"https:\/\/staging.varesenews.it\/#website\",\"url\":\"https:\/\/staging.varesenews.it\/\",\"name\":\"VareseNews\",\"description\":\"\",\"potentialAction\":[{\"@type\":\"SearchAction\",\"target\":{\"@type\":\"EntryPoint\",\"urlTemplate\":\"https:\/\/staging.varesenews.it\/?s={search_term_string}\"},\"query-input\":\"required name=search_term_string\"}],\"inLanguage\":\"it-IT\"},{\"@type\":\"Person\",\"@id\":\"https:\/\/staging.varesenews.it\/#\/schema\/person\/fb20c4da0b7b16c291707a20db73e169\",\"name\":\"Redazione VareseNews\",\"image\":{\"@type\":\"ImageObject\",\"inLanguage\":\"it-IT\",\"@id\":\"https:\/\/staging.varesenews.it\/#\/schema\/person\/image\/\",\"url\":\"https:\/\/staging.varesenews.it\/wp-content\/uploads\/2020\/12\/logo_VN_colori_500.png\",\"contentUrl\":\"https:\/\/staging.varesenews.it\/wp-content\/uploads\/2020\/12\/logo_VN_colori_500.png\",\"caption\":\"Redazione VareseNews\"},\"url\":\"https:\/\/staging.varesenews.it\/persona\/redazione1\/\"}]}<\/script>\n<!-- \/ Yoast SEO plugin. -->","yoast_head_json":{"title":"Morosolo in festa, tornano risottata e incanto dei canestri","description":"Da gioved\u00ec 8 settembre la comunit\u00e0 della parrocchia di Sant'Ambrogio festeggia. Venerd\u00ec 9 settembre la risottata in via Vittorio Veneto. Il ricavato per la sistemzione della chiesa","robots":{"index":"noindex","follow":"follow","max-snippet":"max-snippet:-1","max-image-preview":"max-image-preview:large","max-video-preview":"max-video-preview:-1"},"og_locale":"it_IT","og_type":"article","og_title":"Morosolo in festa, tornano risottata e incanto dei canestri","og_description":"Da gioved\u00ec 8 settembre la comunit\u00e0 della parrocchia di Sant'Ambrogio festeggia. Venerd\u00ec 9 settembre la risottata in via Vittorio Veneto. Il ricavato per la sistemzione della chiesa","og_url":"https:\/\/staging.varesenews.it\/2011\/08\/morosolo-in-festa-tornano-risottata-e-incanto-dei-canestri\/110250\/","og_site_name":"VareseNews","article_publisher":"https:\/\/www.facebook.com\/varesenews","article_published_time":"2011-08-29T00:00:00+00:00","og_image":[{"url":"https:\/\/www3.varesenews.it\/immagini_articoli\/201009\/morosolo3.jpg"}],"author":"Redazione VareseNews","twitter_card":"summary_large_image","twitter_creator":"@varesenews","twitter_site":"@varesenews","twitter_misc":{"Scritto da":"Redazione VareseNews","Tempo di lettura stimato":"2 minuti"},"schema":{"@context":"https:\/\/schema.org","@graph":[{"@type":"WebPage","@id":"https:\/\/staging.varesenews.it\/2011\/08\/morosolo-in-festa-tornano-risottata-e-incanto-dei-canestri\/110250\/","url":"https:\/\/staging.varesenews.it\/2011\/08\/morosolo-in-festa-tornano-risottata-e-incanto-dei-canestri\/110250\/","name":"Morosolo in festa, tornano risottata e incanto dei canestri","isPartOf":{"@id":"https:\/\/staging.varesenews.it\/#website"},"datePublished":"2011-08-29T00:00:00+00:00","dateModified":"2011-08-29T00:00:00+00:00","author":{"@id":"https:\/\/staging.varesenews.it\/#\/schema\/person\/fb20c4da0b7b16c291707a20db73e169"},"description":"Da gioved\u00ec 8 settembre la comunit\u00e0 della parrocchia di Sant'Ambrogio festeggia. Venerd\u00ec 9 settembre la risottata in via Vittorio Veneto. Il ricavato per la sistemzione della chiesa","breadcrumb":{"@id":"https:\/\/staging.varesenews.it\/2011\/08\/morosolo-in-festa-tornano-risottata-e-incanto-dei-canestri\/110250\/#breadcrumb"},"inLanguage":"it-IT","potentialAction":[{"@type":"ReadAction","target":["https:\/\/staging.varesenews.it\/2011\/08\/morosolo-in-festa-tornano-risottata-e-incanto-dei-canestri\/110250\/"]}]},{"@type":"BreadcrumbList","@id":"https:\/\/staging.varesenews.it\/2011\/08\/morosolo-in-festa-tornano-risottata-e-incanto-dei-canestri\/110250\/#breadcrumb","itemListElement":[{"@type":"ListItem","position":1,"name":"Home","item":"https:\/\/www.varesenews.it\/"},{"@type":"ListItem","position":2,"name":"Morosolo in festa, tornano risottata e incanto dei canestri"}]},{"@type":"WebSite","@id":"https:\/\/staging.varesenews.it\/#website","url":"https:\/\/staging.varesenews.it\/","name":"VareseNews","description":"","potentialAction":[{"@type":"SearchAction","target":{"@type":"EntryPoint","urlTemplate":"https:\/\/staging.varesenews.it\/?s={search_term_string}"},"query-input":"required name=search_term_string"}],"inLanguage":"it-IT"},{"@type":"Person","@id":"https:\/\/staging.varesenews.it\/#\/schema\/person\/fb20c4da0b7b16c291707a20db73e169","name":"Redazione VareseNews","image":{"@type":"ImageObject","inLanguage":"it-IT","@id":"https:\/\/staging.varesenews.it\/#\/schema\/person\/image\/","url":"https:\/\/staging.varesenews.it\/wp-content\/uploads\/2020\/12\/logo_VN_colori_500.png","contentUrl":"https:\/\/staging.varesenews.it\/wp-content\/uploads\/2020\/12\/logo_VN_colori_500.png","caption":"Redazione VareseNews"},"url":"https:\/\/staging.varesenews.it\/persona\/redazione1\/"}]}},"post_meta":{"id_old":"211939","argomento":"Casciago"},"photos":[],"_links":{"self":[{"href":"https:\/\/staging.varesenews.it\/swgapi\/v1\/wp\/v2\/posts\/110250"}],"collection":[{"href":"https:\/\/staging.varesenews.it\/swgapi\/v1\/wp\/v2\/posts"}],"about":[{"href":"https:\/\/staging.varesenews.it\/swgapi\/v1\/wp\/v2\/types\/post"}],"author":[{"embeddable":true,"href":"https:\/\/staging.varesenews.it\/swgapi\/v1\/wp\/v2\/users\/10"}],"replies":[{"embeddable":true,"href":"https:\/\/staging.varesenews.it\/swgapi\/v1\/wp\/v2\/comments?post=110250"}],"version-history":[{"count":0,"href":"https:\/\/staging.varesenews.it\/swgapi\/v1\/wp\/v2\/posts\/110250\/revisions"}],"wp:attachment":[{"href":"https:\/\/staging.varesenews.it\/swgapi\/v1\/wp\/v2\/media?parent=110250"}],"wp:term":[{"taxonomy":"category","embeddable":true,"href":"https:\/\/staging.varesenews.it\/swgapi\/v1\/wp\/v2\/categories?post=110250"},{"taxonomy":"post_tag","embeddable":true,"href":"https:\/\/staging.varesenews.it\/swgapi\/v1\/wp\/v2\/tags?post=110250"}],"curies":[{"name":"wp","href":"https:\/\/api.w.org\/{rel}","templated":true}]}}