{"id":110815,"date":"2011-08-17T00:00:00","date_gmt":"2011-08-17T00:00:00","guid":{"rendered":""},"modified":"2011-08-17T00:00:00","modified_gmt":"2011-08-17T00:00:00","slug":"e-morto-claudio-castiglioni","status":"publish","type":"post","link":"https:\/\/staging.varesenews.it\/2011\/08\/e-morto-claudio-castiglioni\/110815\/","title":{"rendered":"\u00c8 morto Claudio Castiglioni"},"content":{"rendered":"<p><img loading=\"lazy\" decoding=\"async\" border=\"1\" hspace=\"5\" alt=\"\" vspace=\"5\" align=\"left\" width=\"200\" height=\"190\" src=\"https:\/\/www3.varesenews.it\/immagini_articoli\/200410\/castiglionicagiva.jpg\" \/><strong>Claudio Castiglioni<\/strong>, patron di <strong>Cagiva e MVAgusta (<\/strong><a target=\"_blank\" href=\"http:\/\/www3.varesenews.it\/italia\/articolo.php?id=180078\">che aveva appena riacquistato, con il figlio Giovanni, lo scorso anno dalla<\/a><strong><a target=\"_blank\" href=\"http:\/\/www3.varesenews.it\/italia\/articolo.php?id=180078\"> Harley Davidson<\/a>)<\/strong>&nbsp;&egrave; morto&nbsp;alle 6 e 30 di mercoled&igrave;&nbsp;17 agosto 2011, all&#8217;ospedale di Circolo di Varese. Castiglioni, 64 anni, era malato da tempo.<br \/>\nDopo momenti di difficolt&agrave;, la storica azienda varesina&nbsp;aveva avuto un recente straordinario rilancio con l&rsquo;ideazione della <strong><a target=\"_blank\" href=\"http:\/\/www.vareseweb.it\/lavoro\/articoli_economia\/2003\/luglio\/19-7brutale3.html\">Brutale<\/a> <\/strong>e della<strong> F4. <\/p>\n<p><\/strong>Ma a Claudio Castiglioni si devono anche prima di questi due modelli alcuni dei principali successi motoristici italiani: Cagiva Elefant e Mito, Ducati 916 e Monster, oltre naturalmente alle gi&agrave; citate&nbsp;<strong>MV Agusta F4 e Brutale<\/strong>. Gli ultimi suoi &quot;gioielli&quot;, da lui seguiti in ogni dettaglio, sono stati <strong>MV Agusta F3 e Brutale 675<\/strong>.<strong><br \/>\n<\/strong>Da un anno Claudio Castiglioni&nbsp; aveva lasciato il timone di MV Agusta al figlio Giovanni, che lo ha affiancato in molte delle sfide che hanno costellato la storia del marchio varesino. <strong><br \/>\n<\/strong><strong>I funerali <\/strong>si svolgeranno <strong>venerd\u00ec 19 agosto alle 14 <\/strong>alla chiesa della Brunella, in via Crispi a Varese.<strong><\/p>\n<p><font color=\"#000000\"><a target=\"_blank\" href=\"http:\/\/www3.varesenews.it\/italia\/articolo.php?id=211357\">Le sue moto piacevano ai re&nbsp;e alle star di Hollywood<\/a><\/font><\/strong><\/p>\n","protected":false},"excerpt":{"rendered":"<p>L&#8217;imprenditore, malato da tempo, \u00e8 spirato mercoled\u00ec 17 agosto all&#8217;ospedale di Circolo. Aveva da poco riacquistato lo storico marchio dalla Harley Davidson<\/p>\n","protected":false},"author":10,"featured_media":0,"comment_status":"open","ping_status":"open","sticky":false,"template":"","format":"standard","meta":{"footnotes":""},"categories":[15,2],"tags":[22111],"acf":[],"yoast_head":"<!-- This site is optimized with the Yoast SEO plugin v20.1 - https:\/\/yoast.com\/wordpress\/plugins\/seo\/ -->\n<title>\u00c8 morto Claudio Castiglioni<\/title>\n<meta name=\"description\" content=\"L&#039;imprenditore, malato da tempo, \u00e8 spirato mercoled\u00ec 17 agosto all&#039;ospedale di Circolo. Aveva da poco riacquistato lo storico marchio dalla Harley Davidson\" \/>\n<meta name=\"robots\" content=\"noindex, follow, max-snippet:-1, max-image-preview:large, max-video-preview:-1\" \/>\n<meta property=\"og:locale\" content=\"it_IT\" \/>\n<meta property=\"og:type\" content=\"article\" \/>\n<meta property=\"og:title\" content=\"\u00c8 morto Claudio Castiglioni\" \/>\n<meta property=\"og:description\" content=\"L&#039;imprenditore, malato da tempo, \u00e8 spirato mercoled\u00ec 17 agosto all&#039;ospedale di Circolo. Aveva da poco riacquistato lo storico marchio dalla Harley Davidson\" \/>\n<meta property=\"og:url\" content=\"https:\/\/staging.varesenews.it\/2011\/08\/e-morto-claudio-castiglioni\/110815\/\" \/>\n<meta property=\"og:site_name\" content=\"VareseNews\" \/>\n<meta property=\"article:publisher\" content=\"https:\/\/www.facebook.com\/varesenews\" \/>\n<meta property=\"article:published_time\" content=\"2011-08-17T00:00:00+00:00\" \/>\n<meta property=\"og:image\" content=\"https:\/\/www3.varesenews.it\/immagini_articoli\/200410\/castiglionicagiva.jpg\" \/>\n<meta name=\"author\" content=\"Redazione VareseNews\" \/>\n<meta name=\"twitter:card\" content=\"summary_large_image\" \/>\n<meta name=\"twitter:creator\" content=\"@varesenews\" \/>\n<meta name=\"twitter:site\" content=\"@varesenews\" \/>\n<meta name=\"twitter:label1\" content=\"Scritto da\" \/>\n\t<meta name=\"twitter:data1\" content=\"Redazione VareseNews\" \/>\n\t<meta name=\"twitter:label2\" content=\"Tempo di lettura stimato\" \/>\n\t<meta name=\"twitter:data2\" content=\"1 minuto\" \/>\n<script type=\"application\/ld+json\" class=\"yoast-schema-graph\">{\"@context\":\"https:\/\/schema.org\",\"@graph\":[{\"@type\":\"WebPage\",\"@id\":\"https:\/\/staging.varesenews.it\/2011\/08\/e-morto-claudio-castiglioni\/110815\/\",\"url\":\"https:\/\/staging.varesenews.it\/2011\/08\/e-morto-claudio-castiglioni\/110815\/\",\"name\":\"\u00c8 morto Claudio Castiglioni\",\"isPartOf\":{\"@id\":\"https:\/\/staging.varesenews.it\/#website\"},\"datePublished\":\"2011-08-17T00:00:00+00:00\",\"dateModified\":\"2011-08-17T00:00:00+00:00\",\"author\":{\"@id\":\"https:\/\/staging.varesenews.it\/#\/schema\/person\/fb20c4da0b7b16c291707a20db73e169\"},\"description\":\"L'imprenditore, malato da tempo, \u00e8 spirato mercoled\u00ec 17 agosto all'ospedale di Circolo. Aveva da poco riacquistato lo storico marchio dalla Harley Davidson\",\"breadcrumb\":{\"@id\":\"https:\/\/staging.varesenews.it\/2011\/08\/e-morto-claudio-castiglioni\/110815\/#breadcrumb\"},\"inLanguage\":\"it-IT\",\"potentialAction\":[{\"@type\":\"ReadAction\",\"target\":[\"https:\/\/staging.varesenews.it\/2011\/08\/e-morto-claudio-castiglioni\/110815\/\"]}]},{\"@type\":\"BreadcrumbList\",\"@id\":\"https:\/\/staging.varesenews.it\/2011\/08\/e-morto-claudio-castiglioni\/110815\/#breadcrumb\",\"itemListElement\":[{\"@type\":\"ListItem\",\"position\":1,\"name\":\"Home\",\"item\":\"https:\/\/www.varesenews.it\/\"},{\"@type\":\"ListItem\",\"position\":2,\"name\":\"\u00c8 morto Claudio Castiglioni\"}]},{\"@type\":\"WebSite\",\"@id\":\"https:\/\/staging.varesenews.it\/#website\",\"url\":\"https:\/\/staging.varesenews.it\/\",\"name\":\"VareseNews\",\"description\":\"\",\"potentialAction\":[{\"@type\":\"SearchAction\",\"target\":{\"@type\":\"EntryPoint\",\"urlTemplate\":\"https:\/\/staging.varesenews.it\/?s={search_term_string}\"},\"query-input\":\"required name=search_term_string\"}],\"inLanguage\":\"it-IT\"},{\"@type\":\"Person\",\"@id\":\"https:\/\/staging.varesenews.it\/#\/schema\/person\/fb20c4da0b7b16c291707a20db73e169\",\"name\":\"Redazione VareseNews\",\"image\":{\"@type\":\"ImageObject\",\"inLanguage\":\"it-IT\",\"@id\":\"https:\/\/staging.varesenews.it\/#\/schema\/person\/image\/\",\"url\":\"https:\/\/staging.varesenews.it\/wp-content\/uploads\/2020\/12\/logo_VN_colori_500.png\",\"contentUrl\":\"https:\/\/staging.varesenews.it\/wp-content\/uploads\/2020\/12\/logo_VN_colori_500.png\",\"caption\":\"Redazione VareseNews\"},\"url\":\"https:\/\/staging.varesenews.it\/persona\/redazione1\/\"}]}<\/script>\n<!-- \/ Yoast SEO plugin. -->","yoast_head_json":{"title":"\u00c8 morto Claudio Castiglioni","description":"L'imprenditore, malato da tempo, \u00e8 spirato mercoled\u00ec 17 agosto all'ospedale di Circolo. Aveva da poco riacquistato lo storico marchio dalla Harley Davidson","robots":{"index":"noindex","follow":"follow","max-snippet":"max-snippet:-1","max-image-preview":"max-image-preview:large","max-video-preview":"max-video-preview:-1"},"og_locale":"it_IT","og_type":"article","og_title":"\u00c8 morto Claudio Castiglioni","og_description":"L'imprenditore, malato da tempo, \u00e8 spirato mercoled\u00ec 17 agosto all'ospedale di Circolo. Aveva da poco riacquistato lo storico marchio dalla Harley Davidson","og_url":"https:\/\/staging.varesenews.it\/2011\/08\/e-morto-claudio-castiglioni\/110815\/","og_site_name":"VareseNews","article_publisher":"https:\/\/www.facebook.com\/varesenews","article_published_time":"2011-08-17T00:00:00+00:00","og_image":[{"url":"https:\/\/www3.varesenews.it\/immagini_articoli\/200410\/castiglionicagiva.jpg"}],"author":"Redazione VareseNews","twitter_card":"summary_large_image","twitter_creator":"@varesenews","twitter_site":"@varesenews","twitter_misc":{"Scritto da":"Redazione VareseNews","Tempo di lettura stimato":"1 minuto"},"schema":{"@context":"https:\/\/schema.org","@graph":[{"@type":"WebPage","@id":"https:\/\/staging.varesenews.it\/2011\/08\/e-morto-claudio-castiglioni\/110815\/","url":"https:\/\/staging.varesenews.it\/2011\/08\/e-morto-claudio-castiglioni\/110815\/","name":"\u00c8 morto Claudio Castiglioni","isPartOf":{"@id":"https:\/\/staging.varesenews.it\/#website"},"datePublished":"2011-08-17T00:00:00+00:00","dateModified":"2011-08-17T00:00:00+00:00","author":{"@id":"https:\/\/staging.varesenews.it\/#\/schema\/person\/fb20c4da0b7b16c291707a20db73e169"},"description":"L'imprenditore, malato da tempo, \u00e8 spirato mercoled\u00ec 17 agosto all'ospedale di Circolo. Aveva da poco riacquistato lo storico marchio dalla Harley Davidson","breadcrumb":{"@id":"https:\/\/staging.varesenews.it\/2011\/08\/e-morto-claudio-castiglioni\/110815\/#breadcrumb"},"inLanguage":"it-IT","potentialAction":[{"@type":"ReadAction","target":["https:\/\/staging.varesenews.it\/2011\/08\/e-morto-claudio-castiglioni\/110815\/"]}]},{"@type":"BreadcrumbList","@id":"https:\/\/staging.varesenews.it\/2011\/08\/e-morto-claudio-castiglioni\/110815\/#breadcrumb","itemListElement":[{"@type":"ListItem","position":1,"name":"Home","item":"https:\/\/www.varesenews.it\/"},{"@type":"ListItem","position":2,"name":"\u00c8 morto Claudio Castiglioni"}]},{"@type":"WebSite","@id":"https:\/\/staging.varesenews.it\/#website","url":"https:\/\/staging.varesenews.it\/","name":"VareseNews","description":"","potentialAction":[{"@type":"SearchAction","target":{"@type":"EntryPoint","urlTemplate":"https:\/\/staging.varesenews.it\/?s={search_term_string}"},"query-input":"required name=search_term_string"}],"inLanguage":"it-IT"},{"@type":"Person","@id":"https:\/\/staging.varesenews.it\/#\/schema\/person\/fb20c4da0b7b16c291707a20db73e169","name":"Redazione VareseNews","image":{"@type":"ImageObject","inLanguage":"it-IT","@id":"https:\/\/staging.varesenews.it\/#\/schema\/person\/image\/","url":"https:\/\/staging.varesenews.it\/wp-content\/uploads\/2020\/12\/logo_VN_colori_500.png","contentUrl":"https:\/\/staging.varesenews.it\/wp-content\/uploads\/2020\/12\/logo_VN_colori_500.png","caption":"Redazione VareseNews"},"url":"https:\/\/staging.varesenews.it\/persona\/redazione1\/"}]}},"post_meta":{"id_old":"211358","argomento":"Varese"},"photos":[],"_links":{"self":[{"href":"https:\/\/staging.varesenews.it\/swgapi\/v1\/wp\/v2\/posts\/110815"}],"collection":[{"href":"https:\/\/staging.varesenews.it\/swgapi\/v1\/wp\/v2\/posts"}],"about":[{"href":"https:\/\/staging.varesenews.it\/swgapi\/v1\/wp\/v2\/types\/post"}],"author":[{"embeddable":true,"href":"https:\/\/staging.varesenews.it\/swgapi\/v1\/wp\/v2\/users\/10"}],"replies":[{"embeddable":true,"href":"https:\/\/staging.varesenews.it\/swgapi\/v1\/wp\/v2\/comments?post=110815"}],"version-history":[{"count":0,"href":"https:\/\/staging.varesenews.it\/swgapi\/v1\/wp\/v2\/posts\/110815\/revisions"}],"wp:attachment":[{"href":"https:\/\/staging.varesenews.it\/swgapi\/v1\/wp\/v2\/media?parent=110815"}],"wp:term":[{"taxonomy":"category","embeddable":true,"href":"https:\/\/staging.varesenews.it\/swgapi\/v1\/wp\/v2\/categories?post=110815"},{"taxonomy":"post_tag","embeddable":true,"href":"https:\/\/staging.varesenews.it\/swgapi\/v1\/wp\/v2\/tags?post=110815"}],"curies":[{"name":"wp","href":"https:\/\/api.w.org\/{rel}","templated":true}]}}