{"id":111127,"date":"2011-08-09T00:00:00","date_gmt":"2011-08-09T00:00:00","guid":{"rendered":""},"modified":"2011-08-09T00:00:00","modified_gmt":"2011-08-09T00:00:00","slug":"gialuigi-trovesi-ovvero-berghem-e-thomas-mann","status":"publish","type":"post","link":"https:\/\/staging.varesenews.it\/2011\/08\/gialuigi-trovesi-ovvero-berghem-e-thomas-mann\/111127\/","title":{"rendered":"Gialuigi Trovesi, ovvero B\u00e9rghem e Thomas Mann"},"content":{"rendered":"<div>&ldquo;Classic &amp; Jazz&rdquo;. Dunque musica da cortile e da balera, del folclore tutto: dalla Lombardia, al Piemonte, all&rsquo;Emilia Romagna. E poi, improvvisazione e dodecafonia, sentori di musica antica, blues. E&rsquo; difficile operare una valida selezione del mondo creativo di<strong> Gianluigi Trovesi<\/strong>, protagonista <strong>mercoled&igrave; 10 agosto alle 21 (ingresso a euro 10) di Musica in Villa a Villa Cagnola <\/strong>con <strong>l&rsquo;Orchestra della Svizzera Italiana <\/strong>(OSI) e Stefano Montanari, quest&rsquo;ultimo nella duplice veste di direttore e violino solista. Sul palco, per il progetto &ldquo;Berg Heim: una piccola montagna magica&rdquo; (liberamente ispirato a &ldquo;La montagna incantata&rdquo; di Thomas Mann e trasformata, per l&rsquo;occasione, in &ldquo;B&eacute;rghem&rdquo;, etimo teutonico di Bergamo, il &ldquo;borgo sul monte&rdquo;) anche <strong>Matthias Spillmann <\/strong>alla tromba e<strong> Fulvio Maras <\/strong>alle percussioni. Scriveva <strong>Claudio Sessa <\/strong>nel 1985, in occasione della pubblicazione di &ldquo;Dances&rdquo;: &laquo;Per fortuna non c&rsquo;&egrave; ormai pi&ugrave; bisogno di presentare Trovesi, uno dei jazzisti pi&ugrave; apprezzati non solo in Italia ma in tutta Europa&raquo;. Per nostra fortuna un geometra e un disegnatore mancati ed un musicista, invece, &ldquo;attrezzato&rdquo; di studi al Conservatorio in clarinetto, armonia, contrappunto e fuga. Dapprima insegnante di musica alle scuole medie di buona parte della bergamasca e poi, all&rsquo;et&agrave; di trentaquattro anni &#8211; &laquo;tutto &egrave; cominciato quando, semmai, uno decide di smettere&raquo;, ha dichiarato Trovesi &ndash; intento a fare le pulci alla sua sensibilit&agrave; di &ldquo;impastatore&rdquo; di soggetti musicali, adatti alla materia ed alla trascendenza dello spirito. &ldquo;<strong>Berg Heim<\/strong>&rdquo; si riannoda alle passioni che da sempre accompagnano questo artista: osservazione cantica delle valli con i richiami antichi dell&rsquo;eco di montagna e la polka e la mazurca che sanno di terra. Ma senza tralasciare l&rsquo;etimologia ecclesiastica del Quattrocento con &ldquo;Les Hommes Armes&rdquo;, gli anonimi napoletani del XVI secolo, i canti di lavoro. E William Shakespeare, Umberto Eco e Stefano Benni, dei quali &ldquo;saccheggia&rdquo; regolarmente i testi. La galleria di emozioni &egrave; infinita, cos&igrave; come lo sono le proiezioni musicali di quest&rsquo;uomo capace di spandere ritmi geometrici ben poco resistenti all&rsquo;infiltrarsi continuo di melodie lunghe e ariose. &ldquo;Berg Heim&rdquo; rappresenta un attracco sperimentale e sentimentale nello stesso tempo. Commissionato dal <strong>Festival Alpentoene <\/strong>di <strong>Altdorf<\/strong>, &egrave; da considerarsi &ldquo;un doppio omaggio: alla terra natale di Trovesi ed alle variet&agrave; umane narrate da Mann&rdquo;. Ancora una volta il folclore che si intreccia alle Follie barocche, a frammenti di <strong>Robert Schumann <\/strong>e a <strong>Giuseppe Verdi<\/strong>. Con la complicit&agrave; della OSI, impegnata in una suite di brani che prenderanno il via dall&rsquo;ouverture seicentesca di Giovanni Battista Buonamente per poi inoltrarsi nel virtuosismo settecentesco di <strong>Pietro Locatelli<\/strong>. Affreschi, inoltre, rinascimentali conditi da variazioni improvvise e improvvisate. Questa volta, povere di quell&rsquo;elettronica tanto cara a Trovesi. E assiepate, invece, lungo le scogliere sonore di un interprete-compositore che, muovendo i primi passi nel teatro musicale, si beava con gli amici di suonare al fianco di Franco Cerri. Tempi lontani, di quando il jazz &ndash; parola, in questo caso, vuota &ndash; inizi&ograve; a conoscere Gianluigi attraverso lo specchio delle sue musiche: Dedalo Fugace di Una notte di Mezza Estate.<\/div>\n","protected":false},"excerpt":{"rendered":"<p>Mercoled\u00ec 10 agosto il jazzista sar\u00e0 protagonista Villa Cagnola con l\u2019Orchestra della Svizzera Italiana (OSI) e Stefano Montanari, quest\u2019ultimo nella duplice veste di direttore e violino solista<\/p>\n","protected":false},"author":10,"featured_media":0,"comment_status":"open","ping_status":"open","sticky":false,"template":"","format":"standard","meta":{"footnotes":""},"categories":[20,21,2],"tags":[4425],"acf":[],"yoast_head":"<!-- This site is optimized with the Yoast SEO plugin v20.1 - https:\/\/yoast.com\/wordpress\/plugins\/seo\/ -->\n<title>Gialuigi Trovesi, ovvero B\u00e9rghem e Thomas Mann<\/title>\n<meta name=\"description\" content=\"Mercoled\u00ec 10 agosto il jazzista sar\u00e0 protagonista Villa Cagnola con l\u2019Orchestra della Svizzera Italiana (OSI) e Stefano Montanari, quest\u2019ultimo nella duplice veste di direttore e violino solista\" \/>\n<meta name=\"robots\" content=\"noindex, follow, max-snippet:-1, max-image-preview:large, max-video-preview:-1\" \/>\n<meta property=\"og:locale\" content=\"it_IT\" \/>\n<meta property=\"og:type\" content=\"article\" \/>\n<meta property=\"og:title\" content=\"Gialuigi Trovesi, ovvero B\u00e9rghem e Thomas Mann\" \/>\n<meta property=\"og:description\" content=\"Mercoled\u00ec 10 agosto il jazzista sar\u00e0 protagonista Villa Cagnola con l\u2019Orchestra della Svizzera Italiana (OSI) e Stefano Montanari, quest\u2019ultimo nella duplice veste di direttore e violino solista\" \/>\n<meta property=\"og:url\" content=\"https:\/\/staging.varesenews.it\/2011\/08\/gialuigi-trovesi-ovvero-berghem-e-thomas-mann\/111127\/\" \/>\n<meta property=\"og:site_name\" content=\"VareseNews\" \/>\n<meta property=\"article:publisher\" content=\"https:\/\/www.facebook.com\/varesenews\" \/>\n<meta property=\"article:published_time\" content=\"2011-08-09T00:00:00+00:00\" \/>\n<meta name=\"author\" content=\"Redazione VareseNews\" \/>\n<meta name=\"twitter:card\" content=\"summary_large_image\" \/>\n<meta name=\"twitter:creator\" content=\"@varesenews\" \/>\n<meta name=\"twitter:site\" content=\"@varesenews\" \/>\n<meta name=\"twitter:label1\" content=\"Scritto da\" \/>\n\t<meta name=\"twitter:data1\" content=\"Redazione VareseNews\" \/>\n\t<meta name=\"twitter:label2\" content=\"Tempo di lettura stimato\" \/>\n\t<meta name=\"twitter:data2\" content=\"3 minuti\" \/>\n<script type=\"application\/ld+json\" class=\"yoast-schema-graph\">{\"@context\":\"https:\/\/schema.org\",\"@graph\":[{\"@type\":\"WebPage\",\"@id\":\"https:\/\/staging.varesenews.it\/2011\/08\/gialuigi-trovesi-ovvero-berghem-e-thomas-mann\/111127\/\",\"url\":\"https:\/\/staging.varesenews.it\/2011\/08\/gialuigi-trovesi-ovvero-berghem-e-thomas-mann\/111127\/\",\"name\":\"Gialuigi Trovesi, ovvero B\u00e9rghem e Thomas Mann\",\"isPartOf\":{\"@id\":\"https:\/\/staging.varesenews.it\/#website\"},\"datePublished\":\"2011-08-09T00:00:00+00:00\",\"dateModified\":\"2011-08-09T00:00:00+00:00\",\"author\":{\"@id\":\"https:\/\/staging.varesenews.it\/#\/schema\/person\/fb20c4da0b7b16c291707a20db73e169\"},\"description\":\"Mercoled\u00ec 10 agosto il jazzista sar\u00e0 protagonista Villa Cagnola con l\u2019Orchestra della Svizzera Italiana (OSI) e Stefano Montanari, quest\u2019ultimo nella duplice veste di direttore e violino solista\",\"breadcrumb\":{\"@id\":\"https:\/\/staging.varesenews.it\/2011\/08\/gialuigi-trovesi-ovvero-berghem-e-thomas-mann\/111127\/#breadcrumb\"},\"inLanguage\":\"it-IT\",\"potentialAction\":[{\"@type\":\"ReadAction\",\"target\":[\"https:\/\/staging.varesenews.it\/2011\/08\/gialuigi-trovesi-ovvero-berghem-e-thomas-mann\/111127\/\"]}]},{\"@type\":\"BreadcrumbList\",\"@id\":\"https:\/\/staging.varesenews.it\/2011\/08\/gialuigi-trovesi-ovvero-berghem-e-thomas-mann\/111127\/#breadcrumb\",\"itemListElement\":[{\"@type\":\"ListItem\",\"position\":1,\"name\":\"Home\",\"item\":\"https:\/\/www.varesenews.it\/\"},{\"@type\":\"ListItem\",\"position\":2,\"name\":\"Gialuigi Trovesi, ovvero B\u00e9rghem e Thomas Mann\"}]},{\"@type\":\"WebSite\",\"@id\":\"https:\/\/staging.varesenews.it\/#website\",\"url\":\"https:\/\/staging.varesenews.it\/\",\"name\":\"VareseNews\",\"description\":\"\",\"potentialAction\":[{\"@type\":\"SearchAction\",\"target\":{\"@type\":\"EntryPoint\",\"urlTemplate\":\"https:\/\/staging.varesenews.it\/?s={search_term_string}\"},\"query-input\":\"required name=search_term_string\"}],\"inLanguage\":\"it-IT\"},{\"@type\":\"Person\",\"@id\":\"https:\/\/staging.varesenews.it\/#\/schema\/person\/fb20c4da0b7b16c291707a20db73e169\",\"name\":\"Redazione VareseNews\",\"image\":{\"@type\":\"ImageObject\",\"inLanguage\":\"it-IT\",\"@id\":\"https:\/\/staging.varesenews.it\/#\/schema\/person\/image\/\",\"url\":\"https:\/\/staging.varesenews.it\/wp-content\/uploads\/2020\/12\/logo_VN_colori_500.png\",\"contentUrl\":\"https:\/\/staging.varesenews.it\/wp-content\/uploads\/2020\/12\/logo_VN_colori_500.png\",\"caption\":\"Redazione VareseNews\"},\"url\":\"https:\/\/staging.varesenews.it\/persona\/redazione1\/\"}]}<\/script>\n<!-- \/ Yoast SEO plugin. -->","yoast_head_json":{"title":"Gialuigi Trovesi, ovvero B\u00e9rghem e Thomas Mann","description":"Mercoled\u00ec 10 agosto il jazzista sar\u00e0 protagonista Villa Cagnola con l\u2019Orchestra della Svizzera Italiana (OSI) e Stefano Montanari, quest\u2019ultimo nella duplice veste di direttore e violino solista","robots":{"index":"noindex","follow":"follow","max-snippet":"max-snippet:-1","max-image-preview":"max-image-preview:large","max-video-preview":"max-video-preview:-1"},"og_locale":"it_IT","og_type":"article","og_title":"Gialuigi Trovesi, ovvero B\u00e9rghem e Thomas Mann","og_description":"Mercoled\u00ec 10 agosto il jazzista sar\u00e0 protagonista Villa Cagnola con l\u2019Orchestra della Svizzera Italiana (OSI) e Stefano Montanari, quest\u2019ultimo nella duplice veste di direttore e violino solista","og_url":"https:\/\/staging.varesenews.it\/2011\/08\/gialuigi-trovesi-ovvero-berghem-e-thomas-mann\/111127\/","og_site_name":"VareseNews","article_publisher":"https:\/\/www.facebook.com\/varesenews","article_published_time":"2011-08-09T00:00:00+00:00","author":"Redazione VareseNews","twitter_card":"summary_large_image","twitter_creator":"@varesenews","twitter_site":"@varesenews","twitter_misc":{"Scritto da":"Redazione VareseNews","Tempo di lettura stimato":"3 minuti"},"schema":{"@context":"https:\/\/schema.org","@graph":[{"@type":"WebPage","@id":"https:\/\/staging.varesenews.it\/2011\/08\/gialuigi-trovesi-ovvero-berghem-e-thomas-mann\/111127\/","url":"https:\/\/staging.varesenews.it\/2011\/08\/gialuigi-trovesi-ovvero-berghem-e-thomas-mann\/111127\/","name":"Gialuigi Trovesi, ovvero B\u00e9rghem e Thomas Mann","isPartOf":{"@id":"https:\/\/staging.varesenews.it\/#website"},"datePublished":"2011-08-09T00:00:00+00:00","dateModified":"2011-08-09T00:00:00+00:00","author":{"@id":"https:\/\/staging.varesenews.it\/#\/schema\/person\/fb20c4da0b7b16c291707a20db73e169"},"description":"Mercoled\u00ec 10 agosto il jazzista sar\u00e0 protagonista Villa Cagnola con l\u2019Orchestra della Svizzera Italiana (OSI) e Stefano Montanari, quest\u2019ultimo nella duplice veste di direttore e violino solista","breadcrumb":{"@id":"https:\/\/staging.varesenews.it\/2011\/08\/gialuigi-trovesi-ovvero-berghem-e-thomas-mann\/111127\/#breadcrumb"},"inLanguage":"it-IT","potentialAction":[{"@type":"ReadAction","target":["https:\/\/staging.varesenews.it\/2011\/08\/gialuigi-trovesi-ovvero-berghem-e-thomas-mann\/111127\/"]}]},{"@type":"BreadcrumbList","@id":"https:\/\/staging.varesenews.it\/2011\/08\/gialuigi-trovesi-ovvero-berghem-e-thomas-mann\/111127\/#breadcrumb","itemListElement":[{"@type":"ListItem","position":1,"name":"Home","item":"https:\/\/www.varesenews.it\/"},{"@type":"ListItem","position":2,"name":"Gialuigi Trovesi, ovvero B\u00e9rghem e Thomas Mann"}]},{"@type":"WebSite","@id":"https:\/\/staging.varesenews.it\/#website","url":"https:\/\/staging.varesenews.it\/","name":"VareseNews","description":"","potentialAction":[{"@type":"SearchAction","target":{"@type":"EntryPoint","urlTemplate":"https:\/\/staging.varesenews.it\/?s={search_term_string}"},"query-input":"required name=search_term_string"}],"inLanguage":"it-IT"},{"@type":"Person","@id":"https:\/\/staging.varesenews.it\/#\/schema\/person\/fb20c4da0b7b16c291707a20db73e169","name":"Redazione VareseNews","image":{"@type":"ImageObject","inLanguage":"it-IT","@id":"https:\/\/staging.varesenews.it\/#\/schema\/person\/image\/","url":"https:\/\/staging.varesenews.it\/wp-content\/uploads\/2020\/12\/logo_VN_colori_500.png","contentUrl":"https:\/\/staging.varesenews.it\/wp-content\/uploads\/2020\/12\/logo_VN_colori_500.png","caption":"Redazione VareseNews"},"url":"https:\/\/staging.varesenews.it\/persona\/redazione1\/"}]}},"post_meta":{"id_old":"211034","argomento":"Gazzada Schianno","autore_old":"Davide Ielmini"},"photos":[],"_links":{"self":[{"href":"https:\/\/staging.varesenews.it\/swgapi\/v1\/wp\/v2\/posts\/111127"}],"collection":[{"href":"https:\/\/staging.varesenews.it\/swgapi\/v1\/wp\/v2\/posts"}],"about":[{"href":"https:\/\/staging.varesenews.it\/swgapi\/v1\/wp\/v2\/types\/post"}],"author":[{"embeddable":true,"href":"https:\/\/staging.varesenews.it\/swgapi\/v1\/wp\/v2\/users\/10"}],"replies":[{"embeddable":true,"href":"https:\/\/staging.varesenews.it\/swgapi\/v1\/wp\/v2\/comments?post=111127"}],"version-history":[{"count":0,"href":"https:\/\/staging.varesenews.it\/swgapi\/v1\/wp\/v2\/posts\/111127\/revisions"}],"wp:attachment":[{"href":"https:\/\/staging.varesenews.it\/swgapi\/v1\/wp\/v2\/media?parent=111127"}],"wp:term":[{"taxonomy":"category","embeddable":true,"href":"https:\/\/staging.varesenews.it\/swgapi\/v1\/wp\/v2\/categories?post=111127"},{"taxonomy":"post_tag","embeddable":true,"href":"https:\/\/staging.varesenews.it\/swgapi\/v1\/wp\/v2\/tags?post=111127"}],"curies":[{"name":"wp","href":"https:\/\/api.w.org\/{rel}","templated":true}]}}