{"id":115016,"date":"2011-06-15T00:00:00","date_gmt":"2011-06-15T00:00:00","guid":{"rendered":""},"modified":"2011-06-15T00:00:00","modified_gmt":"2011-06-15T00:00:00","slug":"buche-in-mezzo-alla-strada-la-periferia-e-abbandonata","status":"publish","type":"post","link":"https:\/\/staging.varesenews.it\/2011\/06\/buche-in-mezzo-alla-strada-la-periferia-e-abbandonata\/115016\/","title":{"rendered":"Buche in mezzo alla strada, la periferia \u00e8 abbandonata"},"content":{"rendered":"<p><img loading=\"lazy\" decoding=\"async\" width=\"250\" height=\"188\" vspace=\"5\" hspace=\"5\" border=\"1\" align=\"left\" alt=\"\" src=\"https:\/\/www3.varesenews.it\/immagini_articoli\/201106\/p1180044.jpg\" \/>Strade di confine, con<strong> poca manutenzione e scarsamente monitorate dai Comuni<\/strong>: basta una pioggia perch&eacute; quella che era solo <strong>una buca a margine della carreggiata in un attimo si trasformi in &laquo;una autentica voragine&raquo;<\/strong>, come ci segnala <strong>un nostro lettore<\/strong>. Si parla di <strong>via Morazzone a Cassano Magnago<\/strong>, dell&#8217;attigua via Buffoni, anch&rsquo;essa nel territorio gestito dall&rsquo;amministrazione casalese, e della <strong>vicina via Gorizia<\/strong>, che invece &egrave; sotto l&rsquo;amministrazione del comune di Gallarate.  <br \/>\nGli automobilisti del luogo o che si trovano spesso nei paraggi sono ben consci&nbsp;<img loading=\"lazy\" decoding=\"async\" width=\"250\" height=\"188\" vspace=\"5\" hspace=\"5\" border=\"1\" align=\"right\" alt=\"\" src=\"https:\/\/www3.varesenews.it\/immagini_articoli\/201106\/p1180032.jpg\" \/>del problema: le <strong>numerose buche, di varie, e spesso notevoli, dimensioni<\/strong> li costringono a <strong>viaggiare al centro della carreggiata<\/strong>, quasi a cavallo tra le due corsie, rischiandoperiodicamente incidenti.  &laquo;Sono anni che via Gorizia proprio nel suo ultimo tratto &egrave; piena di buche, riparate alla buona, che diventano pi&ugrave; grandi ogni volta che piove&raquo; continua il nostro lettore. Alla situazione gi&agrave; critica da tempo, recentemente si &egrave; aggiunta anche <strong>&laquo;l&rsquo;autentica voragine&raquo; di via Gorizia<\/strong> che, tolte recentemente le delimitazioni del cantiere rimasto aperto pochi giorni &egrave; risultata riempita alla bell&rsquo;e meglio con della terra battuta,&nbsp;che non ha nemmeno l&rsquo;aria disembrare un palliativo. Sempre sullo stesso tratto di strada inoltre <strong>dovrebbe esserci anche uno stop<\/strong>: dovrebbe perch&eacute; &egrave; soltanto <strong>&laquo;segnalato da un minicartello e da una riga in terra sbiadita&raquo;<\/strong>. Segnaletica inadatta e potenzialmente pericolosa, soprattutto perch&eacute;, trovandosi in una zona industriale &egrave; frequente il passaggio di autotrasportatori non del luogo. &laquo;E gli incidenti che si sono verificati negli ultimi mesi (non proprio delle &ldquo;toccate&rdquo;) lo testimoniano&raquo;. Tra gli ultimi episodi accaduti in zona anche quello  nel tardo pomeriggio di sabato 11 giugno, che ha <a target=\"_blank\" href=\"http:\/\/www3.varesenews.it\/gallarate_malpensa\/articolo.php?id=206761\">coinvolto cinque giovanissimi in via Morazzone<\/a>.<\/p>\n","protected":false},"excerpt":{"rendered":"<p>Al confine tra le due cittadine la situazione \u00e8 critica: in via Gorizia c&#8217;\u00e8 quasi una voragine e anche la segnaletica \u00e8 insufficiente<\/p>\n","protected":false},"author":10,"featured_media":0,"comment_status":"open","ping_status":"open","sticky":false,"template":"","format":"standard","meta":{"footnotes":""},"categories":[3],"tags":[1008,387],"acf":[],"yoast_head":"<!-- This site is optimized with the Yoast SEO plugin v20.1 - https:\/\/yoast.com\/wordpress\/plugins\/seo\/ -->\n<title>Buche in mezzo alla strada, la periferia \u00e8 abbandonata<\/title>\n<meta name=\"description\" content=\"Al confine tra le due cittadine la situazione \u00e8 critica: in via Gorizia c&#039;\u00e8 quasi una voragine e anche la segnaletica \u00e8 insufficiente\" \/>\n<meta name=\"robots\" content=\"noindex, follow, max-snippet:-1, max-image-preview:large, max-video-preview:-1\" \/>\n<meta property=\"og:locale\" content=\"it_IT\" \/>\n<meta property=\"og:type\" content=\"article\" \/>\n<meta property=\"og:title\" content=\"Buche in mezzo alla strada, la periferia \u00e8 abbandonata\" \/>\n<meta property=\"og:description\" content=\"Al confine tra le due cittadine la situazione \u00e8 critica: in via Gorizia c&#039;\u00e8 quasi una voragine e anche la segnaletica \u00e8 insufficiente\" \/>\n<meta property=\"og:url\" content=\"https:\/\/www.varesenews.it\/2011\/06\/buche-in-mezzo-alla-strada-la-periferia-e-abbandonata\/115016\/\" \/>\n<meta property=\"og:site_name\" content=\"VareseNews\" \/>\n<meta property=\"article:publisher\" content=\"https:\/\/www.facebook.com\/varesenews\" \/>\n<meta property=\"article:published_time\" content=\"2011-06-15T00:00:00+00:00\" \/>\n<meta property=\"og:image\" content=\"https:\/\/www3.varesenews.it\/immagini_articoli\/201106\/p1180044.jpg\" \/>\n<meta name=\"author\" content=\"Redazione VareseNews\" \/>\n<meta name=\"twitter:card\" content=\"summary_large_image\" \/>\n<meta name=\"twitter:creator\" content=\"@varesenews\" \/>\n<meta name=\"twitter:site\" content=\"@varesenews\" \/>\n<meta name=\"twitter:label1\" content=\"Scritto da\" \/>\n\t<meta name=\"twitter:data1\" content=\"Redazione VareseNews\" \/>\n\t<meta name=\"twitter:label2\" content=\"Tempo di lettura stimato\" \/>\n\t<meta name=\"twitter:data2\" content=\"2 minuti\" \/>\n<script type=\"application\/ld+json\" class=\"yoast-schema-graph\">{\"@context\":\"https:\/\/schema.org\",\"@graph\":[{\"@type\":\"WebPage\",\"@id\":\"https:\/\/www.varesenews.it\/2011\/06\/buche-in-mezzo-alla-strada-la-periferia-e-abbandonata\/115016\/\",\"url\":\"https:\/\/www.varesenews.it\/2011\/06\/buche-in-mezzo-alla-strada-la-periferia-e-abbandonata\/115016\/\",\"name\":\"Buche in mezzo alla strada, la periferia \u00e8 abbandonata\",\"isPartOf\":{\"@id\":\"https:\/\/staging.varesenews.it\/#website\"},\"datePublished\":\"2011-06-15T00:00:00+00:00\",\"dateModified\":\"2011-06-15T00:00:00+00:00\",\"author\":{\"@id\":\"https:\/\/staging.varesenews.it\/#\/schema\/person\/fb20c4da0b7b16c291707a20db73e169\"},\"description\":\"Al confine tra le due cittadine la situazione \u00e8 critica: in via Gorizia c'\u00e8 quasi una voragine e anche la segnaletica \u00e8 insufficiente\",\"breadcrumb\":{\"@id\":\"https:\/\/www.varesenews.it\/2011\/06\/buche-in-mezzo-alla-strada-la-periferia-e-abbandonata\/115016\/#breadcrumb\"},\"inLanguage\":\"it-IT\",\"potentialAction\":[{\"@type\":\"ReadAction\",\"target\":[\"https:\/\/www.varesenews.it\/2011\/06\/buche-in-mezzo-alla-strada-la-periferia-e-abbandonata\/115016\/\"]}]},{\"@type\":\"BreadcrumbList\",\"@id\":\"https:\/\/www.varesenews.it\/2011\/06\/buche-in-mezzo-alla-strada-la-periferia-e-abbandonata\/115016\/#breadcrumb\",\"itemListElement\":[{\"@type\":\"ListItem\",\"position\":1,\"name\":\"Home\",\"item\":\"https:\/\/www.varesenews.it\/\"},{\"@type\":\"ListItem\",\"position\":2,\"name\":\"Buche in mezzo alla strada, la periferia \u00e8 abbandonata\"}]},{\"@type\":\"WebSite\",\"@id\":\"https:\/\/staging.varesenews.it\/#website\",\"url\":\"https:\/\/staging.varesenews.it\/\",\"name\":\"VareseNews\",\"description\":\"\",\"potentialAction\":[{\"@type\":\"SearchAction\",\"target\":{\"@type\":\"EntryPoint\",\"urlTemplate\":\"https:\/\/staging.varesenews.it\/?s={search_term_string}\"},\"query-input\":\"required name=search_term_string\"}],\"inLanguage\":\"it-IT\"},{\"@type\":\"Person\",\"@id\":\"https:\/\/staging.varesenews.it\/#\/schema\/person\/fb20c4da0b7b16c291707a20db73e169\",\"name\":\"Redazione VareseNews\",\"image\":{\"@type\":\"ImageObject\",\"inLanguage\":\"it-IT\",\"@id\":\"https:\/\/staging.varesenews.it\/#\/schema\/person\/image\/\",\"url\":\"https:\/\/staging.varesenews.it\/wp-content\/uploads\/2020\/12\/logo_VN_colori_500.png\",\"contentUrl\":\"https:\/\/staging.varesenews.it\/wp-content\/uploads\/2020\/12\/logo_VN_colori_500.png\",\"caption\":\"Redazione VareseNews\"},\"url\":\"https:\/\/staging.varesenews.it\/persona\/redazione1\/\"}]}<\/script>\n<!-- \/ Yoast SEO plugin. -->","yoast_head_json":{"title":"Buche in mezzo alla strada, la periferia \u00e8 abbandonata","description":"Al confine tra le due cittadine la situazione \u00e8 critica: in via Gorizia c'\u00e8 quasi una voragine e anche la segnaletica \u00e8 insufficiente","robots":{"index":"noindex","follow":"follow","max-snippet":"max-snippet:-1","max-image-preview":"max-image-preview:large","max-video-preview":"max-video-preview:-1"},"og_locale":"it_IT","og_type":"article","og_title":"Buche in mezzo alla strada, la periferia \u00e8 abbandonata","og_description":"Al confine tra le due cittadine la situazione \u00e8 critica: in via Gorizia c'\u00e8 quasi una voragine e anche la segnaletica \u00e8 insufficiente","og_url":"https:\/\/www.varesenews.it\/2011\/06\/buche-in-mezzo-alla-strada-la-periferia-e-abbandonata\/115016\/","og_site_name":"VareseNews","article_publisher":"https:\/\/www.facebook.com\/varesenews","article_published_time":"2011-06-15T00:00:00+00:00","og_image":[{"url":"https:\/\/www3.varesenews.it\/immagini_articoli\/201106\/p1180044.jpg"}],"author":"Redazione VareseNews","twitter_card":"summary_large_image","twitter_creator":"@varesenews","twitter_site":"@varesenews","twitter_misc":{"Scritto da":"Redazione VareseNews","Tempo di lettura stimato":"2 minuti"},"schema":{"@context":"https:\/\/schema.org","@graph":[{"@type":"WebPage","@id":"https:\/\/www.varesenews.it\/2011\/06\/buche-in-mezzo-alla-strada-la-periferia-e-abbandonata\/115016\/","url":"https:\/\/www.varesenews.it\/2011\/06\/buche-in-mezzo-alla-strada-la-periferia-e-abbandonata\/115016\/","name":"Buche in mezzo alla strada, la periferia \u00e8 abbandonata","isPartOf":{"@id":"https:\/\/staging.varesenews.it\/#website"},"datePublished":"2011-06-15T00:00:00+00:00","dateModified":"2011-06-15T00:00:00+00:00","author":{"@id":"https:\/\/staging.varesenews.it\/#\/schema\/person\/fb20c4da0b7b16c291707a20db73e169"},"description":"Al confine tra le due cittadine la situazione \u00e8 critica: in via Gorizia c'\u00e8 quasi una voragine e anche la segnaletica \u00e8 insufficiente","breadcrumb":{"@id":"https:\/\/www.varesenews.it\/2011\/06\/buche-in-mezzo-alla-strada-la-periferia-e-abbandonata\/115016\/#breadcrumb"},"inLanguage":"it-IT","potentialAction":[{"@type":"ReadAction","target":["https:\/\/www.varesenews.it\/2011\/06\/buche-in-mezzo-alla-strada-la-periferia-e-abbandonata\/115016\/"]}]},{"@type":"BreadcrumbList","@id":"https:\/\/www.varesenews.it\/2011\/06\/buche-in-mezzo-alla-strada-la-periferia-e-abbandonata\/115016\/#breadcrumb","itemListElement":[{"@type":"ListItem","position":1,"name":"Home","item":"https:\/\/www.varesenews.it\/"},{"@type":"ListItem","position":2,"name":"Buche in mezzo alla strada, la periferia \u00e8 abbandonata"}]},{"@type":"WebSite","@id":"https:\/\/staging.varesenews.it\/#website","url":"https:\/\/staging.varesenews.it\/","name":"VareseNews","description":"","potentialAction":[{"@type":"SearchAction","target":{"@type":"EntryPoint","urlTemplate":"https:\/\/staging.varesenews.it\/?s={search_term_string}"},"query-input":"required name=search_term_string"}],"inLanguage":"it-IT"},{"@type":"Person","@id":"https:\/\/staging.varesenews.it\/#\/schema\/person\/fb20c4da0b7b16c291707a20db73e169","name":"Redazione VareseNews","image":{"@type":"ImageObject","inLanguage":"it-IT","@id":"https:\/\/staging.varesenews.it\/#\/schema\/person\/image\/","url":"https:\/\/staging.varesenews.it\/wp-content\/uploads\/2020\/12\/logo_VN_colori_500.png","contentUrl":"https:\/\/staging.varesenews.it\/wp-content\/uploads\/2020\/12\/logo_VN_colori_500.png","caption":"Redazione VareseNews"},"url":"https:\/\/staging.varesenews.it\/persona\/redazione1\/"}]}},"post_meta":{"id_old":"207058","argomento":"Cassano Magnago - Gallarate","autore_old":"Luigi Garbin","id_link_fotogallery":"305999"},"photos":[],"_links":{"self":[{"href":"https:\/\/staging.varesenews.it\/swgapi\/v1\/wp\/v2\/posts\/115016"}],"collection":[{"href":"https:\/\/staging.varesenews.it\/swgapi\/v1\/wp\/v2\/posts"}],"about":[{"href":"https:\/\/staging.varesenews.it\/swgapi\/v1\/wp\/v2\/types\/post"}],"author":[{"embeddable":true,"href":"https:\/\/staging.varesenews.it\/swgapi\/v1\/wp\/v2\/users\/10"}],"replies":[{"embeddable":true,"href":"https:\/\/staging.varesenews.it\/swgapi\/v1\/wp\/v2\/comments?post=115016"}],"version-history":[{"count":0,"href":"https:\/\/staging.varesenews.it\/swgapi\/v1\/wp\/v2\/posts\/115016\/revisions"}],"wp:attachment":[{"href":"https:\/\/staging.varesenews.it\/swgapi\/v1\/wp\/v2\/media?parent=115016"}],"wp:term":[{"taxonomy":"category","embeddable":true,"href":"https:\/\/staging.varesenews.it\/swgapi\/v1\/wp\/v2\/categories?post=115016"},{"taxonomy":"post_tag","embeddable":true,"href":"https:\/\/staging.varesenews.it\/swgapi\/v1\/wp\/v2\/tags?post=115016"}],"curies":[{"name":"wp","href":"https:\/\/api.w.org\/{rel}","templated":true}]}}