{"id":115085,"date":"2011-06-15T00:00:00","date_gmt":"2011-06-15T00:00:00","guid":{"rendered":""},"modified":"2011-06-15T00:00:00","modified_gmt":"2011-06-15T00:00:00","slug":"quel-rudere-e-un-convento-del-500","status":"publish","type":"post","link":"https:\/\/staging.varesenews.it\/2011\/06\/quel-rudere-e-un-convento-del-500\/115085\/","title":{"rendered":"Quel rudere \u00e8 un convento del &#8216;500"},"content":{"rendered":"<p><img loading=\"lazy\" decoding=\"async\" width=\"300\" vspace=\"5\" hspace=\"5\" height=\"225\" border=\"1\" align=\"left\" alt=\"Villa Dandolo\" src=\"https:\/\/www3.varesenews.it\/immagini_articoli\/201106\/img_1704.jpg\" \/>E&#8217; nel pieno centro della citt&agrave; di Varese, &egrave; stato un convento di frati minori e ha ospitato per decenni alcune delle personalit&agrave; pi&ugrave; di spicco della citt&agrave;. Ma <strong>villa Dandolo<\/strong> &egrave; ormai, per tutti, solo una casa vecchia e diroccata in mezzo ai palazzi di v<strong>ia Medaglie d&#8217;Oro<\/strong>, tra un kebabbaro e un negozio di gadget.<\/p>\n<p>Eppure quella villa risale, come convento, al 1500,  e qualche carteggio di <strong>Giacomo Leopardi <\/strong>parrebbe mostrare come probabilmente il grande poeta abbia fatto tappa in quella casa, ospite di <strong>Tullio Dandolo<\/strong>, viveur e poeta, figlio di Vincenzo, che nell&#8217;ottocento ha abitato proprio quella casa. Anche se &laquo;quel giovanotto non mi piace punto, anche se forse mi toccher&agrave; passarci quattro giorni&raquo; come Leopardi scrisse a sua sorella Paolina.<\/p>\n<p><img loading=\"lazy\" decoding=\"async\" width=\"300\" vspace=\"5\" hspace=\"5\" height=\"225\" border=\"1\" align=\"right\" alt=\"L'incontro in convegno\" src=\"https:\/\/www3.varesenews.it\/immagini_articoli\/201106\/img_1701.jpg\" \/>Proprio per far riemergere questa grande storia dimenticata il <strong>Ministero dei Beni culturali<\/strong> e l&#8217;<strong>International research center of local history <\/strong>dell&#8217;universit&agrave; dell&#8217;Insubria hanno organizzato un incontro che ha raccontato la storia del Convento dell&#8217;Annunciata,&nbsp; e della villa Dandolo.<br \/>\nOra la villa &egrave; una propriet&agrave; privata, i cui proprietari hanno chiesto un sopralluogo alla sovrindendenza delle Belle Arti per valutare l&#8217;importanza storica della sua facciata, prima di una ristrutturazione: &laquo;In realt&agrave; i nostri sopralluoghi hanno fatto emergere come il monastero non sia stato affatto raso al suolo come tutti credevano &#8211; spiega Roberto Nessi, incaricato dalla Sovrintendenza ai sopralluoghi per villa Dandolo &#8211;  Almeno il piano terra e probabilmente il primo piano di una delle due ali sembrano risalire a quell&#8217;epoca&raquo;<\/p>\n<p>L&#8217;edificio, che in certi punti vede gi&agrave; il tetto crollato ed &egrave; all&#8217;aspetto davvero diroccato, conserva per&ograve; in parte&nbsp; i fasti di un tempo. Innanzitutto, quelli del monastero, nel cui comprensorio (il terreno di pertinenza arrivava fino a via Magenta e fino oltre al punto dove ora c&#8217;&egrave; la massicciata del treno) c&#8217;era una chiesa nonch&egrave; una vera e propria pinacoteca, ora sparpagliata a Varese e nel territorio, raccontata nel convegno da <strong>Laura Facchin<\/strong>, dell&#8217;Universit&agrave; degli Studi di Verona.<\/p>\n<p>Poi quelli di una villa che nell&#8217;ottocento &egrave; stata una delle propriet&agrave; dei <strong>Dandolo<\/strong>, famiglia milanese-varesina (ma <strong>Vincenzo<\/strong>, quello a cui &egrave; dedicata la via della citt&agrave; giardino, arrivava da Venezia ed &egrave; stato &quot;scienziato, agronomo, statista&quot; come dice la lapide in Comune) ch ha abitato prima a Biumo poi in via Medaglie d&#8217;Oro,&nbsp; dove ha vissuto prevalentemente con le sue due famiglie l&#8217;unico figlio di Vincenzo, Tullio: &laquo;un viveur che ha girato molto il mondo, ha avuto due mogli e venduto la villa padronale di Biumo, ritirandosi nella villa di via Medaglie d&#8217;Oro&raquo; spiegano gli uomini del ministero. Ma che ha anche dato alla luce  <a href=\"http:\/\/it.wikipedia.org\/wiki\/Enrico_Dandolo_%28patriota%29\" target=\"_blank\"><strong>Enrico<\/strong><\/a> ed <a href=\"http:\/\/it.wikipedia.org\/wiki\/Emilio_Dandolo\" target=\"_blank\"><strong>Emilio<\/strong><\/a>, patrioti che tra Milano, Varese e Roma hanno fatto la storia del risorgimento italiano. &laquo;Quando sono morti, entrambi erano giovanissimi: sono esponenti di quella generazione giovane, convinta che l&#8217;Italia fosse davvero una unica nazione e su questa nazione dovesse nascere uno Stato unico &#8211; spiega <strong>Antonio Orecchia,<\/strong> docente di storia contemporanea all&#8217;Insubria &#8211; Uno di loro morir&agrave; combattendo, l&#8217;altro invece morir&agrave; di tisi ma i suoi funerali diventeranno occasione di una grande manifestazione patriottica. In quel momento si &egrave; compreso che l&#8217;idea di nazione aveva gi&agrave; plasmato una grande parte degli italiani&raquo;.<\/p>\n<p>Insomma: quell&#8217;angolo di Varese centro, che spesso ignoriamo o guardiamo con il disappunto di chi guarda un rudere, &egrave; un pezzo di storia di Varese, che vale la pena di conoscere e conservare: &laquo;Un reperto importante in una zona molto urbanizzata , che ha subito inevitabili degradi nel tempo  &#8211; spiega <strong>Andrea Spiriti<\/strong>, Universit&agrave; degli Studi dell&rsquo;Insubria &#8211; Studiarlo e farlo conoscere &egrave; anche un modo per stimolarne la conservazione e garantirne una durata che credo sia i importante per i varesini: Varese come molte citt&agrave; storiche infatti ha subito molte perdite monumentali e numerose modifiche urbanistiche. Lo stesso mito della citt&agrave; di ville evidentemente sta iniziando a mostrare la corda: &egrave; necessario quindi recuperare con rigore storico i reperti pi&ugrave; importanti&raquo;. Come quello straordinario rudere di Villa Dandolo.<\/p>\n","protected":false},"excerpt":{"rendered":"<p>Villa Dandolo, per tutti semplicemente un rudere in centro citt\u00e0, \u00e8 in realt\u00e0 un convento del XVI secolo dato per distrutto e la villa di due dei pi\u00f9 famosi patrioti varesini. E un convegno l&#8217;ha &#8220;riabilitata&#8221;<\/p>\n","protected":false},"author":10,"featured_media":0,"comment_status":"open","ping_status":"open","sticky":false,"template":"","format":"standard","meta":{"footnotes":""},"categories":[44667,18,2],"tags":[],"acf":[],"yoast_head":"<!-- This site is optimized with the Yoast SEO plugin v20.1 - https:\/\/yoast.com\/wordpress\/plugins\/seo\/ -->\n<title>Quel rudere \u00e8 un convento del &#039;500<\/title>\n<meta name=\"description\" content=\"Villa Dandolo, per tutti semplicemente un rudere in centro citt\u00e0, \u00e8 in realt\u00e0 un convento del XVI secolo dato per distrutto e la villa di due dei pi\u00f9 famosi patrioti varesini. E un convegno l&#039;ha &quot;riabilitata&quot;\" \/>\n<meta name=\"robots\" content=\"noindex, follow, max-snippet:-1, max-image-preview:large, max-video-preview:-1\" \/>\n<meta property=\"og:locale\" content=\"it_IT\" \/>\n<meta property=\"og:type\" content=\"article\" \/>\n<meta property=\"og:title\" content=\"Quel rudere \u00e8 un convento del &#039;500\" \/>\n<meta property=\"og:description\" content=\"Villa Dandolo, per tutti semplicemente un rudere in centro citt\u00e0, \u00e8 in realt\u00e0 un convento del XVI secolo dato per distrutto e la villa di due dei pi\u00f9 famosi patrioti varesini. E un convegno l&#039;ha &quot;riabilitata&quot;\" \/>\n<meta property=\"og:url\" content=\"https:\/\/www.varesenews.it\/2011\/06\/quel-rudere-e-un-convento-del-500\/115085\/\" \/>\n<meta property=\"og:site_name\" content=\"VareseNews\" \/>\n<meta property=\"article:publisher\" content=\"https:\/\/www.facebook.com\/varesenews\" \/>\n<meta property=\"article:published_time\" content=\"2011-06-15T00:00:00+00:00\" \/>\n<meta property=\"og:image\" content=\"https:\/\/www3.varesenews.it\/immagini_articoli\/201106\/img_1704.jpg\" \/>\n<meta name=\"author\" content=\"Redazione VareseNews\" \/>\n<meta name=\"twitter:card\" content=\"summary_large_image\" \/>\n<meta name=\"twitter:creator\" content=\"@varesenews\" \/>\n<meta name=\"twitter:site\" content=\"@varesenews\" \/>\n<meta name=\"twitter:label1\" content=\"Scritto da\" \/>\n\t<meta name=\"twitter:data1\" content=\"Redazione VareseNews\" \/>\n\t<meta name=\"twitter:label2\" content=\"Tempo di lettura stimato\" \/>\n\t<meta name=\"twitter:data2\" content=\"3 minuti\" \/>\n<script type=\"application\/ld+json\" class=\"yoast-schema-graph\">{\"@context\":\"https:\/\/schema.org\",\"@graph\":[{\"@type\":\"WebPage\",\"@id\":\"https:\/\/www.varesenews.it\/2011\/06\/quel-rudere-e-un-convento-del-500\/115085\/\",\"url\":\"https:\/\/www.varesenews.it\/2011\/06\/quel-rudere-e-un-convento-del-500\/115085\/\",\"name\":\"Quel rudere \u00e8 un convento del '500\",\"isPartOf\":{\"@id\":\"https:\/\/staging.varesenews.it\/#website\"},\"datePublished\":\"2011-06-15T00:00:00+00:00\",\"dateModified\":\"2011-06-15T00:00:00+00:00\",\"author\":{\"@id\":\"https:\/\/staging.varesenews.it\/#\/schema\/person\/fb20c4da0b7b16c291707a20db73e169\"},\"description\":\"Villa Dandolo, per tutti semplicemente un rudere in centro citt\u00e0, \u00e8 in realt\u00e0 un convento del XVI secolo dato per distrutto e la villa di due dei pi\u00f9 famosi patrioti varesini. E un convegno l'ha \\\"riabilitata\\\"\",\"breadcrumb\":{\"@id\":\"https:\/\/www.varesenews.it\/2011\/06\/quel-rudere-e-un-convento-del-500\/115085\/#breadcrumb\"},\"inLanguage\":\"it-IT\",\"potentialAction\":[{\"@type\":\"ReadAction\",\"target\":[\"https:\/\/www.varesenews.it\/2011\/06\/quel-rudere-e-un-convento-del-500\/115085\/\"]}]},{\"@type\":\"BreadcrumbList\",\"@id\":\"https:\/\/www.varesenews.it\/2011\/06\/quel-rudere-e-un-convento-del-500\/115085\/#breadcrumb\",\"itemListElement\":[{\"@type\":\"ListItem\",\"position\":1,\"name\":\"Home\",\"item\":\"https:\/\/www.varesenews.it\/\"},{\"@type\":\"ListItem\",\"position\":2,\"name\":\"Quel rudere \u00e8 un convento del &#8216;500\"}]},{\"@type\":\"WebSite\",\"@id\":\"https:\/\/staging.varesenews.it\/#website\",\"url\":\"https:\/\/staging.varesenews.it\/\",\"name\":\"VareseNews\",\"description\":\"\",\"potentialAction\":[{\"@type\":\"SearchAction\",\"target\":{\"@type\":\"EntryPoint\",\"urlTemplate\":\"https:\/\/staging.varesenews.it\/?s={search_term_string}\"},\"query-input\":\"required name=search_term_string\"}],\"inLanguage\":\"it-IT\"},{\"@type\":\"Person\",\"@id\":\"https:\/\/staging.varesenews.it\/#\/schema\/person\/fb20c4da0b7b16c291707a20db73e169\",\"name\":\"Redazione VareseNews\",\"image\":{\"@type\":\"ImageObject\",\"inLanguage\":\"it-IT\",\"@id\":\"https:\/\/staging.varesenews.it\/#\/schema\/person\/image\/\",\"url\":\"https:\/\/staging.varesenews.it\/wp-content\/uploads\/2020\/12\/logo_VN_colori_500.png\",\"contentUrl\":\"https:\/\/staging.varesenews.it\/wp-content\/uploads\/2020\/12\/logo_VN_colori_500.png\",\"caption\":\"Redazione VareseNews\"},\"url\":\"https:\/\/staging.varesenews.it\/persona\/redazione1\/\"}]}<\/script>\n<!-- \/ Yoast SEO plugin. -->","yoast_head_json":{"title":"Quel rudere \u00e8 un convento del '500","description":"Villa Dandolo, per tutti semplicemente un rudere in centro citt\u00e0, \u00e8 in realt\u00e0 un convento del XVI secolo dato per distrutto e la villa di due dei pi\u00f9 famosi patrioti varesini. E un convegno l'ha \"riabilitata\"","robots":{"index":"noindex","follow":"follow","max-snippet":"max-snippet:-1","max-image-preview":"max-image-preview:large","max-video-preview":"max-video-preview:-1"},"og_locale":"it_IT","og_type":"article","og_title":"Quel rudere \u00e8 un convento del '500","og_description":"Villa Dandolo, per tutti semplicemente un rudere in centro citt\u00e0, \u00e8 in realt\u00e0 un convento del XVI secolo dato per distrutto e la villa di due dei pi\u00f9 famosi patrioti varesini. E un convegno l'ha \"riabilitata\"","og_url":"https:\/\/www.varesenews.it\/2011\/06\/quel-rudere-e-un-convento-del-500\/115085\/","og_site_name":"VareseNews","article_publisher":"https:\/\/www.facebook.com\/varesenews","article_published_time":"2011-06-15T00:00:00+00:00","og_image":[{"url":"https:\/\/www3.varesenews.it\/immagini_articoli\/201106\/img_1704.jpg"}],"author":"Redazione VareseNews","twitter_card":"summary_large_image","twitter_creator":"@varesenews","twitter_site":"@varesenews","twitter_misc":{"Scritto da":"Redazione VareseNews","Tempo di lettura stimato":"3 minuti"},"schema":{"@context":"https:\/\/schema.org","@graph":[{"@type":"WebPage","@id":"https:\/\/www.varesenews.it\/2011\/06\/quel-rudere-e-un-convento-del-500\/115085\/","url":"https:\/\/www.varesenews.it\/2011\/06\/quel-rudere-e-un-convento-del-500\/115085\/","name":"Quel rudere \u00e8 un convento del '500","isPartOf":{"@id":"https:\/\/staging.varesenews.it\/#website"},"datePublished":"2011-06-15T00:00:00+00:00","dateModified":"2011-06-15T00:00:00+00:00","author":{"@id":"https:\/\/staging.varesenews.it\/#\/schema\/person\/fb20c4da0b7b16c291707a20db73e169"},"description":"Villa Dandolo, per tutti semplicemente un rudere in centro citt\u00e0, \u00e8 in realt\u00e0 un convento del XVI secolo dato per distrutto e la villa di due dei pi\u00f9 famosi patrioti varesini. E un convegno l'ha \"riabilitata\"","breadcrumb":{"@id":"https:\/\/www.varesenews.it\/2011\/06\/quel-rudere-e-un-convento-del-500\/115085\/#breadcrumb"},"inLanguage":"it-IT","potentialAction":[{"@type":"ReadAction","target":["https:\/\/www.varesenews.it\/2011\/06\/quel-rudere-e-un-convento-del-500\/115085\/"]}]},{"@type":"BreadcrumbList","@id":"https:\/\/www.varesenews.it\/2011\/06\/quel-rudere-e-un-convento-del-500\/115085\/#breadcrumb","itemListElement":[{"@type":"ListItem","position":1,"name":"Home","item":"https:\/\/www.varesenews.it\/"},{"@type":"ListItem","position":2,"name":"Quel rudere \u00e8 un convento del &#8216;500"}]},{"@type":"WebSite","@id":"https:\/\/staging.varesenews.it\/#website","url":"https:\/\/staging.varesenews.it\/","name":"VareseNews","description":"","potentialAction":[{"@type":"SearchAction","target":{"@type":"EntryPoint","urlTemplate":"https:\/\/staging.varesenews.it\/?s={search_term_string}"},"query-input":"required name=search_term_string"}],"inLanguage":"it-IT"},{"@type":"Person","@id":"https:\/\/staging.varesenews.it\/#\/schema\/person\/fb20c4da0b7b16c291707a20db73e169","name":"Redazione VareseNews","image":{"@type":"ImageObject","inLanguage":"it-IT","@id":"https:\/\/staging.varesenews.it\/#\/schema\/person\/image\/","url":"https:\/\/staging.varesenews.it\/wp-content\/uploads\/2020\/12\/logo_VN_colori_500.png","contentUrl":"https:\/\/staging.varesenews.it\/wp-content\/uploads\/2020\/12\/logo_VN_colori_500.png","caption":"Redazione VareseNews"},"url":"https:\/\/staging.varesenews.it\/persona\/redazione1\/"}]}},"post_meta":{"id_old":"206986","argomento":"Varese","autore_old":"Stefania Radman","id_link_fotogallery":"306004"},"photos":[],"_links":{"self":[{"href":"https:\/\/staging.varesenews.it\/swgapi\/v1\/wp\/v2\/posts\/115085"}],"collection":[{"href":"https:\/\/staging.varesenews.it\/swgapi\/v1\/wp\/v2\/posts"}],"about":[{"href":"https:\/\/staging.varesenews.it\/swgapi\/v1\/wp\/v2\/types\/post"}],"author":[{"embeddable":true,"href":"https:\/\/staging.varesenews.it\/swgapi\/v1\/wp\/v2\/users\/10"}],"replies":[{"embeddable":true,"href":"https:\/\/staging.varesenews.it\/swgapi\/v1\/wp\/v2\/comments?post=115085"}],"version-history":[{"count":0,"href":"https:\/\/staging.varesenews.it\/swgapi\/v1\/wp\/v2\/posts\/115085\/revisions"}],"wp:attachment":[{"href":"https:\/\/staging.varesenews.it\/swgapi\/v1\/wp\/v2\/media?parent=115085"}],"wp:term":[{"taxonomy":"category","embeddable":true,"href":"https:\/\/staging.varesenews.it\/swgapi\/v1\/wp\/v2\/categories?post=115085"},{"taxonomy":"post_tag","embeddable":true,"href":"https:\/\/staging.varesenews.it\/swgapi\/v1\/wp\/v2\/tags?post=115085"}],"curies":[{"name":"wp","href":"https:\/\/api.w.org\/{rel}","templated":true}]}}