{"id":118260,"date":"2011-05-09T00:00:00","date_gmt":"2011-05-09T00:00:00","guid":{"rendered":""},"modified":"2011-05-09T00:00:00","modified_gmt":"2011-05-09T00:00:00","slug":"farisoglio-cerca-il-bis-ma-senza-pdl","status":"publish","type":"post","link":"https:\/\/staging.varesenews.it\/2011\/05\/farisoglio-cerca-il-bis-ma-senza-pdl\/118260\/","title":{"rendered":"Farisoglio cerca il bis ma senza Pdl"},"content":{"rendered":"<p><img loading=\"lazy\" decoding=\"async\" hspace=\"5\" height=\"201\" border=\"1\" align=\"left\" width=\"200\" vspace=\"5\" alt=\"\" src=\"\/elezioni2011\/immagini_articoli\/201105\/dsc_0779.jpg\" \/><strong>Fabrizio Farisoglio &egrave; il sindaco uscente di Castellanza<\/strong> e si ripresenta ai cittadini per un secondo mandato con la lista<strong> &quot;Per Farisoglio sindaco&quot;<\/strong>. Ha 50 anni e ama ricordare che compie quest&#8217;et&agrave; nel 150esimo dell&#8217;Unit&agrave; d&#8217;Italia, chiss&agrave; cosa ne pensa l&#8217;alleato leghista. E&#8217; sposato, ha una figlia e lavora come dirigente e consigliere d&#8217;amministrazione per un&#8217;azienda farmaceutica. In questi cinque anni di governo della citt&agrave;, forse, qualche consiglio sui dosaggi se l&#8217;&egrave; fatto dare dai farmacisti che lavorano nella sua azienda perch&egrave; &egrave; riuscito a tenere insieme, quasi fino al traguardo, una compagine amministrativa che si &egrave; sciolta come neve al sole. Non &egrave; un politico vero e proprio, forse &egrave; pi&ugrave; avvicinabile ad un&#8217;alchimista che cerca insistentemente la formula giusta per ottenere il risultato sperato. E&#8217; uscito dal Pdl, dopo la rottura col direttivo cittadino e con quello provinciale, ma si dichiara, comunque, un elettore del Popolo delle Libert&agrave;.<\/p>\n<p><strong>Farisoglio com&#8217;&egrave; arrivato a fare il sindaco di Castellanza?<\/strong><\/p>\n<p>Me lo hanno proposto amici dell&#8217;allora Forza Italia. Io avevo appena concluso la mia esperienza di lavoro al polo chimico di Castellanza e mi ero preso quello che si definisce un anno sabbatico. Di fronte a me c&#8217;era un partito estramamente litigioso al suo interno e che non riusciva a vincere le elezioni. Pensavano ad una candidatura esterna ed ecco che hanno pensato a me. Non sono un politico e smetter&ograve; di fare politica quando smetter&ograve; di fare il sindaco perch&egrave; non mi affascina l&#8217;idea che si possa vivere di politica.<\/p>\n<p><strong>Dopo cinque anni &egrave; uscito dal Pdl. Perch&egrave;?<\/strong><\/p>\n<p>Per lo stesso motivo che mi aveva spinto a candidarmi con l&#8217;allora Forza Italia. Come avete potuto notare in questi mesi la litigiosit&agrave; non &egrave; stata superata e soprattutto non ho accettato di farmi legare mani e piedi. il presupposto perch&egrave; mi ricandidassi era avere la possibilit&agrave; di scegliere chi doveva far parte della lista ma sia a livello cittadino che a livello provinciale volevano propormi un modello che, secondo me, non era adatto a governare Castellanza. Non amo la distribuzione delle cariche e l&#8217;imposizione di persone che non ritengo capaci o adatte. Quindi ho deciso di prendere una strada diversa formando una mia lista civica e alleandomi con la Lega Nord che si &egrave; dimostrata la parte responsabile della vecchia maggioranza. <strong> <\/strong><\/p>\n<p><strong>Ci parli un po&#8217; della lista. Non corre il rischio di diventare semplicemente il candidato della Lega Nord?<\/strong><\/p>\n<p>Assolutamente no. Anzi la Lega Nord cittadina &egrave; stata molto attenta a dare visibilit&agrave; ad entrambe le componenti. I componenti della lsta civica che mi sostiene sono persone trasparenti che conoscono la realt&agrave; cittadina e non hanno interesse personali. Anche la parte leghista &egrave; stata scelta con cura tra la &quot;testa politica&quot; e persone conosciute dai cittadini. L&#8217;unico mio cruccio e avere solo una donna in lista ma, purtroppo, non ce n&#8217;erano pronte ad impegnarsi. Il senso di questa lista, comunque, &egrave; quello di collegarsi a doppio filo con il territorio e con i cittadini, cosa che con la precedente squadra non &egrave; avvenuta.<\/p>\n<p><strong>La Corte del Ciliegio, per&ograve;, &egrave; stata amministrata da una cooperativa molto vicina alla Lega Nord. I risultati non sono stati brillanti.<\/strong><\/p>\n<p>Si &egrave; vero non &egrave; andata benissimo ma nessuna cooperativa che ha lavorato alla Corte del Ciliegio ha mai ottenuto i risultati sperati. Ingatti stiamo pensando ad un altro modello per questo punto ricreativo della citt&agrave;: il modello Capannina, il bar della biblioteca che adesso sembra girare a meraviglia. Di certo cos&igrave; non si pu&ograve; andare avanti: bisogna ripensare il bando, che non a caso &egrave; andato a vuoto, e ripensare anche la Corte stessa.<\/p>\n<p><strong>Quali sono i punti qualificanti del vostro programma?<\/strong><\/p>\n<p>Tra le prime cose da fare &egrave; riportare l&#8217;attenzione sul quartiere del Buon Ges&ugrave;, troppo spesso lasciato a se stesso. Vogliamo realizzare due rotatorie, riqualificare il parco e partire con l&#8217;intervento del concessionario Paglini che ridar&agrave; un po&#8217; di vita commerciale all&#8217;area con parcheggi e risistemazione della viaibilit&agrave;. Il secondo punto importante &egrave; il completamento di tutte le questioni aperte intorno alla nuova stazione di Castellanza. Regione Lombardia si deve prendere le proprie responsabilit&agrave; e dire chiaramente se potr&agrave; fare il tram-treno e l&#8217;interscambio perch&egrave; &egrave; ora di finirla di giocare a rimpiattino. Il costo del trasporto per il momento &egrave; diviso con la Regione che mette 100 dei 180 mila euro totali necessari ma quando questo accordo si esaurir&agrave; non potr&agrave; di certo essere il Comune a doversi sobbarcare questa spesa. Abbiamo tenuto botta fino ad ora con un&#8217;inaugurazione della stazione quando ancora era un cantiere aperto, adesso vogliamo i risultati. Altro punto che vogliamo sottolineare &egrave; la riqualificazione dell&#8217;ex-Esselunga: &egrave; chiaro che il progetto pensato da Caldiroli era inattuabile. Noi vogliamo mantenere la struttura attuale e utilizzarla per migliorare i servizi ai cittadini. L&#8217;idea della citt&agrave; dei bambini &egrave; una di quelle da prendere in considerazione.<\/p>\n<p>&nbsp;<\/p>\n<p>&nbsp;<\/p>\n","protected":false},"excerpt":{"rendered":"<p>Il sindaco uscente ha formato una lista per met\u00e0 civica e per met\u00e0 leghista e prova a riconfermarsi sullo scranno pi\u00f9 alto di Palazzo Brambilla senza risparmiare critiche ai suoi ex-compagni di viaggio<\/p>\n","protected":false},"author":10,"featured_media":0,"comment_status":"open","ping_status":"open","sticky":false,"template":"","format":"standard","meta":{"footnotes":""},"categories":[4,16],"tags":[27054,5152,270],"acf":[],"yoast_head":"<!-- This site is optimized with the Yoast SEO plugin v20.1 - https:\/\/yoast.com\/wordpress\/plugins\/seo\/ -->\n<title>Farisoglio cerca il bis ma senza Pdl<\/title>\n<meta name=\"description\" content=\"Il sindaco uscente ha formato una lista per met\u00e0 civica e per met\u00e0 leghista e prova a riconfermarsi sullo scranno pi\u00f9 alto di Palazzo Brambilla senza risparmiare critiche ai suoi ex-compagni di viaggio\" \/>\n<meta name=\"robots\" content=\"noindex, follow, max-snippet:-1, max-image-preview:large, max-video-preview:-1\" \/>\n<meta property=\"og:locale\" content=\"it_IT\" \/>\n<meta property=\"og:type\" content=\"article\" \/>\n<meta property=\"og:title\" content=\"Farisoglio cerca il bis ma senza Pdl\" \/>\n<meta property=\"og:description\" content=\"Il sindaco uscente ha formato una lista per met\u00e0 civica e per met\u00e0 leghista e prova a riconfermarsi sullo scranno pi\u00f9 alto di Palazzo Brambilla senza risparmiare critiche ai suoi ex-compagni di viaggio\" \/>\n<meta property=\"og:url\" content=\"https:\/\/staging.varesenews.it\/2011\/05\/farisoglio-cerca-il-bis-ma-senza-pdl\/118260\/\" \/>\n<meta property=\"og:site_name\" content=\"VareseNews\" \/>\n<meta property=\"article:publisher\" content=\"https:\/\/www.facebook.com\/varesenews\" \/>\n<meta property=\"article:published_time\" content=\"2011-05-09T00:00:00+00:00\" \/>\n<meta name=\"author\" content=\"Redazione VareseNews\" \/>\n<meta name=\"twitter:card\" content=\"summary_large_image\" \/>\n<meta name=\"twitter:creator\" content=\"@varesenews\" \/>\n<meta name=\"twitter:site\" content=\"@varesenews\" \/>\n<meta name=\"twitter:label1\" content=\"Scritto da\" \/>\n\t<meta name=\"twitter:data1\" content=\"Redazione VareseNews\" \/>\n\t<meta name=\"twitter:label2\" content=\"Tempo di lettura stimato\" \/>\n\t<meta name=\"twitter:data2\" content=\"4 minuti\" \/>\n<script type=\"application\/ld+json\" class=\"yoast-schema-graph\">{\"@context\":\"https:\/\/schema.org\",\"@graph\":[{\"@type\":\"WebPage\",\"@id\":\"https:\/\/staging.varesenews.it\/2011\/05\/farisoglio-cerca-il-bis-ma-senza-pdl\/118260\/\",\"url\":\"https:\/\/staging.varesenews.it\/2011\/05\/farisoglio-cerca-il-bis-ma-senza-pdl\/118260\/\",\"name\":\"Farisoglio cerca il bis ma senza Pdl\",\"isPartOf\":{\"@id\":\"https:\/\/staging.varesenews.it\/#website\"},\"datePublished\":\"2011-05-09T00:00:00+00:00\",\"dateModified\":\"2011-05-09T00:00:00+00:00\",\"author\":{\"@id\":\"https:\/\/staging.varesenews.it\/#\/schema\/person\/fb20c4da0b7b16c291707a20db73e169\"},\"description\":\"Il sindaco uscente ha formato una lista per met\u00e0 civica e per met\u00e0 leghista e prova a riconfermarsi sullo scranno pi\u00f9 alto di Palazzo Brambilla senza risparmiare critiche ai suoi ex-compagni di viaggio\",\"breadcrumb\":{\"@id\":\"https:\/\/staging.varesenews.it\/2011\/05\/farisoglio-cerca-il-bis-ma-senza-pdl\/118260\/#breadcrumb\"},\"inLanguage\":\"it-IT\",\"potentialAction\":[{\"@type\":\"ReadAction\",\"target\":[\"https:\/\/staging.varesenews.it\/2011\/05\/farisoglio-cerca-il-bis-ma-senza-pdl\/118260\/\"]}]},{\"@type\":\"BreadcrumbList\",\"@id\":\"https:\/\/staging.varesenews.it\/2011\/05\/farisoglio-cerca-il-bis-ma-senza-pdl\/118260\/#breadcrumb\",\"itemListElement\":[{\"@type\":\"ListItem\",\"position\":1,\"name\":\"Home\",\"item\":\"https:\/\/www.varesenews.it\/\"},{\"@type\":\"ListItem\",\"position\":2,\"name\":\"Farisoglio cerca il bis ma senza Pdl\"}]},{\"@type\":\"WebSite\",\"@id\":\"https:\/\/staging.varesenews.it\/#website\",\"url\":\"https:\/\/staging.varesenews.it\/\",\"name\":\"VareseNews\",\"description\":\"\",\"potentialAction\":[{\"@type\":\"SearchAction\",\"target\":{\"@type\":\"EntryPoint\",\"urlTemplate\":\"https:\/\/staging.varesenews.it\/?s={search_term_string}\"},\"query-input\":\"required name=search_term_string\"}],\"inLanguage\":\"it-IT\"},{\"@type\":\"Person\",\"@id\":\"https:\/\/staging.varesenews.it\/#\/schema\/person\/fb20c4da0b7b16c291707a20db73e169\",\"name\":\"Redazione VareseNews\",\"image\":{\"@type\":\"ImageObject\",\"inLanguage\":\"it-IT\",\"@id\":\"https:\/\/staging.varesenews.it\/#\/schema\/person\/image\/\",\"url\":\"https:\/\/staging.varesenews.it\/wp-content\/uploads\/2020\/12\/logo_VN_colori_500.png\",\"contentUrl\":\"https:\/\/staging.varesenews.it\/wp-content\/uploads\/2020\/12\/logo_VN_colori_500.png\",\"caption\":\"Redazione VareseNews\"},\"url\":\"https:\/\/staging.varesenews.it\/persona\/redazione1\/\"}]}<\/script>\n<!-- \/ Yoast SEO plugin. -->","yoast_head_json":{"title":"Farisoglio cerca il bis ma senza Pdl","description":"Il sindaco uscente ha formato una lista per met\u00e0 civica e per met\u00e0 leghista e prova a riconfermarsi sullo scranno pi\u00f9 alto di Palazzo Brambilla senza risparmiare critiche ai suoi ex-compagni di viaggio","robots":{"index":"noindex","follow":"follow","max-snippet":"max-snippet:-1","max-image-preview":"max-image-preview:large","max-video-preview":"max-video-preview:-1"},"og_locale":"it_IT","og_type":"article","og_title":"Farisoglio cerca il bis ma senza Pdl","og_description":"Il sindaco uscente ha formato una lista per met\u00e0 civica e per met\u00e0 leghista e prova a riconfermarsi sullo scranno pi\u00f9 alto di Palazzo Brambilla senza risparmiare critiche ai suoi ex-compagni di viaggio","og_url":"https:\/\/staging.varesenews.it\/2011\/05\/farisoglio-cerca-il-bis-ma-senza-pdl\/118260\/","og_site_name":"VareseNews","article_publisher":"https:\/\/www.facebook.com\/varesenews","article_published_time":"2011-05-09T00:00:00+00:00","author":"Redazione VareseNews","twitter_card":"summary_large_image","twitter_creator":"@varesenews","twitter_site":"@varesenews","twitter_misc":{"Scritto da":"Redazione VareseNews","Tempo di lettura stimato":"4 minuti"},"schema":{"@context":"https:\/\/schema.org","@graph":[{"@type":"WebPage","@id":"https:\/\/staging.varesenews.it\/2011\/05\/farisoglio-cerca-il-bis-ma-senza-pdl\/118260\/","url":"https:\/\/staging.varesenews.it\/2011\/05\/farisoglio-cerca-il-bis-ma-senza-pdl\/118260\/","name":"Farisoglio cerca il bis ma senza Pdl","isPartOf":{"@id":"https:\/\/staging.varesenews.it\/#website"},"datePublished":"2011-05-09T00:00:00+00:00","dateModified":"2011-05-09T00:00:00+00:00","author":{"@id":"https:\/\/staging.varesenews.it\/#\/schema\/person\/fb20c4da0b7b16c291707a20db73e169"},"description":"Il sindaco uscente ha formato una lista per met\u00e0 civica e per met\u00e0 leghista e prova a riconfermarsi sullo scranno pi\u00f9 alto di Palazzo Brambilla senza risparmiare critiche ai suoi ex-compagni di viaggio","breadcrumb":{"@id":"https:\/\/staging.varesenews.it\/2011\/05\/farisoglio-cerca-il-bis-ma-senza-pdl\/118260\/#breadcrumb"},"inLanguage":"it-IT","potentialAction":[{"@type":"ReadAction","target":["https:\/\/staging.varesenews.it\/2011\/05\/farisoglio-cerca-il-bis-ma-senza-pdl\/118260\/"]}]},{"@type":"BreadcrumbList","@id":"https:\/\/staging.varesenews.it\/2011\/05\/farisoglio-cerca-il-bis-ma-senza-pdl\/118260\/#breadcrumb","itemListElement":[{"@type":"ListItem","position":1,"name":"Home","item":"https:\/\/www.varesenews.it\/"},{"@type":"ListItem","position":2,"name":"Farisoglio cerca il bis ma senza Pdl"}]},{"@type":"WebSite","@id":"https:\/\/staging.varesenews.it\/#website","url":"https:\/\/staging.varesenews.it\/","name":"VareseNews","description":"","potentialAction":[{"@type":"SearchAction","target":{"@type":"EntryPoint","urlTemplate":"https:\/\/staging.varesenews.it\/?s={search_term_string}"},"query-input":"required name=search_term_string"}],"inLanguage":"it-IT"},{"@type":"Person","@id":"https:\/\/staging.varesenews.it\/#\/schema\/person\/fb20c4da0b7b16c291707a20db73e169","name":"Redazione VareseNews","image":{"@type":"ImageObject","inLanguage":"it-IT","@id":"https:\/\/staging.varesenews.it\/#\/schema\/person\/image\/","url":"https:\/\/staging.varesenews.it\/wp-content\/uploads\/2020\/12\/logo_VN_colori_500.png","contentUrl":"https:\/\/staging.varesenews.it\/wp-content\/uploads\/2020\/12\/logo_VN_colori_500.png","caption":"Redazione VareseNews"},"url":"https:\/\/staging.varesenews.it\/persona\/redazione1\/"}]}},"post_meta":{"id_old":"203715","argomento":"Castellanza","autore_old":"Orlando Mastrillo"},"photos":[],"_links":{"self":[{"href":"https:\/\/staging.varesenews.it\/swgapi\/v1\/wp\/v2\/posts\/118260"}],"collection":[{"href":"https:\/\/staging.varesenews.it\/swgapi\/v1\/wp\/v2\/posts"}],"about":[{"href":"https:\/\/staging.varesenews.it\/swgapi\/v1\/wp\/v2\/types\/post"}],"author":[{"embeddable":true,"href":"https:\/\/staging.varesenews.it\/swgapi\/v1\/wp\/v2\/users\/10"}],"replies":[{"embeddable":true,"href":"https:\/\/staging.varesenews.it\/swgapi\/v1\/wp\/v2\/comments?post=118260"}],"version-history":[{"count":0,"href":"https:\/\/staging.varesenews.it\/swgapi\/v1\/wp\/v2\/posts\/118260\/revisions"}],"wp:attachment":[{"href":"https:\/\/staging.varesenews.it\/swgapi\/v1\/wp\/v2\/media?parent=118260"}],"wp:term":[{"taxonomy":"category","embeddable":true,"href":"https:\/\/staging.varesenews.it\/swgapi\/v1\/wp\/v2\/categories?post=118260"},{"taxonomy":"post_tag","embeddable":true,"href":"https:\/\/staging.varesenews.it\/swgapi\/v1\/wp\/v2\/tags?post=118260"}],"curies":[{"name":"wp","href":"https:\/\/api.w.org\/{rel}","templated":true}]}}