{"id":121593,"date":"2011-04-02T00:00:00","date_gmt":"2011-04-02T00:00:00","guid":{"rendered":""},"modified":"2011-04-02T00:00:00","modified_gmt":"2011-04-02T00:00:00","slug":"al-melo-la-rivolta-dell-associazionismo","status":"publish","type":"post","link":"https:\/\/staging.varesenews.it\/2011\/04\/al-melo-la-rivolta-dell-associazionismo\/121593\/","title":{"rendered":"Al Melo la rivolta dell&#8217;associazionismo"},"content":{"rendered":"<p>Dal Melo si alza il grido d&#8217;allarme della societ&agrave; civile gallaratese: Marco Predazzi, presidente della Fondazione Melo onlus, non risparmia&nbsp;critiche su tanti aspetti, dai servizi sociali alla cultura, alle scelte sociali legate all&#8217;edilizia. Al Melo &egrave; stato presentato il &quot;<a target=\"_blank\" href=\"http:\/\/www.melo.it\/cms\/images\/stories\/Contenuti\/UdM\/manifesto_suss.pdf\">Manifesto della sussidiariet&agrave; praticata<\/a>&quot;, <img loading=\"lazy\" decoding=\"async\" width=\"250\" height=\"188\" vspace=\"5\" hspace=\"5\" border=\"1\" align=\"right\" alt=\"\" src=\"https:\/\/www3.varesenews.it\/immagini_articoli\/201104\/P1160921.JPG\" \/>un documento per chiedere alla politica di valorizzare quel che le associazioni, i gruppi, le realt&agrave; sociali gallaratesi fanno. E qui si appuntano le critiche: si parla di &laquo;volont&agrave; accentratrice&raquo;, di una promozione di attivit&agrave; e servizi diretti che hanno soffocato l&#8217;impegno della societ&agrave; civile. La volont&agrave; accentratrice raggiunge il culmine, secondo Predazzi, nel settore della cultura, &laquo;<strong>si &egrave; fatta una colata di asfalto sull&#8217;associazionismo<\/strong>&raquo;.Il fondatore del Melo ricorda la prima proposta di Don Alberto Dell&#8217;Orto sulla Fondazione (&laquo;parit&agrave; di finanziamenti&raquo; tra associazioni e Fondazione) e dice che &laquo;<strong>in questi anni &egrave; stato umiliante&raquo; gestire attivit&agrave; culturali<\/strong>, di fronte ad una gestione culturale che vede nella Fondazione &laquo;<strong>un&#8217;agenzia di prenotazioni per far fronte all&#8217;overbooking&raquo; di eventi <\/strong>considerati sproporzionati, specie per una cittadina alle porte di Milano. Porta l&#8217;esempio della <a href=\"http:\/\/www3.varesenews.it\/gallarate_malpensa\/articolo.php?id=184450\">mostra d&#8217;arte Post-it<\/a>, ideata dall&#8217;artista Ruggero Maggi e sostenuta da un progetto internazionale, che ha coinvolto trecento artisti: &laquo;<strong>Avevamo chiesto 1000 euro all&#8217;assessore<\/strong> per concorrere ad un bando regionale per finanziamenti. <strong>Non sono stati trovati. Umiliante<\/strong>&raquo;. E alla fine i soldi mancano anche per il sociale: &laquo;L&#8217;assessore Bongini ci ha detto che i soldi sono finiti, che non si pu&ograve; contribuire sui ricoveri. Siamo a inizio aprile&raquo;. In sala, poi, c&#8217;erano anche alcuni rappresentanti dell&#8217;associazionismo e del terzo settore, gente di solito lontana dagli eventi pubblici.<br \/>\nMa anche sulla gestione dei servizi sanitari non ha lesinato critiche, su un&#8217;amministrazione che &laquo;considera il privato un concorrente&raquo; e che non si confronta sulle esigenze reali (&laquo;500 posti di Residenza per Anziani non servono a niente, ci sono altre esigenze&raquo;). Ma anche in altri settori si lamenta l&#8217;assenza del confronto con il terzo settore. &laquo;<strong>Pensiamo all&#8217;housing sociale<\/strong>: il Pgt &#8211; nota Predazzi &#8211; <strong>propone una concezione da anni Cinquanta<\/strong>, legato ancora ad un concetto ghettizzante&raquo;.<\/p>\n<p>Il dibattito &egrave; stato innescato &#8211; non lo nasconde nessuno &#8211; dalle elezioni imminenti. Ai candidati il M<img loading=\"lazy\" decoding=\"async\" width=\"250\" height=\"188\" vspace=\"5\" hspace=\"5\" border=\"1\" align=\"left\" alt=\"\" src=\"https:\/\/www3.varesenews.it\/immagini_articoli\/201104\/P1160918.JPG\" \/>elo, con il manifesto della sussidiariet&agrave;, chiede la <strong>valorizzazione delle specificit&agrave;, la coprogettazione, la gestione in rete<\/strong>. E soprattutto di <strong>riequilibrare le risorse<\/strong>, &laquo;tra le Grandi agenzie (MAGa e Fondazione Culturale) e le realt&agrave; storiche autogestite&raquo;. Un equilibrio diverso &egrave; possibile e favorirebbe &#8211; secondo Predazzi &#8211; tutte le realt&agrave;:  &laquo;Se ci fossimo confrontati, se ci fossimo seduti uno accanto all&#8217;altro, oggi non ci ritroveremmo con un teatro (il Condominio, dr) che spende in un anno quanto spende il Teatro delle Arti in 10&raquo;. Anche sugli eventi cittadini si deve cambiare strada: meno grandi eventi (vista anche la vicinanza con la metropoli: &laquo;I Pooh e Gigi d&#8217;Alessio si trovano anche a Milano&raquo;)   e p<strong>i&ugrave; attenzione alla tradizione popolare e alle occasioni di aggregazione sociale<\/strong>. L&#8217;esempio? &laquo;<strong>Il Carnevale<\/strong>. &Egrave; un&#8217;occasione per sostenere, per esempio, gli oratori e le realt&agrave; di quartiere che preparano i carri. E invece <strong>siamo riusciti a non farlo neppure<\/strong>, quest&#8217;anno: caso unico&raquo;.<\/p>\n<p>Brevi gli interventi dei candidati sindaci presenti.<strong> Gualandris <\/strong>(Lega) critica il &laquo;contenitore formalmente bellissimo, ma che non ha soldi per i contenuti&raquo; (il Maga), dice che &egrave; &laquo;demenziale non sedersi ad un tavolo con le associazioni&raquo; e rivendica la corsa solitaria &laquo;al primo e al secondo turno&raquo; in rottura con il PdL. <strong>Guenzani<\/strong> (lista civica Citt&agrave; &egrave; Vita, Pd, Sel, Idv) vede la sussidiariet&agrave; importante soprattutto &laquo;per i servizi, che hanno bisogno dell&#8217;aiuto del volontariato e del&#8217;associazionismo&raquo;. <strong>Carabelli <\/strong>(Libert&agrave; per Gallarate) dice che l&#8217;attenzione alla societ&agrave; civile nonsignifica &laquo;solo soldi ma anche partecipazione.<strong> Gnocchi<\/strong> (Pensionati) fa propria su tutta la linea la proposta del Melo: &laquo;ce ne faremo carico se otterremo un posto in giunta&raquo;. Assente invece Massimo Bossi e Andrea Buffoni (&laquo;giustificati&raquo; per impegni precedenti) ed Ennio Melandri, che ha inviato una nota alla stampa spiegando di non aver ricevuto alcun invito. Il dibattito, comunque, &egrave; solo all&#8217;inizio.<\/p>\n","protected":false},"excerpt":{"rendered":"<p>Marco Predazzi, presidente della Fondazione Melo, d\u00e0 voce al terzo settore e alla societ\u00e0 civile in difficolt\u00e0: &#8220;Maga e Fondazione Culturale, una colata di asfalto sulle associazioni&#8221;<\/p>\n","protected":false},"author":10,"featured_media":0,"comment_status":"open","ping_status":"open","sticky":false,"template":"","format":"standard","meta":{"footnotes":""},"categories":[3],"tags":[4074],"acf":[],"yoast_head":"<!-- This site is optimized with the Yoast SEO plugin v20.1 - https:\/\/yoast.com\/wordpress\/plugins\/seo\/ -->\n<title>Al Melo la rivolta dell&#039;associazionismo<\/title>\n<meta name=\"description\" content=\"Marco Predazzi, presidente della Fondazione Melo, d\u00e0 voce al terzo settore e alla societ\u00e0 civile in difficolt\u00e0: &quot;Maga e Fondazione Culturale, una colata di asfalto sulle associazioni&quot;\" \/>\n<meta name=\"robots\" content=\"noindex, follow, max-snippet:-1, max-image-preview:large, max-video-preview:-1\" \/>\n<meta property=\"og:locale\" content=\"it_IT\" \/>\n<meta property=\"og:type\" content=\"article\" \/>\n<meta property=\"og:title\" content=\"Al Melo la rivolta dell&#039;associazionismo\" \/>\n<meta property=\"og:description\" content=\"Marco Predazzi, presidente della Fondazione Melo, d\u00e0 voce al terzo settore e alla societ\u00e0 civile in difficolt\u00e0: &quot;Maga e Fondazione Culturale, una colata di asfalto sulle associazioni&quot;\" \/>\n<meta property=\"og:url\" content=\"https:\/\/staging.varesenews.it\/2011\/04\/al-melo-la-rivolta-dell-associazionismo\/121593\/\" \/>\n<meta property=\"og:site_name\" content=\"VareseNews\" \/>\n<meta property=\"article:publisher\" content=\"https:\/\/www.facebook.com\/varesenews\" \/>\n<meta property=\"article:published_time\" content=\"2011-04-02T00:00:00+00:00\" \/>\n<meta property=\"og:image\" content=\"https:\/\/www3.varesenews.it\/immagini_articoli\/201104\/P1160921.JPG\" \/>\n<meta name=\"author\" content=\"Redazione VareseNews\" \/>\n<meta name=\"twitter:card\" content=\"summary_large_image\" \/>\n<meta name=\"twitter:creator\" content=\"@varesenews\" \/>\n<meta name=\"twitter:site\" content=\"@varesenews\" \/>\n<meta name=\"twitter:label1\" content=\"Scritto da\" \/>\n\t<meta name=\"twitter:data1\" content=\"Redazione VareseNews\" \/>\n\t<meta name=\"twitter:label2\" content=\"Tempo di lettura stimato\" \/>\n\t<meta name=\"twitter:data2\" content=\"4 minuti\" \/>\n<script type=\"application\/ld+json\" class=\"yoast-schema-graph\">{\"@context\":\"https:\/\/schema.org\",\"@graph\":[{\"@type\":\"WebPage\",\"@id\":\"https:\/\/staging.varesenews.it\/2011\/04\/al-melo-la-rivolta-dell-associazionismo\/121593\/\",\"url\":\"https:\/\/staging.varesenews.it\/2011\/04\/al-melo-la-rivolta-dell-associazionismo\/121593\/\",\"name\":\"Al Melo la rivolta dell'associazionismo\",\"isPartOf\":{\"@id\":\"https:\/\/staging.varesenews.it\/#website\"},\"datePublished\":\"2011-04-02T00:00:00+00:00\",\"dateModified\":\"2011-04-02T00:00:00+00:00\",\"author\":{\"@id\":\"https:\/\/staging.varesenews.it\/#\/schema\/person\/fb20c4da0b7b16c291707a20db73e169\"},\"description\":\"Marco Predazzi, presidente della Fondazione Melo, d\u00e0 voce al terzo settore e alla societ\u00e0 civile in difficolt\u00e0: \\\"Maga e Fondazione Culturale, una colata di asfalto sulle associazioni\\\"\",\"breadcrumb\":{\"@id\":\"https:\/\/staging.varesenews.it\/2011\/04\/al-melo-la-rivolta-dell-associazionismo\/121593\/#breadcrumb\"},\"inLanguage\":\"it-IT\",\"potentialAction\":[{\"@type\":\"ReadAction\",\"target\":[\"https:\/\/staging.varesenews.it\/2011\/04\/al-melo-la-rivolta-dell-associazionismo\/121593\/\"]}]},{\"@type\":\"BreadcrumbList\",\"@id\":\"https:\/\/staging.varesenews.it\/2011\/04\/al-melo-la-rivolta-dell-associazionismo\/121593\/#breadcrumb\",\"itemListElement\":[{\"@type\":\"ListItem\",\"position\":1,\"name\":\"Home\",\"item\":\"https:\/\/www.varesenews.it\/\"},{\"@type\":\"ListItem\",\"position\":2,\"name\":\"Al Melo la rivolta dell&#8217;associazionismo\"}]},{\"@type\":\"WebSite\",\"@id\":\"https:\/\/staging.varesenews.it\/#website\",\"url\":\"https:\/\/staging.varesenews.it\/\",\"name\":\"VareseNews\",\"description\":\"\",\"potentialAction\":[{\"@type\":\"SearchAction\",\"target\":{\"@type\":\"EntryPoint\",\"urlTemplate\":\"https:\/\/staging.varesenews.it\/?s={search_term_string}\"},\"query-input\":\"required name=search_term_string\"}],\"inLanguage\":\"it-IT\"},{\"@type\":\"Person\",\"@id\":\"https:\/\/staging.varesenews.it\/#\/schema\/person\/fb20c4da0b7b16c291707a20db73e169\",\"name\":\"Redazione VareseNews\",\"image\":{\"@type\":\"ImageObject\",\"inLanguage\":\"it-IT\",\"@id\":\"https:\/\/staging.varesenews.it\/#\/schema\/person\/image\/\",\"url\":\"https:\/\/staging.varesenews.it\/wp-content\/uploads\/2020\/12\/logo_VN_colori_500.png\",\"contentUrl\":\"https:\/\/staging.varesenews.it\/wp-content\/uploads\/2020\/12\/logo_VN_colori_500.png\",\"caption\":\"Redazione VareseNews\"},\"url\":\"https:\/\/staging.varesenews.it\/persona\/redazione1\/\"}]}<\/script>\n<!-- \/ Yoast SEO plugin. -->","yoast_head_json":{"title":"Al Melo la rivolta dell'associazionismo","description":"Marco Predazzi, presidente della Fondazione Melo, d\u00e0 voce al terzo settore e alla societ\u00e0 civile in difficolt\u00e0: \"Maga e Fondazione Culturale, una colata di asfalto sulle associazioni\"","robots":{"index":"noindex","follow":"follow","max-snippet":"max-snippet:-1","max-image-preview":"max-image-preview:large","max-video-preview":"max-video-preview:-1"},"og_locale":"it_IT","og_type":"article","og_title":"Al Melo la rivolta dell'associazionismo","og_description":"Marco Predazzi, presidente della Fondazione Melo, d\u00e0 voce al terzo settore e alla societ\u00e0 civile in difficolt\u00e0: \"Maga e Fondazione Culturale, una colata di asfalto sulle associazioni\"","og_url":"https:\/\/staging.varesenews.it\/2011\/04\/al-melo-la-rivolta-dell-associazionismo\/121593\/","og_site_name":"VareseNews","article_publisher":"https:\/\/www.facebook.com\/varesenews","article_published_time":"2011-04-02T00:00:00+00:00","og_image":[{"url":"https:\/\/www3.varesenews.it\/immagini_articoli\/201104\/P1160921.JPG"}],"author":"Redazione VareseNews","twitter_card":"summary_large_image","twitter_creator":"@varesenews","twitter_site":"@varesenews","twitter_misc":{"Scritto da":"Redazione VareseNews","Tempo di lettura stimato":"4 minuti"},"schema":{"@context":"https:\/\/schema.org","@graph":[{"@type":"WebPage","@id":"https:\/\/staging.varesenews.it\/2011\/04\/al-melo-la-rivolta-dell-associazionismo\/121593\/","url":"https:\/\/staging.varesenews.it\/2011\/04\/al-melo-la-rivolta-dell-associazionismo\/121593\/","name":"Al Melo la rivolta dell'associazionismo","isPartOf":{"@id":"https:\/\/staging.varesenews.it\/#website"},"datePublished":"2011-04-02T00:00:00+00:00","dateModified":"2011-04-02T00:00:00+00:00","author":{"@id":"https:\/\/staging.varesenews.it\/#\/schema\/person\/fb20c4da0b7b16c291707a20db73e169"},"description":"Marco Predazzi, presidente della Fondazione Melo, d\u00e0 voce al terzo settore e alla societ\u00e0 civile in difficolt\u00e0: \"Maga e Fondazione Culturale, una colata di asfalto sulle associazioni\"","breadcrumb":{"@id":"https:\/\/staging.varesenews.it\/2011\/04\/al-melo-la-rivolta-dell-associazionismo\/121593\/#breadcrumb"},"inLanguage":"it-IT","potentialAction":[{"@type":"ReadAction","target":["https:\/\/staging.varesenews.it\/2011\/04\/al-melo-la-rivolta-dell-associazionismo\/121593\/"]}]},{"@type":"BreadcrumbList","@id":"https:\/\/staging.varesenews.it\/2011\/04\/al-melo-la-rivolta-dell-associazionismo\/121593\/#breadcrumb","itemListElement":[{"@type":"ListItem","position":1,"name":"Home","item":"https:\/\/www.varesenews.it\/"},{"@type":"ListItem","position":2,"name":"Al Melo la rivolta dell&#8217;associazionismo"}]},{"@type":"WebSite","@id":"https:\/\/staging.varesenews.it\/#website","url":"https:\/\/staging.varesenews.it\/","name":"VareseNews","description":"","potentialAction":[{"@type":"SearchAction","target":{"@type":"EntryPoint","urlTemplate":"https:\/\/staging.varesenews.it\/?s={search_term_string}"},"query-input":"required name=search_term_string"}],"inLanguage":"it-IT"},{"@type":"Person","@id":"https:\/\/staging.varesenews.it\/#\/schema\/person\/fb20c4da0b7b16c291707a20db73e169","name":"Redazione VareseNews","image":{"@type":"ImageObject","inLanguage":"it-IT","@id":"https:\/\/staging.varesenews.it\/#\/schema\/person\/image\/","url":"https:\/\/staging.varesenews.it\/wp-content\/uploads\/2020\/12\/logo_VN_colori_500.png","contentUrl":"https:\/\/staging.varesenews.it\/wp-content\/uploads\/2020\/12\/logo_VN_colori_500.png","caption":"Redazione VareseNews"},"url":"https:\/\/staging.varesenews.it\/persona\/redazione1\/"}]}},"post_meta":{"id_old":"200247","argomento":"Gallarate "},"photos":[],"_links":{"self":[{"href":"https:\/\/staging.varesenews.it\/swgapi\/v1\/wp\/v2\/posts\/121593"}],"collection":[{"href":"https:\/\/staging.varesenews.it\/swgapi\/v1\/wp\/v2\/posts"}],"about":[{"href":"https:\/\/staging.varesenews.it\/swgapi\/v1\/wp\/v2\/types\/post"}],"author":[{"embeddable":true,"href":"https:\/\/staging.varesenews.it\/swgapi\/v1\/wp\/v2\/users\/10"}],"replies":[{"embeddable":true,"href":"https:\/\/staging.varesenews.it\/swgapi\/v1\/wp\/v2\/comments?post=121593"}],"version-history":[{"count":0,"href":"https:\/\/staging.varesenews.it\/swgapi\/v1\/wp\/v2\/posts\/121593\/revisions"}],"wp:attachment":[{"href":"https:\/\/staging.varesenews.it\/swgapi\/v1\/wp\/v2\/media?parent=121593"}],"wp:term":[{"taxonomy":"category","embeddable":true,"href":"https:\/\/staging.varesenews.it\/swgapi\/v1\/wp\/v2\/categories?post=121593"},{"taxonomy":"post_tag","embeddable":true,"href":"https:\/\/staging.varesenews.it\/swgapi\/v1\/wp\/v2\/tags?post=121593"}],"curies":[{"name":"wp","href":"https:\/\/api.w.org\/{rel}","templated":true}]}}