{"id":123366,"date":"2011-03-16T00:00:00","date_gmt":"2011-03-16T00:00:00","guid":{"rendered":""},"modified":"2011-03-16T00:00:00","modified_gmt":"2011-03-16T00:00:00","slug":"il-manager-temporaneo-e-una-risorsa-per-le-pmi","status":"publish","type":"post","link":"https:\/\/staging.varesenews.it\/2011\/03\/il-manager-temporaneo-e-una-risorsa-per-le-pmi\/123366\/","title":{"rendered":"Il manager temporaneo  \u00e8 una risorsa per le pmi"},"content":{"rendered":"<div>&ldquo;<strong>Il temporary management come strumento di crescita delle piccole e medie imprese<\/strong>&rdquo;. &Egrave; questo il titolo del convegno che si terr&agrave; mercoled&igrave; 16 marzo (dalle 15 e 30 alle 19) all&rsquo;Universit&agrave; <strong>Carlo Cattaneo &ndash;Liuc di Castellanza<\/strong>. Il saluto di benvenuto e la presentazione del convegno saranno affidati ad <strong>Andrea Salis<\/strong>, responsabile ufficio Andaf di Varese, e a <strong>Michael Tesch<\/strong>, presidente sezione Lombardia Andaf. Moderer&agrave; l&rsquo;incontro il giornalista <strong>Matteo Inzaghi <\/strong>(direttorediRete55).<\/div>\n<div><strong>Andrea Martone<\/strong>, docente di organizzazione aziendale Liuc, tratter&agrave; il tema delle dinamiche e nuovi <strong>bisogni <\/strong>nel mondo delle pmi.<\/div>\n<div>&ldquo;<strong>Il temporary management come strumento di crescita per le pmi<\/strong>&rdquo; (piccole e medie imprese) &egrave; l&rsquo;argomento che sar&agrave; sviluppato da <strong>Maurizio Quarta<\/strong>, managing partner di temporary management &amp; capital advisors, Milano &#8211; coordinatore nazionale per l&rsquo;Italia dell&rsquo;institute of interim management, Milano e UK.<\/div>\n<div><strong>&quot;Come lavora un Temporary Manager in una pmi<\/strong>&quot;, lo spiegheranno <strong>Enzo Urbani, ad Temporary, e Vittorio Biassoni<\/strong>, <strong>corporate controller temporar<\/strong>y; mentre Michele <strong>Ferraioli<\/strong>, presidente Adai <strong>Federmanager Varese<\/strong>, parler&agrave; della visione dei manager .<\/div>\n<div>A <strong>Ivan Spertini<\/strong>, partner <strong>Kpmg <\/strong>, il compito delineare il temporary management secondo Kpmg.<\/div>\n<div>Chiuder&agrave; <strong>Lino Moscatelli<\/strong>, consigliere delegato di <strong>Como Venture<\/strong>, con un&rsquo;analis sulla finanza a sostegno delle PMI &ndash; Il &ldquo;Sistema Como per lo sviluppo delle PMI innovative&rdquo;.<\/div>\n","protected":false},"excerpt":{"rendered":"<p>Il convegno che si terr\u00e0 mercoled\u00ec 16 marzo (dalle 15 e 30 alle 19) all\u2019Universit\u00e0 Carlo Cattaneo \u2013Liuc<\/p>\n","protected":false},"author":10,"featured_media":0,"comment_status":"open","ping_status":"open","sticky":false,"template":"","format":"standard","meta":{"footnotes":""},"categories":[15,17],"tags":[869,140,12103,2849],"acf":[],"yoast_head":"<!-- This site is optimized with the Yoast SEO plugin v20.1 - https:\/\/yoast.com\/wordpress\/plugins\/seo\/ -->\n<title>Il manager temporaneo \u00e8 una risorsa per le pmi<\/title>\n<meta name=\"description\" content=\"Il convegno che si terr\u00e0 mercoled\u00ec 16 marzo (dalle 15 e 30 alle 19) all\u2019Universit\u00e0 Carlo Cattaneo \u2013Liuc\" \/>\n<meta name=\"robots\" content=\"noindex, follow, max-snippet:-1, max-image-preview:large, max-video-preview:-1\" \/>\n<meta property=\"og:locale\" content=\"it_IT\" \/>\n<meta property=\"og:type\" content=\"article\" \/>\n<meta property=\"og:title\" content=\"Il manager temporaneo \u00e8 una risorsa per le pmi\" \/>\n<meta property=\"og:description\" content=\"Il convegno che si terr\u00e0 mercoled\u00ec 16 marzo (dalle 15 e 30 alle 19) all\u2019Universit\u00e0 Carlo Cattaneo \u2013Liuc\" \/>\n<meta property=\"og:url\" content=\"https:\/\/staging.varesenews.it\/2011\/03\/il-manager-temporaneo-e-una-risorsa-per-le-pmi\/123366\/\" \/>\n<meta property=\"og:site_name\" content=\"VareseNews\" \/>\n<meta property=\"article:publisher\" content=\"https:\/\/www.facebook.com\/varesenews\" \/>\n<meta property=\"article:published_time\" content=\"2011-03-16T00:00:00+00:00\" \/>\n<meta name=\"author\" content=\"Redazione VareseNews\" \/>\n<meta name=\"twitter:card\" content=\"summary_large_image\" \/>\n<meta name=\"twitter:creator\" content=\"@varesenews\" \/>\n<meta name=\"twitter:site\" content=\"@varesenews\" \/>\n<meta name=\"twitter:label1\" content=\"Scritto da\" \/>\n\t<meta name=\"twitter:data1\" content=\"Redazione VareseNews\" \/>\n\t<meta name=\"twitter:label2\" content=\"Tempo di lettura stimato\" \/>\n\t<meta name=\"twitter:data2\" content=\"1 minuto\" \/>\n<script type=\"application\/ld+json\" class=\"yoast-schema-graph\">{\"@context\":\"https:\/\/schema.org\",\"@graph\":[{\"@type\":\"WebPage\",\"@id\":\"https:\/\/staging.varesenews.it\/2011\/03\/il-manager-temporaneo-e-una-risorsa-per-le-pmi\/123366\/\",\"url\":\"https:\/\/staging.varesenews.it\/2011\/03\/il-manager-temporaneo-e-una-risorsa-per-le-pmi\/123366\/\",\"name\":\"Il manager temporaneo \u00e8 una risorsa per le pmi\",\"isPartOf\":{\"@id\":\"https:\/\/staging.varesenews.it\/#website\"},\"datePublished\":\"2011-03-16T00:00:00+00:00\",\"dateModified\":\"2011-03-16T00:00:00+00:00\",\"author\":{\"@id\":\"https:\/\/staging.varesenews.it\/#\/schema\/person\/fb20c4da0b7b16c291707a20db73e169\"},\"description\":\"Il convegno che si terr\u00e0 mercoled\u00ec 16 marzo (dalle 15 e 30 alle 19) all\u2019Universit\u00e0 Carlo Cattaneo \u2013Liuc\",\"breadcrumb\":{\"@id\":\"https:\/\/staging.varesenews.it\/2011\/03\/il-manager-temporaneo-e-una-risorsa-per-le-pmi\/123366\/#breadcrumb\"},\"inLanguage\":\"it-IT\",\"potentialAction\":[{\"@type\":\"ReadAction\",\"target\":[\"https:\/\/staging.varesenews.it\/2011\/03\/il-manager-temporaneo-e-una-risorsa-per-le-pmi\/123366\/\"]}]},{\"@type\":\"BreadcrumbList\",\"@id\":\"https:\/\/staging.varesenews.it\/2011\/03\/il-manager-temporaneo-e-una-risorsa-per-le-pmi\/123366\/#breadcrumb\",\"itemListElement\":[{\"@type\":\"ListItem\",\"position\":1,\"name\":\"Home\",\"item\":\"https:\/\/www.varesenews.it\/\"},{\"@type\":\"ListItem\",\"position\":2,\"name\":\"Il manager temporaneo \u00e8 una risorsa per le pmi\"}]},{\"@type\":\"WebSite\",\"@id\":\"https:\/\/staging.varesenews.it\/#website\",\"url\":\"https:\/\/staging.varesenews.it\/\",\"name\":\"VareseNews\",\"description\":\"\",\"potentialAction\":[{\"@type\":\"SearchAction\",\"target\":{\"@type\":\"EntryPoint\",\"urlTemplate\":\"https:\/\/staging.varesenews.it\/?s={search_term_string}\"},\"query-input\":\"required name=search_term_string\"}],\"inLanguage\":\"it-IT\"},{\"@type\":\"Person\",\"@id\":\"https:\/\/staging.varesenews.it\/#\/schema\/person\/fb20c4da0b7b16c291707a20db73e169\",\"name\":\"Redazione VareseNews\",\"image\":{\"@type\":\"ImageObject\",\"inLanguage\":\"it-IT\",\"@id\":\"https:\/\/staging.varesenews.it\/#\/schema\/person\/image\/\",\"url\":\"https:\/\/staging.varesenews.it\/wp-content\/uploads\/2020\/12\/logo_VN_colori_500.png\",\"contentUrl\":\"https:\/\/staging.varesenews.it\/wp-content\/uploads\/2020\/12\/logo_VN_colori_500.png\",\"caption\":\"Redazione VareseNews\"},\"url\":\"https:\/\/staging.varesenews.it\/persona\/redazione1\/\"}]}<\/script>\n<!-- \/ Yoast SEO plugin. -->","yoast_head_json":{"title":"Il manager temporaneo \u00e8 una risorsa per le pmi","description":"Il convegno che si terr\u00e0 mercoled\u00ec 16 marzo (dalle 15 e 30 alle 19) all\u2019Universit\u00e0 Carlo Cattaneo \u2013Liuc","robots":{"index":"noindex","follow":"follow","max-snippet":"max-snippet:-1","max-image-preview":"max-image-preview:large","max-video-preview":"max-video-preview:-1"},"og_locale":"it_IT","og_type":"article","og_title":"Il manager temporaneo \u00e8 una risorsa per le pmi","og_description":"Il convegno che si terr\u00e0 mercoled\u00ec 16 marzo (dalle 15 e 30 alle 19) all\u2019Universit\u00e0 Carlo Cattaneo \u2013Liuc","og_url":"https:\/\/staging.varesenews.it\/2011\/03\/il-manager-temporaneo-e-una-risorsa-per-le-pmi\/123366\/","og_site_name":"VareseNews","article_publisher":"https:\/\/www.facebook.com\/varesenews","article_published_time":"2011-03-16T00:00:00+00:00","author":"Redazione VareseNews","twitter_card":"summary_large_image","twitter_creator":"@varesenews","twitter_site":"@varesenews","twitter_misc":{"Scritto da":"Redazione VareseNews","Tempo di lettura stimato":"1 minuto"},"schema":{"@context":"https:\/\/schema.org","@graph":[{"@type":"WebPage","@id":"https:\/\/staging.varesenews.it\/2011\/03\/il-manager-temporaneo-e-una-risorsa-per-le-pmi\/123366\/","url":"https:\/\/staging.varesenews.it\/2011\/03\/il-manager-temporaneo-e-una-risorsa-per-le-pmi\/123366\/","name":"Il manager temporaneo \u00e8 una risorsa per le pmi","isPartOf":{"@id":"https:\/\/staging.varesenews.it\/#website"},"datePublished":"2011-03-16T00:00:00+00:00","dateModified":"2011-03-16T00:00:00+00:00","author":{"@id":"https:\/\/staging.varesenews.it\/#\/schema\/person\/fb20c4da0b7b16c291707a20db73e169"},"description":"Il convegno che si terr\u00e0 mercoled\u00ec 16 marzo (dalle 15 e 30 alle 19) all\u2019Universit\u00e0 Carlo Cattaneo \u2013Liuc","breadcrumb":{"@id":"https:\/\/staging.varesenews.it\/2011\/03\/il-manager-temporaneo-e-una-risorsa-per-le-pmi\/123366\/#breadcrumb"},"inLanguage":"it-IT","potentialAction":[{"@type":"ReadAction","target":["https:\/\/staging.varesenews.it\/2011\/03\/il-manager-temporaneo-e-una-risorsa-per-le-pmi\/123366\/"]}]},{"@type":"BreadcrumbList","@id":"https:\/\/staging.varesenews.it\/2011\/03\/il-manager-temporaneo-e-una-risorsa-per-le-pmi\/123366\/#breadcrumb","itemListElement":[{"@type":"ListItem","position":1,"name":"Home","item":"https:\/\/www.varesenews.it\/"},{"@type":"ListItem","position":2,"name":"Il manager temporaneo \u00e8 una risorsa per le pmi"}]},{"@type":"WebSite","@id":"https:\/\/staging.varesenews.it\/#website","url":"https:\/\/staging.varesenews.it\/","name":"VareseNews","description":"","potentialAction":[{"@type":"SearchAction","target":{"@type":"EntryPoint","urlTemplate":"https:\/\/staging.varesenews.it\/?s={search_term_string}"},"query-input":"required name=search_term_string"}],"inLanguage":"it-IT"},{"@type":"Person","@id":"https:\/\/staging.varesenews.it\/#\/schema\/person\/fb20c4da0b7b16c291707a20db73e169","name":"Redazione VareseNews","image":{"@type":"ImageObject","inLanguage":"it-IT","@id":"https:\/\/staging.varesenews.it\/#\/schema\/person\/image\/","url":"https:\/\/staging.varesenews.it\/wp-content\/uploads\/2020\/12\/logo_VN_colori_500.png","contentUrl":"https:\/\/staging.varesenews.it\/wp-content\/uploads\/2020\/12\/logo_VN_colori_500.png","caption":"Redazione VareseNews"},"url":"https:\/\/staging.varesenews.it\/persona\/redazione1\/"}]}},"post_meta":{"id_old":"198433","argomento":"Castellanza"},"photos":[],"_links":{"self":[{"href":"https:\/\/staging.varesenews.it\/swgapi\/v1\/wp\/v2\/posts\/123366"}],"collection":[{"href":"https:\/\/staging.varesenews.it\/swgapi\/v1\/wp\/v2\/posts"}],"about":[{"href":"https:\/\/staging.varesenews.it\/swgapi\/v1\/wp\/v2\/types\/post"}],"author":[{"embeddable":true,"href":"https:\/\/staging.varesenews.it\/swgapi\/v1\/wp\/v2\/users\/10"}],"replies":[{"embeddable":true,"href":"https:\/\/staging.varesenews.it\/swgapi\/v1\/wp\/v2\/comments?post=123366"}],"version-history":[{"count":0,"href":"https:\/\/staging.varesenews.it\/swgapi\/v1\/wp\/v2\/posts\/123366\/revisions"}],"wp:attachment":[{"href":"https:\/\/staging.varesenews.it\/swgapi\/v1\/wp\/v2\/media?parent=123366"}],"wp:term":[{"taxonomy":"category","embeddable":true,"href":"https:\/\/staging.varesenews.it\/swgapi\/v1\/wp\/v2\/categories?post=123366"},{"taxonomy":"post_tag","embeddable":true,"href":"https:\/\/staging.varesenews.it\/swgapi\/v1\/wp\/v2\/tags?post=123366"}],"curies":[{"name":"wp","href":"https:\/\/api.w.org\/{rel}","templated":true}]}}