{"id":125396,"date":"2011-02-21T00:00:00","date_gmt":"2011-02-21T00:00:00","guid":{"rendered":""},"modified":"2011-02-21T00:00:00","modified_gmt":"2011-02-21T00:00:00","slug":"dubbi-sul-movente-forse-un-gesto-inconsulto","status":"publish","type":"post","link":"https:\/\/staging.varesenews.it\/2011\/02\/dubbi-sul-movente-forse-un-gesto-inconsulto\/125396\/","title":{"rendered":"Dubbi sul movente: forse un gesto inconsulto"},"content":{"rendered":"<div><img loading=\"lazy\" decoding=\"async\" style=\"width: 296px; height: 234px\" border=\"1\" hspace=\"5\" alt=\"\" vspace=\"5\" align=\"left\" width=\"500\" height=\"375\" src=\"https:\/\/www3.varesenews.it\/immagini_articoli\/201102\/img_0753.jpg\" \/>Gli inquirenti e gli investigatori hanno ricostruito quanto successo nella mattinata di luned&igrave; 21 febbraio a Malpensa. <strong>Il tunisino alla guida del Suv che ha sfontato i vetri della porta numero 14 &egrave; Ben Abdel Ganouni Sadallah<\/strong>, regolare in Italia e con piccoli precedenti di polizia, 42 anni, sposato con una donna italiana (convertita all&#8217;Islam) e padre di tre figli coi quali risiede a Ceriano Laghetto, in provincia di Monza. <strong>L&rsquo;auto sulla quale viaggiavano i cinque &egrave; stata rubata in mattinata a Rescaldina<\/strong>. Non &egrave; chiaro il motivo che ha spinto l&rsquo;uomo a lanciare la macchina contro la vetrata e poi ad entrare urlando nel terminal. Il motivo potrebbe essere una lite con la moglie: i due, stando alle testimonianze, sono entrati in aeroporto urlando frasi sconnesse in italiano e arabo. Non &egrave; nemmeno chiaro se la donna fosse in procinto di partire con i figli: non sono infatti stati trovati documenti di viaggio. Sembra per&ograve; che la famiglia volesse tornare in Tunisia. Sulla dinamica non ci sono grossi dubbi: <strong>l&rsquo;auto &egrave; arrivata in aeroporto alle partenze, si &egrave; scontrata contro la vetrata della porta numero 14, ha sfondato i vetri fermandosi contro i panettoni di cemento posizionati nello spazio tra le porte scorrevoli e l&rsquo;ingresso dell&rsquo;aeroporto<\/strong>. Il tunisino alla guida e la moglie sono usciti dall&rsquo;auto urlando frasi sconnesse in italiano e arabo: l&rsquo;uomo aveva con s&eacute; un <strong>coltello con una lama di venti centimetri<\/strong>. Ha puntato l&rsquo;arma contro vari passanti, passeggeri e agenti, per poi lanciare il coltello contro uno dei poliziotti che a sua volta ha sparato un colpo, colpendolo al piede (il proiettile &egrave; entrato e uscito dall&rsquo;arto). <strong>L&#8217;uomo &egrave; stato arrestato per danneggiamento pluriaggravato, resistenza a pubblico ufficiale e tentato omicidio: &egrave; piantonato in ospedale con una prognosi di 15 giorni<\/strong>. Lo ha riferito il pm Roberto Pirro, che coordina le indagini. Resta da chiarire il movente, anche se le indagini sono orientate verso il gesto inconsulto. Il magistrato, che ha gi&agrave; visionato le immagini che documentano l&#8217;intero episodio, ha spiegato anche che sono in corso gli accertamenti sull&#8217;eventuale assunzione di droga o alcol da parte del tunisino. <strong>Sul posto in mattinata si sono recati il presidente della Sea, Giuseppe Bonomi e l&#8217;assessore regionale ai trasporti Raffaele Cattaneo<\/strong>: &laquo;Escludiamo la matrice terroristica &ndash; ha detto il numero uno della societ&agrave; che gestisce lo scalo varesino -. Il sistema di sicurezza ha retto al meglio. C&rsquo;&egrave; stata prontezza straordinaria. I panettoni di cemento, una novit&agrave; nel sistema di protezione di Malpensa, hanno impedito che l&rsquo;auto entrasse nello scalo&raquo;.<\/div>\n","protected":false},"excerpt":{"rendered":"<p>N\u00e8 la moglie del tunisino alla guida del Suv, n\u00e8 lo stesso nordafricano avevano con s\u00e8 documenti di viaggio. L&#8217;uomo arrestato per danneggiamento pluriaggravato, resistenza a pubblico ufficiale e tentato omicidio<\/p>\n","protected":false},"author":10,"featured_media":0,"comment_status":"open","ping_status":"open","sticky":false,"template":"","format":"standard","meta":{"footnotes":""},"categories":[3],"tags":[365,3080],"acf":[],"yoast_head":"<!-- This site is optimized with the Yoast SEO plugin v20.1 - https:\/\/yoast.com\/wordpress\/plugins\/seo\/ -->\n<title>Dubbi sul movente: forse un gesto inconsulto<\/title>\n<meta name=\"description\" content=\"N\u00e8 la moglie del tunisino alla guida del Suv, n\u00e8 lo stesso nordafricano avevano con s\u00e8 documenti di viaggio. L&#039;uomo arrestato per danneggiamento pluriaggravato, resistenza a pubblico ufficiale e tentato omicidio\" \/>\n<meta name=\"robots\" content=\"noindex, follow, max-snippet:-1, max-image-preview:large, max-video-preview:-1\" \/>\n<meta property=\"og:locale\" content=\"it_IT\" \/>\n<meta property=\"og:type\" content=\"article\" \/>\n<meta property=\"og:title\" content=\"Dubbi sul movente: forse un gesto inconsulto\" \/>\n<meta property=\"og:description\" content=\"N\u00e8 la moglie del tunisino alla guida del Suv, n\u00e8 lo stesso nordafricano avevano con s\u00e8 documenti di viaggio. L&#039;uomo arrestato per danneggiamento pluriaggravato, resistenza a pubblico ufficiale e tentato omicidio\" \/>\n<meta property=\"og:url\" content=\"https:\/\/staging.varesenews.it\/2011\/02\/dubbi-sul-movente-forse-un-gesto-inconsulto\/125396\/\" \/>\n<meta property=\"og:site_name\" content=\"VareseNews\" \/>\n<meta property=\"article:publisher\" content=\"https:\/\/www.facebook.com\/varesenews\" \/>\n<meta property=\"article:published_time\" content=\"2011-02-21T00:00:00+00:00\" \/>\n<meta property=\"og:image\" content=\"https:\/\/www3.varesenews.it\/immagini_articoli\/201102\/img_0753.jpg\" \/>\n<meta name=\"author\" content=\"Redazione VareseNews\" \/>\n<meta name=\"twitter:card\" content=\"summary_large_image\" \/>\n<meta name=\"twitter:creator\" content=\"@varesenews\" \/>\n<meta name=\"twitter:site\" content=\"@varesenews\" \/>\n<meta name=\"twitter:label1\" content=\"Scritto da\" \/>\n\t<meta name=\"twitter:data1\" content=\"Redazione VareseNews\" \/>\n\t<meta name=\"twitter:label2\" content=\"Tempo di lettura stimato\" \/>\n\t<meta name=\"twitter:data2\" content=\"2 minuti\" \/>\n<script type=\"application\/ld+json\" class=\"yoast-schema-graph\">{\"@context\":\"https:\/\/schema.org\",\"@graph\":[{\"@type\":\"WebPage\",\"@id\":\"https:\/\/staging.varesenews.it\/2011\/02\/dubbi-sul-movente-forse-un-gesto-inconsulto\/125396\/\",\"url\":\"https:\/\/staging.varesenews.it\/2011\/02\/dubbi-sul-movente-forse-un-gesto-inconsulto\/125396\/\",\"name\":\"Dubbi sul movente: forse un gesto inconsulto\",\"isPartOf\":{\"@id\":\"https:\/\/staging.varesenews.it\/#website\"},\"datePublished\":\"2011-02-21T00:00:00+00:00\",\"dateModified\":\"2011-02-21T00:00:00+00:00\",\"author\":{\"@id\":\"https:\/\/staging.varesenews.it\/#\/schema\/person\/fb20c4da0b7b16c291707a20db73e169\"},\"description\":\"N\u00e8 la moglie del tunisino alla guida del Suv, n\u00e8 lo stesso nordafricano avevano con s\u00e8 documenti di viaggio. L'uomo arrestato per danneggiamento pluriaggravato, resistenza a pubblico ufficiale e tentato omicidio\",\"breadcrumb\":{\"@id\":\"https:\/\/staging.varesenews.it\/2011\/02\/dubbi-sul-movente-forse-un-gesto-inconsulto\/125396\/#breadcrumb\"},\"inLanguage\":\"it-IT\",\"potentialAction\":[{\"@type\":\"ReadAction\",\"target\":[\"https:\/\/staging.varesenews.it\/2011\/02\/dubbi-sul-movente-forse-un-gesto-inconsulto\/125396\/\"]}]},{\"@type\":\"BreadcrumbList\",\"@id\":\"https:\/\/staging.varesenews.it\/2011\/02\/dubbi-sul-movente-forse-un-gesto-inconsulto\/125396\/#breadcrumb\",\"itemListElement\":[{\"@type\":\"ListItem\",\"position\":1,\"name\":\"Home\",\"item\":\"https:\/\/www.varesenews.it\/\"},{\"@type\":\"ListItem\",\"position\":2,\"name\":\"Dubbi sul movente: forse un gesto inconsulto\"}]},{\"@type\":\"WebSite\",\"@id\":\"https:\/\/staging.varesenews.it\/#website\",\"url\":\"https:\/\/staging.varesenews.it\/\",\"name\":\"VareseNews\",\"description\":\"\",\"potentialAction\":[{\"@type\":\"SearchAction\",\"target\":{\"@type\":\"EntryPoint\",\"urlTemplate\":\"https:\/\/staging.varesenews.it\/?s={search_term_string}\"},\"query-input\":\"required name=search_term_string\"}],\"inLanguage\":\"it-IT\"},{\"@type\":\"Person\",\"@id\":\"https:\/\/staging.varesenews.it\/#\/schema\/person\/fb20c4da0b7b16c291707a20db73e169\",\"name\":\"Redazione VareseNews\",\"image\":{\"@type\":\"ImageObject\",\"inLanguage\":\"it-IT\",\"@id\":\"https:\/\/staging.varesenews.it\/#\/schema\/person\/image\/\",\"url\":\"https:\/\/staging.varesenews.it\/wp-content\/uploads\/2020\/12\/logo_VN_colori_500.png\",\"contentUrl\":\"https:\/\/staging.varesenews.it\/wp-content\/uploads\/2020\/12\/logo_VN_colori_500.png\",\"caption\":\"Redazione VareseNews\"},\"url\":\"https:\/\/staging.varesenews.it\/persona\/redazione1\/\"}]}<\/script>\n<!-- \/ Yoast SEO plugin. -->","yoast_head_json":{"title":"Dubbi sul movente: forse un gesto inconsulto","description":"N\u00e8 la moglie del tunisino alla guida del Suv, n\u00e8 lo stesso nordafricano avevano con s\u00e8 documenti di viaggio. L'uomo arrestato per danneggiamento pluriaggravato, resistenza a pubblico ufficiale e tentato omicidio","robots":{"index":"noindex","follow":"follow","max-snippet":"max-snippet:-1","max-image-preview":"max-image-preview:large","max-video-preview":"max-video-preview:-1"},"og_locale":"it_IT","og_type":"article","og_title":"Dubbi sul movente: forse un gesto inconsulto","og_description":"N\u00e8 la moglie del tunisino alla guida del Suv, n\u00e8 lo stesso nordafricano avevano con s\u00e8 documenti di viaggio. L'uomo arrestato per danneggiamento pluriaggravato, resistenza a pubblico ufficiale e tentato omicidio","og_url":"https:\/\/staging.varesenews.it\/2011\/02\/dubbi-sul-movente-forse-un-gesto-inconsulto\/125396\/","og_site_name":"VareseNews","article_publisher":"https:\/\/www.facebook.com\/varesenews","article_published_time":"2011-02-21T00:00:00+00:00","og_image":[{"url":"https:\/\/www3.varesenews.it\/immagini_articoli\/201102\/img_0753.jpg"}],"author":"Redazione VareseNews","twitter_card":"summary_large_image","twitter_creator":"@varesenews","twitter_site":"@varesenews","twitter_misc":{"Scritto da":"Redazione VareseNews","Tempo di lettura stimato":"2 minuti"},"schema":{"@context":"https:\/\/schema.org","@graph":[{"@type":"WebPage","@id":"https:\/\/staging.varesenews.it\/2011\/02\/dubbi-sul-movente-forse-un-gesto-inconsulto\/125396\/","url":"https:\/\/staging.varesenews.it\/2011\/02\/dubbi-sul-movente-forse-un-gesto-inconsulto\/125396\/","name":"Dubbi sul movente: forse un gesto inconsulto","isPartOf":{"@id":"https:\/\/staging.varesenews.it\/#website"},"datePublished":"2011-02-21T00:00:00+00:00","dateModified":"2011-02-21T00:00:00+00:00","author":{"@id":"https:\/\/staging.varesenews.it\/#\/schema\/person\/fb20c4da0b7b16c291707a20db73e169"},"description":"N\u00e8 la moglie del tunisino alla guida del Suv, n\u00e8 lo stesso nordafricano avevano con s\u00e8 documenti di viaggio. L'uomo arrestato per danneggiamento pluriaggravato, resistenza a pubblico ufficiale e tentato omicidio","breadcrumb":{"@id":"https:\/\/staging.varesenews.it\/2011\/02\/dubbi-sul-movente-forse-un-gesto-inconsulto\/125396\/#breadcrumb"},"inLanguage":"it-IT","potentialAction":[{"@type":"ReadAction","target":["https:\/\/staging.varesenews.it\/2011\/02\/dubbi-sul-movente-forse-un-gesto-inconsulto\/125396\/"]}]},{"@type":"BreadcrumbList","@id":"https:\/\/staging.varesenews.it\/2011\/02\/dubbi-sul-movente-forse-un-gesto-inconsulto\/125396\/#breadcrumb","itemListElement":[{"@type":"ListItem","position":1,"name":"Home","item":"https:\/\/www.varesenews.it\/"},{"@type":"ListItem","position":2,"name":"Dubbi sul movente: forse un gesto inconsulto"}]},{"@type":"WebSite","@id":"https:\/\/staging.varesenews.it\/#website","url":"https:\/\/staging.varesenews.it\/","name":"VareseNews","description":"","potentialAction":[{"@type":"SearchAction","target":{"@type":"EntryPoint","urlTemplate":"https:\/\/staging.varesenews.it\/?s={search_term_string}"},"query-input":"required name=search_term_string"}],"inLanguage":"it-IT"},{"@type":"Person","@id":"https:\/\/staging.varesenews.it\/#\/schema\/person\/fb20c4da0b7b16c291707a20db73e169","name":"Redazione VareseNews","image":{"@type":"ImageObject","inLanguage":"it-IT","@id":"https:\/\/staging.varesenews.it\/#\/schema\/person\/image\/","url":"https:\/\/staging.varesenews.it\/wp-content\/uploads\/2020\/12\/logo_VN_colori_500.png","contentUrl":"https:\/\/staging.varesenews.it\/wp-content\/uploads\/2020\/12\/logo_VN_colori_500.png","caption":"Redazione VareseNews"},"url":"https:\/\/staging.varesenews.it\/persona\/redazione1\/"}]}},"post_meta":{"id_old":"196343","argomento":"Malpensa","autore_old":"Tommaso Guidotti"},"photos":[],"_links":{"self":[{"href":"https:\/\/staging.varesenews.it\/swgapi\/v1\/wp\/v2\/posts\/125396"}],"collection":[{"href":"https:\/\/staging.varesenews.it\/swgapi\/v1\/wp\/v2\/posts"}],"about":[{"href":"https:\/\/staging.varesenews.it\/swgapi\/v1\/wp\/v2\/types\/post"}],"author":[{"embeddable":true,"href":"https:\/\/staging.varesenews.it\/swgapi\/v1\/wp\/v2\/users\/10"}],"replies":[{"embeddable":true,"href":"https:\/\/staging.varesenews.it\/swgapi\/v1\/wp\/v2\/comments?post=125396"}],"version-history":[{"count":0,"href":"https:\/\/staging.varesenews.it\/swgapi\/v1\/wp\/v2\/posts\/125396\/revisions"}],"wp:attachment":[{"href":"https:\/\/staging.varesenews.it\/swgapi\/v1\/wp\/v2\/media?parent=125396"}],"wp:term":[{"taxonomy":"category","embeddable":true,"href":"https:\/\/staging.varesenews.it\/swgapi\/v1\/wp\/v2\/categories?post=125396"},{"taxonomy":"post_tag","embeddable":true,"href":"https:\/\/staging.varesenews.it\/swgapi\/v1\/wp\/v2\/tags?post=125396"}],"curies":[{"name":"wp","href":"https:\/\/api.w.org\/{rel}","templated":true}]}}