{"id":1270462,"date":"2020-10-31T17:57:58","date_gmt":"2020-10-31T16:57:58","guid":{"rendered":"https:\/\/www.varesenews.it\/?p=1270462"},"modified":"2020-10-31T17:57:58","modified_gmt":"2020-10-31T16:57:58","slug":"le-zucche-chef-barzetti-colorano-lhalloween-malnate","status":"publish","type":"post","link":"https:\/\/staging.varesenews.it\/2020\/10\/le-zucche-chef-barzetti-colorano-lhalloween-malnate\/1270462\/","title":{"rendered":"Le zucche di chef Barzetti colorano l&#8217;halloween di Malnate"},"content":{"rendered":"<p>Non \u00e8 stato un halloween normale, non poteva esserlo a causa delle restrizioni dovute all&#8217;emergenza sanitaria e i bambini non hanno potuto fare i classici giri per le case all&#8217;insegna di &#8220;dolcetto o scherzetto&#8221;.<\/p>\n<p>A colorare le vie di Malnate ci ha pensato allora Sergio Barzetti. Lo chef malnatese, che ha il suo ristorante nel centro storico della citt\u00e0, ha deciso di scolpire, decorare e infine spargere per le vie cittadine le sue opere.<\/p>\n<div class=\"kvgmc6g5 cxmmr5t8 oygrvhab hcukyx3x c1et5uql ii04i59q\">\n<div dir=\"auto\">\u00abIn questo periodo complicato di emergenza sanitaria &#8211; il messaggio sulla pagina <a class=\"oajrlxb2 g5ia77u1 qu0x051f esr5mh6w e9989ue4 r7d6kgcz rq0escxv nhd2j8a9 nc684nl6 p7hjln8o kvgmc6g5 cxmmr5t8 oygrvhab hcukyx3x jb3vyjys rz4wbd8a qt6c0cv9 a8nywdso i1ao9s8h esuyzwwr f1sip0of lzcic4wl oo9gr5id gpro0wi8 lrazzd5p\" tabindex=\"0\" role=\"link\" href=\"https:\/\/www.facebook.com\/Malnate-La-citt%C3%A0-delle-bambine-e-dei-bambini-1562267727384058\/?__cft__[0]=AZU_Ib807CEEbudLZJ5ClBhQUxxAZ2GF-IIm0R9w2XAfD-sGYzjQn5s5url3tdML7mmZwXQDVSxR5YLjeqYRqc3Ouo2qieF1BAh9_gBwa8vt4Ruwk9ANjllnGAyHmSjGaNnqY3rC3JBdMLouWJovvBNbzX-fnlpIvhj63RGZpEuRGfRChg9pRWZJa3Uc4fcSMuI&amp;__tn__=-UC%2CP-R\"><strong>Malnate. La citt\u00e0 delle bambine e dei bambini<\/strong><\/a>-, grazie a persone meravigliose che non hanno dormito tutta la notte per realizzare &#8220;terrificanti Zucche&#8221;, a volontari che le posizioneranno in citt\u00e0, la Citt\u00e0 dei Bambini pu\u00f2 regalare un sorriso, un momento di spensieratezza a tutti i suoi piccoli cittadini! Grazie Laura e Sergio Barzetti, Comitato Soci Coop e a tutti quelli che hanno contribuito a regalare un sorriso in pi\u00f9 ai nostri piccoli!\u00bb.<\/div>\n<\/div>\n","protected":false},"excerpt":{"rendered":"<p>L&#8217;idea del cuoco malnatese, che ha scolpito, decorato e &#8220;seminato&#8221; per la citt\u00e0 i suoi lavori simpatici<\/p>\n","protected":false},"author":37,"featured_media":0,"comment_status":"open","ping_status":"open","sticky":false,"template":"","format":"standard","meta":{"footnotes":""},"categories":[2],"tags":[1820,60141,92504,12905],"acf":[],"yoast_head":"<!-- This site is optimized with the Yoast SEO plugin v20.1 - https:\/\/yoast.com\/wordpress\/plugins\/seo\/ -->\n<title>Le zucche di chef Barzetti colorano l&#039;halloween di Malnate<\/title>\n<meta name=\"description\" content=\"L&#039;idea del cuoco malnatese, che ha scolpito, decorato e &quot;seminato&quot; per la citt\u00e0 i suoi lavori simpatici\" \/>\n<meta name=\"robots\" content=\"noindex, follow, max-snippet:-1, max-image-preview:large, max-video-preview:-1\" \/>\n<meta property=\"og:locale\" content=\"it_IT\" \/>\n<meta property=\"og:type\" content=\"article\" \/>\n<meta property=\"og:title\" content=\"Le zucche di chef Barzetti colorano l&#039;halloween di Malnate\" \/>\n<meta property=\"og:description\" content=\"L&#039;idea del cuoco malnatese, che ha scolpito, decorato e &quot;seminato&quot; per la citt\u00e0 i suoi lavori simpatici\" \/>\n<meta property=\"og:url\" content=\"https:\/\/staging.varesenews.it\/2020\/10\/le-zucche-chef-barzetti-colorano-lhalloween-malnate\/1270462\/\" \/>\n<meta property=\"og:site_name\" content=\"VareseNews\" \/>\n<meta property=\"article:publisher\" content=\"https:\/\/www.facebook.com\/varesenews\" \/>\n<meta property=\"article:published_time\" content=\"2020-10-31T16:57:58+00:00\" \/>\n<meta name=\"author\" content=\"Francesco Mazzoleni\" \/>\n<meta name=\"twitter:card\" content=\"summary_large_image\" \/>\n<meta name=\"twitter:creator\" content=\"@fmazzof\" \/>\n<meta name=\"twitter:site\" content=\"@varesenews\" \/>\n<meta name=\"twitter:label1\" content=\"Scritto da\" \/>\n\t<meta name=\"twitter:data1\" content=\"Francesco Mazzoleni\" \/>\n\t<meta name=\"twitter:label2\" content=\"Tempo di lettura stimato\" \/>\n\t<meta name=\"twitter:data2\" content=\"1 minuto\" \/>\n<script type=\"application\/ld+json\" class=\"yoast-schema-graph\">{\"@context\":\"https:\/\/schema.org\",\"@graph\":[{\"@type\":\"WebPage\",\"@id\":\"https:\/\/staging.varesenews.it\/2020\/10\/le-zucche-chef-barzetti-colorano-lhalloween-malnate\/1270462\/\",\"url\":\"https:\/\/staging.varesenews.it\/2020\/10\/le-zucche-chef-barzetti-colorano-lhalloween-malnate\/1270462\/\",\"name\":\"Le zucche di chef Barzetti colorano l'halloween di Malnate\",\"isPartOf\":{\"@id\":\"https:\/\/staging.varesenews.it\/#website\"},\"datePublished\":\"2020-10-31T16:57:58+00:00\",\"dateModified\":\"2020-10-31T16:57:58+00:00\",\"author\":{\"@id\":\"https:\/\/staging.varesenews.it\/#\/schema\/person\/e82236e79160d30d4e1f942004ac3038\"},\"description\":\"L'idea del cuoco malnatese, che ha scolpito, decorato e \\\"seminato\\\" per la citt\u00e0 i suoi lavori simpatici\",\"breadcrumb\":{\"@id\":\"https:\/\/staging.varesenews.it\/2020\/10\/le-zucche-chef-barzetti-colorano-lhalloween-malnate\/1270462\/#breadcrumb\"},\"inLanguage\":\"it-IT\",\"potentialAction\":[{\"@type\":\"ReadAction\",\"target\":[\"https:\/\/staging.varesenews.it\/2020\/10\/le-zucche-chef-barzetti-colorano-lhalloween-malnate\/1270462\/\"]}]},{\"@type\":\"BreadcrumbList\",\"@id\":\"https:\/\/staging.varesenews.it\/2020\/10\/le-zucche-chef-barzetti-colorano-lhalloween-malnate\/1270462\/#breadcrumb\",\"itemListElement\":[{\"@type\":\"ListItem\",\"position\":1,\"name\":\"Home\",\"item\":\"https:\/\/www.varesenews.it\/\"},{\"@type\":\"ListItem\",\"position\":2,\"name\":\"Le zucche di chef Barzetti colorano l&#8217;halloween di Malnate\"}]},{\"@type\":\"WebSite\",\"@id\":\"https:\/\/staging.varesenews.it\/#website\",\"url\":\"https:\/\/staging.varesenews.it\/\",\"name\":\"VareseNews\",\"description\":\"\",\"potentialAction\":[{\"@type\":\"SearchAction\",\"target\":{\"@type\":\"EntryPoint\",\"urlTemplate\":\"https:\/\/staging.varesenews.it\/?s={search_term_string}\"},\"query-input\":\"required name=search_term_string\"}],\"inLanguage\":\"it-IT\"},{\"@type\":\"Person\",\"@id\":\"https:\/\/staging.varesenews.it\/#\/schema\/person\/e82236e79160d30d4e1f942004ac3038\",\"name\":\"Francesco Mazzoleni\",\"image\":{\"@type\":\"ImageObject\",\"inLanguage\":\"it-IT\",\"@id\":\"https:\/\/staging.varesenews.it\/#\/schema\/person\/image\/\",\"url\":\"https:\/\/staging.varesenews.it\/wp-content\/uploads\/2020\/12\/francesco_mazzoleni_colori_500-1.jpg\",\"contentUrl\":\"https:\/\/staging.varesenews.it\/wp-content\/uploads\/2020\/12\/francesco_mazzoleni_colori_500-1.jpg\",\"caption\":\"Francesco Mazzoleni\"},\"description\":\"\\\"Uomo di campo\\\" della redazione sportiva. Nutro una vera passione per il calcio, che sia ad alti livelli, sui campi di provincia o in altri continenti. Sono nato a Varese nel 1984, vivo da sempre a Malnate e ho una laurea in Scienze Motorie. Ho mosso i primi passi a VareseNews da stagista nel 2002; nel 2008 ho iniziato a collaborare con maggiore continuit\u00e0 e dal 2018 sono giornalista professionista. Orgoglioso pap\u00e0 di Federico e Adelaide.\",\"sameAs\":[\"fmazzof\",\"it.linkedin.com\/in\/francescomazzolenif\",\"https:\/\/twitter.com\/fmazzof\"],\"url\":\"https:\/\/staging.varesenews.it\/persona\/francesco_mazzoleniferracini\/\"}]}<\/script>\n<!-- \/ Yoast SEO plugin. -->","yoast_head_json":{"title":"Le zucche di chef Barzetti colorano l'halloween di Malnate","description":"L'idea del cuoco malnatese, che ha scolpito, decorato e \"seminato\" per la citt\u00e0 i suoi lavori simpatici","robots":{"index":"noindex","follow":"follow","max-snippet":"max-snippet:-1","max-image-preview":"max-image-preview:large","max-video-preview":"max-video-preview:-1"},"og_locale":"it_IT","og_type":"article","og_title":"Le zucche di chef Barzetti colorano l'halloween di Malnate","og_description":"L'idea del cuoco malnatese, che ha scolpito, decorato e \"seminato\" per la citt\u00e0 i suoi lavori simpatici","og_url":"https:\/\/staging.varesenews.it\/2020\/10\/le-zucche-chef-barzetti-colorano-lhalloween-malnate\/1270462\/","og_site_name":"VareseNews","article_publisher":"https:\/\/www.facebook.com\/varesenews","article_published_time":"2020-10-31T16:57:58+00:00","author":"Francesco Mazzoleni","twitter_card":"summary_large_image","twitter_creator":"@fmazzof","twitter_site":"@varesenews","twitter_misc":{"Scritto da":"Francesco Mazzoleni","Tempo di lettura stimato":"1 minuto"},"schema":{"@context":"https:\/\/schema.org","@graph":[{"@type":"WebPage","@id":"https:\/\/staging.varesenews.it\/2020\/10\/le-zucche-chef-barzetti-colorano-lhalloween-malnate\/1270462\/","url":"https:\/\/staging.varesenews.it\/2020\/10\/le-zucche-chef-barzetti-colorano-lhalloween-malnate\/1270462\/","name":"Le zucche di chef Barzetti colorano l'halloween di Malnate","isPartOf":{"@id":"https:\/\/staging.varesenews.it\/#website"},"datePublished":"2020-10-31T16:57:58+00:00","dateModified":"2020-10-31T16:57:58+00:00","author":{"@id":"https:\/\/staging.varesenews.it\/#\/schema\/person\/e82236e79160d30d4e1f942004ac3038"},"description":"L'idea del cuoco malnatese, che ha scolpito, decorato e \"seminato\" per la citt\u00e0 i suoi lavori simpatici","breadcrumb":{"@id":"https:\/\/staging.varesenews.it\/2020\/10\/le-zucche-chef-barzetti-colorano-lhalloween-malnate\/1270462\/#breadcrumb"},"inLanguage":"it-IT","potentialAction":[{"@type":"ReadAction","target":["https:\/\/staging.varesenews.it\/2020\/10\/le-zucche-chef-barzetti-colorano-lhalloween-malnate\/1270462\/"]}]},{"@type":"BreadcrumbList","@id":"https:\/\/staging.varesenews.it\/2020\/10\/le-zucche-chef-barzetti-colorano-lhalloween-malnate\/1270462\/#breadcrumb","itemListElement":[{"@type":"ListItem","position":1,"name":"Home","item":"https:\/\/www.varesenews.it\/"},{"@type":"ListItem","position":2,"name":"Le zucche di chef Barzetti colorano l&#8217;halloween di Malnate"}]},{"@type":"WebSite","@id":"https:\/\/staging.varesenews.it\/#website","url":"https:\/\/staging.varesenews.it\/","name":"VareseNews","description":"","potentialAction":[{"@type":"SearchAction","target":{"@type":"EntryPoint","urlTemplate":"https:\/\/staging.varesenews.it\/?s={search_term_string}"},"query-input":"required name=search_term_string"}],"inLanguage":"it-IT"},{"@type":"Person","@id":"https:\/\/staging.varesenews.it\/#\/schema\/person\/e82236e79160d30d4e1f942004ac3038","name":"Francesco Mazzoleni","image":{"@type":"ImageObject","inLanguage":"it-IT","@id":"https:\/\/staging.varesenews.it\/#\/schema\/person\/image\/","url":"https:\/\/staging.varesenews.it\/wp-content\/uploads\/2020\/12\/francesco_mazzoleni_colori_500-1.jpg","contentUrl":"https:\/\/staging.varesenews.it\/wp-content\/uploads\/2020\/12\/francesco_mazzoleni_colori_500-1.jpg","caption":"Francesco Mazzoleni"},"description":"\"Uomo di campo\" della redazione sportiva. Nutro una vera passione per il calcio, che sia ad alti livelli, sui campi di provincia o in altri continenti. Sono nato a Varese nel 1984, vivo da sempre a Malnate e ho una laurea in Scienze Motorie. Ho mosso i primi passi a VareseNews da stagista nel 2002; nel 2008 ho iniziato a collaborare con maggiore continuit\u00e0 e dal 2018 sono giornalista professionista. Orgoglioso pap\u00e0 di Federico e Adelaide.","sameAs":["fmazzof","it.linkedin.com\/in\/francescomazzolenif","https:\/\/twitter.com\/fmazzof"],"url":"https:\/\/staging.varesenews.it\/persona\/francesco_mazzoleniferracini\/"}]}},"post_meta":{"_edit_lock":"1604164326:37","_edit_last":"37","_category_permalink":"a:1:{s:8:\"category\";s:1:\"2\";}","_encloseme":"1","ratings_users":"0","ratings_score":"0","ratings_average":"0","foto":"1185047","id_link_fotogallery":"1270466","firma_come_redazione":"1","argomento":"Malnate","_yoast_wpseo_content_score":"30","_jd_tweet_this":"yes","_wpt_short_url":"https:\/\/www.varesenews.it\/2020\/10\/le-zucche-chef-barzetti-colorano-lhalloween-malnate\/1270462\/","_wp_jd_target":"https:\/\/www.varesenews.it\/2020\/10\/le-zucche-chef-barzetti-colorano-lhalloween-malnate\/1270462\/","_jd_wp_twitter":"a:1:{i:0;s:206:\"Le zucche di chef Barzetti colorano l\u2019halloween di Malnate https:\/\/www.varesenews.it\/2020\/10\/le-zucche-chef-barzetti-colorano-lhalloween-malnate\/1270462\/ #citt\u00e0deibambini #comunedimalnate #cucinabarzetti\";}","_wpt_status_message":"Tweet inviato con successo."},"photos":[{"original":"https:\/\/staging.varesenews.it\/photogallery_new\/images\/2020\/10\/caricamento-temporaneo-per-contributo-1604163377bcb8rnwpq5l08biu-1185047.jpg","full":"https:\/\/staging.varesenews.it\/photogallery_new\/images\/2020\/10\/caricamento-temporaneo-per-contributo-1604163377bcb8rnwpq5l08biu-1185047.1024x768.jpg","large":"https:\/\/staging.varesenews.it\/photogallery_new\/images\/2020\/10\/caricamento-temporaneo-per-contributo-1604163377bcb8rnwpq5l08biu-1185047.610x431.jpg"}],"_links":{"self":[{"href":"https:\/\/staging.varesenews.it\/swgapi\/v1\/wp\/v2\/posts\/1270462"}],"collection":[{"href":"https:\/\/staging.varesenews.it\/swgapi\/v1\/wp\/v2\/posts"}],"about":[{"href":"https:\/\/staging.varesenews.it\/swgapi\/v1\/wp\/v2\/types\/post"}],"author":[{"embeddable":true,"href":"https:\/\/staging.varesenews.it\/swgapi\/v1\/wp\/v2\/users\/37"}],"replies":[{"embeddable":true,"href":"https:\/\/staging.varesenews.it\/swgapi\/v1\/wp\/v2\/comments?post=1270462"}],"version-history":[{"count":0,"href":"https:\/\/staging.varesenews.it\/swgapi\/v1\/wp\/v2\/posts\/1270462\/revisions"}],"wp:attachment":[{"href":"https:\/\/staging.varesenews.it\/swgapi\/v1\/wp\/v2\/media?parent=1270462"}],"wp:term":[{"taxonomy":"category","embeddable":true,"href":"https:\/\/staging.varesenews.it\/swgapi\/v1\/wp\/v2\/categories?post=1270462"},{"taxonomy":"post_tag","embeddable":true,"href":"https:\/\/staging.varesenews.it\/swgapi\/v1\/wp\/v2\/tags?post=1270462"}],"curies":[{"name":"wp","href":"https:\/\/api.w.org\/{rel}","templated":true}]}}