{"id":1271081,"date":"2020-11-03T09:44:37","date_gmt":"2020-11-03T08:44:37","guid":{"rendered":"https:\/\/www.varesenews.it\/?p=1271081"},"modified":"2020-11-03T09:45:01","modified_gmt":"2020-11-03T08:45:01","slug":"esce-islands-disco-degli-alboran-trio","status":"publish","type":"post","link":"https:\/\/staging.varesenews.it\/2020\/11\/esce-islands-disco-degli-alboran-trio\/1271081\/","title":{"rendered":"Esce \u201cIslands\u201d, il nuovo disco degli Alboran Trio"},"content":{"rendered":"<p>Dopo 12 anni dall\u2019ultimo Cd pubblicato per l\u2019etichetta tedesca ACT esce in questi giorni il terzo CD del gruppo Jazz <strong>Alboran Trio<\/strong> il cui pianista di Cittiglio Paolo Paliaga firma le 14 composizioni.<\/p>\n<p><strong>\u201cIslands\u201d<\/strong> \u00e8 prodotto da Alboran stesso che ha seguito una nuova direzione, in quanto oggi il mercato si \u00e8 spostato verso la musica liquida.<\/p>\n<p>Con l\u2019entrata del batterista Ferdinando Fara\u00f2 la poetica del trio \u00e8 mutata. Una parte delle composizioni \u00e8 figlia di un lavoro di improvvisazione collettiva su stimoli del pianista.<\/p>\n<div class=\"photo-inside-post\"><img decoding=\"async\" loading=\"lazy\" fetchpriority=\"low\" width=\"610\" height=\"431\" src=\"https:\/\/staging.varesenews.it\/photogallery_new\/images\/2020\/11\/varie-1185439.610x431.jpg\" alt=\"Varie\"><\/div>\n<p><strong>I tre musicisti <\/strong><em>(foto sopra) <\/em><strong>hanno adottato la loro solita strategia in una \u201cfull immersion\u201d in una localit\u00e0 sulla riviera del Conero, di fronte al mare<\/strong>, dove hanno lavorato intensamente per giorni e giorni.<\/p>\n<p><strong>Il risultato \u00e8 una forte complicit\u00e0<\/strong>, una comunicazione e interazione istantanea dove i ruoli vengono via via scambiati e non rispecchiano pi\u00f9 la tradizionale formula della sezione ritmica (contrabbasso e batteria) che accompagna il pianista. I tre musicisti entrano in una dimensione di totale relazione ed ascolto per dar vita ad una musica che si fa nel momento stesso del suonare.<\/p>\n<p><strong>Come loro stessi sostengono, \u00abil legante filosofico che ha guidato il percorso di maturazione del CD \u201cIslands\u201d \u00e8 stato il \u201cde-pensamento\u201d<\/strong>: suonare senza identificazioni su cosa dev\u2019essere una \u201ccerta\u201d musica. Abbiamo lavorato per arrivare a suonare senza giudizio, senza pre-giudizio, senza idee pre-concette su cosa dovesse essere la nostra musica, senza un\u2019idea di dove saremmo arrivati suonando. Per usare una metafora, siamo stati suono cos\u00ec come la pianta \u00e8 se stessa e non riflette sul suo essere pianta e non ha idee dei frutti che deve fare\u00bb.<\/p>\n<p><em>Islands<\/em>, <strong>Alboran Trio<\/strong><\/p>\n<p><em>Paolo Paliaga: piano<\/em><br \/>\n<em>Dino Contenti: contrabbasso<\/em><br \/>\n<em>Ferdinando Fara\u00f2: batteria e percussioni<\/em><br \/>\n<em>Il CD contiene 14 brani originali<\/em><br \/>\n<em>Registrato presso lo studio \u201cArtesuono\u201d di Stefano Amerio a Cavalicco (Udine)<\/em><br \/>\n<em>Disponibile su tutte le piattaforme digitali https:\/\/pirames.lnk.to\/Islands<\/em><br \/>\n<em>Distribuzione: IRD<\/em><br \/>\n<em>Artwork: Matteo Giuntini<\/em><br \/>\n<em>Stampato presso CdClick (Roma)<\/em><\/p>\n","protected":false},"excerpt":{"rendered":"<p>Dopo 12 anni dall\u2019ultimo Cd pubblicato per l\u2019etichetta tedesca ACT in questi giorni arriva il terzo CD del gruppo Jazz made in Varese. &#8220;Un lavoro senza identificazioni e pre-concetti&#8221;<\/p>\n","protected":false},"author":34,"featured_media":0,"comment_status":"open","ping_status":"open","sticky":false,"template":"","format":"standard","meta":{"footnotes":""},"categories":[20,2],"tags":[110013,1234],"acf":[],"yoast_head":"<!-- This site is optimized with the Yoast SEO plugin v20.1 - https:\/\/yoast.com\/wordpress\/plugins\/seo\/ -->\n<title>Esce \u201cIslands\u201d, il nuovo disco degli Alboran Trio<\/title>\n<meta name=\"description\" content=\"Dopo 12 anni dall\u2019ultimo Cd pubblicato per l\u2019etichetta tedesca ACT in questi giorni arriva il terzo CD del gruppo Jazz made in Varese. &quot;Un lavoro senza identificazioni e pre-concetti&quot;\" \/>\n<meta name=\"robots\" content=\"noindex, follow, max-snippet:-1, max-image-preview:large, max-video-preview:-1\" \/>\n<meta property=\"og:locale\" content=\"it_IT\" \/>\n<meta property=\"og:type\" content=\"article\" \/>\n<meta property=\"og:title\" content=\"Esce \u201cIslands\u201d, il nuovo disco degli Alboran Trio\" \/>\n<meta property=\"og:description\" content=\"Dopo 12 anni dall\u2019ultimo Cd pubblicato per l\u2019etichetta tedesca ACT in questi giorni arriva il terzo CD del gruppo Jazz made in Varese. &quot;Un lavoro senza identificazioni e pre-concetti&quot;\" \/>\n<meta property=\"og:url\" content=\"https:\/\/staging.varesenews.it\/2020\/11\/esce-islands-disco-degli-alboran-trio\/1271081\/\" \/>\n<meta property=\"og:site_name\" content=\"VareseNews\" \/>\n<meta property=\"article:publisher\" content=\"https:\/\/www.facebook.com\/varesenews\" \/>\n<meta property=\"article:author\" content=\"https:\/\/www.facebook.com\/andrea.camurani?fref=photo\" \/>\n<meta property=\"article:published_time\" content=\"2020-11-03T08:44:37+00:00\" \/>\n<meta property=\"article:modified_time\" content=\"2020-11-03T08:45:01+00:00\" \/>\n<meta name=\"author\" content=\"Andrea Camurani\" \/>\n<meta name=\"twitter:card\" content=\"summary_large_image\" \/>\n<meta name=\"twitter:creator\" content=\"@AndreaCamurani\" \/>\n<meta name=\"twitter:site\" content=\"@varesenews\" \/>\n<meta name=\"twitter:label1\" content=\"Scritto da\" \/>\n\t<meta name=\"twitter:data1\" content=\"Andrea Camurani\" \/>\n\t<meta name=\"twitter:label2\" content=\"Tempo di lettura stimato\" \/>\n\t<meta name=\"twitter:data2\" content=\"2 minuti\" \/>\n<script type=\"application\/ld+json\" class=\"yoast-schema-graph\">{\"@context\":\"https:\/\/schema.org\",\"@graph\":[{\"@type\":\"WebPage\",\"@id\":\"https:\/\/staging.varesenews.it\/2020\/11\/esce-islands-disco-degli-alboran-trio\/1271081\/\",\"url\":\"https:\/\/staging.varesenews.it\/2020\/11\/esce-islands-disco-degli-alboran-trio\/1271081\/\",\"name\":\"Esce \u201cIslands\u201d, il nuovo disco degli Alboran Trio\",\"isPartOf\":{\"@id\":\"https:\/\/staging.varesenews.it\/#website\"},\"datePublished\":\"2020-11-03T08:44:37+00:00\",\"dateModified\":\"2020-11-03T08:45:01+00:00\",\"author\":{\"@id\":\"https:\/\/staging.varesenews.it\/#\/schema\/person\/3eb5832c6beae763de8d9596fdbe8c49\"},\"description\":\"Dopo 12 anni dall\u2019ultimo Cd pubblicato per l\u2019etichetta tedesca ACT in questi giorni arriva il terzo CD del gruppo Jazz made in Varese. \\\"Un lavoro senza identificazioni e pre-concetti\\\"\",\"breadcrumb\":{\"@id\":\"https:\/\/staging.varesenews.it\/2020\/11\/esce-islands-disco-degli-alboran-trio\/1271081\/#breadcrumb\"},\"inLanguage\":\"it-IT\",\"potentialAction\":[{\"@type\":\"ReadAction\",\"target\":[\"https:\/\/staging.varesenews.it\/2020\/11\/esce-islands-disco-degli-alboran-trio\/1271081\/\"]}]},{\"@type\":\"BreadcrumbList\",\"@id\":\"https:\/\/staging.varesenews.it\/2020\/11\/esce-islands-disco-degli-alboran-trio\/1271081\/#breadcrumb\",\"itemListElement\":[{\"@type\":\"ListItem\",\"position\":1,\"name\":\"Home\",\"item\":\"https:\/\/www.varesenews.it\/\"},{\"@type\":\"ListItem\",\"position\":2,\"name\":\"Esce \u201cIslands\u201d, il nuovo disco degli Alboran Trio\"}]},{\"@type\":\"WebSite\",\"@id\":\"https:\/\/staging.varesenews.it\/#website\",\"url\":\"https:\/\/staging.varesenews.it\/\",\"name\":\"VareseNews\",\"description\":\"\",\"potentialAction\":[{\"@type\":\"SearchAction\",\"target\":{\"@type\":\"EntryPoint\",\"urlTemplate\":\"https:\/\/staging.varesenews.it\/?s={search_term_string}\"},\"query-input\":\"required name=search_term_string\"}],\"inLanguage\":\"it-IT\"},{\"@type\":\"Person\",\"@id\":\"https:\/\/staging.varesenews.it\/#\/schema\/person\/3eb5832c6beae763de8d9596fdbe8c49\",\"name\":\"Andrea Camurani\",\"image\":{\"@type\":\"ImageObject\",\"inLanguage\":\"it-IT\",\"@id\":\"https:\/\/staging.varesenews.it\/#\/schema\/person\/image\/\",\"url\":\"https:\/\/staging.varesenews.it\/wp-content\/uploads\/2020\/12\/andrea_camurani_colori_500.jpg\",\"contentUrl\":\"https:\/\/staging.varesenews.it\/wp-content\/uploads\/2020\/12\/andrea_camurani_colori_500.jpg\",\"caption\":\"Andrea Camurani\"},\"description\":\"Sono figlio degli anni Settanta e di Milano, dove ho imparato a riconoscere buoni e cattivi. Laurea in scienze politiche, lavoro a VareseNews dal 2000. Racconto quel che trovo quando incontro chi vuole lasciare al mondo un pezzetto di vita, che si chiama cronaca. &ldquo;...perch&eacute; &egrave; la gente il pi&ugrave; grande spettacolo del mondo. E non si paga il biglietto...&rdquo; (Charles Bukowsky)\",\"sameAs\":[\"https:\/\/www.facebook.com\/andrea.camurani?fref=photo\",\"andreacamurani\",\"https:\/\/www.linkedin.com\/hp\/?dnr=A9a84RfzsLdo9xg4NcGV4dLiMknoc9ms4WM\",\"https:\/\/twitter.com\/AndreaCamurani\"],\"url\":\"https:\/\/staging.varesenews.it\/persona\/andrea_camurani\/\"}]}<\/script>\n<!-- \/ Yoast SEO plugin. -->","yoast_head_json":{"title":"Esce \u201cIslands\u201d, il nuovo disco degli Alboran Trio","description":"Dopo 12 anni dall\u2019ultimo Cd pubblicato per l\u2019etichetta tedesca ACT in questi giorni arriva il terzo CD del gruppo Jazz made in Varese. \"Un lavoro senza identificazioni e pre-concetti\"","robots":{"index":"noindex","follow":"follow","max-snippet":"max-snippet:-1","max-image-preview":"max-image-preview:large","max-video-preview":"max-video-preview:-1"},"og_locale":"it_IT","og_type":"article","og_title":"Esce \u201cIslands\u201d, il nuovo disco degli Alboran Trio","og_description":"Dopo 12 anni dall\u2019ultimo Cd pubblicato per l\u2019etichetta tedesca ACT in questi giorni arriva il terzo CD del gruppo Jazz made in Varese. \"Un lavoro senza identificazioni e pre-concetti\"","og_url":"https:\/\/staging.varesenews.it\/2020\/11\/esce-islands-disco-degli-alboran-trio\/1271081\/","og_site_name":"VareseNews","article_publisher":"https:\/\/www.facebook.com\/varesenews","article_author":"https:\/\/www.facebook.com\/andrea.camurani?fref=photo","article_published_time":"2020-11-03T08:44:37+00:00","article_modified_time":"2020-11-03T08:45:01+00:00","author":"Andrea Camurani","twitter_card":"summary_large_image","twitter_creator":"@AndreaCamurani","twitter_site":"@varesenews","twitter_misc":{"Scritto da":"Andrea Camurani","Tempo di lettura stimato":"2 minuti"},"schema":{"@context":"https:\/\/schema.org","@graph":[{"@type":"WebPage","@id":"https:\/\/staging.varesenews.it\/2020\/11\/esce-islands-disco-degli-alboran-trio\/1271081\/","url":"https:\/\/staging.varesenews.it\/2020\/11\/esce-islands-disco-degli-alboran-trio\/1271081\/","name":"Esce \u201cIslands\u201d, il nuovo disco degli Alboran Trio","isPartOf":{"@id":"https:\/\/staging.varesenews.it\/#website"},"datePublished":"2020-11-03T08:44:37+00:00","dateModified":"2020-11-03T08:45:01+00:00","author":{"@id":"https:\/\/staging.varesenews.it\/#\/schema\/person\/3eb5832c6beae763de8d9596fdbe8c49"},"description":"Dopo 12 anni dall\u2019ultimo Cd pubblicato per l\u2019etichetta tedesca ACT in questi giorni arriva il terzo CD del gruppo Jazz made in Varese. \"Un lavoro senza identificazioni e pre-concetti\"","breadcrumb":{"@id":"https:\/\/staging.varesenews.it\/2020\/11\/esce-islands-disco-degli-alboran-trio\/1271081\/#breadcrumb"},"inLanguage":"it-IT","potentialAction":[{"@type":"ReadAction","target":["https:\/\/staging.varesenews.it\/2020\/11\/esce-islands-disco-degli-alboran-trio\/1271081\/"]}]},{"@type":"BreadcrumbList","@id":"https:\/\/staging.varesenews.it\/2020\/11\/esce-islands-disco-degli-alboran-trio\/1271081\/#breadcrumb","itemListElement":[{"@type":"ListItem","position":1,"name":"Home","item":"https:\/\/www.varesenews.it\/"},{"@type":"ListItem","position":2,"name":"Esce \u201cIslands\u201d, il nuovo disco degli Alboran Trio"}]},{"@type":"WebSite","@id":"https:\/\/staging.varesenews.it\/#website","url":"https:\/\/staging.varesenews.it\/","name":"VareseNews","description":"","potentialAction":[{"@type":"SearchAction","target":{"@type":"EntryPoint","urlTemplate":"https:\/\/staging.varesenews.it\/?s={search_term_string}"},"query-input":"required name=search_term_string"}],"inLanguage":"it-IT"},{"@type":"Person","@id":"https:\/\/staging.varesenews.it\/#\/schema\/person\/3eb5832c6beae763de8d9596fdbe8c49","name":"Andrea Camurani","image":{"@type":"ImageObject","inLanguage":"it-IT","@id":"https:\/\/staging.varesenews.it\/#\/schema\/person\/image\/","url":"https:\/\/staging.varesenews.it\/wp-content\/uploads\/2020\/12\/andrea_camurani_colori_500.jpg","contentUrl":"https:\/\/staging.varesenews.it\/wp-content\/uploads\/2020\/12\/andrea_camurani_colori_500.jpg","caption":"Andrea Camurani"},"description":"Sono figlio degli anni Settanta e di Milano, dove ho imparato a riconoscere buoni e cattivi. Laurea in scienze politiche, lavoro a VareseNews dal 2000. Racconto quel che trovo quando incontro chi vuole lasciare al mondo un pezzetto di vita, che si chiama cronaca. &ldquo;...perch&eacute; &egrave; la gente il pi&ugrave; grande spettacolo del mondo. E non si paga il biglietto...&rdquo; (Charles Bukowsky)","sameAs":["https:\/\/www.facebook.com\/andrea.camurani?fref=photo","andreacamurani","https:\/\/www.linkedin.com\/hp\/?dnr=A9a84RfzsLdo9xg4NcGV4dLiMknoc9ms4WM","https:\/\/twitter.com\/AndreaCamurani"],"url":"https:\/\/staging.varesenews.it\/persona\/andrea_camurani\/"}]}},"post_meta":{"_edit_lock":"1604393109:34","_edit_last":"34","_category_permalink":"a:1:{s:8:\"category\";s:1:\"2\";}","_encloseme":"1","ratings_users":"0","ratings_score":"0","ratings_average":"0","foto":"1185440","firma_come_redazione":"1","argomento":"Cittiglio","_yoast_wpseo_content_score":"30","_jd_tweet_this":"yes","_wpt_short_url":"https:\/\/www.varesenews.it\/2020\/11\/esce-islands-disco-degli-alboran-trio\/1271081\/","_wp_jd_target":"https:\/\/www.varesenews.it\/2020\/11\/esce-islands-disco-degli-alboran-trio\/1271081\/","_jd_wp_twitter":"a:1:{i:0;s:153:\"Esce \u201cIslands\u201d, il nuovo disco degli Alboran Trio https:\/\/www.varesenews.it\/2020\/11\/esce-islands-disco-degli-alboran-trio\/1271081\/ #AlboranTrio #jazz\";}","_wpt_status_message":"Tweet inviato con successo."},"photos":[{"original":"https:\/\/staging.varesenews.it\/photogallery_new\/images\/2020\/11\/varie-1185440.jpg","full":"https:\/\/staging.varesenews.it\/photogallery_new\/images\/2020\/11\/varie-1185440.1024x768.jpg","large":"https:\/\/staging.varesenews.it\/photogallery_new\/images\/2020\/11\/varie-1185440.610x431.jpg"}],"_links":{"self":[{"href":"https:\/\/staging.varesenews.it\/swgapi\/v1\/wp\/v2\/posts\/1271081"}],"collection":[{"href":"https:\/\/staging.varesenews.it\/swgapi\/v1\/wp\/v2\/posts"}],"about":[{"href":"https:\/\/staging.varesenews.it\/swgapi\/v1\/wp\/v2\/types\/post"}],"author":[{"embeddable":true,"href":"https:\/\/staging.varesenews.it\/swgapi\/v1\/wp\/v2\/users\/34"}],"replies":[{"embeddable":true,"href":"https:\/\/staging.varesenews.it\/swgapi\/v1\/wp\/v2\/comments?post=1271081"}],"version-history":[{"count":0,"href":"https:\/\/staging.varesenews.it\/swgapi\/v1\/wp\/v2\/posts\/1271081\/revisions"}],"wp:attachment":[{"href":"https:\/\/staging.varesenews.it\/swgapi\/v1\/wp\/v2\/media?parent=1271081"}],"wp:term":[{"taxonomy":"category","embeddable":true,"href":"https:\/\/staging.varesenews.it\/swgapi\/v1\/wp\/v2\/categories?post=1271081"},{"taxonomy":"post_tag","embeddable":true,"href":"https:\/\/staging.varesenews.it\/swgapi\/v1\/wp\/v2\/tags?post=1271081"}],"curies":[{"name":"wp","href":"https:\/\/api.w.org\/{rel}","templated":true}]}}