{"id":1271140,"date":"2020-11-03T12:06:16","date_gmt":"2020-11-03T11:06:16","guid":{"rendered":"https:\/\/www.varesenews.it\/?p=1271140"},"modified":"2020-11-03T12:06:47","modified_gmt":"2020-11-03T11:06:47","slug":"ritrovato-56enne-bustocco-scomparso-casa-sta-bene","status":"publish","type":"post","link":"https:\/\/staging.varesenews.it\/2020\/11\/ritrovato-56enne-bustocco-scomparso-casa-sta-bene\/1271140\/","title":{"rendered":"Ritrovato il 56enne bustocco scomparso, \u00e8 a casa e sta bene"},"content":{"rendered":"<p>Marco Marnati, il 56enne di Busto Arsizio scomparso da ieri mattina (luned\u00ec) a Busto Arsizio, \u00e8 stato ritrovato in salute. A dare la notizia \u00e8 la figlia. Si tratta della seconda persona scomparsa e ritrovata nel giro di due giorni in citt\u00e0.<\/p>\n","protected":false},"excerpt":{"rendered":"<p>Buona notizia dopo l&#8217;allarme lanciato dai figli attraverso i social<\/p>\n","protected":false},"author":47,"featured_media":0,"comment_status":"open","ping_status":"open","sticky":false,"template":"","format":"standard","meta":{"footnotes":""},"categories":[4,3,5,2],"tags":[3183],"acf":[],"yoast_head":"<!-- This site is optimized with the Yoast SEO plugin v20.1 - https:\/\/yoast.com\/wordpress\/plugins\/seo\/ -->\n<title>Ritrovato il 56enne bustocco scomparso, \u00e8 a casa e sta bene<\/title>\n<meta name=\"description\" content=\"Buona notizia dopo l&#039;allarme lanciato dai figli attraverso i social\" \/>\n<meta name=\"robots\" content=\"noindex, follow, max-snippet:-1, max-image-preview:large, max-video-preview:-1\" \/>\n<meta property=\"og:locale\" content=\"it_IT\" \/>\n<meta property=\"og:type\" content=\"article\" \/>\n<meta property=\"og:title\" content=\"Ritrovato il 56enne bustocco scomparso, \u00e8 a casa e sta bene\" \/>\n<meta property=\"og:description\" content=\"Buona notizia dopo l&#039;allarme lanciato dai figli attraverso i social\" \/>\n<meta property=\"og:url\" content=\"https:\/\/staging.varesenews.it\/2020\/11\/ritrovato-56enne-bustocco-scomparso-casa-sta-bene\/1271140\/\" \/>\n<meta property=\"og:site_name\" content=\"VareseNews\" \/>\n<meta property=\"article:publisher\" content=\"https:\/\/www.facebook.com\/varesenews\" \/>\n<meta property=\"article:published_time\" content=\"2020-11-03T11:06:16+00:00\" \/>\n<meta property=\"article:modified_time\" content=\"2020-11-03T11:06:47+00:00\" \/>\n<meta name=\"author\" content=\"Orlando Mastrillo\" \/>\n<meta name=\"twitter:card\" content=\"summary_large_image\" \/>\n<meta name=\"twitter:creator\" content=\"@nando_mastrillo\" \/>\n<meta name=\"twitter:site\" content=\"@varesenews\" \/>\n<meta name=\"twitter:label1\" content=\"Scritto da\" \/>\n\t<meta name=\"twitter:data1\" content=\"Orlando Mastrillo\" \/>\n<script type=\"application\/ld+json\" class=\"yoast-schema-graph\">{\"@context\":\"https:\/\/schema.org\",\"@graph\":[{\"@type\":\"WebPage\",\"@id\":\"https:\/\/staging.varesenews.it\/2020\/11\/ritrovato-56enne-bustocco-scomparso-casa-sta-bene\/1271140\/\",\"url\":\"https:\/\/staging.varesenews.it\/2020\/11\/ritrovato-56enne-bustocco-scomparso-casa-sta-bene\/1271140\/\",\"name\":\"Ritrovato il 56enne bustocco scomparso, \u00e8 a casa e sta bene\",\"isPartOf\":{\"@id\":\"https:\/\/staging.varesenews.it\/#website\"},\"datePublished\":\"2020-11-03T11:06:16+00:00\",\"dateModified\":\"2020-11-03T11:06:47+00:00\",\"author\":{\"@id\":\"https:\/\/staging.varesenews.it\/#\/schema\/person\/14c47ccce537a9058dddce296f10b296\"},\"description\":\"Buona notizia dopo l'allarme lanciato dai figli attraverso i social\",\"breadcrumb\":{\"@id\":\"https:\/\/staging.varesenews.it\/2020\/11\/ritrovato-56enne-bustocco-scomparso-casa-sta-bene\/1271140\/#breadcrumb\"},\"inLanguage\":\"it-IT\",\"potentialAction\":[{\"@type\":\"ReadAction\",\"target\":[\"https:\/\/staging.varesenews.it\/2020\/11\/ritrovato-56enne-bustocco-scomparso-casa-sta-bene\/1271140\/\"]}]},{\"@type\":\"BreadcrumbList\",\"@id\":\"https:\/\/staging.varesenews.it\/2020\/11\/ritrovato-56enne-bustocco-scomparso-casa-sta-bene\/1271140\/#breadcrumb\",\"itemListElement\":[{\"@type\":\"ListItem\",\"position\":1,\"name\":\"Home\",\"item\":\"https:\/\/www.varesenews.it\/\"},{\"@type\":\"ListItem\",\"position\":2,\"name\":\"Ritrovato il 56enne bustocco scomparso, \u00e8 a casa e sta bene\"}]},{\"@type\":\"WebSite\",\"@id\":\"https:\/\/staging.varesenews.it\/#website\",\"url\":\"https:\/\/staging.varesenews.it\/\",\"name\":\"VareseNews\",\"description\":\"\",\"potentialAction\":[{\"@type\":\"SearchAction\",\"target\":{\"@type\":\"EntryPoint\",\"urlTemplate\":\"https:\/\/staging.varesenews.it\/?s={search_term_string}\"},\"query-input\":\"required name=search_term_string\"}],\"inLanguage\":\"it-IT\"},{\"@type\":\"Person\",\"@id\":\"https:\/\/staging.varesenews.it\/#\/schema\/person\/14c47ccce537a9058dddce296f10b296\",\"name\":\"Orlando Mastrillo\",\"image\":{\"@type\":\"ImageObject\",\"inLanguage\":\"it-IT\",\"@id\":\"https:\/\/staging.varesenews.it\/#\/schema\/person\/image\/\",\"url\":\"https:\/\/staging.varesenews.it\/wp-content\/uploads\/2020\/12\/orlando_mastrillo_colori_500.jpg\",\"contentUrl\":\"https:\/\/staging.varesenews.it\/wp-content\/uploads\/2020\/12\/orlando_mastrillo_colori_500.jpg\",\"caption\":\"Orlando Mastrillo\"},\"description\":\"Nasco a Luino nel 1981, ho iniziato questo lavoro nell'estate del 2003 nella redazione de Il Giorno di Varese e dall'anno successivo ho intrapreso la collaborazione con VareseNews. Dopo anni nell'Alto Varesotto mi sono trasferito a Busto Arsizio nel 2007, territorio che ho iniziato a seguire e che seguo tutt'oggi. Nel 2013 sono diventato giornalista professionista. Mi occupo di cronaca politica, giudiziaria e nera in una vasta area che comprende anche parte della Valle Olona e il Legnanese. Sono sposato con Valeria Arini e ho due splendide figlie.\",\"sameAs\":[\"or_ma\",\"https:\/\/twitter.com\/nando_mastrillo\"],\"url\":\"https:\/\/staging.varesenews.it\/persona\/orlando-mastrillo1\/\"}]}<\/script>\n<!-- \/ Yoast SEO plugin. -->","yoast_head_json":{"title":"Ritrovato il 56enne bustocco scomparso, \u00e8 a casa e sta bene","description":"Buona notizia dopo l'allarme lanciato dai figli attraverso i social","robots":{"index":"noindex","follow":"follow","max-snippet":"max-snippet:-1","max-image-preview":"max-image-preview:large","max-video-preview":"max-video-preview:-1"},"og_locale":"it_IT","og_type":"article","og_title":"Ritrovato il 56enne bustocco scomparso, \u00e8 a casa e sta bene","og_description":"Buona notizia dopo l'allarme lanciato dai figli attraverso i social","og_url":"https:\/\/staging.varesenews.it\/2020\/11\/ritrovato-56enne-bustocco-scomparso-casa-sta-bene\/1271140\/","og_site_name":"VareseNews","article_publisher":"https:\/\/www.facebook.com\/varesenews","article_published_time":"2020-11-03T11:06:16+00:00","article_modified_time":"2020-11-03T11:06:47+00:00","author":"Orlando Mastrillo","twitter_card":"summary_large_image","twitter_creator":"@nando_mastrillo","twitter_site":"@varesenews","twitter_misc":{"Scritto da":"Orlando Mastrillo"},"schema":{"@context":"https:\/\/schema.org","@graph":[{"@type":"WebPage","@id":"https:\/\/staging.varesenews.it\/2020\/11\/ritrovato-56enne-bustocco-scomparso-casa-sta-bene\/1271140\/","url":"https:\/\/staging.varesenews.it\/2020\/11\/ritrovato-56enne-bustocco-scomparso-casa-sta-bene\/1271140\/","name":"Ritrovato il 56enne bustocco scomparso, \u00e8 a casa e sta bene","isPartOf":{"@id":"https:\/\/staging.varesenews.it\/#website"},"datePublished":"2020-11-03T11:06:16+00:00","dateModified":"2020-11-03T11:06:47+00:00","author":{"@id":"https:\/\/staging.varesenews.it\/#\/schema\/person\/14c47ccce537a9058dddce296f10b296"},"description":"Buona notizia dopo l'allarme lanciato dai figli attraverso i social","breadcrumb":{"@id":"https:\/\/staging.varesenews.it\/2020\/11\/ritrovato-56enne-bustocco-scomparso-casa-sta-bene\/1271140\/#breadcrumb"},"inLanguage":"it-IT","potentialAction":[{"@type":"ReadAction","target":["https:\/\/staging.varesenews.it\/2020\/11\/ritrovato-56enne-bustocco-scomparso-casa-sta-bene\/1271140\/"]}]},{"@type":"BreadcrumbList","@id":"https:\/\/staging.varesenews.it\/2020\/11\/ritrovato-56enne-bustocco-scomparso-casa-sta-bene\/1271140\/#breadcrumb","itemListElement":[{"@type":"ListItem","position":1,"name":"Home","item":"https:\/\/www.varesenews.it\/"},{"@type":"ListItem","position":2,"name":"Ritrovato il 56enne bustocco scomparso, \u00e8 a casa e sta bene"}]},{"@type":"WebSite","@id":"https:\/\/staging.varesenews.it\/#website","url":"https:\/\/staging.varesenews.it\/","name":"VareseNews","description":"","potentialAction":[{"@type":"SearchAction","target":{"@type":"EntryPoint","urlTemplate":"https:\/\/staging.varesenews.it\/?s={search_term_string}"},"query-input":"required name=search_term_string"}],"inLanguage":"it-IT"},{"@type":"Person","@id":"https:\/\/staging.varesenews.it\/#\/schema\/person\/14c47ccce537a9058dddce296f10b296","name":"Orlando Mastrillo","image":{"@type":"ImageObject","inLanguage":"it-IT","@id":"https:\/\/staging.varesenews.it\/#\/schema\/person\/image\/","url":"https:\/\/staging.varesenews.it\/wp-content\/uploads\/2020\/12\/orlando_mastrillo_colori_500.jpg","contentUrl":"https:\/\/staging.varesenews.it\/wp-content\/uploads\/2020\/12\/orlando_mastrillo_colori_500.jpg","caption":"Orlando Mastrillo"},"description":"Nasco a Luino nel 1981, ho iniziato questo lavoro nell'estate del 2003 nella redazione de Il Giorno di Varese e dall'anno successivo ho intrapreso la collaborazione con VareseNews. Dopo anni nell'Alto Varesotto mi sono trasferito a Busto Arsizio nel 2007, territorio che ho iniziato a seguire e che seguo tutt'oggi. Nel 2013 sono diventato giornalista professionista. Mi occupo di cronaca politica, giudiziaria e nera in una vasta area che comprende anche parte della Valle Olona e il Legnanese. Sono sposato con Valeria Arini e ho due splendide figlie.","sameAs":["or_ma","https:\/\/twitter.com\/nando_mastrillo"],"url":"https:\/\/staging.varesenews.it\/persona\/orlando-mastrillo1\/"}]}},"post_meta":{"_edit_lock":"1604401609:47","_edit_last":"47","_category_permalink":"a:1:{s:8:\"category\";s:0:\"\";}","_encloseme":"1","ratings_users":"0","ratings_score":"0","ratings_average":"0","id_leggi_anche":"1271093","foto":"762848,1183912","firma_come_redazione":"1","argomento":"Busto Arsizio","_yoast_wpseo_content_score":"30","_jd_tweet_this":"yes","_wpt_short_url":"https:\/\/www.varesenews.it\/2020\/11\/ritrovato-56enne-bustocco-scomparso-casa-sta-bene\/1271140\/","_wp_jd_target":"https:\/\/www.varesenews.it\/2020\/11\/ritrovato-56enne-bustocco-scomparso-casa-sta-bene\/1271140\/","_jd_wp_twitter":"a:1:{i:0;s:164:\"Ritrovato il 56enne bustocco scomparso, \u00e8 a casa e sta bene https:\/\/www.varesenews.it\/2020\/11\/ritrovato-56enne-bustocco-scomparso-casa-sta-bene\/1271140\/ #scomparsi\";}","_wpt_status_message":"Tweet inviato con successo."},"photos":[{"original":"https:\/\/staging.varesenews.it\/photogallery_new\/images\/2019\/10\/carabinieri-notte-762848.jpg","full":"https:\/\/staging.varesenews.it\/photogallery_new\/images\/2019\/10\/carabinieri-notte-762848.1024x768.jpg","large":"https:\/\/staging.varesenews.it\/photogallery_new\/images\/2019\/10\/carabinieri-notte-762848.610x431.jpg"},{"original":"https:\/\/staging.varesenews.it\/photogallery_new\/images\/2020\/10\/ricerca-persona-maccagno-1183912.jpg","full":"https:\/\/staging.varesenews.it\/photogallery_new\/images\/2020\/10\/ricerca-persona-maccagno-1183912.1024x768.jpg","large":"https:\/\/staging.varesenews.it\/photogallery_new\/images\/2020\/10\/ricerca-persona-maccagno-1183912.610x431.jpg"}],"_links":{"self":[{"href":"https:\/\/staging.varesenews.it\/swgapi\/v1\/wp\/v2\/posts\/1271140"}],"collection":[{"href":"https:\/\/staging.varesenews.it\/swgapi\/v1\/wp\/v2\/posts"}],"about":[{"href":"https:\/\/staging.varesenews.it\/swgapi\/v1\/wp\/v2\/types\/post"}],"author":[{"embeddable":true,"href":"https:\/\/staging.varesenews.it\/swgapi\/v1\/wp\/v2\/users\/47"}],"replies":[{"embeddable":true,"href":"https:\/\/staging.varesenews.it\/swgapi\/v1\/wp\/v2\/comments?post=1271140"}],"version-history":[{"count":0,"href":"https:\/\/staging.varesenews.it\/swgapi\/v1\/wp\/v2\/posts\/1271140\/revisions"}],"wp:attachment":[{"href":"https:\/\/staging.varesenews.it\/swgapi\/v1\/wp\/v2\/media?parent=1271140"}],"wp:term":[{"taxonomy":"category","embeddable":true,"href":"https:\/\/staging.varesenews.it\/swgapi\/v1\/wp\/v2\/categories?post=1271140"},{"taxonomy":"post_tag","embeddable":true,"href":"https:\/\/staging.varesenews.it\/swgapi\/v1\/wp\/v2\/tags?post=1271140"}],"curies":[{"name":"wp","href":"https:\/\/api.w.org\/{rel}","templated":true}]}}