{"id":1271905,"date":"2020-11-04T18:26:47","date_gmt":"2020-11-04T17:26:47","guid":{"rendered":"https:\/\/www.varesenews.it\/?p=1271905"},"modified":"2020-11-04T18:26:47","modified_gmt":"2020-11-04T17:26:47","slug":"lockdown-confcommercio-ricadute-pesanti-sulleconomia","status":"publish","type":"post","link":"https:\/\/staging.varesenews.it\/2020\/11\/lockdown-confcommercio-ricadute-pesanti-sulleconomia\/1271905\/","title":{"rendered":"Nuovo lockdown, Confcommercio: &#8220;Ricadute pesanti sull&#8217;economia&#8221;"},"content":{"rendered":"<p>\u201cL\u2019istituzione della zona rossa in Lombardia per l\u2019emergenza Covid avrebbe ricadute pesantissime sulle attivit\u00e0 colpite in questo mese dalle chiusure: oltre 3,8 miliardi di euro di fatturato che saranno di fatto bruciati con la serrata obbligatoria di molti esercizi commerciali al dettaglio, tra cui la pressoch\u00e9 intera filiera dell\u2019abbigliamento, e delle attivit\u00e0 di somministrazione. Sarebbe, a tutti gli effetti, un nuovo lockdown\u201d: questo il commento di Confcommercio Lombardia in attesa della decisione sulla possibile \u201czona rossa\u201d.<\/p>\n<p>Complessivamente sarebbero costrette alla chiusura 102.542 attivit\u00e0 in tutta la Regione: perderebbero il 9% del fatturato annuo. \u201cInvece che ricorrere alla strategia del \u2018pi\u00f9 chiusure\u2019, che avrebbe dovuto essere solo l\u2019extrema ratio, sarebbero serviti coordinamento e programmazione, in modo da evitare pesanti ripercussioni economiche e sociali\u201d rileva Confcommercio Lombardia.<\/p>\n<p>\u201cNessuno vuole mettere in contrapposizione economia e tutela della salute, ma bisogna prendere atto \u2013 prosegue Confcommercio Lombardia &#8211; che migliaia di imprese sono gi\u00e0 piegate da mesi di sofferenza. Con la Lombardia in \u2018zona rossa\u2019 c\u2019\u00e8 il pericolo concreto di gravissime ricadute occupazionali nel terziario che nella regione d\u00e0 lavoro a 2 milioni e 265 mila persone. I ristori previsti dal Governo non sono sufficienti: \u00e8 impensabile non intervenire con nuove misure di sostegno per chi chiude. Ma \u00e8 fondamentale che queste misure siano adeguate e tempestive. A rischio c\u2019\u00e8 la tenuta non solo economica, ma anche sociale della Lombardia e di tutto il Paese\u201d.<\/p>\n","protected":false},"excerpt":{"rendered":"<p>&#8220;L\u2019istituzione della zona rossa in Lombardia per l\u2019emergenza Covid avrebbe ricadute pesantissime sulle attivit\u00e0 colpite in questo mese dalle chiusure&#8221; <\/p>\n","protected":false},"author":32,"featured_media":0,"comment_status":"open","ping_status":"open","sticky":false,"template":"","format":"standard","meta":{"footnotes":""},"categories":[15,2],"tags":[],"acf":[],"yoast_head":"<!-- This site is optimized with the Yoast SEO plugin v20.1 - https:\/\/yoast.com\/wordpress\/plugins\/seo\/ -->\n<title>Nuovo lockdown, Confcommercio: &quot;Ricadute pesanti sull&#039;economia&quot;<\/title>\n<meta name=\"description\" content=\"&quot;L\u2019istituzione della zona rossa in Lombardia per l\u2019emergenza Covid avrebbe ricadute pesantissime sulle attivit\u00e0 colpite in questo mese dalle chiusure&quot;\" \/>\n<meta name=\"robots\" content=\"noindex, follow, max-snippet:-1, max-image-preview:large, max-video-preview:-1\" \/>\n<meta property=\"og:locale\" content=\"it_IT\" \/>\n<meta property=\"og:type\" content=\"article\" \/>\n<meta property=\"og:title\" content=\"Nuovo lockdown, Confcommercio: &quot;Ricadute pesanti sull&#039;economia&quot;\" \/>\n<meta property=\"og:description\" content=\"&quot;L\u2019istituzione della zona rossa in Lombardia per l\u2019emergenza Covid avrebbe ricadute pesantissime sulle attivit\u00e0 colpite in questo mese dalle chiusure&quot;\" \/>\n<meta property=\"og:url\" content=\"https:\/\/staging.varesenews.it\/2020\/11\/lockdown-confcommercio-ricadute-pesanti-sulleconomia\/1271905\/\" \/>\n<meta property=\"og:site_name\" content=\"VareseNews\" \/>\n<meta property=\"article:publisher\" content=\"https:\/\/www.facebook.com\/varesenews\" \/>\n<meta property=\"article:published_time\" content=\"2020-11-04T17:26:47+00:00\" \/>\n<meta name=\"author\" content=\"Adelia Brigo\" \/>\n<meta name=\"twitter:card\" content=\"summary_large_image\" \/>\n<meta name=\"twitter:creator\" content=\"@AdeliaBrigo\" \/>\n<meta name=\"twitter:site\" content=\"@varesenews\" \/>\n<meta name=\"twitter:label1\" content=\"Scritto da\" \/>\n\t<meta name=\"twitter:data1\" content=\"Adelia Brigo\" \/>\n\t<meta name=\"twitter:label2\" content=\"Tempo di lettura stimato\" \/>\n\t<meta name=\"twitter:data2\" content=\"1 minuto\" \/>\n<script type=\"application\/ld+json\" class=\"yoast-schema-graph\">{\"@context\":\"https:\/\/schema.org\",\"@graph\":[{\"@type\":\"WebPage\",\"@id\":\"https:\/\/staging.varesenews.it\/2020\/11\/lockdown-confcommercio-ricadute-pesanti-sulleconomia\/1271905\/\",\"url\":\"https:\/\/staging.varesenews.it\/2020\/11\/lockdown-confcommercio-ricadute-pesanti-sulleconomia\/1271905\/\",\"name\":\"Nuovo lockdown, Confcommercio: \\\"Ricadute pesanti sull'economia\\\"\",\"isPartOf\":{\"@id\":\"https:\/\/staging.varesenews.it\/#website\"},\"datePublished\":\"2020-11-04T17:26:47+00:00\",\"dateModified\":\"2020-11-04T17:26:47+00:00\",\"author\":{\"@id\":\"https:\/\/staging.varesenews.it\/#\/schema\/person\/272ac0f5b2dbfd572218c2d86e013f1a\"},\"description\":\"\\\"L\u2019istituzione della zona rossa in Lombardia per l\u2019emergenza Covid avrebbe ricadute pesantissime sulle attivit\u00e0 colpite in questo mese dalle chiusure\\\"\",\"breadcrumb\":{\"@id\":\"https:\/\/staging.varesenews.it\/2020\/11\/lockdown-confcommercio-ricadute-pesanti-sulleconomia\/1271905\/#breadcrumb\"},\"inLanguage\":\"it-IT\",\"potentialAction\":[{\"@type\":\"ReadAction\",\"target\":[\"https:\/\/staging.varesenews.it\/2020\/11\/lockdown-confcommercio-ricadute-pesanti-sulleconomia\/1271905\/\"]}]},{\"@type\":\"BreadcrumbList\",\"@id\":\"https:\/\/staging.varesenews.it\/2020\/11\/lockdown-confcommercio-ricadute-pesanti-sulleconomia\/1271905\/#breadcrumb\",\"itemListElement\":[{\"@type\":\"ListItem\",\"position\":1,\"name\":\"Home\",\"item\":\"https:\/\/www.varesenews.it\/\"},{\"@type\":\"ListItem\",\"position\":2,\"name\":\"Nuovo lockdown, Confcommercio: &#8220;Ricadute pesanti sull&#8217;economia&#8221;\"}]},{\"@type\":\"WebSite\",\"@id\":\"https:\/\/staging.varesenews.it\/#website\",\"url\":\"https:\/\/staging.varesenews.it\/\",\"name\":\"VareseNews\",\"description\":\"\",\"potentialAction\":[{\"@type\":\"SearchAction\",\"target\":{\"@type\":\"EntryPoint\",\"urlTemplate\":\"https:\/\/staging.varesenews.it\/?s={search_term_string}\"},\"query-input\":\"required name=search_term_string\"}],\"inLanguage\":\"it-IT\"},{\"@type\":\"Person\",\"@id\":\"https:\/\/staging.varesenews.it\/#\/schema\/person\/272ac0f5b2dbfd572218c2d86e013f1a\",\"name\":\"Adelia Brigo\",\"image\":{\"@type\":\"ImageObject\",\"inLanguage\":\"it-IT\",\"@id\":\"https:\/\/staging.varesenews.it\/#\/schema\/person\/image\/\",\"url\":\"https:\/\/staging.varesenews.it\/wp-content\/uploads\/2020\/12\/adelia_brigo_colori_500.jpg\",\"contentUrl\":\"https:\/\/staging.varesenews.it\/wp-content\/uploads\/2020\/12\/adelia_brigo_colori_500.jpg\",\"caption\":\"Adelia Brigo\"},\"description\":\"Giornalista pubblicista, lavoro a VareseNews dal 2007 e mi occupo di cronaca locale e del settore dedicato alla cultura. In questi anni ho seguito diversi progetti di comunicazione, amo sperimentare strategie per i Social Network e raccontare storie. Varesina, classe 1984, sono laureata in Scienze della Comunicazione.&nbsp;\",\"sameAs\":[\"AdeliaBrigo\",\"https:\/\/twitter.com\/AdeliaBrigo\"],\"url\":\"https:\/\/staging.varesenews.it\/persona\/adelia_brigo\/\"}]}<\/script>\n<!-- \/ Yoast SEO plugin. -->","yoast_head_json":{"title":"Nuovo lockdown, Confcommercio: \"Ricadute pesanti sull'economia\"","description":"\"L\u2019istituzione della zona rossa in Lombardia per l\u2019emergenza Covid avrebbe ricadute pesantissime sulle attivit\u00e0 colpite in questo mese dalle chiusure\"","robots":{"index":"noindex","follow":"follow","max-snippet":"max-snippet:-1","max-image-preview":"max-image-preview:large","max-video-preview":"max-video-preview:-1"},"og_locale":"it_IT","og_type":"article","og_title":"Nuovo lockdown, Confcommercio: \"Ricadute pesanti sull'economia\"","og_description":"\"L\u2019istituzione della zona rossa in Lombardia per l\u2019emergenza Covid avrebbe ricadute pesantissime sulle attivit\u00e0 colpite in questo mese dalle chiusure\"","og_url":"https:\/\/staging.varesenews.it\/2020\/11\/lockdown-confcommercio-ricadute-pesanti-sulleconomia\/1271905\/","og_site_name":"VareseNews","article_publisher":"https:\/\/www.facebook.com\/varesenews","article_published_time":"2020-11-04T17:26:47+00:00","author":"Adelia Brigo","twitter_card":"summary_large_image","twitter_creator":"@AdeliaBrigo","twitter_site":"@varesenews","twitter_misc":{"Scritto da":"Adelia Brigo","Tempo di lettura stimato":"1 minuto"},"schema":{"@context":"https:\/\/schema.org","@graph":[{"@type":"WebPage","@id":"https:\/\/staging.varesenews.it\/2020\/11\/lockdown-confcommercio-ricadute-pesanti-sulleconomia\/1271905\/","url":"https:\/\/staging.varesenews.it\/2020\/11\/lockdown-confcommercio-ricadute-pesanti-sulleconomia\/1271905\/","name":"Nuovo lockdown, Confcommercio: \"Ricadute pesanti sull'economia\"","isPartOf":{"@id":"https:\/\/staging.varesenews.it\/#website"},"datePublished":"2020-11-04T17:26:47+00:00","dateModified":"2020-11-04T17:26:47+00:00","author":{"@id":"https:\/\/staging.varesenews.it\/#\/schema\/person\/272ac0f5b2dbfd572218c2d86e013f1a"},"description":"\"L\u2019istituzione della zona rossa in Lombardia per l\u2019emergenza Covid avrebbe ricadute pesantissime sulle attivit\u00e0 colpite in questo mese dalle chiusure\"","breadcrumb":{"@id":"https:\/\/staging.varesenews.it\/2020\/11\/lockdown-confcommercio-ricadute-pesanti-sulleconomia\/1271905\/#breadcrumb"},"inLanguage":"it-IT","potentialAction":[{"@type":"ReadAction","target":["https:\/\/staging.varesenews.it\/2020\/11\/lockdown-confcommercio-ricadute-pesanti-sulleconomia\/1271905\/"]}]},{"@type":"BreadcrumbList","@id":"https:\/\/staging.varesenews.it\/2020\/11\/lockdown-confcommercio-ricadute-pesanti-sulleconomia\/1271905\/#breadcrumb","itemListElement":[{"@type":"ListItem","position":1,"name":"Home","item":"https:\/\/www.varesenews.it\/"},{"@type":"ListItem","position":2,"name":"Nuovo lockdown, Confcommercio: &#8220;Ricadute pesanti sull&#8217;economia&#8221;"}]},{"@type":"WebSite","@id":"https:\/\/staging.varesenews.it\/#website","url":"https:\/\/staging.varesenews.it\/","name":"VareseNews","description":"","potentialAction":[{"@type":"SearchAction","target":{"@type":"EntryPoint","urlTemplate":"https:\/\/staging.varesenews.it\/?s={search_term_string}"},"query-input":"required name=search_term_string"}],"inLanguage":"it-IT"},{"@type":"Person","@id":"https:\/\/staging.varesenews.it\/#\/schema\/person\/272ac0f5b2dbfd572218c2d86e013f1a","name":"Adelia Brigo","image":{"@type":"ImageObject","inLanguage":"it-IT","@id":"https:\/\/staging.varesenews.it\/#\/schema\/person\/image\/","url":"https:\/\/staging.varesenews.it\/wp-content\/uploads\/2020\/12\/adelia_brigo_colori_500.jpg","contentUrl":"https:\/\/staging.varesenews.it\/wp-content\/uploads\/2020\/12\/adelia_brigo_colori_500.jpg","caption":"Adelia Brigo"},"description":"Giornalista pubblicista, lavoro a VareseNews dal 2007 e mi occupo di cronaca locale e del settore dedicato alla cultura. In questi anni ho seguito diversi progetti di comunicazione, amo sperimentare strategie per i Social Network e raccontare storie. Varesina, classe 1984, sono laureata in Scienze della Comunicazione.&nbsp;","sameAs":["AdeliaBrigo","https:\/\/twitter.com\/AdeliaBrigo"],"url":"https:\/\/staging.varesenews.it\/persona\/adelia_brigo\/"}]}},"post_meta":{"_edit_lock":"1604510730:32","_edit_last":"32","_category_permalink":"a:1:{s:8:\"category\";s:2:\"15\";}","_encloseme":"1","ratings_users":"0","ratings_score":"0","ratings_average":"0","foto":"550733","firma_come_redazione":"1","argomento":"Varese","_yoast_wpseo_content_score":"30","_jd_tweet_this":"yes","_wpt_short_url":"https:\/\/www.varesenews.it\/2020\/11\/lockdown-confcommercio-ricadute-pesanti-sulleconomia\/1271905\/","_wp_jd_target":"https:\/\/www.varesenews.it\/2020\/11\/lockdown-confcommercio-ricadute-pesanti-sulleconomia\/1271905\/","_jd_wp_twitter":"a:1:{i:0;s:166:\"Nuovo lockdown, Confcommercio: \u201cRicadute pesanti sull\u2019economia\u201d https:\/\/www.varesenews.it\/2020\/11\/lockdown-confcommercio-ricadute-pesanti-sulleconomia\/1271905\/ \";}","_wpt_status_message":"Tweet inviato con successo."},"photos":[{"original":"https:\/\/staging.varesenews.it\/photogallery_new\/images\/2016\/07\/economia-generiche-550733.jpg","full":"https:\/\/staging.varesenews.it\/photogallery_new\/images\/2016\/07\/economia-generiche-550733.1024x768.jpg","large":"https:\/\/staging.varesenews.it\/photogallery_new\/images\/2016\/07\/economia-generiche-550733.610x431.jpg"}],"_links":{"self":[{"href":"https:\/\/staging.varesenews.it\/swgapi\/v1\/wp\/v2\/posts\/1271905"}],"collection":[{"href":"https:\/\/staging.varesenews.it\/swgapi\/v1\/wp\/v2\/posts"}],"about":[{"href":"https:\/\/staging.varesenews.it\/swgapi\/v1\/wp\/v2\/types\/post"}],"author":[{"embeddable":true,"href":"https:\/\/staging.varesenews.it\/swgapi\/v1\/wp\/v2\/users\/32"}],"replies":[{"embeddable":true,"href":"https:\/\/staging.varesenews.it\/swgapi\/v1\/wp\/v2\/comments?post=1271905"}],"version-history":[{"count":0,"href":"https:\/\/staging.varesenews.it\/swgapi\/v1\/wp\/v2\/posts\/1271905\/revisions"}],"wp:attachment":[{"href":"https:\/\/staging.varesenews.it\/swgapi\/v1\/wp\/v2\/media?parent=1271905"}],"wp:term":[{"taxonomy":"category","embeddable":true,"href":"https:\/\/staging.varesenews.it\/swgapi\/v1\/wp\/v2\/categories?post=1271905"},{"taxonomy":"post_tag","embeddable":true,"href":"https:\/\/staging.varesenews.it\/swgapi\/v1\/wp\/v2\/tags?post=1271905"}],"curies":[{"name":"wp","href":"https:\/\/api.w.org\/{rel}","templated":true}]}}