{"id":1273104,"date":"2020-11-08T16:52:06","date_gmt":"2020-11-08T15:52:06","guid":{"rendered":"https:\/\/www.varesenews.it\/?p=1273104"},"modified":"2020-11-08T16:52:06","modified_gmt":"2020-11-08T15:52:06","slug":"elezioni-usa-ora-cosa-succede","status":"publish","type":"post","link":"https:\/\/staging.varesenews.it\/2020\/11\/elezioni-usa-ora-cosa-succede\/1273104\/","title":{"rendered":"Elezioni Usa: e ora cosa succede?"},"content":{"rendered":"<p>Nella notte tra sabato <strong>7<\/strong> e domenica <strong>8 novembre<\/strong> (ore italiane)\u00a0<a href=\"https:\/\/www.varesenews.it\/2020\/11\/biden-conquista-la-pennsylvania-diventa-presidente-degli-stati-uniti\/1272943\/\"><strong>Joe Biden<\/strong> <\/a>ha tenuto il suo primo discorso da presidente eletto degli <strong>Stati Uniti d&#8217;America <\/strong>a<strong> Wilmington, <\/strong>in<strong> Delaware <\/strong>davanti a molti suoi\u00a0sostenitori, che, per rispettare le distanze di sicurezza, hanno ideato una sorta di comizio drive-in con le proprie macchine.<\/p>\n<p>Biden \u00e8 stato preceduto da\u00a0<strong>Kamala Harris, <\/strong>la prima donna vicepresidente, che ha ringraziato la folla per aver votato lei e Biden; Harris ha insistito molto nel suo discorso sul senso della democrazia, citando <a href=\"https:\/\/www.ilpost.it\/2020\/07\/18\/john-lewis-morto\/\"><strong>John Lewis<\/strong><\/a>, deputato delle<strong> Georgia<\/strong> e militante per i diritti civili degli anni Sessanta, scomparso pochi mesi fa:\u00a0\u00abJohn Lewis diceva che la democrazia \u00e8 un atto e intendeva dire che non \u00e8 qualcosa di garantito\u00bb, ha commentato, continuando a dire che la democrazia va protetta con forza e sacrificio.<\/p>\n<p>Cos\u00ec facendo, la vicepresidente si \u00e8 rivolta agli elettori statunitensi come coloro che hanno assicurato la tenuta della democrazia durante queste elezioni: \u00abAvete protetto l&#8217;integrit\u00e0 della nostra democrazia. Avete votato: avete scelto la speranza, la scienza e la verit\u00e0\u00bb.<\/p>\n<div class=\"responsive-video\"><iframe loading=\"lazy\" width=\"500\" height=\"281\" src=\"https:\/\/www.youtube.com\/embed\/2Q78XXkhx0o?feature=oembed\" frameborder=\"0\" allow=\"accelerometer; autoplay; clipboard-write; encrypted-media; gyroscope; picture-in-picture\" allowfullscreen><\/iframe><\/div>\n<h6 style=\"text-align: center;\">Il discorso di Kamala Harris e Joe Biden a Wilmington<\/h6>\n<p>Harris, prima di presentare Biden (arrivato sul palco sulle note di <em>We take care of our own<\/em> di Bruce Springsteen), ha concluso ringraziando la sua famiglia, in particolare la madre <strong>Shyamala Gopalan<\/strong>, la vera\u00a0\u00abresponsabile della mia presenza qui\u00bb:\u00a0\u00abQuando venne qui dall&#8217;India, all&#8217;et\u00e0 di 19 anni, non poteva immaginarsi questo momento, ma lei credeva profondamente nell&#8217;America, dove momenti di questo calibro sono possibili\u00bb, ha affermato. Harris poi, allargando il discorso e rivolgendosi a tutte le donne, ha concluso cos\u00ec: \u00abSono la prima donna vicepresidente, ma non l&#8217;ultima, perch\u00e9 <strong>ogni bambina che ci sta guardando stasera veda che questo \u00e8 il paese delle possibilit\u00e0<\/strong>\u00bb.<\/p>\n<p>Il discorso di Biden \u00e8 stato molto generico, come ha scritto anche <a href=\"https:\/\/www.ilpost.it\/2020\/11\/08\/biden-discorso-vittoria-elezioni-usa\/\">Il post<\/a>, sulle premesse e sulle modalit\u00e0 di impostazione della presidenza; piuttosto, le sue parole hanno posto l&#8217;accento sull&#8217;unit\u00e0 e sul recupero dello <strong>spirito americano.\u00a0<\/strong><\/p>\n<p>Senza mai nominare direttamente l&#8217;avversario, <strong>Donald Trump<\/strong>, Biden ha esortato tutti all&#8217;unit\u00e0, in quanto gli Stati Uniti non si devono dividere in stati rossi (che hanno votato il Partito Repubblicano) e stati blu (che hanno votato il Partito Democratico):\u00a0\u00abPer fare progressi dobbiamo smettere di considerare i nostri avversari come nemici. Non sono nemici, sono americani. Diamoci un\u2019altra possibilit\u00e0\u00bb.<\/p>\n<p><strong>E QUINDI TRUMP?<\/strong><\/p>\n<p>L&#8217;ormai ex presidente Trump, al momento dell&#8217;annuncio della vittoria di Biden e Harris da parte di Cnn e degli altri media americani, si trovava nella sua tenuta in <strong>Virginia<\/strong>, a giocare a golf. Secondo le previsioni di molti media americani <a href=\"https:\/\/www.ilpost.it\/2020\/11\/08\/trump-vittoria-biden-elezioni-usa\/\">non avrebbe intenzione di riconoscere la sconfitta n\u00e9 di invitare Biden alla <strong>Casa Bianca<\/strong> come da tradizione<\/a>.<\/p>\n<p>Posto che lo scrutinio \u00e8 ancora in corso in alcuni stati (<strong>Georgia<\/strong>, <strong>North Carolina<\/strong>, <strong>Alaska<\/strong> e <strong>Arizona<\/strong>), e che quindi i voti ricevuti da Biden possano superare gli attuali, Trump ha gi\u00e0 chiesto il riconteggio delle schede elettorali dove ha perso di un margine inferiore allo 0.5%.<\/p>\n<p>A quanto dice il &#8220;New York Times&#8221; sono gi\u00e0 in atto i procedimenti di transizione e di &#8220;passaggio del testimone&#8221; e alcuni dello staff della Casa Bianca hanno iniziato a mandare cv in cerca di un nuovo lavoro.\u00a0\u00abCi sono dei piccoli segnali, comunque, che Trump si stia abituando all\u2019idea che non ci sia pi\u00f9 molto da fare. Dopo aver valutato di tenere uno dei suoi partecipatissimi comizi, alcuni collaboratori hanno raccontato al New York Times che passer\u00e0 invece qualche giorno nel suo club di Mar-a-Lago, in Florida\u00bb, <a href=\"https:\/\/www.ilpost.it\/2020\/11\/08\/trump-vittoria-biden-elezioni-usa\/\">scrive &#8220;Il Post&#8221;<\/a>. Sempre nell&#8217;articolo de &#8220;Il Post&#8221; si legge che\u00a0CNN sostiene che <strong>Jared Kushner<\/strong>, marito di sua figlia Ivanka e suo fidato collaboratore, gli abbia parlato della possibilit\u00e0 di riconoscere la sconfitta, ma la notizia non \u00e8 stata confermata da altre fonti.<\/p>\n<p>Fino al <strong>20 gennaio<\/strong>, la data di insediamento di Biden come presidente, ecco cosa succeder\u00e0 in questi mesi di interregno:<\/p>\n<ul>\n<li>14 dicembre: riunione dei grandi elettori per confermare l&#8217;elezione del presidente Joe Biden;<\/li>\n<li>6 gennaio: Mike Pence certificher\u00e0 il voto dei grandi elettori al Senato;<\/li>\n<li>20 gennaio: fine del mandato di Trump e inizio di quello di Biden<\/li>\n<\/ul>\n","protected":false},"excerpt":{"rendered":"<p>Joe Biden e Kamala Harris sono stati eletti presidente e vicepresidente degli Stati Uniti d&#8217;America, ma ora che succede? E Trump, accetter\u00e0 la sconfitta?<\/p>\n","protected":false},"author":15866,"featured_media":0,"comment_status":"open","ping_status":"open","sticky":false,"template":"","format":"standard","meta":{"footnotes":""},"categories":[9],"tags":[98207,57019,110064,110123,948],"acf":[],"yoast_head":"<!-- This site is optimized with the Yoast SEO plugin v20.1 - https:\/\/yoast.com\/wordpress\/plugins\/seo\/ -->\n<title>Elezioni Usa: e ora cosa succede?<\/title>\n<meta name=\"description\" content=\"Joe Biden e Kamala Harris sono stati eletti presidente e vicepresidente degli Stati Uniti d&#039;America, ma ora che succede? E Trump, accetter\u00e0 la sconfitta?\" \/>\n<meta name=\"robots\" content=\"noindex, follow, max-snippet:-1, max-image-preview:large, max-video-preview:-1\" \/>\n<meta property=\"og:locale\" content=\"it_IT\" \/>\n<meta property=\"og:type\" content=\"article\" \/>\n<meta property=\"og:title\" content=\"Elezioni Usa: e ora cosa succede?\" \/>\n<meta property=\"og:description\" content=\"Joe Biden e Kamala Harris sono stati eletti presidente e vicepresidente degli Stati Uniti d&#039;America, ma ora che succede? E Trump, accetter\u00e0 la sconfitta?\" \/>\n<meta property=\"og:url\" content=\"https:\/\/staging.varesenews.it\/2020\/11\/elezioni-usa-ora-cosa-succede\/1273104\/\" \/>\n<meta property=\"og:site_name\" content=\"VareseNews\" \/>\n<meta property=\"article:publisher\" content=\"https:\/\/www.facebook.com\/varesenews\" \/>\n<meta property=\"article:published_time\" content=\"2020-11-08T15:52:06+00:00\" \/>\n<meta name=\"author\" content=\"Nicole Erbetti\" \/>\n<meta name=\"twitter:card\" content=\"summary_large_image\" \/>\n<meta name=\"twitter:creator\" content=\"@varesenews\" \/>\n<meta name=\"twitter:site\" content=\"@varesenews\" \/>\n<meta name=\"twitter:label1\" content=\"Scritto da\" \/>\n\t<meta name=\"twitter:data1\" content=\"Nicole Erbetti\" \/>\n\t<meta name=\"twitter:label2\" content=\"Tempo di lettura stimato\" \/>\n\t<meta name=\"twitter:data2\" content=\"3 minuti\" \/>\n<script type=\"application\/ld+json\" class=\"yoast-schema-graph\">{\"@context\":\"https:\/\/schema.org\",\"@graph\":[{\"@type\":\"WebPage\",\"@id\":\"https:\/\/staging.varesenews.it\/2020\/11\/elezioni-usa-ora-cosa-succede\/1273104\/\",\"url\":\"https:\/\/staging.varesenews.it\/2020\/11\/elezioni-usa-ora-cosa-succede\/1273104\/\",\"name\":\"Elezioni Usa: e ora cosa succede?\",\"isPartOf\":{\"@id\":\"https:\/\/staging.varesenews.it\/#website\"},\"datePublished\":\"2020-11-08T15:52:06+00:00\",\"dateModified\":\"2020-11-08T15:52:06+00:00\",\"author\":{\"@id\":\"https:\/\/staging.varesenews.it\/#\/schema\/person\/8b180378471627e56865b54b75644650\"},\"description\":\"Joe Biden e Kamala Harris sono stati eletti presidente e vicepresidente degli Stati Uniti d'America, ma ora che succede? E Trump, accetter\u00e0 la sconfitta?\",\"breadcrumb\":{\"@id\":\"https:\/\/staging.varesenews.it\/2020\/11\/elezioni-usa-ora-cosa-succede\/1273104\/#breadcrumb\"},\"inLanguage\":\"it-IT\",\"potentialAction\":[{\"@type\":\"ReadAction\",\"target\":[\"https:\/\/staging.varesenews.it\/2020\/11\/elezioni-usa-ora-cosa-succede\/1273104\/\"]}]},{\"@type\":\"BreadcrumbList\",\"@id\":\"https:\/\/staging.varesenews.it\/2020\/11\/elezioni-usa-ora-cosa-succede\/1273104\/#breadcrumb\",\"itemListElement\":[{\"@type\":\"ListItem\",\"position\":1,\"name\":\"Home\",\"item\":\"https:\/\/www.varesenews.it\/\"},{\"@type\":\"ListItem\",\"position\":2,\"name\":\"Elezioni Usa: e ora cosa succede?\"}]},{\"@type\":\"WebSite\",\"@id\":\"https:\/\/staging.varesenews.it\/#website\",\"url\":\"https:\/\/staging.varesenews.it\/\",\"name\":\"VareseNews\",\"description\":\"\",\"potentialAction\":[{\"@type\":\"SearchAction\",\"target\":{\"@type\":\"EntryPoint\",\"urlTemplate\":\"https:\/\/staging.varesenews.it\/?s={search_term_string}\"},\"query-input\":\"required name=search_term_string\"}],\"inLanguage\":\"it-IT\"},{\"@type\":\"Person\",\"@id\":\"https:\/\/staging.varesenews.it\/#\/schema\/person\/8b180378471627e56865b54b75644650\",\"name\":\"Nicole Erbetti\",\"image\":{\"@type\":\"ImageObject\",\"inLanguage\":\"it-IT\",\"@id\":\"https:\/\/staging.varesenews.it\/#\/schema\/person\/image\/\",\"url\":\"https:\/\/staging.varesenews.it\/wp-content\/uploads\/2020\/12\/nicole_erbetti_colori_500.jpg\",\"contentUrl\":\"https:\/\/staging.varesenews.it\/wp-content\/uploads\/2020\/12\/nicole_erbetti_colori_500.jpg\",\"caption\":\"Nicole Erbetti\"},\"description\":\"Classe 1995 e una laurea in Lettere. \u201cNata\u201d a VareseNews nel 2019 e co-responsabile di MalpensaNews. Mi occupo di cronaca politica e di storie in quella biosfera a met\u00e0 tra la vecchia anima provinciale e la Milano metropolitana che \u00e8 il gallaratese: insomma, \u00e8 un po\u2019 in bilico come me. Quando non scrivo leggo, recito, contemplo il Lago Maggiore o scappo in un paesaggio alpino.\u00a0\",\"url\":\"https:\/\/staging.varesenews.it\/persona\/nicole-erbetti\/\"}]}<\/script>\n<!-- \/ Yoast SEO plugin. -->","yoast_head_json":{"title":"Elezioni Usa: e ora cosa succede?","description":"Joe Biden e Kamala Harris sono stati eletti presidente e vicepresidente degli Stati Uniti d'America, ma ora che succede? E Trump, accetter\u00e0 la sconfitta?","robots":{"index":"noindex","follow":"follow","max-snippet":"max-snippet:-1","max-image-preview":"max-image-preview:large","max-video-preview":"max-video-preview:-1"},"og_locale":"it_IT","og_type":"article","og_title":"Elezioni Usa: e ora cosa succede?","og_description":"Joe Biden e Kamala Harris sono stati eletti presidente e vicepresidente degli Stati Uniti d'America, ma ora che succede? E Trump, accetter\u00e0 la sconfitta?","og_url":"https:\/\/staging.varesenews.it\/2020\/11\/elezioni-usa-ora-cosa-succede\/1273104\/","og_site_name":"VareseNews","article_publisher":"https:\/\/www.facebook.com\/varesenews","article_published_time":"2020-11-08T15:52:06+00:00","author":"Nicole Erbetti","twitter_card":"summary_large_image","twitter_creator":"@varesenews","twitter_site":"@varesenews","twitter_misc":{"Scritto da":"Nicole Erbetti","Tempo di lettura stimato":"3 minuti"},"schema":{"@context":"https:\/\/schema.org","@graph":[{"@type":"WebPage","@id":"https:\/\/staging.varesenews.it\/2020\/11\/elezioni-usa-ora-cosa-succede\/1273104\/","url":"https:\/\/staging.varesenews.it\/2020\/11\/elezioni-usa-ora-cosa-succede\/1273104\/","name":"Elezioni Usa: e ora cosa succede?","isPartOf":{"@id":"https:\/\/staging.varesenews.it\/#website"},"datePublished":"2020-11-08T15:52:06+00:00","dateModified":"2020-11-08T15:52:06+00:00","author":{"@id":"https:\/\/staging.varesenews.it\/#\/schema\/person\/8b180378471627e56865b54b75644650"},"description":"Joe Biden e Kamala Harris sono stati eletti presidente e vicepresidente degli Stati Uniti d'America, ma ora che succede? E Trump, accetter\u00e0 la sconfitta?","breadcrumb":{"@id":"https:\/\/staging.varesenews.it\/2020\/11\/elezioni-usa-ora-cosa-succede\/1273104\/#breadcrumb"},"inLanguage":"it-IT","potentialAction":[{"@type":"ReadAction","target":["https:\/\/staging.varesenews.it\/2020\/11\/elezioni-usa-ora-cosa-succede\/1273104\/"]}]},{"@type":"BreadcrumbList","@id":"https:\/\/staging.varesenews.it\/2020\/11\/elezioni-usa-ora-cosa-succede\/1273104\/#breadcrumb","itemListElement":[{"@type":"ListItem","position":1,"name":"Home","item":"https:\/\/www.varesenews.it\/"},{"@type":"ListItem","position":2,"name":"Elezioni Usa: e ora cosa succede?"}]},{"@type":"WebSite","@id":"https:\/\/staging.varesenews.it\/#website","url":"https:\/\/staging.varesenews.it\/","name":"VareseNews","description":"","potentialAction":[{"@type":"SearchAction","target":{"@type":"EntryPoint","urlTemplate":"https:\/\/staging.varesenews.it\/?s={search_term_string}"},"query-input":"required name=search_term_string"}],"inLanguage":"it-IT"},{"@type":"Person","@id":"https:\/\/staging.varesenews.it\/#\/schema\/person\/8b180378471627e56865b54b75644650","name":"Nicole Erbetti","image":{"@type":"ImageObject","inLanguage":"it-IT","@id":"https:\/\/staging.varesenews.it\/#\/schema\/person\/image\/","url":"https:\/\/staging.varesenews.it\/wp-content\/uploads\/2020\/12\/nicole_erbetti_colori_500.jpg","contentUrl":"https:\/\/staging.varesenews.it\/wp-content\/uploads\/2020\/12\/nicole_erbetti_colori_500.jpg","caption":"Nicole Erbetti"},"description":"Classe 1995 e una laurea in Lettere. \u201cNata\u201d a VareseNews nel 2019 e co-responsabile di MalpensaNews. Mi occupo di cronaca politica e di storie in quella biosfera a met\u00e0 tra la vecchia anima provinciale e la Milano metropolitana che \u00e8 il gallaratese: insomma, \u00e8 un po\u2019 in bilico come me. Quando non scrivo leggo, recito, contemplo il Lago Maggiore o scappo in un paesaggio alpino.\u00a0","url":"https:\/\/staging.varesenews.it\/persona\/nicole-erbetti\/"}]}},"post_meta":{"_edit_lock":"1604850750:15866","_edit_last":"15866","_category_permalink":"a:1:{s:8:\"category\";s:0:\"\";}","argomento":"USA","_yoast_wpseo_focuskw_text_input":"Usa","_yoast_wpseo_focuskw":"Usa","_yoast_wpseo_linkdex":"61","_yoast_wpseo_content_score":"30","_jd_tweet_this":"yes","_oembed_ebb57e59daf9b282feda2f41057d8d17":"<iframe width=\"675\" height=\"380\" src=\"https:\/\/www.youtube.com\/embed\/2Q78XXkhx0o?feature=oembed\" frameborder=\"0\" allow=\"accelerometer; autoplay; clipboard-write; encrypted-media; gyroscope; picture-in-picture\" allowfullscreen><\/iframe>","_oembed_time_ebb57e59daf9b282feda2f41057d8d17":"1604847185","_oembed_4da8e0a72247dfb71b1c5219f463ab02":"<iframe width=\"500\" height=\"281\" src=\"https:\/\/www.youtube.com\/embed\/2Q78XXkhx0o?feature=oembed\" frameborder=\"0\" allow=\"accelerometer; autoplay; clipboard-write; encrypted-media; gyroscope; picture-in-picture\" allowfullscreen><\/iframe>","_oembed_time_4da8e0a72247dfb71b1c5219f463ab02":"1604848178","_oembed_0f3bc7479b39941ff66bc3021629d8a0":"<iframe width=\"679\" height=\"382\" src=\"https:\/\/www.youtube.com\/embed\/2Q78XXkhx0o?feature=oembed\" frameborder=\"0\" allow=\"accelerometer; autoplay; clipboard-write; encrypted-media; gyroscope; picture-in-picture\" allowfullscreen><\/iframe>","_oembed_time_0f3bc7479b39941ff66bc3021629d8a0":"1604848184","_oembed_5bbf369f2ae7e7a34bd3b0af91de0c48":"<iframe width=\"697\" height=\"392\" src=\"https:\/\/www.youtube.com\/embed\/2Q78XXkhx0o?feature=oembed\" frameborder=\"0\" allow=\"accelerometer; autoplay; clipboard-write; encrypted-media; gyroscope; picture-in-picture\" allowfullscreen><\/iframe>","_oembed_time_5bbf369f2ae7e7a34bd3b0af91de0c48":"1604848763","id_leggi_anche":"1271694,1271597,1270420,975532,975148","foto":"1186170","_encloseme":"1","ratings_users":"0","ratings_score":"0","ratings_average":"0","_wpt_short_url":"https:\/\/www.varesenews.it\/2020\/11\/elezioni-usa-ora-cosa-succede\/1273104\/","_wp_jd_target":"https:\/\/www.varesenews.it\/2020\/11\/elezioni-usa-ora-cosa-succede\/1273104\/","_jd_wp_twitter":"a:1:{i:0;s:142:\"Elezioni Usa: e ora cosa succede? https:\/\/www.varesenews.it\/2020\/11\/elezioni-usa-ora-cosa-succede\/1273104\/ #donaldtrump #elezioniusa #joebiden\";}","_wpt_status_message":"Tweet inviato con successo."},"photos":[{"original":"https:\/\/staging.varesenews.it\/photogallery_new\/images\/2020\/11\/generica-2020-1186170.jpg","full":"https:\/\/staging.varesenews.it\/photogallery_new\/images\/2020\/11\/generica-2020-1186170.1024x768.jpg","large":"https:\/\/staging.varesenews.it\/photogallery_new\/images\/2020\/11\/generica-2020-1186170.610x431.jpg"}],"_links":{"self":[{"href":"https:\/\/staging.varesenews.it\/swgapi\/v1\/wp\/v2\/posts\/1273104"}],"collection":[{"href":"https:\/\/staging.varesenews.it\/swgapi\/v1\/wp\/v2\/posts"}],"about":[{"href":"https:\/\/staging.varesenews.it\/swgapi\/v1\/wp\/v2\/types\/post"}],"author":[{"embeddable":true,"href":"https:\/\/staging.varesenews.it\/swgapi\/v1\/wp\/v2\/users\/15866"}],"replies":[{"embeddable":true,"href":"https:\/\/staging.varesenews.it\/swgapi\/v1\/wp\/v2\/comments?post=1273104"}],"version-history":[{"count":0,"href":"https:\/\/staging.varesenews.it\/swgapi\/v1\/wp\/v2\/posts\/1273104\/revisions"}],"wp:attachment":[{"href":"https:\/\/staging.varesenews.it\/swgapi\/v1\/wp\/v2\/media?parent=1273104"}],"wp:term":[{"taxonomy":"category","embeddable":true,"href":"https:\/\/staging.varesenews.it\/swgapi\/v1\/wp\/v2\/categories?post=1273104"},{"taxonomy":"post_tag","embeddable":true,"href":"https:\/\/staging.varesenews.it\/swgapi\/v1\/wp\/v2\/tags?post=1273104"}],"curies":[{"name":"wp","href":"https:\/\/api.w.org\/{rel}","templated":true}]}}