{"id":1274400,"date":"2020-11-12T10:03:12","date_gmt":"2020-11-12T09:03:12","guid":{"rendered":"https:\/\/www.varesenews.it\/?p=1274400"},"modified":"2020-11-12T10:08:49","modified_gmt":"2020-11-12T09:08:49","slug":"cat-stevens-un-folk-rock-piaceva-tutti","status":"publish","type":"post","link":"https:\/\/staging.varesenews.it\/2020\/11\/cat-stevens-un-folk-rock-piaceva-tutti\/1274400\/","title":{"rendered":"Cat Stevens, un folk rock che piaceva a tutti"},"content":{"rendered":"<p>Nonostante all\u2018epoca (ma senza Internet) fossimo dei gran cercatori di dischi, per noi la carriera di Cat Stevens iniziava nel 1970 con Mona Bone Jakon, l\u2019album con Lady D\u2019Arbanville.<\/p>\n<p>In realt\u00e0 il nostro Steven Demetre Georgiou gi\u00e0 nel 1967 aveva pubblicato due album pop: il primo era finito addirittura nella Top Ten inglese, mentre il secondo &#8211; con la famosa The first cut is the deepest, della quale esistono tante cover &#8211; and\u00f2 maluccio. Il Cat poi si ammal\u00f2 di una grave tubercolosi che quasi lo mand\u00f2 all\u2019altro mondo, e una volta ripresosi decise di dare una svolta alla sua musica, virando verso quelle suggestioni folk-rock che lo resero celebre in tutto il mondo. E col secondo disco della seconda fase, appunto questo Tea for the tillerman, centr\u00f2 l\u2019obiettivo: successone da entrambe le parti dell\u2019oceano. Gli ingredienti c\u2019erano tutti: una visione del mondo molto pulita, ecologista, con una semplicit\u00e0 evocata sin dalle copertine da libro per bambini (che disegnava lui stesso). Ma il tutto con una qualit\u00e0 compositiva altissima: la tracklist \u00e8 da paura, tanto che probabilmente, anche se la carriera dura ancora oggi e vedremo altre ottime sue cose, questo resta il suo disco migliore.<\/p>\n<p><strong>Curiosit\u00e0:<\/strong> in occasione del 50.mo anniversario dell\u2019uscita, Cat Stevens ha voluto reinciderlo con un po\u2019 di cambiamenti, chiamando ancora con s\u00e9 il fido chitarrista Alun Davies, e vestendo da astronauta il Tillerman della copertina. Com\u2019\u00e8? In alcuni casi inutile, negli altri brutto\u2026<\/p>\n<div class=\"responsive-video\"><iframe loading=\"lazy\" width=\"500\" height=\"281\" src=\"https:\/\/www.youtube.com\/embed\/videoseries?list=OLAK5uy_ml1xle4b84ttP_m5wE3xd7IXUwJhGC3kA\" frameborder=\"0\" allow=\"accelerometer; autoplay; clipboard-write; encrypted-media; gyroscope; picture-in-picture\" allowfullscreen><\/iframe><\/div>\n<p>La rubrica <a href=\"https:\/\/www.varesenews.it\/tag\/50-anni-fa-la-musica\/\" target=\"_blank\" rel=\"noopener\">50 anni fa la musica\u00a0<\/a><\/p>\n","protected":false},"excerpt":{"rendered":"<p>Una formula azzeccata con una capacit\u00e0 compositiva notevolissima<\/p>\n","protected":false},"author":32,"featured_media":0,"comment_status":"open","ping_status":"open","sticky":false,"template":"","format":"standard","meta":{"footnotes":""},"categories":[1],"tags":[97049],"acf":[],"yoast_head":"<!-- This site is optimized with the Yoast SEO plugin v20.1 - https:\/\/yoast.com\/wordpress\/plugins\/seo\/ -->\n<title>Cat Stevens, un folk rock che piaceva a tutti<\/title>\n<meta name=\"description\" content=\"Una formula azzeccata con una capacit\u00e0 compositiva notevolissima\" \/>\n<meta name=\"robots\" content=\"noindex, follow, max-snippet:-1, max-image-preview:large, max-video-preview:-1\" \/>\n<meta property=\"og:locale\" content=\"it_IT\" \/>\n<meta property=\"og:type\" content=\"article\" \/>\n<meta property=\"og:title\" content=\"Cat Stevens, un folk rock che piaceva a tutti\" \/>\n<meta property=\"og:description\" content=\"Una formula azzeccata con una capacit\u00e0 compositiva notevolissima\" \/>\n<meta property=\"og:url\" content=\"https:\/\/www.varesenews.it\/2020\/11\/cat-stevens-un-folk-rock-piaceva-tutti\/1274400\/\" \/>\n<meta property=\"og:site_name\" content=\"VareseNews\" \/>\n<meta property=\"article:publisher\" content=\"https:\/\/www.facebook.com\/varesenews\" \/>\n<meta property=\"article:published_time\" content=\"2020-11-12T09:03:12+00:00\" \/>\n<meta property=\"article:modified_time\" content=\"2020-11-12T09:08:49+00:00\" \/>\n<meta name=\"author\" content=\"Adelia Brigo\" \/>\n<meta name=\"twitter:card\" content=\"summary_large_image\" \/>\n<meta name=\"twitter:creator\" content=\"@AdeliaBrigo\" \/>\n<meta name=\"twitter:site\" content=\"@varesenews\" \/>\n<meta name=\"twitter:label1\" content=\"Scritto da\" \/>\n\t<meta name=\"twitter:data1\" content=\"Adelia Brigo\" \/>\n\t<meta name=\"twitter:label2\" content=\"Tempo di lettura stimato\" \/>\n\t<meta name=\"twitter:data2\" content=\"1 minuto\" \/>\n<script type=\"application\/ld+json\" class=\"yoast-schema-graph\">{\"@context\":\"https:\/\/schema.org\",\"@graph\":[{\"@type\":\"WebPage\",\"@id\":\"https:\/\/www.varesenews.it\/2020\/11\/cat-stevens-un-folk-rock-piaceva-tutti\/1274400\/\",\"url\":\"https:\/\/www.varesenews.it\/2020\/11\/cat-stevens-un-folk-rock-piaceva-tutti\/1274400\/\",\"name\":\"Cat Stevens, un folk rock che piaceva a tutti\",\"isPartOf\":{\"@id\":\"https:\/\/staging.varesenews.it\/#website\"},\"datePublished\":\"2020-11-12T09:03:12+00:00\",\"dateModified\":\"2020-11-12T09:08:49+00:00\",\"author\":{\"@id\":\"https:\/\/staging.varesenews.it\/#\/schema\/person\/272ac0f5b2dbfd572218c2d86e013f1a\"},\"description\":\"Una formula azzeccata con una capacit\u00e0 compositiva notevolissima\",\"breadcrumb\":{\"@id\":\"https:\/\/www.varesenews.it\/2020\/11\/cat-stevens-un-folk-rock-piaceva-tutti\/1274400\/#breadcrumb\"},\"inLanguage\":\"it-IT\",\"potentialAction\":[{\"@type\":\"ReadAction\",\"target\":[\"https:\/\/www.varesenews.it\/2020\/11\/cat-stevens-un-folk-rock-piaceva-tutti\/1274400\/\"]}]},{\"@type\":\"BreadcrumbList\",\"@id\":\"https:\/\/www.varesenews.it\/2020\/11\/cat-stevens-un-folk-rock-piaceva-tutti\/1274400\/#breadcrumb\",\"itemListElement\":[{\"@type\":\"ListItem\",\"position\":1,\"name\":\"Home\",\"item\":\"https:\/\/www.varesenews.it\/\"},{\"@type\":\"ListItem\",\"position\":2,\"name\":\"Cat Stevens, un folk rock che piaceva a tutti\"}]},{\"@type\":\"WebSite\",\"@id\":\"https:\/\/staging.varesenews.it\/#website\",\"url\":\"https:\/\/staging.varesenews.it\/\",\"name\":\"VareseNews\",\"description\":\"\",\"potentialAction\":[{\"@type\":\"SearchAction\",\"target\":{\"@type\":\"EntryPoint\",\"urlTemplate\":\"https:\/\/staging.varesenews.it\/?s={search_term_string}\"},\"query-input\":\"required name=search_term_string\"}],\"inLanguage\":\"it-IT\"},{\"@type\":\"Person\",\"@id\":\"https:\/\/staging.varesenews.it\/#\/schema\/person\/272ac0f5b2dbfd572218c2d86e013f1a\",\"name\":\"Adelia Brigo\",\"image\":{\"@type\":\"ImageObject\",\"inLanguage\":\"it-IT\",\"@id\":\"https:\/\/staging.varesenews.it\/#\/schema\/person\/image\/\",\"url\":\"https:\/\/staging.varesenews.it\/wp-content\/uploads\/2020\/12\/adelia_brigo_colori_500.jpg\",\"contentUrl\":\"https:\/\/staging.varesenews.it\/wp-content\/uploads\/2020\/12\/adelia_brigo_colori_500.jpg\",\"caption\":\"Adelia Brigo\"},\"description\":\"Giornalista pubblicista, lavoro a VareseNews dal 2007 e mi occupo di cronaca locale e del settore dedicato alla cultura. In questi anni ho seguito diversi progetti di comunicazione, amo sperimentare strategie per i Social Network e raccontare storie. Varesina, classe 1984, sono laureata in Scienze della Comunicazione.&nbsp;\",\"sameAs\":[\"AdeliaBrigo\",\"https:\/\/twitter.com\/AdeliaBrigo\"],\"url\":\"https:\/\/staging.varesenews.it\/persona\/adelia_brigo\/\"}]}<\/script>\n<!-- \/ Yoast SEO plugin. -->","yoast_head_json":{"title":"Cat Stevens, un folk rock che piaceva a tutti","description":"Una formula azzeccata con una capacit\u00e0 compositiva notevolissima","robots":{"index":"noindex","follow":"follow","max-snippet":"max-snippet:-1","max-image-preview":"max-image-preview:large","max-video-preview":"max-video-preview:-1"},"og_locale":"it_IT","og_type":"article","og_title":"Cat Stevens, un folk rock che piaceva a tutti","og_description":"Una formula azzeccata con una capacit\u00e0 compositiva notevolissima","og_url":"https:\/\/www.varesenews.it\/2020\/11\/cat-stevens-un-folk-rock-piaceva-tutti\/1274400\/","og_site_name":"VareseNews","article_publisher":"https:\/\/www.facebook.com\/varesenews","article_published_time":"2020-11-12T09:03:12+00:00","article_modified_time":"2020-11-12T09:08:49+00:00","author":"Adelia Brigo","twitter_card":"summary_large_image","twitter_creator":"@AdeliaBrigo","twitter_site":"@varesenews","twitter_misc":{"Scritto da":"Adelia Brigo","Tempo di lettura stimato":"1 minuto"},"schema":{"@context":"https:\/\/schema.org","@graph":[{"@type":"WebPage","@id":"https:\/\/www.varesenews.it\/2020\/11\/cat-stevens-un-folk-rock-piaceva-tutti\/1274400\/","url":"https:\/\/www.varesenews.it\/2020\/11\/cat-stevens-un-folk-rock-piaceva-tutti\/1274400\/","name":"Cat Stevens, un folk rock che piaceva a tutti","isPartOf":{"@id":"https:\/\/staging.varesenews.it\/#website"},"datePublished":"2020-11-12T09:03:12+00:00","dateModified":"2020-11-12T09:08:49+00:00","author":{"@id":"https:\/\/staging.varesenews.it\/#\/schema\/person\/272ac0f5b2dbfd572218c2d86e013f1a"},"description":"Una formula azzeccata con una capacit\u00e0 compositiva notevolissima","breadcrumb":{"@id":"https:\/\/www.varesenews.it\/2020\/11\/cat-stevens-un-folk-rock-piaceva-tutti\/1274400\/#breadcrumb"},"inLanguage":"it-IT","potentialAction":[{"@type":"ReadAction","target":["https:\/\/www.varesenews.it\/2020\/11\/cat-stevens-un-folk-rock-piaceva-tutti\/1274400\/"]}]},{"@type":"BreadcrumbList","@id":"https:\/\/www.varesenews.it\/2020\/11\/cat-stevens-un-folk-rock-piaceva-tutti\/1274400\/#breadcrumb","itemListElement":[{"@type":"ListItem","position":1,"name":"Home","item":"https:\/\/www.varesenews.it\/"},{"@type":"ListItem","position":2,"name":"Cat Stevens, un folk rock che piaceva a tutti"}]},{"@type":"WebSite","@id":"https:\/\/staging.varesenews.it\/#website","url":"https:\/\/staging.varesenews.it\/","name":"VareseNews","description":"","potentialAction":[{"@type":"SearchAction","target":{"@type":"EntryPoint","urlTemplate":"https:\/\/staging.varesenews.it\/?s={search_term_string}"},"query-input":"required name=search_term_string"}],"inLanguage":"it-IT"},{"@type":"Person","@id":"https:\/\/staging.varesenews.it\/#\/schema\/person\/272ac0f5b2dbfd572218c2d86e013f1a","name":"Adelia Brigo","image":{"@type":"ImageObject","inLanguage":"it-IT","@id":"https:\/\/staging.varesenews.it\/#\/schema\/person\/image\/","url":"https:\/\/staging.varesenews.it\/wp-content\/uploads\/2020\/12\/adelia_brigo_colori_500.jpg","contentUrl":"https:\/\/staging.varesenews.it\/wp-content\/uploads\/2020\/12\/adelia_brigo_colori_500.jpg","caption":"Adelia Brigo"},"description":"Giornalista pubblicista, lavoro a VareseNews dal 2007 e mi occupo di cronaca locale e del settore dedicato alla cultura. In questi anni ho seguito diversi progetti di comunicazione, amo sperimentare strategie per i Social Network e raccontare storie. Varesina, classe 1984, sono laureata in Scienze della Comunicazione.&nbsp;","sameAs":["AdeliaBrigo","https:\/\/twitter.com\/AdeliaBrigo"],"url":"https:\/\/staging.varesenews.it\/persona\/adelia_brigo\/"}]}},"post_meta":{"_edit_lock":"1605173916:32","_edit_last":"32","_oembed_f951e5986caa303c1e655641bea2ed04":"<iframe width=\"542\" height=\"305\" src=\"https:\/\/www.youtube.com\/embed\/videoseries?list=OLAK5uy_ml1xle4b84ttP_m5wE3xd7IXUwJhGC3kA\" frameborder=\"0\" allow=\"accelerometer; autoplay; clipboard-write; encrypted-media; gyroscope; picture-in-picture\" allowfullscreen><\/iframe>","_oembed_time_f951e5986caa303c1e655641bea2ed04":"1605171543","_category_permalink":"a:1:{s:8:\"category\";s:0:\"\";}","_encloseme":"1","ratings_users":"0","ratings_score":"0","ratings_average":"0","foto":"1186896","firma-personalizzata":"G.P.","argomento":"50 ANNI FA LA MUSICA - 68","_yoast_wpseo_content_score":"30","_jd_tweet_this":"yes","_oembed_7bda13fb26af775e1e45f88b6d48caf6":"<iframe width=\"500\" height=\"281\" src=\"https:\/\/www.youtube.com\/embed\/videoseries?list=OLAK5uy_ml1xle4b84ttP_m5wE3xd7IXUwJhGC3kA\" frameborder=\"0\" allow=\"accelerometer; autoplay; clipboard-write; encrypted-media; gyroscope; picture-in-picture\" allowfullscreen><\/iframe>","_oembed_time_7bda13fb26af775e1e45f88b6d48caf6":"1605171797","_wpt_short_url":"https:\/\/www.varesenews.it\/2020\/11\/cat-stevens-un-folk-rock-piaceva-tutti\/1274400\/","_wp_jd_target":"https:\/\/www.varesenews.it\/2020\/11\/cat-stevens-un-folk-rock-piaceva-tutti\/1274400\/","_jd_wp_twitter":"a:1:{i:0;s:128:\"Cat Stevens, un folk rock che piaceva a tutti https:\/\/www.varesenews.it\/2020\/11\/cat-stevens-un-folk-rock-piaceva-tutti\/1274400\/ \";}","_wpt_status_message":"Tweet inviato con successo.","_oembed_5713730eae50033164982e38bc53caf2":"<iframe width=\"545\" height=\"307\" src=\"https:\/\/www.youtube.com\/embed\/videoseries?list=OLAK5uy_ml1xle4b84ttP_m5wE3xd7IXUwJhGC3kA\" frameborder=\"0\" allow=\"accelerometer; autoplay; clipboard-write; encrypted-media; gyroscope; picture-in-picture\" allowfullscreen><\/iframe>","_oembed_time_5713730eae50033164982e38bc53caf2":"1605171807"},"photos":[{"original":"https:\/\/staging.varesenews.it\/photogallery_new\/images\/2020\/11\/50-fa-la-musica-1186896.jpg","full":"https:\/\/staging.varesenews.it\/photogallery_new\/images\/2020\/11\/50-fa-la-musica-1186896.1024x768.jpg","large":"https:\/\/staging.varesenews.it\/photogallery_new\/images\/2020\/11\/50-fa-la-musica-1186896.610x431.jpg"}],"_links":{"self":[{"href":"https:\/\/staging.varesenews.it\/swgapi\/v1\/wp\/v2\/posts\/1274400"}],"collection":[{"href":"https:\/\/staging.varesenews.it\/swgapi\/v1\/wp\/v2\/posts"}],"about":[{"href":"https:\/\/staging.varesenews.it\/swgapi\/v1\/wp\/v2\/types\/post"}],"author":[{"embeddable":true,"href":"https:\/\/staging.varesenews.it\/swgapi\/v1\/wp\/v2\/users\/32"}],"replies":[{"embeddable":true,"href":"https:\/\/staging.varesenews.it\/swgapi\/v1\/wp\/v2\/comments?post=1274400"}],"version-history":[{"count":0,"href":"https:\/\/staging.varesenews.it\/swgapi\/v1\/wp\/v2\/posts\/1274400\/revisions"}],"wp:attachment":[{"href":"https:\/\/staging.varesenews.it\/swgapi\/v1\/wp\/v2\/media?parent=1274400"}],"wp:term":[{"taxonomy":"category","embeddable":true,"href":"https:\/\/staging.varesenews.it\/swgapi\/v1\/wp\/v2\/categories?post=1274400"},{"taxonomy":"post_tag","embeddable":true,"href":"https:\/\/staging.varesenews.it\/swgapi\/v1\/wp\/v2\/tags?post=1274400"}],"curies":[{"name":"wp","href":"https:\/\/api.w.org\/{rel}","templated":true}]}}