{"id":1274874,"date":"2020-11-13T13:57:48","date_gmt":"2020-11-13T12:57:48","guid":{"rendered":"https:\/\/www.varesenews.it\/?p=1274874"},"modified":"2020-11-13T13:57:48","modified_gmt":"2020-11-13T12:57:48","slug":"marotta-mondo-del-calcio-va-verso-default","status":"publish","type":"post","link":"https:\/\/staging.varesenews.it\/2020\/11\/marotta-mondo-del-calcio-va-verso-default\/1274874\/","title":{"rendered":"Marotta: \u201cIl mondo del calcio va verso il default\u201d"},"content":{"rendered":"<p class=\"p1\">Si \u00e8 parlato anche di sport e di calcio nel corso di Glocal 2020, il Festival del Giornalismo organizzato da VareseNews. Nel corso dell\u2019incontro (<a href=\"https:\/\/www.varesenews.it\/2020\/11\/mondo-dello-sport-deve-riunirsi-uscire-indenne-dalla-pandemia\/1274863\/\">leggi qui<\/a>) \u00e8 intervenuto anche <strong>Giuseppe Marotta<\/strong>, varesino e amministratore delegato dell\u2019Inter, oltre che consigliere della Lega di Serie A.<\/p>\n<p class=\"p1\">Giornalismo sportivo, pandemia, ma anche futuro del calcio e misure economiche per il mondo sportivo i temi trattati durante il panel. Marotta ha fatto luce su <strong>quale sia la situazione attuale delle societ\u00e0 professionistiche<\/strong> in questo 2020 caratterizzato dal virus: <strong>\u00abLa situazione era, e lo \u00e8 ancora di pi\u00f9 oggi, devastante: siamo davanti a un default.<\/strong> Si calcola che la Serie A produca 4 miiliardi di euro e in un anno normale il deficit era di circa 700 milioni. Nel 2020 andiamo verso il 50 per cento. Uno dei problemi pi\u00f9 grossi \u00e8 che il costo del lavoro \u00e8 sproporzionato rispetto al fatturato. Oltre a questo, con gli stadi chiusi mancano gli introiti del botteghino, voce che per l\u2019Inter incideva per circa 50 milioni, oltre a tutte le entrate commerciali derivanti da quello che si chiama \u201cmatch day\u201d, tra merchandising e altre varie entrate. <strong>Gli sponsor hanno iniziato a ridurre gli investimenti pubblicitari<\/strong> portando una contrazione e un contenzioso con le aziende per circa il 20 per cento del fatturato. In ultimo le entrate del <em>broadcasting<\/em>: c\u2019\u00e8 un contenzioso ancora aperto tra Sky Sport e la Lega Calcio per quanto prevede l\u2019ultimo campionato\u00bb.<\/p>\n<p class=\"p1\">\u00abQuale pu\u00f2 essere il rimedio? &#8211; si chiede Marotta &#8211; Come Inter non abbiamo chiesto la riduzione degli stipendi ai nostri giocatori perch\u00e9 la nostra stagione \u00e8 finita al 20 di agosto e hanno fatto degli straordinari. Siamo davanti a una situazione drammatica dal punto di vista economico e soprattutto finanziario. Non possiamo chiedere soldi allo Stato, \u00e8 impensabile, anche se il mondo del calcio paga circa 1 miliardo di euro come gettito fiscale. <strong>Vorremmo essere considerati in questo senso, come uno dei maggiori contribuenti, tra giocatori e tutte le figure assimilate<\/strong>. Tutto questo porta a chiedere al Governo di essere maggiormente considerati\u00bb.<\/p>\n<div class=\"responsive-video\"><iframe loading=\"lazy\" width=\"500\" height=\"281\" src=\"https:\/\/www.youtube.com\/embed\/z_zoc_XbJbY?feature=oembed\" frameborder=\"0\" allow=\"accelerometer; autoplay; clipboard-write; encrypted-media; gyroscope; picture-in-picture\" allowfullscreen><\/iframe><\/div>\n","protected":false},"excerpt":{"rendered":"<p>L\u2019amministratore delegato dell\u2019inter ha fatto il punto sulla situazione del mondo del pallone nel corso di Glocal<\/p>\n","protected":false},"author":37,"featured_media":0,"comment_status":"open","ping_status":"open","sticky":false,"template":"","format":"standard","meta":{"footnotes":""},"categories":[14],"tags":[144,108508,105589],"acf":[],"yoast_head":"<!-- This site is optimized with the Yoast SEO plugin v20.1 - https:\/\/yoast.com\/wordpress\/plugins\/seo\/ -->\n<title>Marotta: \u201cIl mondo del calcio va verso il default\u201d<\/title>\n<meta name=\"description\" content=\"L\u2019amministratore delegato dell\u2019inter ha fatto il punto sulla situazione del mondo del pallone nel corso di Glocal\" \/>\n<meta name=\"robots\" content=\"noindex, follow, max-snippet:-1, max-image-preview:large, max-video-preview:-1\" \/>\n<meta property=\"og:locale\" content=\"it_IT\" \/>\n<meta property=\"og:type\" content=\"article\" \/>\n<meta property=\"og:title\" content=\"Marotta: \u201cIl mondo del calcio va verso il default\u201d\" \/>\n<meta property=\"og:description\" content=\"L\u2019amministratore delegato dell\u2019inter ha fatto il punto sulla situazione del mondo del pallone nel corso di Glocal\" \/>\n<meta property=\"og:url\" content=\"https:\/\/www.varesenews.it\/2020\/11\/marotta-mondo-del-calcio-va-verso-default\/1274874\/\" \/>\n<meta property=\"og:site_name\" content=\"VareseNews\" \/>\n<meta property=\"article:publisher\" content=\"https:\/\/www.facebook.com\/varesenews\" \/>\n<meta property=\"article:published_time\" content=\"2020-11-13T12:57:48+00:00\" \/>\n<meta name=\"author\" content=\"Francesco Mazzoleni\" \/>\n<meta name=\"twitter:card\" content=\"summary_large_image\" \/>\n<meta name=\"twitter:creator\" content=\"@fmazzof\" \/>\n<meta name=\"twitter:site\" content=\"@varesenews\" \/>\n<meta name=\"twitter:label1\" content=\"Scritto da\" \/>\n\t<meta name=\"twitter:data1\" content=\"Francesco Mazzoleni\" \/>\n\t<meta name=\"twitter:label2\" content=\"Tempo di lettura stimato\" \/>\n\t<meta name=\"twitter:data2\" content=\"2 minuti\" \/>\n<script type=\"application\/ld+json\" class=\"yoast-schema-graph\">{\"@context\":\"https:\/\/schema.org\",\"@graph\":[{\"@type\":\"WebPage\",\"@id\":\"https:\/\/www.varesenews.it\/2020\/11\/marotta-mondo-del-calcio-va-verso-default\/1274874\/\",\"url\":\"https:\/\/www.varesenews.it\/2020\/11\/marotta-mondo-del-calcio-va-verso-default\/1274874\/\",\"name\":\"Marotta: \u201cIl mondo del calcio va verso il default\u201d\",\"isPartOf\":{\"@id\":\"https:\/\/staging.varesenews.it\/#website\"},\"datePublished\":\"2020-11-13T12:57:48+00:00\",\"dateModified\":\"2020-11-13T12:57:48+00:00\",\"author\":{\"@id\":\"https:\/\/staging.varesenews.it\/#\/schema\/person\/e82236e79160d30d4e1f942004ac3038\"},\"description\":\"L\u2019amministratore delegato dell\u2019inter ha fatto il punto sulla situazione del mondo del pallone nel corso di Glocal\",\"breadcrumb\":{\"@id\":\"https:\/\/www.varesenews.it\/2020\/11\/marotta-mondo-del-calcio-va-verso-default\/1274874\/#breadcrumb\"},\"inLanguage\":\"it-IT\",\"potentialAction\":[{\"@type\":\"ReadAction\",\"target\":[\"https:\/\/www.varesenews.it\/2020\/11\/marotta-mondo-del-calcio-va-verso-default\/1274874\/\"]}]},{\"@type\":\"BreadcrumbList\",\"@id\":\"https:\/\/www.varesenews.it\/2020\/11\/marotta-mondo-del-calcio-va-verso-default\/1274874\/#breadcrumb\",\"itemListElement\":[{\"@type\":\"ListItem\",\"position\":1,\"name\":\"Home\",\"item\":\"https:\/\/www.varesenews.it\/\"},{\"@type\":\"ListItem\",\"position\":2,\"name\":\"Marotta: \u201cIl mondo del calcio va verso il default\u201d\"}]},{\"@type\":\"WebSite\",\"@id\":\"https:\/\/staging.varesenews.it\/#website\",\"url\":\"https:\/\/staging.varesenews.it\/\",\"name\":\"VareseNews\",\"description\":\"\",\"potentialAction\":[{\"@type\":\"SearchAction\",\"target\":{\"@type\":\"EntryPoint\",\"urlTemplate\":\"https:\/\/staging.varesenews.it\/?s={search_term_string}\"},\"query-input\":\"required name=search_term_string\"}],\"inLanguage\":\"it-IT\"},{\"@type\":\"Person\",\"@id\":\"https:\/\/staging.varesenews.it\/#\/schema\/person\/e82236e79160d30d4e1f942004ac3038\",\"name\":\"Francesco Mazzoleni\",\"image\":{\"@type\":\"ImageObject\",\"inLanguage\":\"it-IT\",\"@id\":\"https:\/\/staging.varesenews.it\/#\/schema\/person\/image\/\",\"url\":\"https:\/\/staging.varesenews.it\/wp-content\/uploads\/2020\/12\/francesco_mazzoleni_colori_500-1.jpg\",\"contentUrl\":\"https:\/\/staging.varesenews.it\/wp-content\/uploads\/2020\/12\/francesco_mazzoleni_colori_500-1.jpg\",\"caption\":\"Francesco Mazzoleni\"},\"description\":\"\\\"Uomo di campo\\\" della redazione sportiva. Nutro una vera passione per il calcio, che sia ad alti livelli, sui campi di provincia o in altri continenti. Sono nato a Varese nel 1984, vivo da sempre a Malnate e ho una laurea in Scienze Motorie. Ho mosso i primi passi a VareseNews da stagista nel 2002; nel 2008 ho iniziato a collaborare con maggiore continuit\u00e0 e dal 2018 sono giornalista professionista. Orgoglioso pap\u00e0 di Federico e Adelaide.\",\"sameAs\":[\"fmazzof\",\"it.linkedin.com\/in\/francescomazzolenif\",\"https:\/\/twitter.com\/fmazzof\"],\"url\":\"https:\/\/staging.varesenews.it\/persona\/francesco_mazzoleniferracini\/\"}]}<\/script>\n<!-- \/ Yoast SEO plugin. -->","yoast_head_json":{"title":"Marotta: \u201cIl mondo del calcio va verso il default\u201d","description":"L\u2019amministratore delegato dell\u2019inter ha fatto il punto sulla situazione del mondo del pallone nel corso di Glocal","robots":{"index":"noindex","follow":"follow","max-snippet":"max-snippet:-1","max-image-preview":"max-image-preview:large","max-video-preview":"max-video-preview:-1"},"og_locale":"it_IT","og_type":"article","og_title":"Marotta: \u201cIl mondo del calcio va verso il default\u201d","og_description":"L\u2019amministratore delegato dell\u2019inter ha fatto il punto sulla situazione del mondo del pallone nel corso di Glocal","og_url":"https:\/\/www.varesenews.it\/2020\/11\/marotta-mondo-del-calcio-va-verso-default\/1274874\/","og_site_name":"VareseNews","article_publisher":"https:\/\/www.facebook.com\/varesenews","article_published_time":"2020-11-13T12:57:48+00:00","author":"Francesco Mazzoleni","twitter_card":"summary_large_image","twitter_creator":"@fmazzof","twitter_site":"@varesenews","twitter_misc":{"Scritto da":"Francesco Mazzoleni","Tempo di lettura stimato":"2 minuti"},"schema":{"@context":"https:\/\/schema.org","@graph":[{"@type":"WebPage","@id":"https:\/\/www.varesenews.it\/2020\/11\/marotta-mondo-del-calcio-va-verso-default\/1274874\/","url":"https:\/\/www.varesenews.it\/2020\/11\/marotta-mondo-del-calcio-va-verso-default\/1274874\/","name":"Marotta: \u201cIl mondo del calcio va verso il default\u201d","isPartOf":{"@id":"https:\/\/staging.varesenews.it\/#website"},"datePublished":"2020-11-13T12:57:48+00:00","dateModified":"2020-11-13T12:57:48+00:00","author":{"@id":"https:\/\/staging.varesenews.it\/#\/schema\/person\/e82236e79160d30d4e1f942004ac3038"},"description":"L\u2019amministratore delegato dell\u2019inter ha fatto il punto sulla situazione del mondo del pallone nel corso di Glocal","breadcrumb":{"@id":"https:\/\/www.varesenews.it\/2020\/11\/marotta-mondo-del-calcio-va-verso-default\/1274874\/#breadcrumb"},"inLanguage":"it-IT","potentialAction":[{"@type":"ReadAction","target":["https:\/\/www.varesenews.it\/2020\/11\/marotta-mondo-del-calcio-va-verso-default\/1274874\/"]}]},{"@type":"BreadcrumbList","@id":"https:\/\/www.varesenews.it\/2020\/11\/marotta-mondo-del-calcio-va-verso-default\/1274874\/#breadcrumb","itemListElement":[{"@type":"ListItem","position":1,"name":"Home","item":"https:\/\/www.varesenews.it\/"},{"@type":"ListItem","position":2,"name":"Marotta: \u201cIl mondo del calcio va verso il default\u201d"}]},{"@type":"WebSite","@id":"https:\/\/staging.varesenews.it\/#website","url":"https:\/\/staging.varesenews.it\/","name":"VareseNews","description":"","potentialAction":[{"@type":"SearchAction","target":{"@type":"EntryPoint","urlTemplate":"https:\/\/staging.varesenews.it\/?s={search_term_string}"},"query-input":"required name=search_term_string"}],"inLanguage":"it-IT"},{"@type":"Person","@id":"https:\/\/staging.varesenews.it\/#\/schema\/person\/e82236e79160d30d4e1f942004ac3038","name":"Francesco Mazzoleni","image":{"@type":"ImageObject","inLanguage":"it-IT","@id":"https:\/\/staging.varesenews.it\/#\/schema\/person\/image\/","url":"https:\/\/staging.varesenews.it\/wp-content\/uploads\/2020\/12\/francesco_mazzoleni_colori_500-1.jpg","contentUrl":"https:\/\/staging.varesenews.it\/wp-content\/uploads\/2020\/12\/francesco_mazzoleni_colori_500-1.jpg","caption":"Francesco Mazzoleni"},"description":"\"Uomo di campo\" della redazione sportiva. Nutro una vera passione per il calcio, che sia ad alti livelli, sui campi di provincia o in altri continenti. Sono nato a Varese nel 1984, vivo da sempre a Malnate e ho una laurea in Scienze Motorie. Ho mosso i primi passi a VareseNews da stagista nel 2002; nel 2008 ho iniziato a collaborare con maggiore continuit\u00e0 e dal 2018 sono giornalista professionista. Orgoglioso pap\u00e0 di Federico e Adelaide.","sameAs":["fmazzof","it.linkedin.com\/in\/francescomazzolenif","https:\/\/twitter.com\/fmazzof"],"url":"https:\/\/staging.varesenews.it\/persona\/francesco_mazzoleniferracini\/"}]}},"post_meta":{"_edit_lock":"1605279015:37","_oembed_3f991a80c6470468801977e4818fa0ff":"<blockquote class=\"wp-embedded-content\" data-secret=\"9X21LpzpR4\"><a href=\"https:\/\/www.varesenews.it\/2020\/11\/mondo-dello-sport-deve-riunirsi-uscire-indenne-dalla-pandemia\/1274863\/\">\u201cIl mondo dello sport deve riunirsi per uscire indenne dalla pandemia\u201d<\/a><\/blockquote><iframe class=\"wp-embedded-content\" sandbox=\"allow-scripts\" security=\"restricted\" style=\"position: absolute; clip: rect(1px, 1px, 1px, 1px);\" src=\"https:\/\/www.varesenews.it\/2020\/11\/mondo-dello-sport-deve-riunirsi-uscire-indenne-dalla-pandemia\/1274863\/embed\/#?secret=9X21LpzpR4\" data-secret=\"9X21LpzpR4\" width=\"600\" height=\"338\" title=\"&#8220;\u201cIl mondo dello sport deve riunirsi per uscire indenne dalla pandemia\u201d&#8221; &#8212; VareseNews\" frameborder=\"0\" marginwidth=\"0\" marginheight=\"0\" scrolling=\"no\"><\/iframe>","_oembed_time_3f991a80c6470468801977e4818fa0ff":"1605271988","_edit_last":"37","_oembed_fc85d12fa082d856dccd536bf802348e":"<iframe width=\"749\" height=\"421\" src=\"https:\/\/www.youtube.com\/embed\/z_zoc_XbJbY?feature=oembed\" frameborder=\"0\" allow=\"accelerometer; autoplay; clipboard-write; encrypted-media; gyroscope; picture-in-picture\" allowfullscreen><\/iframe>","_oembed_time_fc85d12fa082d856dccd536bf802348e":"1605272112","_category_permalink":"a:1:{s:8:\"category\";s:2:\"14\";}","_encloseme":"1","ratings_users":"0","ratings_score":"0","ratings_average":"0","id_leggi_anche":"1274863","foto":"1187068","firma-personalizzata":"fmf","argomento":"Calcio","_yoast_wpseo_content_score":"30","_jd_tweet_this":"yes","_oembed_daeaa0de2bbe012bc61040d783af8758":"<iframe width=\"500\" height=\"281\" src=\"https:\/\/www.youtube.com\/embed\/z_zoc_XbJbY?feature=oembed\" frameborder=\"0\" allow=\"accelerometer; autoplay; clipboard-write; encrypted-media; gyroscope; picture-in-picture\" allowfullscreen><\/iframe>","_oembed_time_daeaa0de2bbe012bc61040d783af8758":"1605272271","_wpt_short_url":"https:\/\/www.varesenews.it\/2020\/11\/marotta-mondo-del-calcio-va-verso-default\/1274874\/","_wp_jd_target":"https:\/\/www.varesenews.it\/2020\/11\/marotta-mondo-del-calcio-va-verso-default\/1274874\/","_jd_wp_twitter":"a:1:{i:0;s:147:\"Marotta: \u201cIl mondo del calcio va verso il default\u201d https:\/\/www.varesenews.it\/2020\/11\/marotta-mondo-del-calcio-va-verso-default\/1274874\/ #calcio\";}","_wpt_status_message":"Tweet inviato con successo.","_oembed_74d4be676053bacd6e1ab051a4c42c7e":"<iframe width=\"753\" height=\"424\" src=\"https:\/\/www.youtube.com\/embed\/z_zoc_XbJbY?feature=oembed\" frameborder=\"0\" allow=\"accelerometer; autoplay; clipboard-write; encrypted-media; gyroscope; picture-in-picture\" allowfullscreen><\/iframe>","_oembed_time_74d4be676053bacd6e1ab051a4c42c7e":"1605272281"},"photos":[{"original":"https:\/\/staging.varesenews.it\/photogallery_new\/images\/2020\/11\/giuseppe-marotta-1187068.jpg","full":"https:\/\/staging.varesenews.it\/photogallery_new\/images\/2020\/11\/giuseppe-marotta-1187068.1024x768.jpg","large":"https:\/\/staging.varesenews.it\/photogallery_new\/images\/2020\/11\/giuseppe-marotta-1187068.610x431.jpg"}],"_links":{"self":[{"href":"https:\/\/staging.varesenews.it\/swgapi\/v1\/wp\/v2\/posts\/1274874"}],"collection":[{"href":"https:\/\/staging.varesenews.it\/swgapi\/v1\/wp\/v2\/posts"}],"about":[{"href":"https:\/\/staging.varesenews.it\/swgapi\/v1\/wp\/v2\/types\/post"}],"author":[{"embeddable":true,"href":"https:\/\/staging.varesenews.it\/swgapi\/v1\/wp\/v2\/users\/37"}],"replies":[{"embeddable":true,"href":"https:\/\/staging.varesenews.it\/swgapi\/v1\/wp\/v2\/comments?post=1274874"}],"version-history":[{"count":0,"href":"https:\/\/staging.varesenews.it\/swgapi\/v1\/wp\/v2\/posts\/1274874\/revisions"}],"wp:attachment":[{"href":"https:\/\/staging.varesenews.it\/swgapi\/v1\/wp\/v2\/media?parent=1274874"}],"wp:term":[{"taxonomy":"category","embeddable":true,"href":"https:\/\/staging.varesenews.it\/swgapi\/v1\/wp\/v2\/categories?post=1274874"},{"taxonomy":"post_tag","embeddable":true,"href":"https:\/\/staging.varesenews.it\/swgapi\/v1\/wp\/v2\/tags?post=1274874"}],"curies":[{"name":"wp","href":"https:\/\/api.w.org\/{rel}","templated":true}]}}