{"id":1278642,"date":"2020-11-24T11:32:26","date_gmt":"2020-11-24T10:32:26","guid":{"rendered":"https:\/\/www.varesenews.it\/?p=1278642"},"modified":"2020-11-24T11:41:30","modified_gmt":"2020-11-24T10:41:30","slug":"colori-illuminano-villa-montevecchio-samarate-mercoledi-rosso-la-violenza-sulle-donne","status":"publish","type":"post","link":"https:\/\/staging.varesenews.it\/2020\/11\/colori-illuminano-villa-montevecchio-samarate-mercoledi-rosso-la-violenza-sulle-donne\/1278642\/","title":{"rendered":"I colori illuminano villa Montevecchio di Samarate: mercoled\u00ec &#8220;in rosso&#8221; contro la violenza sulle donne"},"content":{"rendered":"<p><strong>Villa Montevecchio si tinge di rosso<\/strong>, come denuncia della violenza contro le donne. Un segno ben visibile a Samarate, per la <strong>Giornata internazionale per il contrasto alla violenza di genere<\/strong>, fissata per il <strong>25 novembre<\/strong>.<\/p>\n<p>Alla sera del 25, racconta il presidente di Fondazione Montevecchio <strong>Eliseo Sanfelice<\/strong>, la torretta della villa &#8211; elemento di richiamo, ben visibile, elevata com&#8217;\u00e8 sulla collinetta che d\u00e0 il nome all&#8217;edificio &#8211; sar\u00e0 illuminata di rosso.<\/p>\n<p><strong>Non \u00e8 un segnale isolato<\/strong>, anzi: \u00ab<strong>Nel 2017<\/strong>, per iniziativa del presidente di allora <strong>Tiziano Zocchi<\/strong>, abbiamo installato la <strong>panchina rossa<\/strong> ancora oggi presente. Nel 2019 abbiamo proposto il <a href=\"https:\/\/www.varesenews.it\/2019\/11\/un-muro-bambole-la-violenza-sulle-donne\/874024\/\">&#8220;muro delle bambole&#8221;<\/a> (installazione temporanea ispirata ad un&#8217;opera milanese, ndr), in questo 2020 Villa Montevecchio si tinger\u00e0 di rosso: tutto questo per ricordare la data del 25 novembre\u00bb.<\/p>\n<p>La <strong>torretta di Villa Montevecchio illuminata da una luce colorata<\/strong> sta diventando quasi <strong>una consuetudine: valorizza un elemento visibile<\/strong> nel paesaggio urbano e anche <strong>sentito come simbolo collettivo dalla popolazione samaratese<\/strong> (\u00e8 bene del Comune da fine anni Settanta).<\/p>\n<p>Cos\u00ec <strong>nel mese di novembre le finestre della torretta neogotica<\/strong> sono state <strong>illuminate a formare un tricolore<\/strong>, simbolo di unit\u00e0, \u00abper dare forza alla battaglia che, in questo periodo, si sta affrontando a causa dell\u2019emergenza Coronavirus\u00bb: il verde, il bianco e il rosso della bandiera italiana \u00abper ribadire come l\u2019unit\u00e0 e la coesione sociale siano i valori fondanti della nostra societ\u00e0. Anche e soprattutto nei momenti come quello presente, di grande difficolt\u00e0 e incertezza, un ringraziamento forte va fatto a chi ci amministra nei vari livelli\u00bb<\/p>\n<p>Il <strong>20 novembre<\/strong> invece il colore <strong>verde<\/strong> ha celebrato &#8211; sempre dall&#8217;alto della torretta di villa Montevecchio &#8211; la <strong>Convenzione Internazionale sui diritti dei bambini e dei ragazzi<\/strong>, in un anno in cui l&#8217;emergenza sanitaria ha inciso pesantemente sui diritti dei pi\u00f9 piccoli, tra difficolt\u00e0 famigliari e collettive (la discontinuit\u00e0 della scuola in presenza).<\/p>\n<p>E anche il <strong>tema della violenza sulle donne<\/strong> quest&#8217;anno <a href=\"https:\/\/www.istat.it\/it\/violenza-sulle-donne\/speciale-covid-19\" target=\"_blank\" rel=\"noopener\">deve fare i conti con l&#8217;emergenza pandemica<\/a>: i periodi di lockdown e l&#8217;incertezza economica sono elementi che espongono maggiormente le donne al pericolo della violenza domestica e rendono pi\u00f9 difficile la ricerca di percorsi di autonomia e di liberazione.<\/p>\n","protected":false},"excerpt":{"rendered":"<p>Le luci nella torretta della villa neogotica stanno diventando un linguaggio usato per comunicare le diverse ricorrenze. La prossima sar\u00e0 la Giornata internazionale contro la violenza di genere<\/p>\n","protected":false},"author":46,"featured_media":0,"comment_status":"open","ping_status":"open","sticky":false,"template":"","format":"standard","meta":{"footnotes":""},"categories":[3],"tags":[26536],"acf":[],"yoast_head":"<!-- This site is optimized with the Yoast SEO plugin v20.1 - https:\/\/yoast.com\/wordpress\/plugins\/seo\/ -->\n<title>I colori illuminano villa Montevecchio di Samarate: mercoled\u00ec &quot;in rosso&quot; contro la violenza sulle donne<\/title>\n<meta name=\"description\" content=\"Le luci nella torretta della villa neogotica stanno diventando un linguaggio usato per comunicare le diverse ricorrenze. La prossima sar\u00e0 la Giornata internazionale contro la violenza di genere\" \/>\n<meta name=\"robots\" content=\"noindex, follow, max-snippet:-1, max-image-preview:large, max-video-preview:-1\" \/>\n<meta property=\"og:locale\" content=\"it_IT\" \/>\n<meta property=\"og:type\" content=\"article\" \/>\n<meta property=\"og:title\" content=\"I colori illuminano villa Montevecchio di Samarate: mercoled\u00ec &quot;in rosso&quot; contro la violenza sulle donne\" \/>\n<meta property=\"og:description\" content=\"Le luci nella torretta della villa neogotica stanno diventando un linguaggio usato per comunicare le diverse ricorrenze. La prossima sar\u00e0 la Giornata internazionale contro la violenza di genere\" \/>\n<meta property=\"og:url\" content=\"https:\/\/staging.varesenews.it\/2020\/11\/colori-illuminano-villa-montevecchio-samarate-mercoledi-rosso-la-violenza-sulle-donne\/1278642\/\" \/>\n<meta property=\"og:site_name\" content=\"VareseNews\" \/>\n<meta property=\"article:publisher\" content=\"https:\/\/www.facebook.com\/varesenews\" \/>\n<meta property=\"article:published_time\" content=\"2020-11-24T10:32:26+00:00\" \/>\n<meta property=\"article:modified_time\" content=\"2020-11-24T10:41:30+00:00\" \/>\n<meta name=\"author\" content=\"Roberto Morandi\" \/>\n<meta name=\"twitter:card\" content=\"summary_large_image\" \/>\n<meta name=\"twitter:creator\" content=\"@ilmorands\" \/>\n<meta name=\"twitter:site\" content=\"@varesenews\" \/>\n<meta name=\"twitter:label1\" content=\"Scritto da\" \/>\n\t<meta name=\"twitter:data1\" content=\"Roberto Morandi\" \/>\n\t<meta name=\"twitter:label2\" content=\"Tempo di lettura stimato\" \/>\n\t<meta name=\"twitter:data2\" content=\"2 minuti\" \/>\n<script type=\"application\/ld+json\" class=\"yoast-schema-graph\">{\"@context\":\"https:\/\/schema.org\",\"@graph\":[{\"@type\":\"WebPage\",\"@id\":\"https:\/\/staging.varesenews.it\/2020\/11\/colori-illuminano-villa-montevecchio-samarate-mercoledi-rosso-la-violenza-sulle-donne\/1278642\/\",\"url\":\"https:\/\/staging.varesenews.it\/2020\/11\/colori-illuminano-villa-montevecchio-samarate-mercoledi-rosso-la-violenza-sulle-donne\/1278642\/\",\"name\":\"I colori illuminano villa Montevecchio di Samarate: mercoled\u00ec \\\"in rosso\\\" contro la violenza sulle donne\",\"isPartOf\":{\"@id\":\"https:\/\/staging.varesenews.it\/#website\"},\"datePublished\":\"2020-11-24T10:32:26+00:00\",\"dateModified\":\"2020-11-24T10:41:30+00:00\",\"author\":{\"@id\":\"https:\/\/staging.varesenews.it\/#\/schema\/person\/efe592ae4c76536b551f89d8b6674bc3\"},\"description\":\"Le luci nella torretta della villa neogotica stanno diventando un linguaggio usato per comunicare le diverse ricorrenze. La prossima sar\u00e0 la Giornata internazionale contro la violenza di genere\",\"breadcrumb\":{\"@id\":\"https:\/\/staging.varesenews.it\/2020\/11\/colori-illuminano-villa-montevecchio-samarate-mercoledi-rosso-la-violenza-sulle-donne\/1278642\/#breadcrumb\"},\"inLanguage\":\"it-IT\",\"potentialAction\":[{\"@type\":\"ReadAction\",\"target\":[\"https:\/\/staging.varesenews.it\/2020\/11\/colori-illuminano-villa-montevecchio-samarate-mercoledi-rosso-la-violenza-sulle-donne\/1278642\/\"]}]},{\"@type\":\"BreadcrumbList\",\"@id\":\"https:\/\/staging.varesenews.it\/2020\/11\/colori-illuminano-villa-montevecchio-samarate-mercoledi-rosso-la-violenza-sulle-donne\/1278642\/#breadcrumb\",\"itemListElement\":[{\"@type\":\"ListItem\",\"position\":1,\"name\":\"Home\",\"item\":\"https:\/\/www.varesenews.it\/\"},{\"@type\":\"ListItem\",\"position\":2,\"name\":\"I colori illuminano villa Montevecchio di Samarate: mercoled\u00ec &#8220;in rosso&#8221; contro la violenza sulle donne\"}]},{\"@type\":\"WebSite\",\"@id\":\"https:\/\/staging.varesenews.it\/#website\",\"url\":\"https:\/\/staging.varesenews.it\/\",\"name\":\"VareseNews\",\"description\":\"\",\"potentialAction\":[{\"@type\":\"SearchAction\",\"target\":{\"@type\":\"EntryPoint\",\"urlTemplate\":\"https:\/\/staging.varesenews.it\/?s={search_term_string}\"},\"query-input\":\"required name=search_term_string\"}],\"inLanguage\":\"it-IT\"},{\"@type\":\"Person\",\"@id\":\"https:\/\/staging.varesenews.it\/#\/schema\/person\/efe592ae4c76536b551f89d8b6674bc3\",\"name\":\"Roberto Morandi\",\"image\":{\"@type\":\"ImageObject\",\"inLanguage\":\"it-IT\",\"@id\":\"https:\/\/staging.varesenews.it\/#\/schema\/person\/image\/\",\"url\":\"https:\/\/staging.varesenews.it\/wp-content\/uploads\/2020\/12\/roberto_morandi_colori_500.jpg\",\"contentUrl\":\"https:\/\/staging.varesenews.it\/wp-content\/uploads\/2020\/12\/roberto_morandi_colori_500.jpg\",\"caption\":\"Roberto Morandi\"},\"description\":\"Classe 1980, laureato in storia, mi occupo dell&rsquo;area di Gallarate e di Malpensa, di trasporti e mobilit&agrave;. Amo molto la dimensione della citt&agrave;, come luogo d&rsquo;incontro di persone diverse e come organismo che si trasforma costantemente. Mi piace anche raccontare le piccole e grandi vicende, anche locali, che compongono la Storia con la S maiuscola. Appassionato di bicicletta: la macchina perfetta per muoversi in citt&agrave; e per viaggiare.\",\"sameAs\":[\"https:\/\/twitter.com\/ilmorands\"],\"url\":\"https:\/\/staging.varesenews.it\/persona\/roberto-morandi1\/\"}]}<\/script>\n<!-- \/ Yoast SEO plugin. -->","yoast_head_json":{"title":"I colori illuminano villa Montevecchio di Samarate: mercoled\u00ec \"in rosso\" contro la violenza sulle donne","description":"Le luci nella torretta della villa neogotica stanno diventando un linguaggio usato per comunicare le diverse ricorrenze. La prossima sar\u00e0 la Giornata internazionale contro la violenza di genere","robots":{"index":"noindex","follow":"follow","max-snippet":"max-snippet:-1","max-image-preview":"max-image-preview:large","max-video-preview":"max-video-preview:-1"},"og_locale":"it_IT","og_type":"article","og_title":"I colori illuminano villa Montevecchio di Samarate: mercoled\u00ec \"in rosso\" contro la violenza sulle donne","og_description":"Le luci nella torretta della villa neogotica stanno diventando un linguaggio usato per comunicare le diverse ricorrenze. La prossima sar\u00e0 la Giornata internazionale contro la violenza di genere","og_url":"https:\/\/staging.varesenews.it\/2020\/11\/colori-illuminano-villa-montevecchio-samarate-mercoledi-rosso-la-violenza-sulle-donne\/1278642\/","og_site_name":"VareseNews","article_publisher":"https:\/\/www.facebook.com\/varesenews","article_published_time":"2020-11-24T10:32:26+00:00","article_modified_time":"2020-11-24T10:41:30+00:00","author":"Roberto Morandi","twitter_card":"summary_large_image","twitter_creator":"@ilmorands","twitter_site":"@varesenews","twitter_misc":{"Scritto da":"Roberto Morandi","Tempo di lettura stimato":"2 minuti"},"schema":{"@context":"https:\/\/schema.org","@graph":[{"@type":"WebPage","@id":"https:\/\/staging.varesenews.it\/2020\/11\/colori-illuminano-villa-montevecchio-samarate-mercoledi-rosso-la-violenza-sulle-donne\/1278642\/","url":"https:\/\/staging.varesenews.it\/2020\/11\/colori-illuminano-villa-montevecchio-samarate-mercoledi-rosso-la-violenza-sulle-donne\/1278642\/","name":"I colori illuminano villa Montevecchio di Samarate: mercoled\u00ec \"in rosso\" contro la violenza sulle donne","isPartOf":{"@id":"https:\/\/staging.varesenews.it\/#website"},"datePublished":"2020-11-24T10:32:26+00:00","dateModified":"2020-11-24T10:41:30+00:00","author":{"@id":"https:\/\/staging.varesenews.it\/#\/schema\/person\/efe592ae4c76536b551f89d8b6674bc3"},"description":"Le luci nella torretta della villa neogotica stanno diventando un linguaggio usato per comunicare le diverse ricorrenze. La prossima sar\u00e0 la Giornata internazionale contro la violenza di genere","breadcrumb":{"@id":"https:\/\/staging.varesenews.it\/2020\/11\/colori-illuminano-villa-montevecchio-samarate-mercoledi-rosso-la-violenza-sulle-donne\/1278642\/#breadcrumb"},"inLanguage":"it-IT","potentialAction":[{"@type":"ReadAction","target":["https:\/\/staging.varesenews.it\/2020\/11\/colori-illuminano-villa-montevecchio-samarate-mercoledi-rosso-la-violenza-sulle-donne\/1278642\/"]}]},{"@type":"BreadcrumbList","@id":"https:\/\/staging.varesenews.it\/2020\/11\/colori-illuminano-villa-montevecchio-samarate-mercoledi-rosso-la-violenza-sulle-donne\/1278642\/#breadcrumb","itemListElement":[{"@type":"ListItem","position":1,"name":"Home","item":"https:\/\/www.varesenews.it\/"},{"@type":"ListItem","position":2,"name":"I colori illuminano villa Montevecchio di Samarate: mercoled\u00ec &#8220;in rosso&#8221; contro la violenza sulle donne"}]},{"@type":"WebSite","@id":"https:\/\/staging.varesenews.it\/#website","url":"https:\/\/staging.varesenews.it\/","name":"VareseNews","description":"","potentialAction":[{"@type":"SearchAction","target":{"@type":"EntryPoint","urlTemplate":"https:\/\/staging.varesenews.it\/?s={search_term_string}"},"query-input":"required name=search_term_string"}],"inLanguage":"it-IT"},{"@type":"Person","@id":"https:\/\/staging.varesenews.it\/#\/schema\/person\/efe592ae4c76536b551f89d8b6674bc3","name":"Roberto Morandi","image":{"@type":"ImageObject","inLanguage":"it-IT","@id":"https:\/\/staging.varesenews.it\/#\/schema\/person\/image\/","url":"https:\/\/staging.varesenews.it\/wp-content\/uploads\/2020\/12\/roberto_morandi_colori_500.jpg","contentUrl":"https:\/\/staging.varesenews.it\/wp-content\/uploads\/2020\/12\/roberto_morandi_colori_500.jpg","caption":"Roberto Morandi"},"description":"Classe 1980, laureato in storia, mi occupo dell&rsquo;area di Gallarate e di Malpensa, di trasporti e mobilit&agrave;. Amo molto la dimensione della citt&agrave;, come luogo d&rsquo;incontro di persone diverse e come organismo che si trasforma costantemente. Mi piace anche raccontare le piccole e grandi vicende, anche locali, che compongono la Storia con la S maiuscola. Appassionato di bicicletta: la macchina perfetta per muoversi in citt&agrave; e per viaggiare.","sameAs":["https:\/\/twitter.com\/ilmorands"],"url":"https:\/\/staging.varesenews.it\/persona\/roberto-morandi1\/"}]}},"post_meta":{"_edit_lock":"1606214361:46","_edit_last":"46","_category_permalink":"a:1:{s:8:\"category\";s:1:\"3\";}","_encloseme":"1","ratings_users":"0","ratings_score":"0","ratings_average":"0","foto":"1188862","id_link_fotogallery":"1278652","argomento":"Samarate","_yoast_wpseo_content_score":"30","_jd_tweet_this":"yes","_wpt_short_url":"https:\/\/www.varesenews.it\/2020\/11\/colori-illuminano-villa-montevecchio-samarate-mercoledi-rosso-la-violenza-sulle-donne\/1278642\/","_wp_jd_target":"https:\/\/www.varesenews.it\/2020\/11\/colori-illuminano-villa-montevecchio-samarate-mercoledi-rosso-la-violenza-sulle-donne\/1278642\/","_jd_wp_twitter":"a:1:{i:0;s:238:\"I colori illuminano villa Montevecchio di Samarate: mercoled\u00ec \u201cin rosso\u201d contro la violenza sulle donne https:\/\/www.varesenews.it\/2020\/11\/colori-illuminano-villa-montevecchio-samarate-mercoledi-rosso-la-violenza-sulle-donne\/1278642\/ \";}","_wpt_status_message":"Tweet inviato con successo."},"photos":[{"original":"https:\/\/staging.varesenews.it\/photogallery_new\/images\/2020\/11\/luci-e-colori-villa-montevecchio-1188862.jpg","full":"https:\/\/staging.varesenews.it\/photogallery_new\/images\/2020\/11\/luci-e-colori-villa-montevecchio-1188862.1024x768.jpg","large":"https:\/\/staging.varesenews.it\/photogallery_new\/images\/2020\/11\/luci-e-colori-villa-montevecchio-1188862.610x431.jpg"}],"_links":{"self":[{"href":"https:\/\/staging.varesenews.it\/swgapi\/v1\/wp\/v2\/posts\/1278642"}],"collection":[{"href":"https:\/\/staging.varesenews.it\/swgapi\/v1\/wp\/v2\/posts"}],"about":[{"href":"https:\/\/staging.varesenews.it\/swgapi\/v1\/wp\/v2\/types\/post"}],"author":[{"embeddable":true,"href":"https:\/\/staging.varesenews.it\/swgapi\/v1\/wp\/v2\/users\/46"}],"replies":[{"embeddable":true,"href":"https:\/\/staging.varesenews.it\/swgapi\/v1\/wp\/v2\/comments?post=1278642"}],"version-history":[{"count":0,"href":"https:\/\/staging.varesenews.it\/swgapi\/v1\/wp\/v2\/posts\/1278642\/revisions"}],"wp:attachment":[{"href":"https:\/\/staging.varesenews.it\/swgapi\/v1\/wp\/v2\/media?parent=1278642"}],"wp:term":[{"taxonomy":"category","embeddable":true,"href":"https:\/\/staging.varesenews.it\/swgapi\/v1\/wp\/v2\/categories?post=1278642"},{"taxonomy":"post_tag","embeddable":true,"href":"https:\/\/staging.varesenews.it\/swgapi\/v1\/wp\/v2\/tags?post=1278642"}],"curies":[{"name":"wp","href":"https:\/\/api.w.org\/{rel}","templated":true}]}}