{"id":1279125,"date":"2020-11-25T14:14:37","date_gmt":"2020-11-25T13:14:37","guid":{"rendered":"https:\/\/www.varesenews.it\/?p=1279125"},"modified":"2021-03-14T13:14:53","modified_gmt":"2021-03-14T12:14:53","slug":"ventilatori-fai-capitale-umano","status":"publish","type":"post","link":"https:\/\/staging.varesenews.it\/2020\/11\/ventilatori-fai-capitale-umano\/1279125\/","title":{"rendered":"I ventilatori fai-da-te e il capitale umano"},"content":{"rendered":"<p><strong>Frank Helleis<\/strong>, uno scienziato tedesco, ha avuto un\u2019idea geniale per contenere il contagio in classe. Marito di una professoressa dell&#8217;<strong>IGS Mainz-Bretzenheim<\/strong>, un liceo di <strong>Magonza<\/strong>, in <strong>Germania<\/strong>, ha prodotto <strong>un sistema di ventilazione fai da te<\/strong>. Funziona come <strong>una cappa da cucina<\/strong>: sopra ogni banco \u00e8 <strong>appeso un imbuto di plastica<\/strong> trasparente, attaccato a un tubo abbastanza stretto. I vari tubi a loro volta sono collegati a uno pi\u00f9 largo, che porta a un ventilatore, il quale dirige l&#8217;aria all&#8217;esterno, attraverso una finestra inclinata.<\/p>\n<p>I test effettuati dal prestigioso\u00a0<strong>Max Planck Institute for Chemistry<\/strong> hanno dimostrato che il sistema riesce a <strong>rimuovere oltre il 90%<\/strong> degli <strong>aerosol dalla stanza<\/strong>, alla pari con le unit\u00e0 di filtrazione dell&#8217;aria pi\u00f9 all&#8217;avanguardia sul mercato. La differenza da questi sistemi\u00a0high-tech\u00a0\u00e8 il <strong>prezzo<\/strong> e la <strong>reperibilit\u00e0<\/strong> dei materiali per costruirlo. Costa infatti <strong>solo 200 euro e i materiali<\/strong> si trovano in tutti i negozi di bricolage. Non \u00e8 un caso.<\/p>\n<p><strong>Angela Merkel ha approvato fondi per 500 milioni di euro<\/strong> per migliorare la ventilazione degli edifici pubblici. Le scuole sono in cima alla lista delle sue priorit\u00e0, come motore che da sempre ne determina la competitivit\u00e0 a lungo termine del suo paese. (<a href=\"https:\/\/www.bbc.com\/news\/world-europe-54599593\">https:\/\/www.bbc.com\/news\/world-europe-54599593<\/a>)<\/p>\n<p>La gara della <strong>competitivit\u00e0 globale si vince investendo sulla ricerca e la tecnologia<\/strong> e aumentando il valore del proprio capitale umano. Fenomeni come l&#8217;emigrazione e la conseguente <strong>fuga dei cervelli<\/strong>, la non valorizzazione dei talenti o l&#8217;insufficiente spesa pubblica per la scuola, costituiscono alcuni esempi di impoverimento del capitale umano con conseguenze sullo sviluppo economico di un territorio.<\/p>\n<p><strong>Il capitale umano<\/strong> \u00e8 alla base del sistema delle <strong>relazioni interpersonali<\/strong>, formali ed informali, che generano il capitale sociale di una comunit\u00e0, di un territorio, di un paese. <strong>Serve un sistema olistico<\/strong> che non alimenti diseguaglianze, anzi crei <strong>opportunit\u00e0<\/strong> per talenti domestici e internazionali, a tutti i livelli di istruzione, integri il sistema scolastico con la formazione continua nelle imprese e protegga e promuova ambienti famigliari e sociale educativi.<\/p>\n<p>La <strong>fuga dei cervelli<\/strong> \u00e8 un fenomeno importante. Un esodo pari a quello del secondo dopoguerra. Gli italiani iscritti all\u2019Aire (Anagrafe degli italiani all\u2019estero) sono circa <strong>5,2 milioni, mentre erano 3,1 milioni nel 2006,<\/strong> ma i numeri sono decisamente maggiori poich\u00e9 in molti non si iscrivono al registro.<\/p>\n<p><strong>Negli ultimi tre anni 120mila italiani hanno lasciato il Paese<\/strong> (di questi il 42% ha una laurea). Negli ultimi 10 anni, la\u00a0fuga senza ritorno dei giovani <strong>\u00e8 costata\u00a0all\u2019Italia 16 miliardi di euro,<\/strong> pi\u00f9 di un punto percentuale del Pil (Rapporto 2019 sull\u2019Economia dell\u2019Immigrazione, Fondazione Leone Moressa). Inoltre c\u2019\u00e8 il danno derivante dall\u2019emigrazione di lungo periodo, verso aziende estere, di un neolaureato o di un ricercatore: ammonta a un <strong>miliardo di euro all\u2019anno<\/strong> il danno economico che il nostro Paese subisce per i mancati introiti dei brevetti registrati dagli italiani espatriati.\u00a0<strong><a href=\"http:\/\/www.fondazioneleonemoressa.org\/new\/wp-content\/uploads\/2019\/10\/Slide-08.10.2019.pdf\">http:\/\/www.fondazioneleonemoressa.org\/new\/wp-content\/uploads\/2019\/10\/Slide-08.10.2019.pdf <\/a><\/strong><\/p>\n<p><strong>Enzo Riboni<\/strong> li descrive cos\u00ec nel suo volume \u201c<strong>Ciao Italia! 101 storie di cervelli in fuga<\/strong>\u201d: \u00abMigranti\u00a0per libera scelta,\u00a0per curiosit\u00e0 intellettuale, veri nomadi post moderni\u00bb, sottolineando che: \u00abPi\u00f9 che di fughe\u00a0si tratta di inseguimenti. Inseguimenti\u00a0di opportunit\u00e0\u00a0poco presenti in Italia, di futuri pi\u00f9 coerenti con la propria preparazione, di maggiori possibilit\u00e0 di imparare e crescere professionalmente, di soddisfacimenti delle proprie positive ambizioni\u00bb.<\/p>\n<p>A spingerli \u00e8 \u201cil desiderio di futuro\u201d, evidenzia\u00a0<strong>Paolo Iacci<\/strong>, vice presidente di Aidp, Associazione direttori del personale, nella prefazione al libro, come se in Italia, oggi, non ci fosse la speranza di un domani migliore. La nuova edizione del World Talent Ranking <strong>dell\u2019IMD<\/strong> (<strong><a href=\"https:\/\/www.imd.org\/wcc\/world-competitiveness-center-rankings\/world-talent-ranking-2020\/\">https:\/\/www.imd.org\/wcc\/world-competitiveness-center-rankings\/world-talent-ranking-2020\/<\/a><\/strong>) indica chiaramente le lacune del nostro approccio paese rispetto a paesi benchmark come la <strong>Germania<\/strong>.<\/p>\n<p>L\u2019indice considera <strong>3 fattori, misurati con 31 criteri<\/strong>: <strong>investimento<\/strong> e sviluppo dei talenti domestici, <strong>attrattivit\u00e0<\/strong> verso talenti esteri, <strong>maturit\u00e0 e disponibilit\u00e0 delle competenze<\/strong>.\u00a0<strong>L\u2019Italia \u00e8 relativamente forte per<\/strong>:(posizione nel global ranking): rapporto alunni\/insegnanti alle primarie e secondarie (10\u00b0, 18\u00b0) retribuzione del top management (9\u00b0) sistema universitario avanzato (23\u00b0).\u00a0 <strong>I punti di debolezza<\/strong>: priorit\u00e0 alla formazione dei dipendenti nelle aziende (60\u00b0), capacit\u00e0 di attrarre e trattenere i talenti (60\u00b0), esperienza internazionale dei senior manager (50\u00b0). <strong>A parit\u00e0 con l\u2019Italia per investimento pubblico sul sistema educativo come percentuale del GDP<\/strong> <strong>(4%), la Germania eccelle per<\/strong>: implementazione dell\u2019apprendistato (2\u00b0) formazione aziendale dei dipendenti (3\u00b0) laureati in discipline scientifiche (3\u00b0).<\/p>\n<p>La lezione \u00e8 chiara. <strong>Non \u00e8 sufficiente l\u2019eccellenza accademica<\/strong>, di cui per ora abbiamo ancora tanti esempi, \u00e8 necessaria anche la formazione professionale degli istituti tecnici con programmi flessibili e in continua osmosi con il sistema della formazione aziendale. In Italia, ci fanno ben sperare e segnano un via da seguire, i casi recentissimi del settore telecomunicazioni.<\/p>\n<p><strong>TIM e Vodafone hanno siglato importanti accordi sindacali per l\u2019utilizzo del Fondo Nuove Competenze<\/strong> (<strong><a href=\"https:\/\/www.fasi.biz\/it\/notizie\/in-evidenza\/22572-fondo-nuove-competenze-bando-anpal.html#\">https:\/\/www.fasi.biz\/it\/notizie\/in-evidenza\/22572-fondo-nuove-competenze-bando-anpal.html#<\/a><\/strong>), istituito con il <strong>Decreto Rilancio<\/strong> e rifinanziato ad agosto.<\/p>\n<p><strong>L\u2019obiettivo del fondo e degli accordi \u00e8 favorire specifiche rimodulazioni<\/strong>\u00a0dell\u2019orario di lavoro\u00a0 in base alle quali una parte dell&#8217;orario di lavoro viene usata per percorsi formativi. Il <strong>Fondo nuove competenze copre gli oneri relativi alle ore di formazione<\/strong>, comprensivi dei relativi contributi previdenziali e assistenziali e pu\u00f2 essere utilizzato anche per favorire la realizzazione di percorsi di\u00a0ricollocazione dei lavoratori.<\/p>\n<p>Il fine ultimo \u00e8 <strong>aumentare<\/strong> <strong>l\u2019occupabilit\u00e0<\/strong> delle persone in vista delle trasformazioni tecnologiche in corso e attese. Alcuni dei titoli dei corsi dal programma TIM danno un\u2019idea della prospettiva ampia e trasversale su cui \u00e8 fondato: Lavoro agile: tempo, spazio, persone, desksharing, Sostenibilit\u00e0 e inclusione; Data driven culture; Security awareness; Metodologie agili; Comunicazione social; Digital enterprise; Agile customer care; Soft skills e mindset; Change management; Team coaching; Leadership al femminile; Cultura del feedback.<\/p>\n<p>Le aziende che <strong>investono sulla formazione<\/strong> per i nuovi modi di lavorare (es. smart working) ed espandono le capacit\u00e0 adattive dei collaboratori con programmi di sviluppo di nuove competenze verso nuovi modelli di produzione e servizio (es. online\/digitali), motivano le proprie persone, un fattore determinante della produttivit\u00e0. Siamo in un paese dal potenziale enorme. Non \u00e8 troppo tardi. Ogni istituzione, azienda, comunit\u00e0, famiglia e individuo deve prendersi la sua responsabilit\u00e0 per trasformare i doni di chi ci ha preceduto in opportunit\u00e0 per chi viene dopo di noi. Come ci ricorda frate <strong>Elia<\/strong>, della comunit\u00e0 di Bose, commentando la parabola dei talenti e l\u2019installazione di <strong>Charlie Jeffery<\/strong>, <a href=\"http:\/\/(https:\/\/www.monasterodibose.it\/preghiera\/vangelo\/11934-talenti).\">\u201c<\/a><a href=\"https:\/\/www.monasterodibose.it\/fondatore\/riflessioni-sul-vangelo\/11934-talenti\"><strong>Il cambiamento \u00e8 inevitabile, la crescita personale \u00e8 una scelta<\/strong>\u201d.\u00a0<\/a><\/p>\n<p>Altrimenti, i talenti se ne andranno <strong><a href=\"https:\/\/www.repubblica.it\/economia\/2020\/11\/13\/news\/l_offerta_della_grecia_vieni_qui_in_smart_working_e_pagherai_meta_tasse_-274290145\/\">forse in Grecia<\/a><\/strong> o ovunque ci siano idee forti per attrarli e trattenerli.<\/p>\n","protected":false},"excerpt":{"rendered":"<p>Il capitale umano \u00e8 alla base del sistema delle relazioni interpersonali, formali ed informali, che generano il capitale sociale di una comunit\u00e0, di un territorio, di un paese<\/p>\n","protected":false},"author":45,"featured_media":0,"comment_status":"open","ping_status":"open","sticky":false,"template":"","format":"standard","meta":{"footnotes":""},"categories":[15,17],"tags":[99653,107667,101476,59376],"acf":[],"yoast_head":"<!-- This site is optimized with the Yoast SEO plugin v20.1 - https:\/\/yoast.com\/wordpress\/plugins\/seo\/ -->\n<title>I ventilatori fai-da-te e il capitale umano<\/title>\n<meta name=\"description\" content=\"Il capitale umano \u00e8 alla base del sistema delle relazioni interpersonali, formali ed informali, che generano il capitale sociale di una comunit\u00e0, di un territorio, di un paese\" \/>\n<meta name=\"robots\" content=\"noindex, follow, max-snippet:-1, max-image-preview:large, max-video-preview:-1\" \/>\n<meta property=\"og:locale\" content=\"it_IT\" \/>\n<meta property=\"og:type\" content=\"article\" \/>\n<meta property=\"og:title\" content=\"I ventilatori fai-da-te e il capitale umano\" \/>\n<meta property=\"og:description\" content=\"Il capitale umano \u00e8 alla base del sistema delle relazioni interpersonali, formali ed informali, che generano il capitale sociale di una comunit\u00e0, di un territorio, di un paese\" \/>\n<meta property=\"og:url\" content=\"https:\/\/staging.varesenews.it\/2020\/11\/ventilatori-fai-capitale-umano\/1279125\/\" \/>\n<meta property=\"og:site_name\" content=\"VareseNews\" \/>\n<meta property=\"article:publisher\" content=\"https:\/\/www.facebook.com\/varesenews\" \/>\n<meta property=\"article:author\" content=\"https:\/\/www.facebook.com\/michele.mancino.5\" \/>\n<meta property=\"article:published_time\" content=\"2020-11-25T13:14:37+00:00\" \/>\n<meta property=\"article:modified_time\" content=\"2021-03-14T12:14:53+00:00\" \/>\n<meta name=\"author\" content=\"Michele Mancino\" \/>\n<meta name=\"twitter:card\" content=\"summary_large_image\" \/>\n<meta name=\"twitter:creator\" content=\"@micmancio\" \/>\n<meta name=\"twitter:site\" content=\"@varesenews\" \/>\n<meta name=\"twitter:label1\" content=\"Scritto da\" \/>\n\t<meta name=\"twitter:data1\" content=\"Michele Mancino\" \/>\n\t<meta name=\"twitter:label2\" content=\"Tempo di lettura stimato\" \/>\n\t<meta name=\"twitter:data2\" content=\"5 minuti\" \/>\n<script type=\"application\/ld+json\" class=\"yoast-schema-graph\">{\"@context\":\"https:\/\/schema.org\",\"@graph\":[{\"@type\":\"WebPage\",\"@id\":\"https:\/\/staging.varesenews.it\/2020\/11\/ventilatori-fai-capitale-umano\/1279125\/\",\"url\":\"https:\/\/staging.varesenews.it\/2020\/11\/ventilatori-fai-capitale-umano\/1279125\/\",\"name\":\"I ventilatori fai-da-te e il capitale umano\",\"isPartOf\":{\"@id\":\"https:\/\/staging.varesenews.it\/#website\"},\"datePublished\":\"2020-11-25T13:14:37+00:00\",\"dateModified\":\"2021-03-14T12:14:53+00:00\",\"author\":{\"@id\":\"https:\/\/staging.varesenews.it\/#\/schema\/person\/308b491d3cb680ead199e5ff6c6ce540\"},\"description\":\"Il capitale umano \u00e8 alla base del sistema delle relazioni interpersonali, formali ed informali, che generano il capitale sociale di una comunit\u00e0, di un territorio, di un paese\",\"breadcrumb\":{\"@id\":\"https:\/\/staging.varesenews.it\/2020\/11\/ventilatori-fai-capitale-umano\/1279125\/#breadcrumb\"},\"inLanguage\":\"it-IT\",\"potentialAction\":[{\"@type\":\"ReadAction\",\"target\":[\"https:\/\/staging.varesenews.it\/2020\/11\/ventilatori-fai-capitale-umano\/1279125\/\"]}]},{\"@type\":\"BreadcrumbList\",\"@id\":\"https:\/\/staging.varesenews.it\/2020\/11\/ventilatori-fai-capitale-umano\/1279125\/#breadcrumb\",\"itemListElement\":[{\"@type\":\"ListItem\",\"position\":1,\"name\":\"Home\",\"item\":\"https:\/\/www.varesenews.it\/\"},{\"@type\":\"ListItem\",\"position\":2,\"name\":\"I ventilatori fai-da-te e il capitale umano\"}]},{\"@type\":\"WebSite\",\"@id\":\"https:\/\/staging.varesenews.it\/#website\",\"url\":\"https:\/\/staging.varesenews.it\/\",\"name\":\"VareseNews\",\"description\":\"\",\"potentialAction\":[{\"@type\":\"SearchAction\",\"target\":{\"@type\":\"EntryPoint\",\"urlTemplate\":\"https:\/\/staging.varesenews.it\/?s={search_term_string}\"},\"query-input\":\"required name=search_term_string\"}],\"inLanguage\":\"it-IT\"},{\"@type\":\"Person\",\"@id\":\"https:\/\/staging.varesenews.it\/#\/schema\/person\/308b491d3cb680ead199e5ff6c6ce540\",\"name\":\"Michele Mancino\",\"image\":{\"@type\":\"ImageObject\",\"inLanguage\":\"it-IT\",\"@id\":\"https:\/\/staging.varesenews.it\/#\/schema\/person\/image\/\",\"url\":\"https:\/\/staging.varesenews.it\/wp-content\/uploads\/2020\/12\/michele_mancino_colori_500.jpg\",\"contentUrl\":\"https:\/\/staging.varesenews.it\/wp-content\/uploads\/2020\/12\/michele_mancino_colori_500.jpg\",\"caption\":\"Michele Mancino\"},\"description\":\"Sono a VareseNews da prima che nascesse. Ho inserito le prime notizie in una stringa di codice html, la lingua di internet. Aprivo i computer, cambiavo schede di rete e portavo i server dal provider. A met&agrave; degli anni &rsquo;90 il giornalista online doveva saper fare anche questo. Ho vissuto gli anni drammatici della bolla speculativa di Internet e quelli entusiastici della crescita, anni in cui VareseNews era un Davide in mezzo a tanti Golia. Poi sono arrivati i social, le nuove piattaforme e soprattutto gli smartphone, una postazione di lavoro racchiusa in una mano. Una nuova rivoluzione. Insomma, &egrave; stata, ed &egrave; ancora, un&rsquo;avventura entusiasmante perch&eacute; mi insegna giorno dopo giorno che il cambiamento &egrave; l&rsquo;unica certezza di questa fragile esistenza.\",\"sameAs\":[\"https:\/\/www.facebook.com\/michele.mancino.5\",\"micmancio\",\"Aggiorna le impostazioni del tuo profilo pubblicoit.linkedin.com\/pub\/michele-mancino\/28\/b71\/890\/it\",\"https:\/\/twitter.com\/micmancio\"],\"url\":\"https:\/\/staging.varesenews.it\/persona\/michele_mancino\/\"}]}<\/script>\n<!-- \/ Yoast SEO plugin. -->","yoast_head_json":{"title":"I ventilatori fai-da-te e il capitale umano","description":"Il capitale umano \u00e8 alla base del sistema delle relazioni interpersonali, formali ed informali, che generano il capitale sociale di una comunit\u00e0, di un territorio, di un paese","robots":{"index":"noindex","follow":"follow","max-snippet":"max-snippet:-1","max-image-preview":"max-image-preview:large","max-video-preview":"max-video-preview:-1"},"og_locale":"it_IT","og_type":"article","og_title":"I ventilatori fai-da-te e il capitale umano","og_description":"Il capitale umano \u00e8 alla base del sistema delle relazioni interpersonali, formali ed informali, che generano il capitale sociale di una comunit\u00e0, di un territorio, di un paese","og_url":"https:\/\/staging.varesenews.it\/2020\/11\/ventilatori-fai-capitale-umano\/1279125\/","og_site_name":"VareseNews","article_publisher":"https:\/\/www.facebook.com\/varesenews","article_author":"https:\/\/www.facebook.com\/michele.mancino.5","article_published_time":"2020-11-25T13:14:37+00:00","article_modified_time":"2021-03-14T12:14:53+00:00","author":"Michele Mancino","twitter_card":"summary_large_image","twitter_creator":"@micmancio","twitter_site":"@varesenews","twitter_misc":{"Scritto da":"Michele Mancino","Tempo di lettura stimato":"5 minuti"},"schema":{"@context":"https:\/\/schema.org","@graph":[{"@type":"WebPage","@id":"https:\/\/staging.varesenews.it\/2020\/11\/ventilatori-fai-capitale-umano\/1279125\/","url":"https:\/\/staging.varesenews.it\/2020\/11\/ventilatori-fai-capitale-umano\/1279125\/","name":"I ventilatori fai-da-te e il capitale umano","isPartOf":{"@id":"https:\/\/staging.varesenews.it\/#website"},"datePublished":"2020-11-25T13:14:37+00:00","dateModified":"2021-03-14T12:14:53+00:00","author":{"@id":"https:\/\/staging.varesenews.it\/#\/schema\/person\/308b491d3cb680ead199e5ff6c6ce540"},"description":"Il capitale umano \u00e8 alla base del sistema delle relazioni interpersonali, formali ed informali, che generano il capitale sociale di una comunit\u00e0, di un territorio, di un paese","breadcrumb":{"@id":"https:\/\/staging.varesenews.it\/2020\/11\/ventilatori-fai-capitale-umano\/1279125\/#breadcrumb"},"inLanguage":"it-IT","potentialAction":[{"@type":"ReadAction","target":["https:\/\/staging.varesenews.it\/2020\/11\/ventilatori-fai-capitale-umano\/1279125\/"]}]},{"@type":"BreadcrumbList","@id":"https:\/\/staging.varesenews.it\/2020\/11\/ventilatori-fai-capitale-umano\/1279125\/#breadcrumb","itemListElement":[{"@type":"ListItem","position":1,"name":"Home","item":"https:\/\/www.varesenews.it\/"},{"@type":"ListItem","position":2,"name":"I ventilatori fai-da-te e il capitale umano"}]},{"@type":"WebSite","@id":"https:\/\/staging.varesenews.it\/#website","url":"https:\/\/staging.varesenews.it\/","name":"VareseNews","description":"","potentialAction":[{"@type":"SearchAction","target":{"@type":"EntryPoint","urlTemplate":"https:\/\/staging.varesenews.it\/?s={search_term_string}"},"query-input":"required name=search_term_string"}],"inLanguage":"it-IT"},{"@type":"Person","@id":"https:\/\/staging.varesenews.it\/#\/schema\/person\/308b491d3cb680ead199e5ff6c6ce540","name":"Michele Mancino","image":{"@type":"ImageObject","inLanguage":"it-IT","@id":"https:\/\/staging.varesenews.it\/#\/schema\/person\/image\/","url":"https:\/\/staging.varesenews.it\/wp-content\/uploads\/2020\/12\/michele_mancino_colori_500.jpg","contentUrl":"https:\/\/staging.varesenews.it\/wp-content\/uploads\/2020\/12\/michele_mancino_colori_500.jpg","caption":"Michele Mancino"},"description":"Sono a VareseNews da prima che nascesse. Ho inserito le prime notizie in una stringa di codice html, la lingua di internet. Aprivo i computer, cambiavo schede di rete e portavo i server dal provider. A met&agrave; degli anni &rsquo;90 il giornalista online doveva saper fare anche questo. Ho vissuto gli anni drammatici della bolla speculativa di Internet e quelli entusiastici della crescita, anni in cui VareseNews era un Davide in mezzo a tanti Golia. Poi sono arrivati i social, le nuove piattaforme e soprattutto gli smartphone, una postazione di lavoro racchiusa in una mano. Una nuova rivoluzione. Insomma, &egrave; stata, ed &egrave; ancora, un&rsquo;avventura entusiasmante perch&eacute; mi insegna giorno dopo giorno che il cambiamento &egrave; l&rsquo;unica certezza di questa fragile esistenza.","sameAs":["https:\/\/www.facebook.com\/michele.mancino.5","micmancio","Aggiorna le impostazioni del tuo profilo pubblicoit.linkedin.com\/pub\/michele-mancino\/28\/b71\/890\/it","https:\/\/twitter.com\/micmancio"],"url":"https:\/\/staging.varesenews.it\/persona\/michele_mancino\/"}]}},"post_meta":{"_edit_lock":"1615723956:45","_edit_last":"45","_category_permalink":"a:1:{s:8:\"category\";s:2:\"17\";}","foto":"1189084","firma-personalizzata":"Giuseppe Geneletti g.geneletti@methodos.com","argomento":"Lavoro","_yoast_wpseo_focuskw_text_input":"capitale","_yoast_wpseo_focuskw":"capitale","_yoast_wpseo_linkdex":"67","_yoast_wpseo_content_score":"30","_jd_tweet_this":"yes","_encloseme":"1","ratings_users":"0","ratings_score":"0","ratings_average":"0","nascondi_adsense":"1","_wpt_short_url":"https:\/\/www.varesenews.it\/2020\/11\/ventilatori-fai-capitale-umano\/1279125\/","_wp_jd_target":"https:\/\/www.varesenews.it\/2020\/11\/ventilatori-fai-capitale-umano\/1279125\/","_jd_wp_twitter":"a:1:{i:0;s:144:\"I ventilatori fai-da-te e il capitale umano https:\/\/www.varesenews.it\/2020\/11\/ventilatori-fai-capitale-umano\/1279125\/ #smartworker #smartworking\";}","_wpt_status_message":"Tweet inviato con successo."},"photos":[{"original":"https:\/\/staging.varesenews.it\/photogallery_new\/images\/2020\/11\/generica-2020-1189084.jpg","full":"https:\/\/staging.varesenews.it\/photogallery_new\/images\/2020\/11\/generica-2020-1189084.1024x768.jpg","large":"https:\/\/staging.varesenews.it\/photogallery_new\/images\/2020\/11\/generica-2020-1189084.610x431.jpg"}],"_links":{"self":[{"href":"https:\/\/staging.varesenews.it\/swgapi\/v1\/wp\/v2\/posts\/1279125"}],"collection":[{"href":"https:\/\/staging.varesenews.it\/swgapi\/v1\/wp\/v2\/posts"}],"about":[{"href":"https:\/\/staging.varesenews.it\/swgapi\/v1\/wp\/v2\/types\/post"}],"author":[{"embeddable":true,"href":"https:\/\/staging.varesenews.it\/swgapi\/v1\/wp\/v2\/users\/45"}],"replies":[{"embeddable":true,"href":"https:\/\/staging.varesenews.it\/swgapi\/v1\/wp\/v2\/comments?post=1279125"}],"version-history":[{"count":0,"href":"https:\/\/staging.varesenews.it\/swgapi\/v1\/wp\/v2\/posts\/1279125\/revisions"}],"wp:attachment":[{"href":"https:\/\/staging.varesenews.it\/swgapi\/v1\/wp\/v2\/media?parent=1279125"}],"wp:term":[{"taxonomy":"category","embeddable":true,"href":"https:\/\/staging.varesenews.it\/swgapi\/v1\/wp\/v2\/categories?post=1279125"},{"taxonomy":"post_tag","embeddable":true,"href":"https:\/\/staging.varesenews.it\/swgapi\/v1\/wp\/v2\/tags?post=1279125"}],"curies":[{"name":"wp","href":"https:\/\/api.w.org\/{rel}","templated":true}]}}