{"id":1281596,"date":"2020-12-02T13:21:38","date_gmt":"2020-12-02T12:21:38","guid":{"rendered":"https:\/\/www.varesenews.it\/?p=1281596"},"modified":"2020-12-02T13:21:38","modified_gmt":"2020-12-02T12:21:38","slug":"un-piccolo-centro-commerciale-bodio-lomnago","status":"publish","type":"post","link":"https:\/\/staging.varesenews.it\/2020\/12\/un-piccolo-centro-commerciale-bodio-lomnago\/1281596\/","title":{"rendered":"Un piccolo &#8220;centro commerciale&#8221; per Bodio Lomnago"},"content":{"rendered":"<p>Un <strong>mini &#8220;centro commerciale&#8221; per Bodio Lomnago<\/strong>. Apre domani, gioved\u00ec 3 dicembre, il primo supermercato del paese e nei prossimi giorni anche un negozio di prodotti per la casa e il benessere.<\/p>\n<p>L&#8217;inaugurazione avverr\u00e0 un po&#8217; in sordina a causa delle norme che vietano assembramenti ma gi\u00e0 da gioved\u00ec sar\u00e0 possibile andare a fare acquisti. Si tratta di un discount della <strong>catena &#8220;DPi\u00f9&#8221;\u00a0<\/strong> mentre accanto e aprir\u00e0 un punto vendita&#8221;Prodet&#8221;, specilizzato appunto in detersivi, prodotti per la casa e la cosmesi. I due nuovi negozi prenderanno il posto di una banca e di un centro di elettronica.<\/p>\n<p>\u00abE&#8217; un segnale importante di crescita per il nostro paese &#8211; commenta il sindaco di Bodio Eleonora Polelli &#8211; : in questo modo i nostri cittadini potranno contare su pi\u00f9 servizi per fare i propri acquisti, senza doversi allontanare da casa\u00bb<\/p>\n","protected":false},"excerpt":{"rendered":"<p>Domani, gioved\u00ec 3 dicembre, verr\u00e0 inaugurato un supermercato della catena &#8220;DPi\u00f9&#8221;. Tra qualche giorno aprir\u00e0 anche un negozio con prodotti per la casa e il benessere<\/p>\n","protected":false},"author":49,"featured_media":0,"comment_status":"open","ping_status":"open","sticky":false,"template":"","format":"standard","meta":{"footnotes":""},"categories":[2],"tags":[41421,9879],"acf":[],"yoast_head":"<!-- This site is optimized with the Yoast SEO plugin v20.1 - https:\/\/yoast.com\/wordpress\/plugins\/seo\/ -->\n<title>Un piccolo &quot;centro commerciale&quot; per Bodio Lomnago<\/title>\n<meta name=\"description\" content=\"Domani, gioved\u00ec 3 dicembre, verr\u00e0 inaugurato un supermercato della catena &quot;DPi\u00f9&quot;. Tra qualche giorno aprir\u00e0 anche un negozio con prodotti per la casa e il benessere\" \/>\n<meta name=\"robots\" content=\"noindex, follow, max-snippet:-1, max-image-preview:large, max-video-preview:-1\" \/>\n<meta property=\"og:locale\" content=\"it_IT\" \/>\n<meta property=\"og:type\" content=\"article\" \/>\n<meta property=\"og:title\" content=\"Un piccolo &quot;centro commerciale&quot; per Bodio Lomnago\" \/>\n<meta property=\"og:description\" content=\"Domani, gioved\u00ec 3 dicembre, verr\u00e0 inaugurato un supermercato della catena &quot;DPi\u00f9&quot;. Tra qualche giorno aprir\u00e0 anche un negozio con prodotti per la casa e il benessere\" \/>\n<meta property=\"og:url\" content=\"https:\/\/www.varesenews.it\/2020\/12\/un-piccolo-centro-commerciale-bodio-lomnago\/1281596\/\" \/>\n<meta property=\"og:site_name\" content=\"VareseNews\" \/>\n<meta property=\"article:publisher\" content=\"https:\/\/www.facebook.com\/varesenews\" \/>\n<meta property=\"article:author\" content=\"https:\/\/www.facebook.com\/roberta.bertolini.9\" \/>\n<meta property=\"article:published_time\" content=\"2020-12-02T12:21:38+00:00\" \/>\n<meta name=\"author\" content=\"Roberta Bertolini\" \/>\n<meta name=\"twitter:card\" content=\"summary_large_image\" \/>\n<meta name=\"twitter:creator\" content=\"@robybertolini\" \/>\n<meta name=\"twitter:site\" content=\"@varesenews\" \/>\n<meta name=\"twitter:label1\" content=\"Scritto da\" \/>\n\t<meta name=\"twitter:data1\" content=\"Roberta Bertolini\" \/>\n\t<meta name=\"twitter:label2\" content=\"Tempo di lettura stimato\" \/>\n\t<meta name=\"twitter:data2\" content=\"1 minuto\" \/>\n<script type=\"application\/ld+json\" class=\"yoast-schema-graph\">{\"@context\":\"https:\/\/schema.org\",\"@graph\":[{\"@type\":\"WebPage\",\"@id\":\"https:\/\/www.varesenews.it\/2020\/12\/un-piccolo-centro-commerciale-bodio-lomnago\/1281596\/\",\"url\":\"https:\/\/www.varesenews.it\/2020\/12\/un-piccolo-centro-commerciale-bodio-lomnago\/1281596\/\",\"name\":\"Un piccolo \\\"centro commerciale\\\" per Bodio Lomnago\",\"isPartOf\":{\"@id\":\"https:\/\/staging.varesenews.it\/#website\"},\"datePublished\":\"2020-12-02T12:21:38+00:00\",\"dateModified\":\"2020-12-02T12:21:38+00:00\",\"author\":{\"@id\":\"https:\/\/staging.varesenews.it\/#\/schema\/person\/58fbd3e567d5c00f0a64d5137fef3e68\"},\"description\":\"Domani, gioved\u00ec 3 dicembre, verr\u00e0 inaugurato un supermercato della catena \\\"DPi\u00f9\\\". Tra qualche giorno aprir\u00e0 anche un negozio con prodotti per la casa e il benessere\",\"breadcrumb\":{\"@id\":\"https:\/\/www.varesenews.it\/2020\/12\/un-piccolo-centro-commerciale-bodio-lomnago\/1281596\/#breadcrumb\"},\"inLanguage\":\"it-IT\",\"potentialAction\":[{\"@type\":\"ReadAction\",\"target\":[\"https:\/\/www.varesenews.it\/2020\/12\/un-piccolo-centro-commerciale-bodio-lomnago\/1281596\/\"]}]},{\"@type\":\"BreadcrumbList\",\"@id\":\"https:\/\/www.varesenews.it\/2020\/12\/un-piccolo-centro-commerciale-bodio-lomnago\/1281596\/#breadcrumb\",\"itemListElement\":[{\"@type\":\"ListItem\",\"position\":1,\"name\":\"Home\",\"item\":\"https:\/\/www.varesenews.it\/\"},{\"@type\":\"ListItem\",\"position\":2,\"name\":\"Un piccolo &#8220;centro commerciale&#8221; per Bodio Lomnago\"}]},{\"@type\":\"WebSite\",\"@id\":\"https:\/\/staging.varesenews.it\/#website\",\"url\":\"https:\/\/staging.varesenews.it\/\",\"name\":\"VareseNews\",\"description\":\"\",\"potentialAction\":[{\"@type\":\"SearchAction\",\"target\":{\"@type\":\"EntryPoint\",\"urlTemplate\":\"https:\/\/staging.varesenews.it\/?s={search_term_string}\"},\"query-input\":\"required name=search_term_string\"}],\"inLanguage\":\"it-IT\"},{\"@type\":\"Person\",\"@id\":\"https:\/\/staging.varesenews.it\/#\/schema\/person\/58fbd3e567d5c00f0a64d5137fef3e68\",\"name\":\"Roberta Bertolini\",\"image\":{\"@type\":\"ImageObject\",\"inLanguage\":\"it-IT\",\"@id\":\"https:\/\/staging.varesenews.it\/#\/schema\/person\/image\/\",\"url\":\"https:\/\/staging.varesenews.it\/wp-content\/uploads\/2020\/12\/roberta_bertolini_colori_500.jpg\",\"contentUrl\":\"https:\/\/staging.varesenews.it\/wp-content\/uploads\/2020\/12\/roberta_bertolini_colori_500.jpg\",\"caption\":\"Roberta Bertolini\"},\"description\":\"Giornalista professionista dal 1991, sono passata, ormai molti anni fa, dalla carta al web. Oggi mi occupo di cronaca locale e guardo con curiosit&agrave; ed attenzione il mondo dei social. Parlo poco, ascolto molto.\",\"sameAs\":[\"https:\/\/www.facebook.com\/roberta.bertolini.9\",\"bettabertolini\",\"https:\/\/www.linkedin.com\/hp\/?dnr=v9e-Gp7a6_oxqTuQyZA0Lf4aEi4t91g6wMH\",\"https:\/\/twitter.com\/robybertolini\"],\"url\":\"https:\/\/staging.varesenews.it\/persona\/roberta-bertolini1\/\"}]}<\/script>\n<!-- \/ Yoast SEO plugin. -->","yoast_head_json":{"title":"Un piccolo \"centro commerciale\" per Bodio Lomnago","description":"Domani, gioved\u00ec 3 dicembre, verr\u00e0 inaugurato un supermercato della catena \"DPi\u00f9\". Tra qualche giorno aprir\u00e0 anche un negozio con prodotti per la casa e il benessere","robots":{"index":"noindex","follow":"follow","max-snippet":"max-snippet:-1","max-image-preview":"max-image-preview:large","max-video-preview":"max-video-preview:-1"},"og_locale":"it_IT","og_type":"article","og_title":"Un piccolo \"centro commerciale\" per Bodio Lomnago","og_description":"Domani, gioved\u00ec 3 dicembre, verr\u00e0 inaugurato un supermercato della catena \"DPi\u00f9\". Tra qualche giorno aprir\u00e0 anche un negozio con prodotti per la casa e il benessere","og_url":"https:\/\/www.varesenews.it\/2020\/12\/un-piccolo-centro-commerciale-bodio-lomnago\/1281596\/","og_site_name":"VareseNews","article_publisher":"https:\/\/www.facebook.com\/varesenews","article_author":"https:\/\/www.facebook.com\/roberta.bertolini.9","article_published_time":"2020-12-02T12:21:38+00:00","author":"Roberta Bertolini","twitter_card":"summary_large_image","twitter_creator":"@robybertolini","twitter_site":"@varesenews","twitter_misc":{"Scritto da":"Roberta Bertolini","Tempo di lettura stimato":"1 minuto"},"schema":{"@context":"https:\/\/schema.org","@graph":[{"@type":"WebPage","@id":"https:\/\/www.varesenews.it\/2020\/12\/un-piccolo-centro-commerciale-bodio-lomnago\/1281596\/","url":"https:\/\/www.varesenews.it\/2020\/12\/un-piccolo-centro-commerciale-bodio-lomnago\/1281596\/","name":"Un piccolo \"centro commerciale\" per Bodio Lomnago","isPartOf":{"@id":"https:\/\/staging.varesenews.it\/#website"},"datePublished":"2020-12-02T12:21:38+00:00","dateModified":"2020-12-02T12:21:38+00:00","author":{"@id":"https:\/\/staging.varesenews.it\/#\/schema\/person\/58fbd3e567d5c00f0a64d5137fef3e68"},"description":"Domani, gioved\u00ec 3 dicembre, verr\u00e0 inaugurato un supermercato della catena \"DPi\u00f9\". Tra qualche giorno aprir\u00e0 anche un negozio con prodotti per la casa e il benessere","breadcrumb":{"@id":"https:\/\/www.varesenews.it\/2020\/12\/un-piccolo-centro-commerciale-bodio-lomnago\/1281596\/#breadcrumb"},"inLanguage":"it-IT","potentialAction":[{"@type":"ReadAction","target":["https:\/\/www.varesenews.it\/2020\/12\/un-piccolo-centro-commerciale-bodio-lomnago\/1281596\/"]}]},{"@type":"BreadcrumbList","@id":"https:\/\/www.varesenews.it\/2020\/12\/un-piccolo-centro-commerciale-bodio-lomnago\/1281596\/#breadcrumb","itemListElement":[{"@type":"ListItem","position":1,"name":"Home","item":"https:\/\/www.varesenews.it\/"},{"@type":"ListItem","position":2,"name":"Un piccolo &#8220;centro commerciale&#8221; per Bodio Lomnago"}]},{"@type":"WebSite","@id":"https:\/\/staging.varesenews.it\/#website","url":"https:\/\/staging.varesenews.it\/","name":"VareseNews","description":"","potentialAction":[{"@type":"SearchAction","target":{"@type":"EntryPoint","urlTemplate":"https:\/\/staging.varesenews.it\/?s={search_term_string}"},"query-input":"required name=search_term_string"}],"inLanguage":"it-IT"},{"@type":"Person","@id":"https:\/\/staging.varesenews.it\/#\/schema\/person\/58fbd3e567d5c00f0a64d5137fef3e68","name":"Roberta Bertolini","image":{"@type":"ImageObject","inLanguage":"it-IT","@id":"https:\/\/staging.varesenews.it\/#\/schema\/person\/image\/","url":"https:\/\/staging.varesenews.it\/wp-content\/uploads\/2020\/12\/roberta_bertolini_colori_500.jpg","contentUrl":"https:\/\/staging.varesenews.it\/wp-content\/uploads\/2020\/12\/roberta_bertolini_colori_500.jpg","caption":"Roberta Bertolini"},"description":"Giornalista professionista dal 1991, sono passata, ormai molti anni fa, dalla carta al web. Oggi mi occupo di cronaca locale e guardo con curiosit&agrave; ed attenzione il mondo dei social. Parlo poco, ascolto molto.","sameAs":["https:\/\/www.facebook.com\/roberta.bertolini.9","bettabertolini","https:\/\/www.linkedin.com\/hp\/?dnr=v9e-Gp7a6_oxqTuQyZA0Lf4aEi4t91g6wMH","https:\/\/twitter.com\/robybertolini"],"url":"https:\/\/staging.varesenews.it\/persona\/roberta-bertolini1\/"}]}},"post_meta":{"_edit_lock":"1606913276:49","_edit_last":"49","_category_permalink":"a:1:{s:8:\"category\";s:0:\"\";}","foto":"494237","firma_come_redazione":"1","argomento":"Bodio Lomnago","_yoast_wpseo_content_score":"30","_jd_tweet_this":"yes","_encloseme":"1","ratings_users":"0","ratings_score":"0","ratings_average":"0","_wpt_short_url":"https:\/\/www.varesenews.it\/2020\/12\/un-piccolo-centro-commerciale-bodio-lomnago\/1281596\/","_wp_jd_target":"https:\/\/www.varesenews.it\/2020\/12\/un-piccolo-centro-commerciale-bodio-lomnago\/1281596\/","_jd_wp_twitter":"a:1:{i:0;s:168:\"Un piccolo \u201ccentro commerciale\u201d per Bodio Lomnago https:\/\/www.varesenews.it\/2020\/12\/un-piccolo-centro-commerciale-bodio-lomnago\/1281596\/ #bodiolomnago #supermercato\";}","_wpt_status_message":"Tweet inviato con successo."},"photos":[{"original":"https:\/\/staging.varesenews.it\/photogallery_new\/images\/2015\/11\/varie-494237.jpg","full":"https:\/\/staging.varesenews.it\/photogallery_new\/images\/2015\/11\/varie-494237.1024x768.jpg","large":"https:\/\/staging.varesenews.it\/photogallery_new\/images\/2015\/11\/varie-494237.610x431.jpg"}],"_links":{"self":[{"href":"https:\/\/staging.varesenews.it\/swgapi\/v1\/wp\/v2\/posts\/1281596"}],"collection":[{"href":"https:\/\/staging.varesenews.it\/swgapi\/v1\/wp\/v2\/posts"}],"about":[{"href":"https:\/\/staging.varesenews.it\/swgapi\/v1\/wp\/v2\/types\/post"}],"author":[{"embeddable":true,"href":"https:\/\/staging.varesenews.it\/swgapi\/v1\/wp\/v2\/users\/49"}],"replies":[{"embeddable":true,"href":"https:\/\/staging.varesenews.it\/swgapi\/v1\/wp\/v2\/comments?post=1281596"}],"version-history":[{"count":0,"href":"https:\/\/staging.varesenews.it\/swgapi\/v1\/wp\/v2\/posts\/1281596\/revisions"}],"wp:attachment":[{"href":"https:\/\/staging.varesenews.it\/swgapi\/v1\/wp\/v2\/media?parent=1281596"}],"wp:term":[{"taxonomy":"category","embeddable":true,"href":"https:\/\/staging.varesenews.it\/swgapi\/v1\/wp\/v2\/categories?post=1281596"},{"taxonomy":"post_tag","embeddable":true,"href":"https:\/\/staging.varesenews.it\/swgapi\/v1\/wp\/v2\/tags?post=1281596"}],"curies":[{"name":"wp","href":"https:\/\/api.w.org\/{rel}","templated":true}]}}