{"id":1281682,"date":"2020-12-02T15:11:49","date_gmt":"2020-12-02T14:11:49","guid":{"rendered":"https:\/\/www.varesenews.it\/?p=1281682"},"modified":"2020-12-02T16:02:15","modified_gmt":"2020-12-02T15:02:15","slug":"emergenza-freddo-tornano-dieci-posti-via-maspero","status":"publish","type":"post","link":"https:\/\/staging.varesenews.it\/2020\/12\/emergenza-freddo-tornano-dieci-posti-via-maspero\/1281682\/","title":{"rendered":"Emergenza freddo, tornano dieci posti in via Maspero"},"content":{"rendered":"<p>Quattro ospiti sono gi\u00e0 entrati ieri, altri sei seguiranno nei prossimi giorni, con ingressi scaglionati anche per consentire al meglio il rispetto di tutte le normative anti coronavirus.<\/p>\n<p>\u00c8 cominciato in via Maspero il servizio di \u201c<strong>Emergenza freddo<\/strong>\u201d 2020\/2021.<\/p>\n<p>La pandemia ha imposto al servizio diverse novit\u00e0: come per esempio il fatto che i letti, oltre al solito locale, occuperanno anche la palestra della struttura, cos\u00ec da consentire al meglio il distanziamento interpersonale.<\/p>\n<p>All\u2019ingresso misurazione della temperatura corporea, mascherine e controlli: \u00a0\u00abMa anche \u00a0l\u2019umanit\u00e0 che ha sempre contraddistinto i volontari\u00a0\u2013 Ha sottolineato l\u2019assessore ai Servizi sociali <strong>Roberto Molinari<\/strong> \u2013 Come ogni anno, il coordinamento del servizio \u00e8 dell\u2019Amministrazione, mentre la gestione operativa vede in prima linea i <strong>City Angels<\/strong>, cui va il mio ringraziamento personale e quello a nome di tutta la citt\u00e0. L\u2019approccio agli assistiti \u00e8 come sempre molto difficile, perch\u00e9 c\u2019\u00e8 chi rifiuta ogni forma di aiuto. Da parte nostra, per\u00f2, continuiamo a lavorare come sempre abbiamo fatto, con l\u2019aggiunta delle dovute attenzioni sul fronte sicurezza. Per quanto riguarda quest\u2019ultimo tema, l\u2019\u201cEmergenza freddo\u201d ci consente da ultimo di fare un doppio passo in avanti: offriamo maggiore sicurezza sanitaria, grazie ai controlli quotidiani, ai senza fissa dimora e al contempo aumentiamo la sicurezza della citt\u00e0\u00bb.<\/p>\n<p>\u00abL\u2019attenzione ai protocolli e alle procedure anti contagio \u2013 spiega il responsabile dei City Angels Varese <strong>Andrea Menegotto<\/strong> \u2013 \u00e8 ovviamente molto elevata e rigorosa, con la costante sanificazione degli ambienti e con i controlli. La prima notte \u00e8 andata da questo punto di vista molto bene, ma la cosa che pi\u00f9 mi ha fatto piacere \u00e8 stata un\u2019altra: prima di andare a dormire, infatti, uno degli ospiti ci ha detto che si \u00e8 sentito come in famiglia. Ecco, credo che unire il necessario rigore per la situazione che stiamo vivendo a quell\u2019aspetto umano che sempre ci ha contraddistinto sia il messaggio pi\u00f9 bello. Perch\u00e9 quell\u2019umanit\u00e0 oggi \u00e8 pi\u00f9 che mai necessaria\u00bb.<\/p>\n<p>&nbsp;<\/p>\n","protected":false},"excerpt":{"rendered":"<p>Quattro ospiti sono gi\u00e0 entrati marted\u00ec, altri sei seguiranno nei prossimi giorni. Ingressi scaglionati per consentire il rispetto delle normative anti coronavirus<\/p>\n","protected":false},"author":48,"featured_media":0,"comment_status":"open","ping_status":"open","sticky":false,"template":"","format":"standard","meta":{"footnotes":""},"categories":[1],"tags":[37535,5689],"acf":[],"yoast_head":"<!-- This site is optimized with the Yoast SEO plugin v20.1 - https:\/\/yoast.com\/wordpress\/plugins\/seo\/ -->\n<title>Emergenza freddo, tornano dieci posti in via Maspero<\/title>\n<meta name=\"description\" content=\"Quattro ospiti sono gi\u00e0 entrati marted\u00ec, altri sei seguiranno nei prossimi giorni. Ingressi scaglionati per consentire il rispetto delle normative anti coronavirus\" \/>\n<meta name=\"robots\" content=\"noindex, follow, max-snippet:-1, max-image-preview:large, max-video-preview:-1\" \/>\n<meta property=\"og:locale\" content=\"it_IT\" \/>\n<meta property=\"og:type\" content=\"article\" \/>\n<meta property=\"og:title\" content=\"Emergenza freddo, tornano dieci posti in via Maspero\" \/>\n<meta property=\"og:description\" content=\"Quattro ospiti sono gi\u00e0 entrati marted\u00ec, altri sei seguiranno nei prossimi giorni. Ingressi scaglionati per consentire il rispetto delle normative anti coronavirus\" \/>\n<meta property=\"og:url\" content=\"https:\/\/staging.varesenews.it\/2020\/12\/emergenza-freddo-tornano-dieci-posti-via-maspero\/1281682\/\" \/>\n<meta property=\"og:site_name\" content=\"VareseNews\" \/>\n<meta property=\"article:publisher\" content=\"https:\/\/www.facebook.com\/varesenews\" \/>\n<meta property=\"article:author\" content=\"https:\/\/www.facebook.com\/stefaniaradman\" \/>\n<meta property=\"article:published_time\" content=\"2020-12-02T14:11:49+00:00\" \/>\n<meta property=\"article:modified_time\" content=\"2020-12-02T15:02:15+00:00\" \/>\n<meta name=\"author\" content=\"Stefania Radman\" \/>\n<meta name=\"twitter:card\" content=\"summary_large_image\" \/>\n<meta name=\"twitter:creator\" content=\"@LaRadman\" \/>\n<meta name=\"twitter:site\" content=\"@varesenews\" \/>\n<meta name=\"twitter:label1\" content=\"Scritto da\" \/>\n\t<meta name=\"twitter:data1\" content=\"Stefania Radman\" \/>\n\t<meta name=\"twitter:label2\" content=\"Tempo di lettura stimato\" \/>\n\t<meta name=\"twitter:data2\" content=\"2 minuti\" \/>\n<script type=\"application\/ld+json\" class=\"yoast-schema-graph\">{\"@context\":\"https:\/\/schema.org\",\"@graph\":[{\"@type\":\"WebPage\",\"@id\":\"https:\/\/staging.varesenews.it\/2020\/12\/emergenza-freddo-tornano-dieci-posti-via-maspero\/1281682\/\",\"url\":\"https:\/\/staging.varesenews.it\/2020\/12\/emergenza-freddo-tornano-dieci-posti-via-maspero\/1281682\/\",\"name\":\"Emergenza freddo, tornano dieci posti in via Maspero\",\"isPartOf\":{\"@id\":\"https:\/\/staging.varesenews.it\/#website\"},\"datePublished\":\"2020-12-02T14:11:49+00:00\",\"dateModified\":\"2020-12-02T15:02:15+00:00\",\"author\":{\"@id\":\"https:\/\/staging.varesenews.it\/#\/schema\/person\/995d2e6a31c67237a9a1bc1f0079f3aa\"},\"description\":\"Quattro ospiti sono gi\u00e0 entrati marted\u00ec, altri sei seguiranno nei prossimi giorni. Ingressi scaglionati per consentire il rispetto delle normative anti coronavirus\",\"breadcrumb\":{\"@id\":\"https:\/\/staging.varesenews.it\/2020\/12\/emergenza-freddo-tornano-dieci-posti-via-maspero\/1281682\/#breadcrumb\"},\"inLanguage\":\"it-IT\",\"potentialAction\":[{\"@type\":\"ReadAction\",\"target\":[\"https:\/\/staging.varesenews.it\/2020\/12\/emergenza-freddo-tornano-dieci-posti-via-maspero\/1281682\/\"]}]},{\"@type\":\"BreadcrumbList\",\"@id\":\"https:\/\/staging.varesenews.it\/2020\/12\/emergenza-freddo-tornano-dieci-posti-via-maspero\/1281682\/#breadcrumb\",\"itemListElement\":[{\"@type\":\"ListItem\",\"position\":1,\"name\":\"Home\",\"item\":\"https:\/\/www.varesenews.it\/\"},{\"@type\":\"ListItem\",\"position\":2,\"name\":\"Emergenza freddo, tornano dieci posti in via Maspero\"}]},{\"@type\":\"WebSite\",\"@id\":\"https:\/\/staging.varesenews.it\/#website\",\"url\":\"https:\/\/staging.varesenews.it\/\",\"name\":\"VareseNews\",\"description\":\"\",\"potentialAction\":[{\"@type\":\"SearchAction\",\"target\":{\"@type\":\"EntryPoint\",\"urlTemplate\":\"https:\/\/staging.varesenews.it\/?s={search_term_string}\"},\"query-input\":\"required name=search_term_string\"}],\"inLanguage\":\"it-IT\"},{\"@type\":\"Person\",\"@id\":\"https:\/\/staging.varesenews.it\/#\/schema\/person\/995d2e6a31c67237a9a1bc1f0079f3aa\",\"name\":\"Stefania Radman\",\"image\":{\"@type\":\"ImageObject\",\"inLanguage\":\"it-IT\",\"@id\":\"https:\/\/staging.varesenews.it\/#\/schema\/person\/image\/\",\"url\":\"https:\/\/staging.varesenews.it\/wp-content\/uploads\/2020\/12\/stefania_radman_colori_500.jpg\",\"contentUrl\":\"https:\/\/staging.varesenews.it\/wp-content\/uploads\/2020\/12\/stefania_radman_colori_500.jpg\",\"caption\":\"Stefania Radman\"},\"description\":\"Varesina dal 1991, lavoro dal 2000 per Varesenews.it, prima come responsabile della pagina dell&rsquo;economia, poi della pagina life, ora della citt&agrave; di Varese.Ma sono (e sono stata) anche altro: per esempio, agli albori delle radio private ero dj in una radio milanese, Onda Radio. Da 20 anni sono corrispondente da Varese di Radio Popolare e ho collaborato con Espresso, Repubblica, Diario della Settimana, Italia Oggi. &ldquo;Smanettona&rdquo; da sempre, ho aperto il mio primo sito personale con Geocities nei primi anni novanta (chi se lo ricorda?) e i miei primi blog in Splinder all&rsquo;inizio del 2000. Ora sono sui social: qui quasi sempre sono semplicemente \\\"LaRadman&rdquo;.\",\"sameAs\":[\"http:\/\/laradman.blogspot.it\",\"https:\/\/www.facebook.com\/stefaniaradman\",\"@LaRadman\",\"https:\/\/www.linkedin.com\/in\/stefaniaradman\",\"https:\/\/twitter.com\/LaRadman\"],\"url\":\"https:\/\/staging.varesenews.it\/persona\/stefania-radman1\/\"}]}<\/script>\n<!-- \/ Yoast SEO plugin. -->","yoast_head_json":{"title":"Emergenza freddo, tornano dieci posti in via Maspero","description":"Quattro ospiti sono gi\u00e0 entrati marted\u00ec, altri sei seguiranno nei prossimi giorni. Ingressi scaglionati per consentire il rispetto delle normative anti coronavirus","robots":{"index":"noindex","follow":"follow","max-snippet":"max-snippet:-1","max-image-preview":"max-image-preview:large","max-video-preview":"max-video-preview:-1"},"og_locale":"it_IT","og_type":"article","og_title":"Emergenza freddo, tornano dieci posti in via Maspero","og_description":"Quattro ospiti sono gi\u00e0 entrati marted\u00ec, altri sei seguiranno nei prossimi giorni. Ingressi scaglionati per consentire il rispetto delle normative anti coronavirus","og_url":"https:\/\/staging.varesenews.it\/2020\/12\/emergenza-freddo-tornano-dieci-posti-via-maspero\/1281682\/","og_site_name":"VareseNews","article_publisher":"https:\/\/www.facebook.com\/varesenews","article_author":"https:\/\/www.facebook.com\/stefaniaradman","article_published_time":"2020-12-02T14:11:49+00:00","article_modified_time":"2020-12-02T15:02:15+00:00","author":"Stefania Radman","twitter_card":"summary_large_image","twitter_creator":"@LaRadman","twitter_site":"@varesenews","twitter_misc":{"Scritto da":"Stefania Radman","Tempo di lettura stimato":"2 minuti"},"schema":{"@context":"https:\/\/schema.org","@graph":[{"@type":"WebPage","@id":"https:\/\/staging.varesenews.it\/2020\/12\/emergenza-freddo-tornano-dieci-posti-via-maspero\/1281682\/","url":"https:\/\/staging.varesenews.it\/2020\/12\/emergenza-freddo-tornano-dieci-posti-via-maspero\/1281682\/","name":"Emergenza freddo, tornano dieci posti in via Maspero","isPartOf":{"@id":"https:\/\/staging.varesenews.it\/#website"},"datePublished":"2020-12-02T14:11:49+00:00","dateModified":"2020-12-02T15:02:15+00:00","author":{"@id":"https:\/\/staging.varesenews.it\/#\/schema\/person\/995d2e6a31c67237a9a1bc1f0079f3aa"},"description":"Quattro ospiti sono gi\u00e0 entrati marted\u00ec, altri sei seguiranno nei prossimi giorni. Ingressi scaglionati per consentire il rispetto delle normative anti coronavirus","breadcrumb":{"@id":"https:\/\/staging.varesenews.it\/2020\/12\/emergenza-freddo-tornano-dieci-posti-via-maspero\/1281682\/#breadcrumb"},"inLanguage":"it-IT","potentialAction":[{"@type":"ReadAction","target":["https:\/\/staging.varesenews.it\/2020\/12\/emergenza-freddo-tornano-dieci-posti-via-maspero\/1281682\/"]}]},{"@type":"BreadcrumbList","@id":"https:\/\/staging.varesenews.it\/2020\/12\/emergenza-freddo-tornano-dieci-posti-via-maspero\/1281682\/#breadcrumb","itemListElement":[{"@type":"ListItem","position":1,"name":"Home","item":"https:\/\/www.varesenews.it\/"},{"@type":"ListItem","position":2,"name":"Emergenza freddo, tornano dieci posti in via Maspero"}]},{"@type":"WebSite","@id":"https:\/\/staging.varesenews.it\/#website","url":"https:\/\/staging.varesenews.it\/","name":"VareseNews","description":"","potentialAction":[{"@type":"SearchAction","target":{"@type":"EntryPoint","urlTemplate":"https:\/\/staging.varesenews.it\/?s={search_term_string}"},"query-input":"required name=search_term_string"}],"inLanguage":"it-IT"},{"@type":"Person","@id":"https:\/\/staging.varesenews.it\/#\/schema\/person\/995d2e6a31c67237a9a1bc1f0079f3aa","name":"Stefania Radman","image":{"@type":"ImageObject","inLanguage":"it-IT","@id":"https:\/\/staging.varesenews.it\/#\/schema\/person\/image\/","url":"https:\/\/staging.varesenews.it\/wp-content\/uploads\/2020\/12\/stefania_radman_colori_500.jpg","contentUrl":"https:\/\/staging.varesenews.it\/wp-content\/uploads\/2020\/12\/stefania_radman_colori_500.jpg","caption":"Stefania Radman"},"description":"Varesina dal 1991, lavoro dal 2000 per Varesenews.it, prima come responsabile della pagina dell&rsquo;economia, poi della pagina life, ora della citt&agrave; di Varese.Ma sono (e sono stata) anche altro: per esempio, agli albori delle radio private ero dj in una radio milanese, Onda Radio. Da 20 anni sono corrispondente da Varese di Radio Popolare e ho collaborato con Espresso, Repubblica, Diario della Settimana, Italia Oggi. &ldquo;Smanettona&rdquo; da sempre, ho aperto il mio primo sito personale con Geocities nei primi anni novanta (chi se lo ricorda?) e i miei primi blog in Splinder all&rsquo;inizio del 2000. Ora sono sui social: qui quasi sempre sono semplicemente \"LaRadman&rdquo;.","sameAs":["http:\/\/laradman.blogspot.it","https:\/\/www.facebook.com\/stefaniaradman","@LaRadman","https:\/\/www.linkedin.com\/in\/stefaniaradman","https:\/\/twitter.com\/LaRadman"],"url":"https:\/\/staging.varesenews.it\/persona\/stefania-radman1\/"}]}},"post_meta":{"_edit_lock":"1606921213:48","_edit_last":"48","_category_permalink":"a:1:{s:8:\"category\";s:0:\"\";}","_yoast_wpseo_content_score":"30","_jd_tweet_this":"yes","argomento":"Varese","_encloseme":"1","ratings_users":"0","ratings_score":"0","ratings_average":"0","foto":"444661","firma_come_redazione":"1","_wpt_short_url":"https:\/\/www.varesenews.it\/2020\/12\/emergenza-freddo-tornano-dieci-posti-via-maspero\/1281682\/","_wp_jd_target":"https:\/\/www.varesenews.it\/2020\/12\/emergenza-freddo-tornano-dieci-posti-via-maspero\/1281682\/","_jd_wp_twitter":"a:1:{i:0;s:156:\"Emergenza freddo, tornano dieci posti in via Maspero https:\/\/www.varesenews.it\/2020\/12\/emergenza-freddo-tornano-dieci-posti-via-maspero\/1281682\/ #viamaspero\";}","_wpt_status_message":"Tweet inviato con successo."},"photos":[{"original":"https:\/\/staging.varesenews.it\/photogallery_new\/images\/2015\/04\/eventi-444661.jpg","full":"https:\/\/staging.varesenews.it\/photogallery_new\/images\/2015\/04\/eventi-444661.1024x768.jpg","large":"https:\/\/staging.varesenews.it\/photogallery_new\/images\/2015\/04\/eventi-444661.610x431.jpg"}],"_links":{"self":[{"href":"https:\/\/staging.varesenews.it\/swgapi\/v1\/wp\/v2\/posts\/1281682"}],"collection":[{"href":"https:\/\/staging.varesenews.it\/swgapi\/v1\/wp\/v2\/posts"}],"about":[{"href":"https:\/\/staging.varesenews.it\/swgapi\/v1\/wp\/v2\/types\/post"}],"author":[{"embeddable":true,"href":"https:\/\/staging.varesenews.it\/swgapi\/v1\/wp\/v2\/users\/48"}],"replies":[{"embeddable":true,"href":"https:\/\/staging.varesenews.it\/swgapi\/v1\/wp\/v2\/comments?post=1281682"}],"version-history":[{"count":0,"href":"https:\/\/staging.varesenews.it\/swgapi\/v1\/wp\/v2\/posts\/1281682\/revisions"}],"wp:attachment":[{"href":"https:\/\/staging.varesenews.it\/swgapi\/v1\/wp\/v2\/media?parent=1281682"}],"wp:term":[{"taxonomy":"category","embeddable":true,"href":"https:\/\/staging.varesenews.it\/swgapi\/v1\/wp\/v2\/categories?post=1281682"},{"taxonomy":"post_tag","embeddable":true,"href":"https:\/\/staging.varesenews.it\/swgapi\/v1\/wp\/v2\/tags?post=1281682"}],"curies":[{"name":"wp","href":"https:\/\/api.w.org\/{rel}","templated":true}]}}