{"id":1283506,"date":"2020-12-07T15:38:43","date_gmt":"2020-12-07T14:38:43","guid":{"rendered":"https:\/\/www.varesenews.it\/?p=1283506"},"modified":"2020-12-08T16:14:42","modified_gmt":"2020-12-08T15:14:42","slug":"ampliato-refettorio-della-primaria-iv-novembre","status":"publish","type":"post","link":"https:\/\/staging.varesenews.it\/2020\/12\/ampliato-refettorio-della-primaria-iv-novembre\/1283506\/","title":{"rendered":"Ampliato il refettorio della primaria IV Novembre"},"content":{"rendered":"<p>Per un mese i bambini della <strong>scuola elementare IV Novembre<\/strong> hanno mangiato divisi, chi in aula e chi negli spazi della palestra, trasformati per l&#8217;occasione in refettorio temporaneo (pi\u00f9 ampio di un campo da basket ma pi\u00f9 piccolo della mensa della scuola). <strong>A cominciare da mercoled\u00ec 9 dicembre per\u00f2 tutti gli alunni potranno tronare a consumare il pasto nel salone della mensa, rinfrescato e finalmente ampliato<\/strong>.<\/p>\n<p>La primaria di San Fermo, a tempo pieno da oltre mezzo secolo, ospita <strong>a scuola tutti i suoi 250 alunni ogni giorno per il pranzo, che \u00e8 un momento curricolare di educazione alimentare<\/strong>. L&#8217;ampio refettorio con gli anni (e le norme di sicurezza che si sono susseguite) \u00e8 diventato insufficiente ad ospitare tutti i bambini contemporaneamente e cos\u00ec da dieci anni gli alunni sono suddivisi su un <strong>doppio turno per la pausa pranzo<\/strong>. Ma da un tempo ancora pi\u00f9 lungo si attendeva l&#8217;ampliamento del salone dedicato al pasto e cio\u00e8 da quando il Comune di Varese ha creato un unico centro cucine (quello della media Anna Frank a Bizzozero) per servire tutte le scuole, smantellando di conseguenza tutte le altre cucine scolastiche, inclusa quella della IV Novembre.<\/p>\n<p>Da mercoled\u00ec mattina quindi tavoli e sedie potranno occupare anche gli spazi un tempo destinati alla cucina e non pi\u00f9 separati da un muro rispetto al resto della mensa. Certo, ci sar\u00e0 sempre il doppio turno, ma tutti i bambini potranno mangiare in mensa, nonostante il maggiore distanziamento tra commensali imposto dalle normative per il contenimento del Covid. E <strong>il cantiere \u00e8 stato finanziato proprio con i fondi ottenuti dal Comune di Varese per gli adeguamenti delle strutture scolastiche alle norme per il contenimento del contagio<\/strong><\/p>\n<p>In pi\u00f9 <strong>sar\u00e0 di nuovo possibile per tutti utilizzare la palestra durante le ore di Educazione motoria<\/strong>\u00a0(anche se nell&#8217;inedita versione &#8220;statica&#8221; prevista sempre dalle normative per il contenimento dei contagi), attivit\u00e0 che nelle ultime settimane molte classi hanno comunque svolto regolarmente all&#8217;aperto, tra il cortile e l&#8217;ampio giardino che circondano la scuola.<\/p>\n<p>Per maggiori informazioni sulla primaria IV Novembre consultare il sito dell&#8217;<a href=\"https:\/\/www.icvarese1donrimoldi.edu.it\/\">Istituto comprensivo Varese 1<\/a>. Openday mercoled\u00ec 16 dicembre e mercoled\u00ec 13 gennaio.<\/p>\n","protected":false},"excerpt":{"rendered":"<p>I lavori resi urgenti dalle normative anti-covid permetteranno a tutti i 250 alunni della scuola, da sempre a tempo pieno, di mangiare in mensa <\/p>\n","protected":false},"author":14095,"featured_media":0,"comment_status":"open","ping_status":"open","sticky":false,"template":"","format":"standard","meta":{"footnotes":""},"categories":[23,90,2],"tags":[109036,1389],"acf":[],"yoast_head":"<!-- This site is optimized with the Yoast SEO plugin v20.1 - https:\/\/yoast.com\/wordpress\/plugins\/seo\/ -->\n<title>Ampliato il refettorio della primaria IV Novembre<\/title>\n<meta name=\"description\" content=\"I lavori resi urgenti dalle normative anti-covid permetteranno a tutti i 250 alunni della scuola, da sempre a tempo pieno, di mangiare in mensa\" \/>\n<meta name=\"robots\" content=\"noindex, follow, max-snippet:-1, max-image-preview:large, max-video-preview:-1\" \/>\n<meta property=\"og:locale\" content=\"it_IT\" \/>\n<meta property=\"og:type\" content=\"article\" \/>\n<meta property=\"og:title\" content=\"Ampliato il refettorio della primaria IV Novembre\" \/>\n<meta property=\"og:description\" content=\"I lavori resi urgenti dalle normative anti-covid permetteranno a tutti i 250 alunni della scuola, da sempre a tempo pieno, di mangiare in mensa\" \/>\n<meta property=\"og:url\" content=\"https:\/\/staging.varesenews.it\/2020\/12\/ampliato-refettorio-della-primaria-iv-novembre\/1283506\/\" \/>\n<meta property=\"og:site_name\" content=\"VareseNews\" \/>\n<meta property=\"article:publisher\" content=\"https:\/\/www.facebook.com\/varesenews\" \/>\n<meta property=\"article:published_time\" content=\"2020-12-07T14:38:43+00:00\" \/>\n<meta property=\"article:modified_time\" content=\"2020-12-08T15:14:42+00:00\" \/>\n<meta name=\"author\" content=\"Lidia Romeo\" \/>\n<meta name=\"twitter:card\" content=\"summary_large_image\" \/>\n<meta name=\"twitter:creator\" content=\"@varesenews\" \/>\n<meta name=\"twitter:site\" content=\"@varesenews\" \/>\n<meta name=\"twitter:label1\" content=\"Scritto da\" \/>\n\t<meta name=\"twitter:data1\" content=\"Lidia Romeo\" \/>\n\t<meta name=\"twitter:label2\" content=\"Tempo di lettura stimato\" \/>\n\t<meta name=\"twitter:data2\" content=\"2 minuti\" \/>\n<script type=\"application\/ld+json\" class=\"yoast-schema-graph\">{\"@context\":\"https:\/\/schema.org\",\"@graph\":[{\"@type\":\"WebPage\",\"@id\":\"https:\/\/staging.varesenews.it\/2020\/12\/ampliato-refettorio-della-primaria-iv-novembre\/1283506\/\",\"url\":\"https:\/\/staging.varesenews.it\/2020\/12\/ampliato-refettorio-della-primaria-iv-novembre\/1283506\/\",\"name\":\"Ampliato il refettorio della primaria IV Novembre\",\"isPartOf\":{\"@id\":\"https:\/\/staging.varesenews.it\/#website\"},\"datePublished\":\"2020-12-07T14:38:43+00:00\",\"dateModified\":\"2020-12-08T15:14:42+00:00\",\"author\":{\"@id\":\"https:\/\/staging.varesenews.it\/#\/schema\/person\/83b39e5ac77662e18c07cdb07f0b4e7a\"},\"description\":\"I lavori resi urgenti dalle normative anti-covid permetteranno a tutti i 250 alunni della scuola, da sempre a tempo pieno, di mangiare in mensa\",\"breadcrumb\":{\"@id\":\"https:\/\/staging.varesenews.it\/2020\/12\/ampliato-refettorio-della-primaria-iv-novembre\/1283506\/#breadcrumb\"},\"inLanguage\":\"it-IT\",\"potentialAction\":[{\"@type\":\"ReadAction\",\"target\":[\"https:\/\/staging.varesenews.it\/2020\/12\/ampliato-refettorio-della-primaria-iv-novembre\/1283506\/\"]}]},{\"@type\":\"BreadcrumbList\",\"@id\":\"https:\/\/staging.varesenews.it\/2020\/12\/ampliato-refettorio-della-primaria-iv-novembre\/1283506\/#breadcrumb\",\"itemListElement\":[{\"@type\":\"ListItem\",\"position\":1,\"name\":\"Home\",\"item\":\"https:\/\/www.varesenews.it\/\"},{\"@type\":\"ListItem\",\"position\":2,\"name\":\"Ampliato il refettorio della primaria IV Novembre\"}]},{\"@type\":\"WebSite\",\"@id\":\"https:\/\/staging.varesenews.it\/#website\",\"url\":\"https:\/\/staging.varesenews.it\/\",\"name\":\"VareseNews\",\"description\":\"\",\"potentialAction\":[{\"@type\":\"SearchAction\",\"target\":{\"@type\":\"EntryPoint\",\"urlTemplate\":\"https:\/\/staging.varesenews.it\/?s={search_term_string}\"},\"query-input\":\"required name=search_term_string\"}],\"inLanguage\":\"it-IT\"},{\"@type\":\"Person\",\"@id\":\"https:\/\/staging.varesenews.it\/#\/schema\/person\/83b39e5ac77662e18c07cdb07f0b4e7a\",\"name\":\"Lidia Romeo\",\"image\":{\"@type\":\"ImageObject\",\"inLanguage\":\"it-IT\",\"@id\":\"https:\/\/staging.varesenews.it\/#\/schema\/person\/image\/\",\"url\":\"https:\/\/staging.varesenews.it\/wp-content\/uploads\/2020\/12\/lidia_romeo_colori_500.jpg\",\"contentUrl\":\"https:\/\/staging.varesenews.it\/wp-content\/uploads\/2020\/12\/lidia_romeo_colori_500.jpg\",\"caption\":\"Lidia Romeo\"},\"description\":\"Giornalista professionista dal 2010, una laurea in Scienze politiche e tante, tantissime domande. Ascolto risposte, ne cerco altre e alcune le scrivo. Mi piacciono le chiacchiere, le idee capaci di guardare lontano e camminare in spazi aperti senza altra meta che l&rsquo;orizzonte.&nbsp;Per VareseNews sono responsabile del canale Bambini, a proposito di orizzonti ampi... quanto il futuro. &nbsp;\",\"url\":\"https:\/\/staging.varesenews.it\/persona\/lidia-romeo-a\/\"}]}<\/script>\n<!-- \/ Yoast SEO plugin. -->","yoast_head_json":{"title":"Ampliato il refettorio della primaria IV Novembre","description":"I lavori resi urgenti dalle normative anti-covid permetteranno a tutti i 250 alunni della scuola, da sempre a tempo pieno, di mangiare in mensa","robots":{"index":"noindex","follow":"follow","max-snippet":"max-snippet:-1","max-image-preview":"max-image-preview:large","max-video-preview":"max-video-preview:-1"},"og_locale":"it_IT","og_type":"article","og_title":"Ampliato il refettorio della primaria IV Novembre","og_description":"I lavori resi urgenti dalle normative anti-covid permetteranno a tutti i 250 alunni della scuola, da sempre a tempo pieno, di mangiare in mensa","og_url":"https:\/\/staging.varesenews.it\/2020\/12\/ampliato-refettorio-della-primaria-iv-novembre\/1283506\/","og_site_name":"VareseNews","article_publisher":"https:\/\/www.facebook.com\/varesenews","article_published_time":"2020-12-07T14:38:43+00:00","article_modified_time":"2020-12-08T15:14:42+00:00","author":"Lidia Romeo","twitter_card":"summary_large_image","twitter_creator":"@varesenews","twitter_site":"@varesenews","twitter_misc":{"Scritto da":"Lidia Romeo","Tempo di lettura stimato":"2 minuti"},"schema":{"@context":"https:\/\/schema.org","@graph":[{"@type":"WebPage","@id":"https:\/\/staging.varesenews.it\/2020\/12\/ampliato-refettorio-della-primaria-iv-novembre\/1283506\/","url":"https:\/\/staging.varesenews.it\/2020\/12\/ampliato-refettorio-della-primaria-iv-novembre\/1283506\/","name":"Ampliato il refettorio della primaria IV Novembre","isPartOf":{"@id":"https:\/\/staging.varesenews.it\/#website"},"datePublished":"2020-12-07T14:38:43+00:00","dateModified":"2020-12-08T15:14:42+00:00","author":{"@id":"https:\/\/staging.varesenews.it\/#\/schema\/person\/83b39e5ac77662e18c07cdb07f0b4e7a"},"description":"I lavori resi urgenti dalle normative anti-covid permetteranno a tutti i 250 alunni della scuola, da sempre a tempo pieno, di mangiare in mensa","breadcrumb":{"@id":"https:\/\/staging.varesenews.it\/2020\/12\/ampliato-refettorio-della-primaria-iv-novembre\/1283506\/#breadcrumb"},"inLanguage":"it-IT","potentialAction":[{"@type":"ReadAction","target":["https:\/\/staging.varesenews.it\/2020\/12\/ampliato-refettorio-della-primaria-iv-novembre\/1283506\/"]}]},{"@type":"BreadcrumbList","@id":"https:\/\/staging.varesenews.it\/2020\/12\/ampliato-refettorio-della-primaria-iv-novembre\/1283506\/#breadcrumb","itemListElement":[{"@type":"ListItem","position":1,"name":"Home","item":"https:\/\/www.varesenews.it\/"},{"@type":"ListItem","position":2,"name":"Ampliato il refettorio della primaria IV Novembre"}]},{"@type":"WebSite","@id":"https:\/\/staging.varesenews.it\/#website","url":"https:\/\/staging.varesenews.it\/","name":"VareseNews","description":"","potentialAction":[{"@type":"SearchAction","target":{"@type":"EntryPoint","urlTemplate":"https:\/\/staging.varesenews.it\/?s={search_term_string}"},"query-input":"required name=search_term_string"}],"inLanguage":"it-IT"},{"@type":"Person","@id":"https:\/\/staging.varesenews.it\/#\/schema\/person\/83b39e5ac77662e18c07cdb07f0b4e7a","name":"Lidia Romeo","image":{"@type":"ImageObject","inLanguage":"it-IT","@id":"https:\/\/staging.varesenews.it\/#\/schema\/person\/image\/","url":"https:\/\/staging.varesenews.it\/wp-content\/uploads\/2020\/12\/lidia_romeo_colori_500.jpg","contentUrl":"https:\/\/staging.varesenews.it\/wp-content\/uploads\/2020\/12\/lidia_romeo_colori_500.jpg","caption":"Lidia Romeo"},"description":"Giornalista professionista dal 2010, una laurea in Scienze politiche e tante, tantissime domande. Ascolto risposte, ne cerco altre e alcune le scrivo. Mi piacciono le chiacchiere, le idee capaci di guardare lontano e camminare in spazi aperti senza altra meta che l&rsquo;orizzonte.&nbsp;Per VareseNews sono responsabile del canale Bambini, a proposito di orizzonti ampi... quanto il futuro. &nbsp;","url":"https:\/\/staging.varesenews.it\/persona\/lidia-romeo-a\/"}]}},"post_meta":{"_edit_lock":"1607440356:14095","_edit_last":"14095","_category_permalink":"a:1:{s:8:\"category\";s:2:\"23\";}","_encloseme":"1","ratings_users":"0","ratings_score":"0","ratings_average":"0","foto":"1191590","firma-personalizzata":"bambini@varesenews.it","nascondi_adsense":"1","argomento":"Varese","_yoast_wpseo_content_score":"30","_jd_tweet_this":"yes","_wpt_short_url":"https:\/\/www.varesenews.it\/2020\/12\/ampliato-refettorio-della-primaria-iv-novembre\/1283506\/","_wp_jd_target":"https:\/\/www.varesenews.it\/2020\/12\/ampliato-refettorio-della-primaria-iv-novembre\/1283506\/","_jd_wp_twitter":"a:1:{i:0;s:156:\"Ampliato il refettorio della primaria IV Novembre https:\/\/www.varesenews.it\/2020\/12\/ampliato-refettorio-della-primaria-iv-novembre\/1283506\/ #mensascolastica\";}","_wpt_status_message":"Tweet inviato con successo."},"photos":[{"original":"https:\/\/staging.varesenews.it\/photogallery_new\/images\/2020\/12\/generica-2020-1191590.jpg","full":"https:\/\/staging.varesenews.it\/photogallery_new\/images\/2020\/12\/generica-2020-1191590.1024x768.jpg","large":"https:\/\/staging.varesenews.it\/photogallery_new\/images\/2020\/12\/generica-2020-1191590.610x431.jpg"}],"_links":{"self":[{"href":"https:\/\/staging.varesenews.it\/swgapi\/v1\/wp\/v2\/posts\/1283506"}],"collection":[{"href":"https:\/\/staging.varesenews.it\/swgapi\/v1\/wp\/v2\/posts"}],"about":[{"href":"https:\/\/staging.varesenews.it\/swgapi\/v1\/wp\/v2\/types\/post"}],"author":[{"embeddable":true,"href":"https:\/\/staging.varesenews.it\/swgapi\/v1\/wp\/v2\/users\/14095"}],"replies":[{"embeddable":true,"href":"https:\/\/staging.varesenews.it\/swgapi\/v1\/wp\/v2\/comments?post=1283506"}],"version-history":[{"count":0,"href":"https:\/\/staging.varesenews.it\/swgapi\/v1\/wp\/v2\/posts\/1283506\/revisions"}],"wp:attachment":[{"href":"https:\/\/staging.varesenews.it\/swgapi\/v1\/wp\/v2\/media?parent=1283506"}],"wp:term":[{"taxonomy":"category","embeddable":true,"href":"https:\/\/staging.varesenews.it\/swgapi\/v1\/wp\/v2\/categories?post=1283506"},{"taxonomy":"post_tag","embeddable":true,"href":"https:\/\/staging.varesenews.it\/swgapi\/v1\/wp\/v2\/tags?post=1283506"}],"curies":[{"name":"wp","href":"https:\/\/api.w.org\/{rel}","templated":true}]}}