{"id":1283924,"date":"2020-12-09T09:57:48","date_gmt":"2020-12-09T08:57:48","guid":{"rendered":"https:\/\/www.varesenews.it\/?p=1283924"},"modified":"2020-12-09T09:57:48","modified_gmt":"2020-12-09T08:57:48","slug":"forcora-un-metro-neve-aspettando-giallo","status":"publish","type":"post","link":"https:\/\/staging.varesenews.it\/2020\/12\/forcora-un-metro-neve-aspettando-giallo\/1283924\/","title":{"rendered":"Forcora, un metro di neve aspettando il \u201cgiallo\u201c"},"content":{"rendered":"<p class=\"p1\"><span class=\"s1\"><strong>Non solo il colore del sole<\/strong>, che arriver\u00e0 il prossimo fine settimana promettendo giornate da sogno fra le cime innevate: <strong>il giallo \u00e8 questa volta<span class=\"Apple-converted-space\">\u00a0 <\/span>colore di speranz<\/strong>a per chi gestisce attivit\u00e0 ed esercizi pubblici dal momento che <strong>il passaggio della Lombardia fra le regioni a minor rischio permetterebbe lo spostamento dei cittadini<\/strong> fra comuni. E quindi la possibilit\u00e0 di tornare anche nelle localit\u00e0 <strong>turistiche \u201cdi prossimit\u00e0\u201c<\/strong>. <\/span><\/p>\n<p class=\"p1\"><span class=\"s1\"><strong>Ci spera Simone Riva Berni<\/strong>, il gestore del \u201c<strong>Ristorante Sciovia<\/strong>\u201c alla <strong>Forcora<\/strong>, in Val Veddasca, aperto in questi giorni solo come bar e per la consumazione d\u2019asporto delle bevande.<\/p>\n<p>Ma la vera attrazione di queste ore in cima al <strong>monte Cadrigna<\/strong> e poco pi\u00f9 sotto al punto di partenza degli impianti di risalita, oggi fermi, \u00e8 il metro e passa di neve che si pu\u00f2 ammirare anche nelle foto notturne e particolarmente suggestive di questi giorni scattate dallo stesso gestore. <\/span><\/p>\n<p class=\"p1\"><span class=\"s1\"><strong>LuinoMeteo, piccola stazione amatoriale<\/strong> che raccoglie dati meteorologici nella zona del Lago Maggiore ha misurato gli accumuli di neve \u00ab<strong>che a quota 1150 al passo Forcora, dal 4.12 al 07.12 sono stati in totale di 104 centimetri di neve fresca<\/strong>\u00bb. Il vero peccato \u00e8 l\u2019impossibilit\u00e0 di sciare dal momento che gli impianti potranno aprire, probabilmente, solo ai primi giorni di gennaio, passate le feste. <\/span><\/p>\n<p class=\"p1\"><span class=\"s1\">\u00abMa <strong>quando passeremo in zona gialla c\u2019\u00e8 da scommetterci che qui arriver\u00e0 comunque gente<\/strong>\u00bb, spiega Berni, che si dice pronto a mettersi a disposizione di chi vorr\u00e0 farsi qualche giro nella neve con le <strong>ciaspole<\/strong>. <\/span><\/p>\n<p class=\"p1\"><span class=\"s1\"><strong>\u00abNon posso accompagnare nessuno nelle escursioni, ma come sempre siamo a disposizione per consigli sui sentieri, i percorsi e le localit\u00e0<\/strong> che si possono raggiungere su queste montagne innevate, che in questi giorni sono un paradiso\u00bb. <\/span><\/p>\n<p class=\"p1\"><span class=\"s1\"><strong>Ieri (8 dicembre) \u00e8 stata battuta la pista da fondo<\/strong>, delle lunghezza di cinque chilometri <strong>e la \u201czona bob\u201c<\/strong>. <\/span><\/p>\n<p class=\"p1\"><span class=\"s1\">Gli occhi sono dunque pontati a <strong>cosa accadr\u00e0 in Lombardia venerd\u00ec<\/strong>: il presidente Fontana ha pi\u00f9 volte ribadito la necessit\u00e0 di allargare i cordoni delle norme, ma sar\u00e0 il Governo a decidere nei prossimi giorni. <\/span><\/p>\n<p class=\"p1\"><span class=\"s1\"><strong>L\u2019allentamento delle misure potrebbe cos\u00ec consentire per due weekend &#8211; quello del 12-13 e del 10-20 &#8211; di beneficiare di quella \u201cfinestra di libert\u00e0\u201d<\/strong> prima delle nuove restrizioni previste per le festivit\u00e0 natalizie.<\/span><\/p>\n","protected":false},"excerpt":{"rendered":"<p>Gli impianti sono fermi, ma l\u2019attesa per il passaggio in zona gialla potrebbe portare comunque persone attirate dal turismo invernale \u201calternativo\u201c. Battuta la pista di fondo<\/p>\n","protected":false},"author":34,"featured_media":0,"comment_status":"open","ping_status":"open","sticky":false,"template":"","format":"standard","meta":{"footnotes":""},"categories":[46,2],"tags":[104847,11973,1074,73575,110907],"acf":[],"yoast_head":"<!-- This site is optimized with the Yoast SEO plugin v20.1 - https:\/\/yoast.com\/wordpress\/plugins\/seo\/ -->\n<title>Forcora, un metro di neve aspettando il \u201cgiallo\u201c<\/title>\n<meta name=\"description\" content=\"Gli impianti sono fermi, ma l\u2019attesa per il passaggio in zona gialla potrebbe portare comunque persone attirate dal turismo invernale \u201calternativo\u201c. Battuta la pista di fondo\" \/>\n<meta name=\"robots\" content=\"noindex, follow, max-snippet:-1, max-image-preview:large, max-video-preview:-1\" \/>\n<meta property=\"og:locale\" content=\"it_IT\" \/>\n<meta property=\"og:type\" content=\"article\" \/>\n<meta property=\"og:title\" content=\"Forcora, un metro di neve aspettando il \u201cgiallo\u201c\" \/>\n<meta property=\"og:description\" content=\"Gli impianti sono fermi, ma l\u2019attesa per il passaggio in zona gialla potrebbe portare comunque persone attirate dal turismo invernale \u201calternativo\u201c. Battuta la pista di fondo\" \/>\n<meta property=\"og:url\" content=\"https:\/\/www.varesenews.it\/2020\/12\/forcora-un-metro-neve-aspettando-giallo\/1283924\/\" \/>\n<meta property=\"og:site_name\" content=\"VareseNews\" \/>\n<meta property=\"article:publisher\" content=\"https:\/\/www.facebook.com\/varesenews\" \/>\n<meta property=\"article:author\" content=\"https:\/\/www.facebook.com\/andrea.camurani?fref=photo\" \/>\n<meta property=\"article:published_time\" content=\"2020-12-09T08:57:48+00:00\" \/>\n<meta name=\"author\" content=\"Andrea Camurani\" \/>\n<meta name=\"twitter:card\" content=\"summary_large_image\" \/>\n<meta name=\"twitter:creator\" content=\"@AndreaCamurani\" \/>\n<meta name=\"twitter:site\" content=\"@varesenews\" \/>\n<meta name=\"twitter:label1\" content=\"Scritto da\" \/>\n\t<meta name=\"twitter:data1\" content=\"Andrea Camurani\" \/>\n\t<meta name=\"twitter:label2\" content=\"Tempo di lettura stimato\" \/>\n\t<meta name=\"twitter:data2\" content=\"2 minuti\" \/>\n<script type=\"application\/ld+json\" class=\"yoast-schema-graph\">{\"@context\":\"https:\/\/schema.org\",\"@graph\":[{\"@type\":\"WebPage\",\"@id\":\"https:\/\/www.varesenews.it\/2020\/12\/forcora-un-metro-neve-aspettando-giallo\/1283924\/\",\"url\":\"https:\/\/www.varesenews.it\/2020\/12\/forcora-un-metro-neve-aspettando-giallo\/1283924\/\",\"name\":\"Forcora, un metro di neve aspettando il \u201cgiallo\u201c\",\"isPartOf\":{\"@id\":\"https:\/\/staging.varesenews.it\/#website\"},\"datePublished\":\"2020-12-09T08:57:48+00:00\",\"dateModified\":\"2020-12-09T08:57:48+00:00\",\"author\":{\"@id\":\"https:\/\/staging.varesenews.it\/#\/schema\/person\/3eb5832c6beae763de8d9596fdbe8c49\"},\"description\":\"Gli impianti sono fermi, ma l\u2019attesa per il passaggio in zona gialla potrebbe portare comunque persone attirate dal turismo invernale \u201calternativo\u201c. Battuta la pista di fondo\",\"breadcrumb\":{\"@id\":\"https:\/\/www.varesenews.it\/2020\/12\/forcora-un-metro-neve-aspettando-giallo\/1283924\/#breadcrumb\"},\"inLanguage\":\"it-IT\",\"potentialAction\":[{\"@type\":\"ReadAction\",\"target\":[\"https:\/\/www.varesenews.it\/2020\/12\/forcora-un-metro-neve-aspettando-giallo\/1283924\/\"]}]},{\"@type\":\"BreadcrumbList\",\"@id\":\"https:\/\/www.varesenews.it\/2020\/12\/forcora-un-metro-neve-aspettando-giallo\/1283924\/#breadcrumb\",\"itemListElement\":[{\"@type\":\"ListItem\",\"position\":1,\"name\":\"Home\",\"item\":\"https:\/\/www.varesenews.it\/\"},{\"@type\":\"ListItem\",\"position\":2,\"name\":\"Forcora, un metro di neve aspettando il \u201cgiallo\u201c\"}]},{\"@type\":\"WebSite\",\"@id\":\"https:\/\/staging.varesenews.it\/#website\",\"url\":\"https:\/\/staging.varesenews.it\/\",\"name\":\"VareseNews\",\"description\":\"\",\"potentialAction\":[{\"@type\":\"SearchAction\",\"target\":{\"@type\":\"EntryPoint\",\"urlTemplate\":\"https:\/\/staging.varesenews.it\/?s={search_term_string}\"},\"query-input\":\"required name=search_term_string\"}],\"inLanguage\":\"it-IT\"},{\"@type\":\"Person\",\"@id\":\"https:\/\/staging.varesenews.it\/#\/schema\/person\/3eb5832c6beae763de8d9596fdbe8c49\",\"name\":\"Andrea Camurani\",\"image\":{\"@type\":\"ImageObject\",\"inLanguage\":\"it-IT\",\"@id\":\"https:\/\/staging.varesenews.it\/#\/schema\/person\/image\/\",\"url\":\"https:\/\/staging.varesenews.it\/wp-content\/uploads\/2020\/12\/andrea_camurani_colori_500.jpg\",\"contentUrl\":\"https:\/\/staging.varesenews.it\/wp-content\/uploads\/2020\/12\/andrea_camurani_colori_500.jpg\",\"caption\":\"Andrea Camurani\"},\"description\":\"Sono figlio degli anni Settanta e di Milano, dove ho imparato a riconoscere buoni e cattivi. Laurea in scienze politiche, lavoro a VareseNews dal 2000. Racconto quel che trovo quando incontro chi vuole lasciare al mondo un pezzetto di vita, che si chiama cronaca. &ldquo;...perch&eacute; &egrave; la gente il pi&ugrave; grande spettacolo del mondo. E non si paga il biglietto...&rdquo; (Charles Bukowsky)\",\"sameAs\":[\"https:\/\/www.facebook.com\/andrea.camurani?fref=photo\",\"andreacamurani\",\"https:\/\/www.linkedin.com\/hp\/?dnr=A9a84RfzsLdo9xg4NcGV4dLiMknoc9ms4WM\",\"https:\/\/twitter.com\/AndreaCamurani\"],\"url\":\"https:\/\/staging.varesenews.it\/persona\/andrea_camurani\/\"}]}<\/script>\n<!-- \/ Yoast SEO plugin. -->","yoast_head_json":{"title":"Forcora, un metro di neve aspettando il \u201cgiallo\u201c","description":"Gli impianti sono fermi, ma l\u2019attesa per il passaggio in zona gialla potrebbe portare comunque persone attirate dal turismo invernale \u201calternativo\u201c. Battuta la pista di fondo","robots":{"index":"noindex","follow":"follow","max-snippet":"max-snippet:-1","max-image-preview":"max-image-preview:large","max-video-preview":"max-video-preview:-1"},"og_locale":"it_IT","og_type":"article","og_title":"Forcora, un metro di neve aspettando il \u201cgiallo\u201c","og_description":"Gli impianti sono fermi, ma l\u2019attesa per il passaggio in zona gialla potrebbe portare comunque persone attirate dal turismo invernale \u201calternativo\u201c. Battuta la pista di fondo","og_url":"https:\/\/www.varesenews.it\/2020\/12\/forcora-un-metro-neve-aspettando-giallo\/1283924\/","og_site_name":"VareseNews","article_publisher":"https:\/\/www.facebook.com\/varesenews","article_author":"https:\/\/www.facebook.com\/andrea.camurani?fref=photo","article_published_time":"2020-12-09T08:57:48+00:00","author":"Andrea Camurani","twitter_card":"summary_large_image","twitter_creator":"@AndreaCamurani","twitter_site":"@varesenews","twitter_misc":{"Scritto da":"Andrea Camurani","Tempo di lettura stimato":"2 minuti"},"schema":{"@context":"https:\/\/schema.org","@graph":[{"@type":"WebPage","@id":"https:\/\/www.varesenews.it\/2020\/12\/forcora-un-metro-neve-aspettando-giallo\/1283924\/","url":"https:\/\/www.varesenews.it\/2020\/12\/forcora-un-metro-neve-aspettando-giallo\/1283924\/","name":"Forcora, un metro di neve aspettando il \u201cgiallo\u201c","isPartOf":{"@id":"https:\/\/staging.varesenews.it\/#website"},"datePublished":"2020-12-09T08:57:48+00:00","dateModified":"2020-12-09T08:57:48+00:00","author":{"@id":"https:\/\/staging.varesenews.it\/#\/schema\/person\/3eb5832c6beae763de8d9596fdbe8c49"},"description":"Gli impianti sono fermi, ma l\u2019attesa per il passaggio in zona gialla potrebbe portare comunque persone attirate dal turismo invernale \u201calternativo\u201c. Battuta la pista di fondo","breadcrumb":{"@id":"https:\/\/www.varesenews.it\/2020\/12\/forcora-un-metro-neve-aspettando-giallo\/1283924\/#breadcrumb"},"inLanguage":"it-IT","potentialAction":[{"@type":"ReadAction","target":["https:\/\/www.varesenews.it\/2020\/12\/forcora-un-metro-neve-aspettando-giallo\/1283924\/"]}]},{"@type":"BreadcrumbList","@id":"https:\/\/www.varesenews.it\/2020\/12\/forcora-un-metro-neve-aspettando-giallo\/1283924\/#breadcrumb","itemListElement":[{"@type":"ListItem","position":1,"name":"Home","item":"https:\/\/www.varesenews.it\/"},{"@type":"ListItem","position":2,"name":"Forcora, un metro di neve aspettando il \u201cgiallo\u201c"}]},{"@type":"WebSite","@id":"https:\/\/staging.varesenews.it\/#website","url":"https:\/\/staging.varesenews.it\/","name":"VareseNews","description":"","potentialAction":[{"@type":"SearchAction","target":{"@type":"EntryPoint","urlTemplate":"https:\/\/staging.varesenews.it\/?s={search_term_string}"},"query-input":"required name=search_term_string"}],"inLanguage":"it-IT"},{"@type":"Person","@id":"https:\/\/staging.varesenews.it\/#\/schema\/person\/3eb5832c6beae763de8d9596fdbe8c49","name":"Andrea Camurani","image":{"@type":"ImageObject","inLanguage":"it-IT","@id":"https:\/\/staging.varesenews.it\/#\/schema\/person\/image\/","url":"https:\/\/staging.varesenews.it\/wp-content\/uploads\/2020\/12\/andrea_camurani_colori_500.jpg","contentUrl":"https:\/\/staging.varesenews.it\/wp-content\/uploads\/2020\/12\/andrea_camurani_colori_500.jpg","caption":"Andrea Camurani"},"description":"Sono figlio degli anni Settanta e di Milano, dove ho imparato a riconoscere buoni e cattivi. Laurea in scienze politiche, lavoro a VareseNews dal 2000. Racconto quel che trovo quando incontro chi vuole lasciare al mondo un pezzetto di vita, che si chiama cronaca. &ldquo;...perch&eacute; &egrave; la gente il pi&ugrave; grande spettacolo del mondo. E non si paga il biglietto...&rdquo; (Charles Bukowsky)","sameAs":["https:\/\/www.facebook.com\/andrea.camurani?fref=photo","andreacamurani","https:\/\/www.linkedin.com\/hp\/?dnr=A9a84RfzsLdo9xg4NcGV4dLiMknoc9ms4WM","https:\/\/twitter.com\/AndreaCamurani"],"url":"https:\/\/staging.varesenews.it\/persona\/andrea_camurani\/"}]}},"post_meta":{"_edit_lock":"1607504259:34","_edit_last":"34","_category_permalink":"a:1:{s:8:\"category\";s:1:\"2\";}","_encloseme":"1","ratings_users":"0","ratings_score":"0","ratings_average":"0","foto":"1191793","id_link_fotogallery":"1283906","firma-personalizzata":"ac andrea.camurani@varesenews.it","argomento":"Maccagno con Pino e Veddasca","_yoast_wpseo_content_score":"30","_jd_tweet_this":"yes","_wpt_short_url":"https:\/\/www.varesenews.it\/2020\/12\/forcora-un-metro-neve-aspettando-giallo\/1283924\/","_wp_jd_target":"https:\/\/www.varesenews.it\/2020\/12\/forcora-un-metro-neve-aspettando-giallo\/1283924\/","_jd_wp_twitter":"a:1:{i:0;s:164:\"Forcora, un metro di neve aspettando il \u201cgiallo\u201c https:\/\/www.varesenews.it\/2020\/12\/forcora-un-metro-neve-aspettando-giallo\/1283924\/ #dpcm #forcora #lagoMaggiore\";}","_wpt_status_message":"Tweet inviato con successo.","id_leggi_anche":"1295000,1298856,1304424,1305954"},"photos":[{"original":"https:\/\/staging.varesenews.it\/photogallery_new\/images\/2020\/12\/caricamento-temporaneo-per-contributo-1607502694tb41t80bdcpupt4i-1191793.jpg","full":"https:\/\/staging.varesenews.it\/photogallery_new\/images\/2020\/12\/caricamento-temporaneo-per-contributo-1607502694tb41t80bdcpupt4i-1191793.1024x768.jpg","large":"https:\/\/staging.varesenews.it\/photogallery_new\/images\/2020\/12\/caricamento-temporaneo-per-contributo-1607502694tb41t80bdcpupt4i-1191793.610x431.jpg"}],"_links":{"self":[{"href":"https:\/\/staging.varesenews.it\/swgapi\/v1\/wp\/v2\/posts\/1283924"}],"collection":[{"href":"https:\/\/staging.varesenews.it\/swgapi\/v1\/wp\/v2\/posts"}],"about":[{"href":"https:\/\/staging.varesenews.it\/swgapi\/v1\/wp\/v2\/types\/post"}],"author":[{"embeddable":true,"href":"https:\/\/staging.varesenews.it\/swgapi\/v1\/wp\/v2\/users\/34"}],"replies":[{"embeddable":true,"href":"https:\/\/staging.varesenews.it\/swgapi\/v1\/wp\/v2\/comments?post=1283924"}],"version-history":[{"count":0,"href":"https:\/\/staging.varesenews.it\/swgapi\/v1\/wp\/v2\/posts\/1283924\/revisions"}],"wp:attachment":[{"href":"https:\/\/staging.varesenews.it\/swgapi\/v1\/wp\/v2\/media?parent=1283924"}],"wp:term":[{"taxonomy":"category","embeddable":true,"href":"https:\/\/staging.varesenews.it\/swgapi\/v1\/wp\/v2\/categories?post=1283924"},{"taxonomy":"post_tag","embeddable":true,"href":"https:\/\/staging.varesenews.it\/swgapi\/v1\/wp\/v2\/tags?post=1283924"}],"curies":[{"name":"wp","href":"https:\/\/api.w.org\/{rel}","templated":true}]}}