{"id":128556,"date":"2011-01-18T00:00:00","date_gmt":"2011-01-18T00:00:00","guid":{"rendered":""},"modified":"2011-01-18T00:00:00","modified_gmt":"2011-01-18T00:00:00","slug":"woody-allen-suonera-a-lugano","status":"publish","type":"post","link":"https:\/\/staging.varesenews.it\/2011\/01\/woody-allen-suonera-a-lugano\/128556\/","title":{"rendered":"Woody Allen suoner\u00e0 a Lugano"},"content":{"rendered":"<p><strong><img loading=\"lazy\" decoding=\"async\" width=\"250\" height=\"196\" vspace=\"5\" hspace=\"5\" border=\"1\" align=\"right\" alt=\"\" src=\"https:\/\/www3.varesenews.it\/immagini_articoli\/201101\/allen.jpg\" \/>Woody Allen <\/strong>suoner&agrave; a Lugano <strong>al Palazzo dei Congressi<\/strong>. La notizia &egrave; stata diffusa oggi dal quotidiano La RegioneTicino che ha comunicato anche la data prevista per il suo concerto jazz, il 27 marzo. Il regista che suona il clarinetto con la sua band non ha ancora anticipato nulla sulla serata.&nbsp;<br \/>\n&laquo;Abbiamo 1.200 pezzi in repertorio &#8211; hanno raccontato i musicisti alla stampa ticinese -. Non sappiamo quali decider&agrave; di suonare Woody, n&eacute; che cosa combiner&agrave; quella sera&raquo;.<\/p>\n<p><strong>Woody Allen e il jazz<\/strong> &#8211; Il grande regista &egrave; un appassionato di musica e in particolare di jazz.&nbsp;<br \/>\n<meta charset=\"utf-8\">All&#8217;et&agrave; di quindici anni impara a suonare il clarinetto, esercitandosi giornalmente. I suoi primi spettacoli pubblici risalgono addirittura a partire dagli anni sessanta. Una delle sue prime performance televisive fu quella al The Dick Cavett Show il 20 ottobre 1971.&nbsp;<br \/>\nLa musica jazz, soprattutto quella classica americana degli anni trenta e quaranta, &egrave; stata scelta da Allen come colonna sonora di molti dei suoi film. Nel finale di <strong>Manhattan<\/strong>, nella scena nella quale Isaac Davis (interpretato dallo stesso Allen) cita tra le cose per cui vale la pena vivere anche Louis Armstrong, e in particolare la sua celebre incisione di Potato Head Blues.<\/p>\n<p><strong>L&#8217;orchestra<\/strong> &#8211; La New Orleans Jazz Band suona con Woody Allen i luned&igrave; sera al Caf&egrave; Carlyle di Manhattan (fino al 1997 suonavano al Michael&#8217;s Pub), un piccolo locale sempre assiepato dai fan.&nbsp;Il gruppo ha intrapreso diversi tour, soprattutto in Europa, a proposito dei quali Allen ha dichiarato: &laquo;Sono sempre sorpreso ogni volta che veniamo in Europa e abbiamo la possibilit&agrave; di suonare in queste grandi e prestigiose sale concerto. Io personalmente sono un musicista molto molto mediocre e quindi suppongo che la gente venga a vederci pi&ugrave; che a sentirci. Il nostro pubblico ha visto tutti i miei film e per questi film probabilmente accorre a teatro, non certo per la musica. Se non fosse per il cinema e fosse solo per il sottoscritto non verrebbe nessuno ad ascoltarci, questo vale per Milano, per Parigi, per Vienna. Siamo sempre molto sorpresi vedendo tutte quelle persone a teatro&raquo;.<\/p>\n<p><strong>Il video:<\/strong><\/p>\n<p><embed src=\"http:\/\/www3.varesenews.it\/tv\/mediaplayer.swf\" width=\"400\" height=\"320\" allowscriptaccess=\"always\" allowfullscreen=\"true\" flashvars=\"height=320&amp;width=400&amp;file=http:\/\/www3.varesenews.it\/tv\/playlist.xml.php%3Fid%3D1701&amp;backcolor=0x999999&amp;frontcolor=0xEDEDED&amp;logo=http:\/\/www3.varesenews.it\/tv\/logo_tv.png&amp;searchbar=false&amp;thumbsinplaylist=false&amp;autostart=false\"><\/embed> <\/p>\n<p><strong>Per info:<\/strong><br \/>\nhttp:\/\/www.luganoinscena.ch\/15gran.html<br \/>\n<br type=\"_moz\" \/><br \/>\n<\/meta><\/p>\n","protected":false},"excerpt":{"rendered":"<p>Il celebre regista si esibir\u00e0 con la sua band di musica jazz al Palazzo dei Congressi. La data del concerto \u00e8 fissata per il 27 marzo<\/p>\n","protected":false},"author":10,"featured_media":0,"comment_status":"open","ping_status":"open","sticky":false,"template":"","format":"standard","meta":{"footnotes":""},"categories":[8,13,20],"tags":[1234,291,24374],"acf":[],"yoast_head":"<!-- This site is optimized with the Yoast SEO plugin v20.1 - https:\/\/yoast.com\/wordpress\/plugins\/seo\/ -->\n<title>Woody Allen suoner\u00e0 a Lugano<\/title>\n<meta name=\"description\" content=\"Il celebre regista si esibir\u00e0 con la sua band di musica jazz al Palazzo dei Congressi. La data del concerto \u00e8 fissata per il 27 marzo\" \/>\n<meta name=\"robots\" content=\"noindex, follow, max-snippet:-1, max-image-preview:large, max-video-preview:-1\" \/>\n<meta property=\"og:locale\" content=\"it_IT\" \/>\n<meta property=\"og:type\" content=\"article\" \/>\n<meta property=\"og:title\" content=\"Woody Allen suoner\u00e0 a Lugano\" \/>\n<meta property=\"og:description\" content=\"Il celebre regista si esibir\u00e0 con la sua band di musica jazz al Palazzo dei Congressi. La data del concerto \u00e8 fissata per il 27 marzo\" \/>\n<meta property=\"og:url\" content=\"https:\/\/staging.varesenews.it\/2011\/01\/woody-allen-suonera-a-lugano\/128556\/\" \/>\n<meta property=\"og:site_name\" content=\"VareseNews\" \/>\n<meta property=\"article:publisher\" content=\"https:\/\/www.facebook.com\/varesenews\" \/>\n<meta property=\"article:published_time\" content=\"2011-01-18T00:00:00+00:00\" \/>\n<meta property=\"og:image\" content=\"https:\/\/www3.varesenews.it\/immagini_articoli\/201101\/allen.jpg\" \/>\n<meta name=\"author\" content=\"Redazione VareseNews\" \/>\n<meta name=\"twitter:card\" content=\"summary_large_image\" \/>\n<meta name=\"twitter:creator\" content=\"@varesenews\" \/>\n<meta name=\"twitter:site\" content=\"@varesenews\" \/>\n<meta name=\"twitter:label1\" content=\"Scritto da\" \/>\n\t<meta name=\"twitter:data1\" content=\"Redazione VareseNews\" \/>\n\t<meta name=\"twitter:label2\" content=\"Tempo di lettura stimato\" \/>\n\t<meta name=\"twitter:data2\" content=\"2 minuti\" \/>\n<script type=\"application\/ld+json\" class=\"yoast-schema-graph\">{\"@context\":\"https:\/\/schema.org\",\"@graph\":[{\"@type\":\"WebPage\",\"@id\":\"https:\/\/staging.varesenews.it\/2011\/01\/woody-allen-suonera-a-lugano\/128556\/\",\"url\":\"https:\/\/staging.varesenews.it\/2011\/01\/woody-allen-suonera-a-lugano\/128556\/\",\"name\":\"Woody Allen suoner\u00e0 a Lugano\",\"isPartOf\":{\"@id\":\"https:\/\/staging.varesenews.it\/#website\"},\"datePublished\":\"2011-01-18T00:00:00+00:00\",\"dateModified\":\"2011-01-18T00:00:00+00:00\",\"author\":{\"@id\":\"https:\/\/staging.varesenews.it\/#\/schema\/person\/fb20c4da0b7b16c291707a20db73e169\"},\"description\":\"Il celebre regista si esibir\u00e0 con la sua band di musica jazz al Palazzo dei Congressi. La data del concerto \u00e8 fissata per il 27 marzo\",\"breadcrumb\":{\"@id\":\"https:\/\/staging.varesenews.it\/2011\/01\/woody-allen-suonera-a-lugano\/128556\/#breadcrumb\"},\"inLanguage\":\"it-IT\",\"potentialAction\":[{\"@type\":\"ReadAction\",\"target\":[\"https:\/\/staging.varesenews.it\/2011\/01\/woody-allen-suonera-a-lugano\/128556\/\"]}]},{\"@type\":\"BreadcrumbList\",\"@id\":\"https:\/\/staging.varesenews.it\/2011\/01\/woody-allen-suonera-a-lugano\/128556\/#breadcrumb\",\"itemListElement\":[{\"@type\":\"ListItem\",\"position\":1,\"name\":\"Home\",\"item\":\"https:\/\/www.varesenews.it\/\"},{\"@type\":\"ListItem\",\"position\":2,\"name\":\"Woody Allen suoner\u00e0 a Lugano\"}]},{\"@type\":\"WebSite\",\"@id\":\"https:\/\/staging.varesenews.it\/#website\",\"url\":\"https:\/\/staging.varesenews.it\/\",\"name\":\"VareseNews\",\"description\":\"\",\"potentialAction\":[{\"@type\":\"SearchAction\",\"target\":{\"@type\":\"EntryPoint\",\"urlTemplate\":\"https:\/\/staging.varesenews.it\/?s={search_term_string}\"},\"query-input\":\"required name=search_term_string\"}],\"inLanguage\":\"it-IT\"},{\"@type\":\"Person\",\"@id\":\"https:\/\/staging.varesenews.it\/#\/schema\/person\/fb20c4da0b7b16c291707a20db73e169\",\"name\":\"Redazione VareseNews\",\"image\":{\"@type\":\"ImageObject\",\"inLanguage\":\"it-IT\",\"@id\":\"https:\/\/staging.varesenews.it\/#\/schema\/person\/image\/\",\"url\":\"https:\/\/staging.varesenews.it\/wp-content\/uploads\/2020\/12\/logo_VN_colori_500.png\",\"contentUrl\":\"https:\/\/staging.varesenews.it\/wp-content\/uploads\/2020\/12\/logo_VN_colori_500.png\",\"caption\":\"Redazione VareseNews\"},\"url\":\"https:\/\/staging.varesenews.it\/persona\/redazione1\/\"}]}<\/script>\n<!-- \/ Yoast SEO plugin. -->","yoast_head_json":{"title":"Woody Allen suoner\u00e0 a Lugano","description":"Il celebre regista si esibir\u00e0 con la sua band di musica jazz al Palazzo dei Congressi. La data del concerto \u00e8 fissata per il 27 marzo","robots":{"index":"noindex","follow":"follow","max-snippet":"max-snippet:-1","max-image-preview":"max-image-preview:large","max-video-preview":"max-video-preview:-1"},"og_locale":"it_IT","og_type":"article","og_title":"Woody Allen suoner\u00e0 a Lugano","og_description":"Il celebre regista si esibir\u00e0 con la sua band di musica jazz al Palazzo dei Congressi. La data del concerto \u00e8 fissata per il 27 marzo","og_url":"https:\/\/staging.varesenews.it\/2011\/01\/woody-allen-suonera-a-lugano\/128556\/","og_site_name":"VareseNews","article_publisher":"https:\/\/www.facebook.com\/varesenews","article_published_time":"2011-01-18T00:00:00+00:00","og_image":[{"url":"https:\/\/www3.varesenews.it\/immagini_articoli\/201101\/allen.jpg"}],"author":"Redazione VareseNews","twitter_card":"summary_large_image","twitter_creator":"@varesenews","twitter_site":"@varesenews","twitter_misc":{"Scritto da":"Redazione VareseNews","Tempo di lettura stimato":"2 minuti"},"schema":{"@context":"https:\/\/schema.org","@graph":[{"@type":"WebPage","@id":"https:\/\/staging.varesenews.it\/2011\/01\/woody-allen-suonera-a-lugano\/128556\/","url":"https:\/\/staging.varesenews.it\/2011\/01\/woody-allen-suonera-a-lugano\/128556\/","name":"Woody Allen suoner\u00e0 a Lugano","isPartOf":{"@id":"https:\/\/staging.varesenews.it\/#website"},"datePublished":"2011-01-18T00:00:00+00:00","dateModified":"2011-01-18T00:00:00+00:00","author":{"@id":"https:\/\/staging.varesenews.it\/#\/schema\/person\/fb20c4da0b7b16c291707a20db73e169"},"description":"Il celebre regista si esibir\u00e0 con la sua band di musica jazz al Palazzo dei Congressi. La data del concerto \u00e8 fissata per il 27 marzo","breadcrumb":{"@id":"https:\/\/staging.varesenews.it\/2011\/01\/woody-allen-suonera-a-lugano\/128556\/#breadcrumb"},"inLanguage":"it-IT","potentialAction":[{"@type":"ReadAction","target":["https:\/\/staging.varesenews.it\/2011\/01\/woody-allen-suonera-a-lugano\/128556\/"]}]},{"@type":"BreadcrumbList","@id":"https:\/\/staging.varesenews.it\/2011\/01\/woody-allen-suonera-a-lugano\/128556\/#breadcrumb","itemListElement":[{"@type":"ListItem","position":1,"name":"Home","item":"https:\/\/www.varesenews.it\/"},{"@type":"ListItem","position":2,"name":"Woody Allen suoner\u00e0 a Lugano"}]},{"@type":"WebSite","@id":"https:\/\/staging.varesenews.it\/#website","url":"https:\/\/staging.varesenews.it\/","name":"VareseNews","description":"","potentialAction":[{"@type":"SearchAction","target":{"@type":"EntryPoint","urlTemplate":"https:\/\/staging.varesenews.it\/?s={search_term_string}"},"query-input":"required name=search_term_string"}],"inLanguage":"it-IT"},{"@type":"Person","@id":"https:\/\/staging.varesenews.it\/#\/schema\/person\/fb20c4da0b7b16c291707a20db73e169","name":"Redazione VareseNews","image":{"@type":"ImageObject","inLanguage":"it-IT","@id":"https:\/\/staging.varesenews.it\/#\/schema\/person\/image\/","url":"https:\/\/staging.varesenews.it\/wp-content\/uploads\/2020\/12\/logo_VN_colori_500.png","contentUrl":"https:\/\/staging.varesenews.it\/wp-content\/uploads\/2020\/12\/logo_VN_colori_500.png","caption":"Redazione VareseNews"},"url":"https:\/\/staging.varesenews.it\/persona\/redazione1\/"}]}},"post_meta":{"id_old":"193091","argomento":"Canton Ticino","autore_old":"m.c.c."},"photos":[],"_links":{"self":[{"href":"https:\/\/staging.varesenews.it\/swgapi\/v1\/wp\/v2\/posts\/128556"}],"collection":[{"href":"https:\/\/staging.varesenews.it\/swgapi\/v1\/wp\/v2\/posts"}],"about":[{"href":"https:\/\/staging.varesenews.it\/swgapi\/v1\/wp\/v2\/types\/post"}],"author":[{"embeddable":true,"href":"https:\/\/staging.varesenews.it\/swgapi\/v1\/wp\/v2\/users\/10"}],"replies":[{"embeddable":true,"href":"https:\/\/staging.varesenews.it\/swgapi\/v1\/wp\/v2\/comments?post=128556"}],"version-history":[{"count":0,"href":"https:\/\/staging.varesenews.it\/swgapi\/v1\/wp\/v2\/posts\/128556\/revisions"}],"wp:attachment":[{"href":"https:\/\/staging.varesenews.it\/swgapi\/v1\/wp\/v2\/media?parent=128556"}],"wp:term":[{"taxonomy":"category","embeddable":true,"href":"https:\/\/staging.varesenews.it\/swgapi\/v1\/wp\/v2\/categories?post=128556"},{"taxonomy":"post_tag","embeddable":true,"href":"https:\/\/staging.varesenews.it\/swgapi\/v1\/wp\/v2\/tags?post=128556"}],"curies":[{"name":"wp","href":"https:\/\/api.w.org\/{rel}","templated":true}]}}