{"id":1286381,"date":"2020-12-15T11:52:04","date_gmt":"2020-12-15T10:52:04","guid":{"rendered":"https:\/\/www.varesenews.it\/?p=1286381"},"modified":"2020-12-15T12:37:07","modified_gmt":"2020-12-15T11:37:07","slug":"addio-pinin-brambilla-barcilon-fece-risplendere-capolavori-masolino-panicale","status":"publish","type":"post","link":"https:\/\/staging.varesenews.it\/2020\/12\/addio-pinin-brambilla-barcilon-fece-risplendere-capolavori-masolino-panicale\/1286381\/","title":{"rendered":"Addio Pinin Brambilla Barcilon che fece risplendere i capolavori di Masolino Da Panicale"},"content":{"rendered":"<p><strong>Il mestiere del restauratore \u00e8 forse uno dei pi\u00f9 difficili<\/strong>: avvicinarsi a un capolavoro per restituirne nuova vita ti carica di grande responsabilit\u00e0, soprattutto <strong>se devi \u201cmettere le mani\u201d su un\u2019opera di Leonardo Da Vinci, Masolino da Panicale, Tiziano o Tiepolo.<\/strong> La professionalit\u00e0 del restauratore deve coniugare competenze storiche, scientifiche, artistiche, tecnologiche e filosofiche per prendere la decisione giusta.<\/p>\n<p><strong>Pinin Brambilla Barcilon era tutto questo, una donna che ha saputo rivoluzionale il modo di fare restauro,<\/strong> una donna preparatissima e risoluta che prima di decidere il percorso di restauro studiava per anni il dipinto, i documenti, le fonti e la storia. La provincia di Varese le deve molto perch\u00e9 grazie al suo lavoro importanti capolavori sono tornati al loro antico splendore come il ciclo di <strong>Masolino da Panicale a Castiglione Olona, il Monastero di Torba, la Sala di Giustizia alla Rocca Borromeo o gli <a href=\"https:\/\/www.saronnonews.it\/2020\/12\/14\/pinin-brambilla-barcilon-il-ricordo-dellarchitetto-carlo-mariani-dirigere-quel-cantiere-e-stato-un-onore\/\">Affreschi della Chiesa di San Francesco a Saronno.<\/a><\/strong><\/p>\n<p>Chi l\u2019ha conosciuta la ricorda come una donna bellissima e determinata, capace di lavorare per molte ore su un trabattello a pochi centimetri dal soffitto e poi prendere il sole in \u201ctenuta da cantiere\u201d.<\/p>\n<p>A Castiglione Olona si occup\u00f2 degli affreschi conservati nel Battistero con un\u2019operazione di pulizia e consolidamento degli affreschi ripristinando la cromia originaria che si era fortemente appannata, procedendo a cautissime integrazioni. Grazie al suo lavoro sono emerse nuove conoscenze sulle tecniche esecutive di Masolino.<\/p>\n<p>L\u2019opera per quale la restauratrice \u00e8 pi\u00f9 conosciuta \u00e8 l\u2019importante lavoro realizzato sull<strong>\u2019Ultima Cena di Leonardo da Vinci<\/strong> conservata nel monastero del santuario di Santa Maria delle Grazie di Milano, salvata dall\u2019incuria del tempo e restituita al pubblico. Di quell&#8217;esperienza scrisse il libro &#8220;La mia vita con Leonardo&#8221;.<\/p>\n<p><strong>Pinin Brambilla Barcilon si \u00e8 spenta a 95 anni a Milano ma lascia il suo lavoro all\u2019intera umanit\u00e0.<\/strong><\/p>\n<div class=\"responsive-video\"><iframe loading=\"lazy\" width=\"500\" height=\"281\" src=\"https:\/\/www.youtube.com\/embed\/kuzl4RxWqbQ?feature=oembed\" frameborder=\"0\" allow=\"accelerometer; autoplay; clipboard-write; encrypted-media; gyroscope; picture-in-picture\" allowfullscreen><\/iframe><\/div>\n","protected":false},"excerpt":{"rendered":"<p>La restauratrice \u00e8 morta a 95 anni. Famosa per aver restaurato l\u2019Ultima cena di Leonardo ha lavorato anche in provincia di Varese<\/p>\n","protected":false},"author":36,"featured_media":0,"comment_status":"open","ping_status":"open","sticky":false,"template":"","format":"standard","meta":{"footnotes":""},"categories":[18,9,7,2],"tags":[1247,13503],"acf":[],"yoast_head":"<!-- This site is optimized with the Yoast SEO plugin v20.1 - https:\/\/yoast.com\/wordpress\/plugins\/seo\/ -->\n<title>Addio Pinin Brambilla Barcilon che fece risplendere i capolavori di Masolino Da Panicale<\/title>\n<meta name=\"description\" content=\"La restauratrice \u00e8 morta a 95 anni. Famosa per aver restaurato l\u2019Ultima cena di Leonardo ha lavorato anche in provincia di Varese\" \/>\n<meta name=\"robots\" content=\"noindex, follow, max-snippet:-1, max-image-preview:large, max-video-preview:-1\" \/>\n<meta property=\"og:locale\" content=\"it_IT\" \/>\n<meta property=\"og:type\" content=\"article\" \/>\n<meta property=\"og:title\" content=\"Addio Pinin Brambilla Barcilon che fece risplendere i capolavori di Masolino Da Panicale\" \/>\n<meta property=\"og:description\" content=\"La restauratrice \u00e8 morta a 95 anni. Famosa per aver restaurato l\u2019Ultima cena di Leonardo ha lavorato anche in provincia di Varese\" \/>\n<meta property=\"og:url\" content=\"https:\/\/staging.varesenews.it\/2020\/12\/addio-pinin-brambilla-barcilon-fece-risplendere-capolavori-masolino-panicale\/1286381\/\" \/>\n<meta property=\"og:site_name\" content=\"VareseNews\" \/>\n<meta property=\"article:publisher\" content=\"https:\/\/www.facebook.com\/varesenews\" \/>\n<meta property=\"article:published_time\" content=\"2020-12-15T10:52:04+00:00\" \/>\n<meta property=\"article:modified_time\" content=\"2020-12-15T11:37:07+00:00\" \/>\n<meta name=\"author\" content=\"Erika La Rosa\" \/>\n<meta name=\"twitter:card\" content=\"summary_large_image\" \/>\n<meta name=\"twitter:creator\" content=\"@twerirosa\" \/>\n<meta name=\"twitter:site\" content=\"@varesenews\" \/>\n<meta name=\"twitter:label1\" content=\"Scritto da\" \/>\n\t<meta name=\"twitter:data1\" content=\"Erika La Rosa\" \/>\n\t<meta name=\"twitter:label2\" content=\"Tempo di lettura stimato\" \/>\n\t<meta name=\"twitter:data2\" content=\"2 minuti\" \/>\n<script type=\"application\/ld+json\" class=\"yoast-schema-graph\">{\"@context\":\"https:\/\/schema.org\",\"@graph\":[{\"@type\":\"WebPage\",\"@id\":\"https:\/\/staging.varesenews.it\/2020\/12\/addio-pinin-brambilla-barcilon-fece-risplendere-capolavori-masolino-panicale\/1286381\/\",\"url\":\"https:\/\/staging.varesenews.it\/2020\/12\/addio-pinin-brambilla-barcilon-fece-risplendere-capolavori-masolino-panicale\/1286381\/\",\"name\":\"Addio Pinin Brambilla Barcilon che fece risplendere i capolavori di Masolino Da Panicale\",\"isPartOf\":{\"@id\":\"https:\/\/staging.varesenews.it\/#website\"},\"datePublished\":\"2020-12-15T10:52:04+00:00\",\"dateModified\":\"2020-12-15T11:37:07+00:00\",\"author\":{\"@id\":\"https:\/\/staging.varesenews.it\/#\/schema\/person\/0512a4cda1d8b4f14c19f86d1016dc18\"},\"description\":\"La restauratrice \u00e8 morta a 95 anni. Famosa per aver restaurato l\u2019Ultima cena di Leonardo ha lavorato anche in provincia di Varese\",\"breadcrumb\":{\"@id\":\"https:\/\/staging.varesenews.it\/2020\/12\/addio-pinin-brambilla-barcilon-fece-risplendere-capolavori-masolino-panicale\/1286381\/#breadcrumb\"},\"inLanguage\":\"it-IT\",\"potentialAction\":[{\"@type\":\"ReadAction\",\"target\":[\"https:\/\/staging.varesenews.it\/2020\/12\/addio-pinin-brambilla-barcilon-fece-risplendere-capolavori-masolino-panicale\/1286381\/\"]}]},{\"@type\":\"BreadcrumbList\",\"@id\":\"https:\/\/staging.varesenews.it\/2020\/12\/addio-pinin-brambilla-barcilon-fece-risplendere-capolavori-masolino-panicale\/1286381\/#breadcrumb\",\"itemListElement\":[{\"@type\":\"ListItem\",\"position\":1,\"name\":\"Home\",\"item\":\"https:\/\/www.varesenews.it\/\"},{\"@type\":\"ListItem\",\"position\":2,\"name\":\"Addio Pinin Brambilla Barcilon che fece risplendere i capolavori di Masolino Da Panicale\"}]},{\"@type\":\"WebSite\",\"@id\":\"https:\/\/staging.varesenews.it\/#website\",\"url\":\"https:\/\/staging.varesenews.it\/\",\"name\":\"VareseNews\",\"description\":\"\",\"potentialAction\":[{\"@type\":\"SearchAction\",\"target\":{\"@type\":\"EntryPoint\",\"urlTemplate\":\"https:\/\/staging.varesenews.it\/?s={search_term_string}\"},\"query-input\":\"required name=search_term_string\"}],\"inLanguage\":\"it-IT\"},{\"@type\":\"Person\",\"@id\":\"https:\/\/staging.varesenews.it\/#\/schema\/person\/0512a4cda1d8b4f14c19f86d1016dc18\",\"name\":\"Erika La Rosa\",\"image\":{\"@type\":\"ImageObject\",\"inLanguage\":\"it-IT\",\"@id\":\"https:\/\/staging.varesenews.it\/#\/schema\/person\/image\/\",\"url\":\"https:\/\/staging.varesenews.it\/wp-content\/uploads\/2020\/12\/erika_larosa_colori_500.jpg\",\"contentUrl\":\"https:\/\/staging.varesenews.it\/wp-content\/uploads\/2020\/12\/erika_larosa_colori_500.jpg\",\"caption\":\"Erika La Rosa\"},\"description\":\"Giornalista pubblicista, collaboro con VareseNews dal lontano 1997 quando la redazione piccolissima ma l&rsquo;entusiasmo era tanto e la sfida titanica. Da allora siamo cresciuti, la redazione &egrave; diventata pi&ugrave; grande ma l&rsquo;entusiasmo &egrave; rimato lo stesso. Mi piace guardare il mondo attraverso gli occhi degli artisti, per questo scrivo, leggo e mi nutro di arte seguendo per il giornale le pagine dedicate alle mostre e agli artisti. Ho collaborato con diversi Musei e Istituzioni culturali italiane e svizzere. Da oltre dieci anni mi occupo di strategie e comunicazione sui social media di enti pubblici e privati. Vivo il presente e non dimentico mai che quando c&rsquo;&egrave; una meta, anche il deserto diventa una strada.\",\"sameAs\":[\"https:\/\/www.linkedin.com\/profile\/view?id=93070756&trk=nav_responsive_tab_profile_pic\",\"https:\/\/twitter.com\/twerirosa\"],\"url\":\"https:\/\/staging.varesenews.it\/persona\/erika_larosa\/\"}]}<\/script>\n<!-- \/ Yoast SEO plugin. -->","yoast_head_json":{"title":"Addio Pinin Brambilla Barcilon che fece risplendere i capolavori di Masolino Da Panicale","description":"La restauratrice \u00e8 morta a 95 anni. Famosa per aver restaurato l\u2019Ultima cena di Leonardo ha lavorato anche in provincia di Varese","robots":{"index":"noindex","follow":"follow","max-snippet":"max-snippet:-1","max-image-preview":"max-image-preview:large","max-video-preview":"max-video-preview:-1"},"og_locale":"it_IT","og_type":"article","og_title":"Addio Pinin Brambilla Barcilon che fece risplendere i capolavori di Masolino Da Panicale","og_description":"La restauratrice \u00e8 morta a 95 anni. Famosa per aver restaurato l\u2019Ultima cena di Leonardo ha lavorato anche in provincia di Varese","og_url":"https:\/\/staging.varesenews.it\/2020\/12\/addio-pinin-brambilla-barcilon-fece-risplendere-capolavori-masolino-panicale\/1286381\/","og_site_name":"VareseNews","article_publisher":"https:\/\/www.facebook.com\/varesenews","article_published_time":"2020-12-15T10:52:04+00:00","article_modified_time":"2020-12-15T11:37:07+00:00","author":"Erika La Rosa","twitter_card":"summary_large_image","twitter_creator":"@twerirosa","twitter_site":"@varesenews","twitter_misc":{"Scritto da":"Erika La Rosa","Tempo di lettura stimato":"2 minuti"},"schema":{"@context":"https:\/\/schema.org","@graph":[{"@type":"WebPage","@id":"https:\/\/staging.varesenews.it\/2020\/12\/addio-pinin-brambilla-barcilon-fece-risplendere-capolavori-masolino-panicale\/1286381\/","url":"https:\/\/staging.varesenews.it\/2020\/12\/addio-pinin-brambilla-barcilon-fece-risplendere-capolavori-masolino-panicale\/1286381\/","name":"Addio Pinin Brambilla Barcilon che fece risplendere i capolavori di Masolino Da Panicale","isPartOf":{"@id":"https:\/\/staging.varesenews.it\/#website"},"datePublished":"2020-12-15T10:52:04+00:00","dateModified":"2020-12-15T11:37:07+00:00","author":{"@id":"https:\/\/staging.varesenews.it\/#\/schema\/person\/0512a4cda1d8b4f14c19f86d1016dc18"},"description":"La restauratrice \u00e8 morta a 95 anni. Famosa per aver restaurato l\u2019Ultima cena di Leonardo ha lavorato anche in provincia di Varese","breadcrumb":{"@id":"https:\/\/staging.varesenews.it\/2020\/12\/addio-pinin-brambilla-barcilon-fece-risplendere-capolavori-masolino-panicale\/1286381\/#breadcrumb"},"inLanguage":"it-IT","potentialAction":[{"@type":"ReadAction","target":["https:\/\/staging.varesenews.it\/2020\/12\/addio-pinin-brambilla-barcilon-fece-risplendere-capolavori-masolino-panicale\/1286381\/"]}]},{"@type":"BreadcrumbList","@id":"https:\/\/staging.varesenews.it\/2020\/12\/addio-pinin-brambilla-barcilon-fece-risplendere-capolavori-masolino-panicale\/1286381\/#breadcrumb","itemListElement":[{"@type":"ListItem","position":1,"name":"Home","item":"https:\/\/www.varesenews.it\/"},{"@type":"ListItem","position":2,"name":"Addio Pinin Brambilla Barcilon che fece risplendere i capolavori di Masolino Da Panicale"}]},{"@type":"WebSite","@id":"https:\/\/staging.varesenews.it\/#website","url":"https:\/\/staging.varesenews.it\/","name":"VareseNews","description":"","potentialAction":[{"@type":"SearchAction","target":{"@type":"EntryPoint","urlTemplate":"https:\/\/staging.varesenews.it\/?s={search_term_string}"},"query-input":"required name=search_term_string"}],"inLanguage":"it-IT"},{"@type":"Person","@id":"https:\/\/staging.varesenews.it\/#\/schema\/person\/0512a4cda1d8b4f14c19f86d1016dc18","name":"Erika La Rosa","image":{"@type":"ImageObject","inLanguage":"it-IT","@id":"https:\/\/staging.varesenews.it\/#\/schema\/person\/image\/","url":"https:\/\/staging.varesenews.it\/wp-content\/uploads\/2020\/12\/erika_larosa_colori_500.jpg","contentUrl":"https:\/\/staging.varesenews.it\/wp-content\/uploads\/2020\/12\/erika_larosa_colori_500.jpg","caption":"Erika La Rosa"},"description":"Giornalista pubblicista, collaboro con VareseNews dal lontano 1997 quando la redazione piccolissima ma l&rsquo;entusiasmo era tanto e la sfida titanica. Da allora siamo cresciuti, la redazione &egrave; diventata pi&ugrave; grande ma l&rsquo;entusiasmo &egrave; rimato lo stesso. Mi piace guardare il mondo attraverso gli occhi degli artisti, per questo scrivo, leggo e mi nutro di arte seguendo per il giornale le pagine dedicate alle mostre e agli artisti. Ho collaborato con diversi Musei e Istituzioni culturali italiane e svizzere. Da oltre dieci anni mi occupo di strategie e comunicazione sui social media di enti pubblici e privati. Vivo il presente e non dimentico mai che quando c&rsquo;&egrave; una meta, anche il deserto diventa una strada.","sameAs":["https:\/\/www.linkedin.com\/profile\/view?id=93070756&trk=nav_responsive_tab_profile_pic","https:\/\/twitter.com\/twerirosa"],"url":"https:\/\/staging.varesenews.it\/persona\/erika_larosa\/"}]}},"post_meta":{"_edit_lock":"1608032160:36","_edit_last":"36","_category_permalink":"a:1:{s:8:\"category\";s:0:\"\";}","argomento":"Milano","_yoast_wpseo_content_score":"30","_jd_tweet_this":"yes","foto":"1193114","_encloseme":"1","ratings_users":"0","ratings_score":"0","ratings_average":"0","_wpt_short_url":"https:\/\/www.varesenews.it\/2020\/12\/addio-pinin-brambilla-barcilon-fece-risplendere-capolavori-masolino-panicale\/1286381\/","_wp_jd_target":"https:\/\/www.varesenews.it\/2020\/12\/addio-pinin-brambilla-barcilon-fece-risplendere-capolavori-masolino-panicale\/1286381\/","_jd_wp_twitter":"a:1:{i:0;s:209:\"Addio Pinin Brambilla Barcilon che fece risplendere i capolavori di Masolino Da Panicale https:\/\/www.varesenews.it\/2020\/12\/addio-pinin-brambilla-barcilon-fece-risplendere-capolavori-masolino-panicale\/1286381\/ \";}","_wpt_status_message":"Tweet inviato con successo.","_oembed_bb46f768c469b96872cf0ae6a9500521":"<iframe width=\"995\" height=\"560\" src=\"https:\/\/www.youtube.com\/embed\/kuzl4RxWqbQ?feature=oembed\" frameborder=\"0\" allow=\"accelerometer; autoplay; clipboard-write; encrypted-media; gyroscope; picture-in-picture\" allowfullscreen><\/iframe>","_oembed_time_bb46f768c469b96872cf0ae6a9500521":"1608032209","_oembed_613ae14ceb8c67b2108b0ba73dfeca18":"<iframe width=\"500\" height=\"281\" src=\"https:\/\/www.youtube.com\/embed\/kuzl4RxWqbQ?feature=oembed\" frameborder=\"0\" allow=\"accelerometer; autoplay; clipboard-write; encrypted-media; gyroscope; picture-in-picture\" allowfullscreen><\/iframe>","_oembed_time_613ae14ceb8c67b2108b0ba73dfeca18":"1608032233","_oembed_69857b9a16cbea6641c865da3b9b18a8":"<iframe width=\"999\" height=\"562\" src=\"https:\/\/www.youtube.com\/embed\/kuzl4RxWqbQ?feature=oembed\" frameborder=\"0\" allow=\"accelerometer; autoplay; clipboard-write; encrypted-media; gyroscope; picture-in-picture\" allowfullscreen><\/iframe>","_oembed_time_69857b9a16cbea6641c865da3b9b18a8":"1608032238"},"photos":[{"original":"https:\/\/staging.varesenews.it\/photogallery_new\/images\/2020\/12\/arte-mostre-1193114.jpg","full":"https:\/\/staging.varesenews.it\/photogallery_new\/images\/2020\/12\/arte-mostre-1193114.1024x768.jpg","large":"https:\/\/staging.varesenews.it\/photogallery_new\/images\/2020\/12\/arte-mostre-1193114.610x431.jpg"}],"_links":{"self":[{"href":"https:\/\/staging.varesenews.it\/swgapi\/v1\/wp\/v2\/posts\/1286381"}],"collection":[{"href":"https:\/\/staging.varesenews.it\/swgapi\/v1\/wp\/v2\/posts"}],"about":[{"href":"https:\/\/staging.varesenews.it\/swgapi\/v1\/wp\/v2\/types\/post"}],"author":[{"embeddable":true,"href":"https:\/\/staging.varesenews.it\/swgapi\/v1\/wp\/v2\/users\/36"}],"replies":[{"embeddable":true,"href":"https:\/\/staging.varesenews.it\/swgapi\/v1\/wp\/v2\/comments?post=1286381"}],"version-history":[{"count":0,"href":"https:\/\/staging.varesenews.it\/swgapi\/v1\/wp\/v2\/posts\/1286381\/revisions"}],"wp:attachment":[{"href":"https:\/\/staging.varesenews.it\/swgapi\/v1\/wp\/v2\/media?parent=1286381"}],"wp:term":[{"taxonomy":"category","embeddable":true,"href":"https:\/\/staging.varesenews.it\/swgapi\/v1\/wp\/v2\/categories?post=1286381"},{"taxonomy":"post_tag","embeddable":true,"href":"https:\/\/staging.varesenews.it\/swgapi\/v1\/wp\/v2\/tags?post=1286381"}],"curies":[{"name":"wp","href":"https:\/\/api.w.org\/{rel}","templated":true}]}}