{"id":1286886,"date":"2020-12-16T16:10:36","date_gmt":"2020-12-16T15:10:36","guid":{"rendered":"https:\/\/www.varesenews.it\/?p=1286886"},"modified":"2020-12-16T19:33:03","modified_gmt":"2020-12-16T18:33:03","slug":"parcheggio-pubblico-fantasma-gallarate","status":"publish","type":"post","link":"https:\/\/staging.varesenews.it\/2020\/12\/parcheggio-pubblico-fantasma-gallarate\/1286886\/","title":{"rendered":"Il parcheggio pubblico fantasma di Gallarate, quaranta posti &#8220;sotto chiave&#8221;"},"content":{"rendered":"<p>A <strong>Gallarate<\/strong> c&#8217;\u00e8 un parcheggio pubblico con <strong>una quarantina di posti auto pubblici inutilizzabili<\/strong>. Spazio sotterraneo, con i posti <strong>di fatto inaccessibili, sbarrati da un cancello<\/strong> che dovrebbe rimanere aperto e che invece risulta (almeno da pi\u00f9 controlli recenti fatti) chiuso a chiave.<\/p>\n<p>Il parcheggio si trova <strong>in via Etna, traversa di via Marsala<\/strong>. Zona con <strong>grande &#8220;fame&#8221; di posti auto<\/strong>, vista la presenza di scuole (le medie Majno e le primarie), servizi e negozi. Poco pi\u00f9 in l\u00e0 il grande polo di uffici e studi professionali delle Torri.<\/p>\n<p>La realizzazione di un nuovo condominio aveva portato in dote al Comune un parcheggio all&#8217;aperto e anche uno sotterraneo, ad uso pubblico. Solo che a distanza di lustri lo<strong> spazio in superficie \u00e8 in uso<\/strong>, mentre<strong> quello interrato \u00e8 sbarrato.<\/strong><\/p>\n<p>Non \u00e8 il solo caso anomalo venuto alla luce in anni recenti. <a href=\"https:\/\/www.varesenews.it\/2014\/11\/i-parcheggi-fantasma-di-gallarate\/345346\/\" target=\"_blank\" rel=\"noopener\">Nel 2014 il Comune aveva chiesto conto a diversi condomini della &#8220;appropriazione&#8221;<\/a> (lo usiamo tra virgolette) di parcheggi che dovevano essere d&#8217;uso pubblico, in zone ad alta domanda di sosta. Una richiesta che aveva coinvolto<strong> l&#8217;assessore all&#8217;urbanistica di allora, Giovanni Pignataro<\/strong> (Pd), e anche un consigliere della Lega (<strong>Matteo Ciampoli<\/strong>), che aveva segnalato alcuni degli spazi sbarrati (tra gli altri si parlava di via Curioni e via Carlo No\u00e8).<\/p>\n<p>A distanza di sei anni da allora, il <strong>Pd gallaratese &#8211; oggi all&#8217;opposizione &#8211; ha riportato all&#8217;attenzione il tema<\/strong> segnalando la chiusura del <strong>parcheggio pubblico di via Etna<\/strong>, con due diversi passaggi anche in consiglio comunale. \u00abDa informazioni sommarie acquisite da condomini e Polizia Locale, <strong>pare che il parcheggio sia da tempo chiuso con cancello<\/strong>\u00bb ha detto nell&#8217;ultima seduta di consiglio il<strong> sindaco Andrea Cassani.<\/strong><\/p>\n<p><div class=\"photo-inside-post\"><img decoding=\"async\" loading=\"lazy\" fetchpriority=\"low\" width=\"610\" height=\"431\" src=\"https:\/\/staging.varesenews.it\/photogallery_new\/images\/2020\/12\/generica-2020-1193410.610x431.jpg\" alt=\"Generica 2020\"><\/div> La rampa d&#8217;ingresso da via Etna: un cartello indica sulla destra lo spazio privato. Mentre il lato pubblico, a sinistra, non \u00e8 segnalato ed \u00e8 anzi chiuso dall&#8217;inferriata<\/p>\n<p>Ora, che il cancello sia chiuso oggi \u00e8 indubbio: se si va in via Etna lo si trova sbarrato e, a dire il vero, non c&#8217;\u00e8 nulla che ricordi che quei posti auto sono pubblici. C&#8217;\u00e8 per\u00f2 un indizio: <strong>su via Marsala si nota una scaletta, l&#8217;uscita pedonale<\/strong> pensata &#8211; appunto &#8211; per raggiungere pi\u00f9 facilmente la via principale. Nei giorni scorsi era chiusa, ma oggi risulta aperta: volendo si pu\u00f2 entrare a verificare. All&#8217;interno ci sono auto parcheggiate, ma anche diversi posti vuoti.<\/p>\n<p>La<strong> &#8220;percezione&#8221; privata del parcheggio<\/strong> \u00e8 confermata da una persona di passaggio: \u00abScusi perch\u00e9 fa fotografie? Qui \u00e8 privato\u00bb. In realt\u00e0 la propriet\u00e0 \u00e8 pubblica e in questi giorni l&#8217;accesso dalla pubblica via \u00e8 aperto: circostanza curiosa, che dovrebbe in qualche modo far venire dubbi.<\/p>\n<p><div class=\"photo-inside-post\"><img decoding=\"async\" loading=\"lazy\" fetchpriority=\"low\" width=\"610\" height=\"431\" src=\"https:\/\/staging.varesenews.it\/photogallery_new\/images\/2020\/12\/generica-2020-1193411.610x431.jpg\" alt=\"Generica 2020\"><\/div> La scaletta pedonale di accesso da via Marsala: nelle settimane passate era chiusa, nella mattina del 16 dicembre era invece aperta<\/p>\n<p>In <strong>consiglio comunale<\/strong> il tema \u00e8<strong> diventato anche oggetto di polemica politica<\/strong>. \u00abIncidentalmente <strong>Pignataro se ne accorge adesso\u00bb ha detto il sindaco Cassani<\/strong>, prendendosela con l&#8217;ex assessore. Dal canto suo Pignataro oggi dice: \u00abDa assessore nel 2014 avevo fatto il giro dei parcheggi, per verificarli, e<strong> quello era aperto e non era mai stato segnalato come chiuso<\/strong>\u00bb. Lo spazio di via Etna era citato tra i parcheggi interrati pubblici o ad uso pubblico, ma in effetti non compariva <a href=\"https:\/\/www.varesenews.it\/2014\/12\/parcheggi-fantasma-ecco-la-mappa-dei-posti-auto-da-recuperare\/347297\/\">nella mappa dei parcheggi da recuperare pubblicata da VareseNews a dicembre 2014, esattamente sei anni fa (qui)<\/a>.<\/p>\n<p>Nel frattempo il Comune &#8211; si \u00e8 scoperto &#8211; <strong>paga le spese condominiali di via Etna, 1.100 euro<\/strong> (non \u00e8 l&#8217;unico caso: costa molto ad esempio il parcheggio dell&#8217;ex centro commerciale il Fare, dove il Comune \u00e8 cond\u00f2mino). \u00abNon sono attualmente in corso azioni di recupero\u00bb ha detto Cassani, dicendo che Palazzo Borghi sta ancora valutando come muoversi, \u00abanche per le certificazioni necessarie all\u2019apertura al pubblico\u00bb.<\/p>\n<p><div class=\"photo-inside-post\"><img decoding=\"async\" loading=\"lazy\" fetchpriority=\"low\" width=\"610\" height=\"431\" src=\"https:\/\/staging.varesenews.it\/photogallery_new\/images\/2020\/12\/generica-2020-1193413.610x431.jpg\" alt=\"Generica 2020\"><\/div> All&#8217;interno del parcheggio<\/p>\n<p>Il sindaco Cassani ha chiarito che <strong>le chiavi sono comunque in possesso del Comune,<\/strong> \u00abdue paia alla Polizia Locale e due paia all&#8217;ufficio tecnico\u00bb. Per questo Pignataro dice che non si pu\u00f2 ignorare la questione: \u00ab<strong>Se abbiamo le chiavi lo si apra.<\/strong> Anzi: magari cambiamo le chiavi per essere certi che non sia chiuso di nuovo.\u00a0Da quando qualcuno se n\u2019\u00e8 accorto, non si pu\u00f2 pi\u00f9 dire che non lo si sa, si pu\u00f2 configurare un danno erariale\u00bb. D&#8217;altra parte il sindaco ribadisce che<strong> vanno verificate le pratiche<\/strong>, per lo pi\u00f9 vecchie di lustri (e oggi c&#8217;\u00e8 qualche limite al personale dell&#8217;ufficio tecnico causa quarantene Coronabirus). Nel frattempo, come abbiamo verificato, di auto all&#8217;interno ce ne sono non poche: il parcheggio non \u00e8 abbandonato, evidentemente qualcuno ha lo spazio pubblico a suo uso e consumo.<\/p>\n<p><div class=\"photo-inside-post\"><img decoding=\"async\" loading=\"lazy\" fetchpriority=\"low\" width=\"610\" height=\"431\" src=\"https:\/\/staging.varesenews.it\/photogallery_new\/images\/2020\/12\/generica-2020-1193412.610x431.jpg\" alt=\"Generica 2020\"><\/div> Lo spazio pubblico mostra anche il passare del tempo<\/p>\n<p>Al di l\u00e0 delle schermaglie politiche, <strong>rimane il tema &#8211; anche al di l\u00e0 di via Etna &#8211; degli spazi ad uso pubblico<\/strong>: pensati per offrire posti auto a servizio della citt\u00e0 (magari con l&#8217;obbiettivo dichiarato di ridurre la sosta in superficie) e poi finiti &#8220;privatizzati&#8221;, nei fatti. A volte da un cancello chiuso, a volte semplicemente dalla mancanza di indicazioni che sulla strada segnalino i posti d&#8217;uso pubblico.<\/p>\n","protected":false},"excerpt":{"rendered":"<p>Dovrebbero essere utilizzabili da tutti, ma nei fatti da tempo sono chiusi dietro a un cancello. Un nuovo caso che si aggiunge ai &#8220;parcheggi fantasma&#8221; gi\u00e0 denunciati sei anni fa<\/p>\n","protected":false},"author":46,"featured_media":0,"comment_status":"open","ping_status":"open","sticky":false,"template":"","format":"standard","meta":{"footnotes":""},"categories":[3],"tags":[2587],"acf":[],"yoast_head":"<!-- This site is optimized with the Yoast SEO plugin v20.1 - https:\/\/yoast.com\/wordpress\/plugins\/seo\/ -->\n<title>Il parcheggio pubblico fantasma di Gallarate, quaranta posti &quot;sotto chiave&quot;<\/title>\n<meta name=\"description\" content=\"Dovrebbero essere utilizzabili da tutti, ma nei fatti da tempo sono chiusi dietro a un cancello. Un nuovo caso che si aggiunge ai &quot;parcheggi fantasma&quot; gi\u00e0 denunciati sei anni fa\" \/>\n<meta name=\"robots\" content=\"noindex, follow, max-snippet:-1, max-image-preview:large, max-video-preview:-1\" \/>\n<meta property=\"og:locale\" content=\"it_IT\" \/>\n<meta property=\"og:type\" content=\"article\" \/>\n<meta property=\"og:title\" content=\"Il parcheggio pubblico fantasma di Gallarate, quaranta posti &quot;sotto chiave&quot;\" \/>\n<meta property=\"og:description\" content=\"Dovrebbero essere utilizzabili da tutti, ma nei fatti da tempo sono chiusi dietro a un cancello. Un nuovo caso che si aggiunge ai &quot;parcheggi fantasma&quot; gi\u00e0 denunciati sei anni fa\" \/>\n<meta property=\"og:url\" content=\"https:\/\/www.varesenews.it\/2020\/12\/parcheggio-pubblico-fantasma-gallarate\/1286886\/\" \/>\n<meta property=\"og:site_name\" content=\"VareseNews\" \/>\n<meta property=\"article:publisher\" content=\"https:\/\/www.facebook.com\/varesenews\" \/>\n<meta property=\"article:published_time\" content=\"2020-12-16T15:10:36+00:00\" \/>\n<meta property=\"article:modified_time\" content=\"2020-12-16T18:33:03+00:00\" \/>\n<meta name=\"author\" content=\"Roberto Morandi\" \/>\n<meta name=\"twitter:card\" content=\"summary_large_image\" \/>\n<meta name=\"twitter:creator\" content=\"@ilmorands\" \/>\n<meta name=\"twitter:site\" content=\"@varesenews\" \/>\n<meta name=\"twitter:label1\" content=\"Scritto da\" \/>\n\t<meta name=\"twitter:data1\" content=\"Roberto Morandi\" \/>\n\t<meta name=\"twitter:label2\" content=\"Tempo di lettura stimato\" \/>\n\t<meta name=\"twitter:data2\" content=\"4 minuti\" \/>\n<script type=\"application\/ld+json\" class=\"yoast-schema-graph\">{\"@context\":\"https:\/\/schema.org\",\"@graph\":[{\"@type\":\"WebPage\",\"@id\":\"https:\/\/www.varesenews.it\/2020\/12\/parcheggio-pubblico-fantasma-gallarate\/1286886\/\",\"url\":\"https:\/\/www.varesenews.it\/2020\/12\/parcheggio-pubblico-fantasma-gallarate\/1286886\/\",\"name\":\"Il parcheggio pubblico fantasma di Gallarate, quaranta posti \\\"sotto chiave\\\"\",\"isPartOf\":{\"@id\":\"https:\/\/staging.varesenews.it\/#website\"},\"datePublished\":\"2020-12-16T15:10:36+00:00\",\"dateModified\":\"2020-12-16T18:33:03+00:00\",\"author\":{\"@id\":\"https:\/\/staging.varesenews.it\/#\/schema\/person\/efe592ae4c76536b551f89d8b6674bc3\"},\"description\":\"Dovrebbero essere utilizzabili da tutti, ma nei fatti da tempo sono chiusi dietro a un cancello. Un nuovo caso che si aggiunge ai \\\"parcheggi fantasma\\\" gi\u00e0 denunciati sei anni fa\",\"breadcrumb\":{\"@id\":\"https:\/\/www.varesenews.it\/2020\/12\/parcheggio-pubblico-fantasma-gallarate\/1286886\/#breadcrumb\"},\"inLanguage\":\"it-IT\",\"potentialAction\":[{\"@type\":\"ReadAction\",\"target\":[\"https:\/\/www.varesenews.it\/2020\/12\/parcheggio-pubblico-fantasma-gallarate\/1286886\/\"]}]},{\"@type\":\"BreadcrumbList\",\"@id\":\"https:\/\/www.varesenews.it\/2020\/12\/parcheggio-pubblico-fantasma-gallarate\/1286886\/#breadcrumb\",\"itemListElement\":[{\"@type\":\"ListItem\",\"position\":1,\"name\":\"Home\",\"item\":\"https:\/\/www.varesenews.it\/\"},{\"@type\":\"ListItem\",\"position\":2,\"name\":\"Il parcheggio pubblico fantasma di Gallarate, quaranta posti &#8220;sotto chiave&#8221;\"}]},{\"@type\":\"WebSite\",\"@id\":\"https:\/\/staging.varesenews.it\/#website\",\"url\":\"https:\/\/staging.varesenews.it\/\",\"name\":\"VareseNews\",\"description\":\"\",\"potentialAction\":[{\"@type\":\"SearchAction\",\"target\":{\"@type\":\"EntryPoint\",\"urlTemplate\":\"https:\/\/staging.varesenews.it\/?s={search_term_string}\"},\"query-input\":\"required name=search_term_string\"}],\"inLanguage\":\"it-IT\"},{\"@type\":\"Person\",\"@id\":\"https:\/\/staging.varesenews.it\/#\/schema\/person\/efe592ae4c76536b551f89d8b6674bc3\",\"name\":\"Roberto Morandi\",\"image\":{\"@type\":\"ImageObject\",\"inLanguage\":\"it-IT\",\"@id\":\"https:\/\/staging.varesenews.it\/#\/schema\/person\/image\/\",\"url\":\"https:\/\/staging.varesenews.it\/wp-content\/uploads\/2020\/12\/roberto_morandi_colori_500.jpg\",\"contentUrl\":\"https:\/\/staging.varesenews.it\/wp-content\/uploads\/2020\/12\/roberto_morandi_colori_500.jpg\",\"caption\":\"Roberto Morandi\"},\"description\":\"Classe 1980, laureato in storia, mi occupo dell&rsquo;area di Gallarate e di Malpensa, di trasporti e mobilit&agrave;. Amo molto la dimensione della citt&agrave;, come luogo d&rsquo;incontro di persone diverse e come organismo che si trasforma costantemente. Mi piace anche raccontare le piccole e grandi vicende, anche locali, che compongono la Storia con la S maiuscola. Appassionato di bicicletta: la macchina perfetta per muoversi in citt&agrave; e per viaggiare.\",\"sameAs\":[\"https:\/\/twitter.com\/ilmorands\"],\"url\":\"https:\/\/staging.varesenews.it\/persona\/roberto-morandi1\/\"}]}<\/script>\n<!-- \/ Yoast SEO plugin. -->","yoast_head_json":{"title":"Il parcheggio pubblico fantasma di Gallarate, quaranta posti \"sotto chiave\"","description":"Dovrebbero essere utilizzabili da tutti, ma nei fatti da tempo sono chiusi dietro a un cancello. Un nuovo caso che si aggiunge ai \"parcheggi fantasma\" gi\u00e0 denunciati sei anni fa","robots":{"index":"noindex","follow":"follow","max-snippet":"max-snippet:-1","max-image-preview":"max-image-preview:large","max-video-preview":"max-video-preview:-1"},"og_locale":"it_IT","og_type":"article","og_title":"Il parcheggio pubblico fantasma di Gallarate, quaranta posti \"sotto chiave\"","og_description":"Dovrebbero essere utilizzabili da tutti, ma nei fatti da tempo sono chiusi dietro a un cancello. Un nuovo caso che si aggiunge ai \"parcheggi fantasma\" gi\u00e0 denunciati sei anni fa","og_url":"https:\/\/www.varesenews.it\/2020\/12\/parcheggio-pubblico-fantasma-gallarate\/1286886\/","og_site_name":"VareseNews","article_publisher":"https:\/\/www.facebook.com\/varesenews","article_published_time":"2020-12-16T15:10:36+00:00","article_modified_time":"2020-12-16T18:33:03+00:00","author":"Roberto Morandi","twitter_card":"summary_large_image","twitter_creator":"@ilmorands","twitter_site":"@varesenews","twitter_misc":{"Scritto da":"Roberto Morandi","Tempo di lettura stimato":"4 minuti"},"schema":{"@context":"https:\/\/schema.org","@graph":[{"@type":"WebPage","@id":"https:\/\/www.varesenews.it\/2020\/12\/parcheggio-pubblico-fantasma-gallarate\/1286886\/","url":"https:\/\/www.varesenews.it\/2020\/12\/parcheggio-pubblico-fantasma-gallarate\/1286886\/","name":"Il parcheggio pubblico fantasma di Gallarate, quaranta posti \"sotto chiave\"","isPartOf":{"@id":"https:\/\/staging.varesenews.it\/#website"},"datePublished":"2020-12-16T15:10:36+00:00","dateModified":"2020-12-16T18:33:03+00:00","author":{"@id":"https:\/\/staging.varesenews.it\/#\/schema\/person\/efe592ae4c76536b551f89d8b6674bc3"},"description":"Dovrebbero essere utilizzabili da tutti, ma nei fatti da tempo sono chiusi dietro a un cancello. Un nuovo caso che si aggiunge ai \"parcheggi fantasma\" gi\u00e0 denunciati sei anni fa","breadcrumb":{"@id":"https:\/\/www.varesenews.it\/2020\/12\/parcheggio-pubblico-fantasma-gallarate\/1286886\/#breadcrumb"},"inLanguage":"it-IT","potentialAction":[{"@type":"ReadAction","target":["https:\/\/www.varesenews.it\/2020\/12\/parcheggio-pubblico-fantasma-gallarate\/1286886\/"]}]},{"@type":"BreadcrumbList","@id":"https:\/\/www.varesenews.it\/2020\/12\/parcheggio-pubblico-fantasma-gallarate\/1286886\/#breadcrumb","itemListElement":[{"@type":"ListItem","position":1,"name":"Home","item":"https:\/\/www.varesenews.it\/"},{"@type":"ListItem","position":2,"name":"Il parcheggio pubblico fantasma di Gallarate, quaranta posti &#8220;sotto chiave&#8221;"}]},{"@type":"WebSite","@id":"https:\/\/staging.varesenews.it\/#website","url":"https:\/\/staging.varesenews.it\/","name":"VareseNews","description":"","potentialAction":[{"@type":"SearchAction","target":{"@type":"EntryPoint","urlTemplate":"https:\/\/staging.varesenews.it\/?s={search_term_string}"},"query-input":"required name=search_term_string"}],"inLanguage":"it-IT"},{"@type":"Person","@id":"https:\/\/staging.varesenews.it\/#\/schema\/person\/efe592ae4c76536b551f89d8b6674bc3","name":"Roberto Morandi","image":{"@type":"ImageObject","inLanguage":"it-IT","@id":"https:\/\/staging.varesenews.it\/#\/schema\/person\/image\/","url":"https:\/\/staging.varesenews.it\/wp-content\/uploads\/2020\/12\/roberto_morandi_colori_500.jpg","contentUrl":"https:\/\/staging.varesenews.it\/wp-content\/uploads\/2020\/12\/roberto_morandi_colori_500.jpg","caption":"Roberto Morandi"},"description":"Classe 1980, laureato in storia, mi occupo dell&rsquo;area di Gallarate e di Malpensa, di trasporti e mobilit&agrave;. Amo molto la dimensione della citt&agrave;, come luogo d&rsquo;incontro di persone diverse e come organismo che si trasforma costantemente. Mi piace anche raccontare le piccole e grandi vicende, anche locali, che compongono la Storia con la S maiuscola. Appassionato di bicicletta: la macchina perfetta per muoversi in citt&agrave; e per viaggiare.","sameAs":["https:\/\/twitter.com\/ilmorands"],"url":"https:\/\/staging.varesenews.it\/persona\/roberto-morandi1\/"}]}},"post_meta":{"_edit_lock":"1608146343:46","_edit_last":"46","_oembed_d19fe3f3a4926d799b73f75e7b32a10f":"<blockquote class=\"wp-embedded-content\" data-secret=\"n9puwTz7U2\"><a href=\"https:\/\/www.varesenews.it\/2014\/12\/parcheggi-fantasma-ecco-la-mappa-dei-posti-auto-da-recuperare\/347297\/\">&#8220;Parcheggi fantasma&#8221;, ecco la mappa dei posti auto da recuperare<\/a><\/blockquote><iframe class=\"wp-embedded-content\" sandbox=\"allow-scripts\" security=\"restricted\" style=\"position: absolute; clip: rect(1px, 1px, 1px, 1px);\" src=\"https:\/\/www.varesenews.it\/2014\/12\/parcheggi-fantasma-ecco-la-mappa-dei-posti-auto-da-recuperare\/347297\/embed\/#?secret=n9puwTz7U2\" data-secret=\"n9puwTz7U2\" width=\"600\" height=\"338\" title=\"&#8220;&#8220;Parcheggi fantasma&#8221;, ecco la mappa dei posti auto da recuperare&#8221; &#8212; VareseNews\" frameborder=\"0\" marginwidth=\"0\" marginheight=\"0\" scrolling=\"no\"><\/iframe>","_oembed_time_d19fe3f3a4926d799b73f75e7b32a10f":"1608124129","_category_permalink":"a:1:{s:8:\"category\";s:1:\"3\";}","foto":"1193414","_yoast_wpseo_content_score":"30","_jd_tweet_this":"yes","_encloseme":"1","ratings_users":"0","ratings_score":"0","ratings_average":"0","_wpt_short_url":"https:\/\/www.varesenews.it\/2020\/12\/parcheggio-pubblico-fantasma-gallaratequaranta-posti-chiave\/1286886\/","_wp_jd_target":"https:\/\/www.varesenews.it\/2020\/12\/parcheggio-pubblico-fantasma-gallaratequaranta-posti-chiave\/1286886\/","_jd_wp_twitter":"a:1:{i:0;s:193:\"Il parcheggio pubblico fantasma di Gallarate,quaranta posti \u201csotto chiave\u201d https:\/\/www.varesenews.it\/2020\/12\/parcheggio-pubblico-fantasma-gallaratequaranta-posti-chiave\/1286886\/ #parcheggio\";}","_wpt_status_message":"Tweet inviato con successo.","_wp_old_slug":"parcheggio-pubblico-fantasma-gallaratequaranta-posti-chiave","argomento":"Gallarate"},"photos":[{"original":"https:\/\/staging.varesenews.it\/photogallery_new\/images\/2020\/12\/generica-2020-1193414.jpg","full":"https:\/\/staging.varesenews.it\/photogallery_new\/images\/2020\/12\/generica-2020-1193414.1024x768.jpg","large":"https:\/\/staging.varesenews.it\/photogallery_new\/images\/2020\/12\/generica-2020-1193414.610x431.jpg"}],"_links":{"self":[{"href":"https:\/\/staging.varesenews.it\/swgapi\/v1\/wp\/v2\/posts\/1286886"}],"collection":[{"href":"https:\/\/staging.varesenews.it\/swgapi\/v1\/wp\/v2\/posts"}],"about":[{"href":"https:\/\/staging.varesenews.it\/swgapi\/v1\/wp\/v2\/types\/post"}],"author":[{"embeddable":true,"href":"https:\/\/staging.varesenews.it\/swgapi\/v1\/wp\/v2\/users\/46"}],"replies":[{"embeddable":true,"href":"https:\/\/staging.varesenews.it\/swgapi\/v1\/wp\/v2\/comments?post=1286886"}],"version-history":[{"count":0,"href":"https:\/\/staging.varesenews.it\/swgapi\/v1\/wp\/v2\/posts\/1286886\/revisions"}],"wp:attachment":[{"href":"https:\/\/staging.varesenews.it\/swgapi\/v1\/wp\/v2\/media?parent=1286886"}],"wp:term":[{"taxonomy":"category","embeddable":true,"href":"https:\/\/staging.varesenews.it\/swgapi\/v1\/wp\/v2\/categories?post=1286886"},{"taxonomy":"post_tag","embeddable":true,"href":"https:\/\/staging.varesenews.it\/swgapi\/v1\/wp\/v2\/tags?post=1286886"}],"curies":[{"name":"wp","href":"https:\/\/api.w.org\/{rel}","templated":true}]}}