{"id":1290121,"date":"2020-12-24T16:21:21","date_gmt":"2020-12-24T15:21:21","guid":{"rendered":"https:\/\/www.varesenews.it\/?p=1290121"},"modified":"2020-12-24T16:22:33","modified_gmt":"2020-12-24T15:22:33","slug":"storie-natale-dalla-corsia-dellospedale-racconti-le-emozioni-linea","status":"publish","type":"post","link":"https:\/\/staging.varesenews.it\/2020\/12\/storie-natale-dalla-corsia-dellospedale-racconti-le-emozioni-linea\/1290121\/","title":{"rendered":"Storie di Natale dalla corsia dell&#8217;ospedale: i racconti e le emozioni di chi \u00e8 in prima linea"},"content":{"rendered":"<p>Un anno sempre in prima linea, a contenere la sfida pericolosa e sconosciuta. Pi\u00f9 di tutti, sono medici, infermieri, operatori sanitari, soccorritori ma anche tecnici e ausiliari dei servizi ad aver gestito la grande emergenza sanitaria che ha travolto l\u2019intero pianeta.<\/p>\n<p>In occasione del Natale vogliamo raccontarvi sentimenti, emozioni e speranze di chi, anche il 25 dicembre, sar\u00e0 al suo posto, come ogni anno, per dare salute a chi non ce l\u2019ha.<\/p>\n<p><strong>SIAMO STATI TRAVOLTI MA ABBIAMO TENUTO BOTTA<\/strong><br \/>\n<div class=\"photo-inside-post\"><img decoding=\"async\" loading=\"lazy\" fetchpriority=\"low\" width=\"610\" height=\"431\" src=\"https:\/\/staging.varesenews.it\/photogallery_new\/images\/2020\/12\/grazie-agli-operatori-dell-asst-sette-laghi-1195016.610x431.jpg\" alt=\"Grazie agli operatori dell'Asst Sette Laghi\"><\/div><\/p>\n<p>La <strong>dottoressa Cinzia Gambarini \u00e8 il primario della pneumologia dell\u2019ospedale di Varese<\/strong>, il suo reparto, insieme a quelle del professor Paolo Grossi dei Malattie infettive e dell\u2019unit\u00e0 specifica Hub Covid diretto dal professor Francesco Dentali, ha gestito decine di pazienti con il fiato corto, attaccati alle bombole dell\u2019ossigeno con gli occhi pieni di paura: \u00ab <strong>Abbiamo visto tanta sofferenza come mai prima<\/strong> &#8211; commenta la dottoressa &#8211; soprattutto in questa seconda ondata, dove Varese \u00e8 stata travolta in modo molto duro. Ci ha colpito anche nelle nostre case, negli affetti, nelle amicizie.\u00a0 Mesi davvero tremendi. Ma abbiamo retto grazie a una squadra stupenda. La mia azienda \u00e8 stata brava e capace, ci ha fatto sentire una squadra, tutti uniti contro le difficolt\u00e0 crescenti.<br \/>\n<strong>Cosa mi lascia questa esperienza?<\/strong> La consapevolezza del mio gruppo, di poter contare sui miei colleghi e collaboratori. Ne usciamo stanchi, sfiniti ma orgogliosi per aver raggiunto il risultato insieme, senza mai cedere allo sconforto o alla stanchezza\u00bb<\/p>\n<p><strong>Come vivo questo Natale?<\/strong> Sono al mio posto, accanto ai miei pazienti che non sono quelli storici ma persone con bisogni speciali. Il significato di questa giornata \u00e8 profondamente spirituale: vale sempre la pena vivere se si aiuta il prossimo e si riesce a fare del bene a qualcuno. La soddisfazione che si ottiene ripaga di ogni sforzo. \u00c8 un momento difficilissimo, soprattutto \u00e8 delicato il rapporto con i parenti che vivono appesi al telefono nella speranza di ricevere na notizia positiva. Ma non sempre possiamo darla: l\u2019umanit\u00e0 e la relazione sono ci\u00f2 che lenisce il dolore,\u00a0 c\u2019\u00e8 grande bisogno di empatia.<br \/>\n<strong>L\u2019augurio \u00e8 che questo Natale ci faccia comprendere fino in fondo il valore della vita e della salut<\/strong>e\u00bb<\/p>\n<p><strong>NOI INFERMIERI IN PRIMA LINEA: STANCHI, UN PO\u2019 ARRABBIATI MA SEMPRE MOLTO MOTIVATI<\/strong><\/p>\n<div class=\"photo-inside-post\"><img decoding=\"async\" loading=\"lazy\" fetchpriority=\"low\" width=\"610\" height=\"431\" src=\"https:\/\/staging.varesenews.it\/photogallery_new\/images\/2020\/05\/giornata-internazionale-dell-infermiere-1149725.610x431.jpg\" alt=\"Giornata internazionale dell'Infermiere\"><\/div>\n<p><strong>Aurelio Filippini \u00e8 il Presidente dell\u2019Ordine delle professioni infermieristiche a Varese.<\/strong> Nel corso di questa pandemia ha messo da parte il suo ruolo istituzionale e ha indossato nuovamente il camice: \u00ab \u00c8 stato bello rientrare appieno nella clinica. \u00c8 stato come rientrare a casa mia, a ci\u00f2 che amo, perch\u00e9 io sono un infermiere appassionato del suo lavoro. Il 2020 \u00e8 stato l\u2019anno internazionale degli Infermieri ed \u00e8 stato preso alla lettera. Abbiamo avuto modo di <strong>chiarire chi siamo, cosa facciamo, il nostro ruolo nel sistema sanitario.<\/strong> Abbiamo dimostrato che<strong> i tagli continui alla sanit\u00e0 pubblica hanno indebolito il sistema e li abbiamo pagati a caro prezzo<\/strong>. Ma siamo stati capaci di far far emergere l\u2019aspetto della relazione che \u00e8 fondamentale nella nostra quotidianit\u00e0. Accanto ai letti dei pazienti ci sono gli infermieri che assistono nel fisico e nello spirito. Un perfetto equilibrio tra tecnica e umanit\u00e0.\u00a0 <strong>Ora siamo stremati, un po\u2019 arrabbiati ma nessuno ha perso la motivazione.<\/strong> Abbiamo retto a una sofferenza enorme e profonda, mai vista prima in modo cos\u00ec costante e intenso. Credo che sia stata la prima volta, dopo decenni, ch<strong>e il mondo sia stato costretto ad affrontare un dolore cos\u00ec vasto.<\/strong> Questo virus ha colpito il fisico ma anche l&#8217;anima, ha strappato i malati ai propri cari che hanno affrontato in solitudine la malattia e, a volte, la morte. \u00c8 capitato che non ci fosse nemmeno il tempo di avviare una relazione, la fine arrivava repentina e non si poteva fare altro che fare una carezza e recitare una preghiera. Un\u2019esperienza che lascia segni profondi ma che non incrina la nostra determinazione\u00bb.<\/p>\n<p><strong>IN AMBULANZA NEL SILENZIO ASSORDANTE DELLE CITTA\u2019<\/strong><\/p>\n<div class=\"photo-inside-post\"><img decoding=\"async\" loading=\"lazy\" fetchpriority=\"low\" width=\"610\" height=\"431\" src=\"https:\/\/staging.varesenews.it\/photogallery_new\/images\/2020\/12\/grazie-agli-operatori-dell-asst-sette-laghi-1195008.610x431.jpg\" alt=\"Grazie agli operatori dell'Asst Sette Laghi\"><\/div>\n<p>Salgono sulle ambulanze, scafandrati oggi come in piena estate: sono<strong> i soccorritori del 118<\/strong>, il primo aiuto per chi sta male. Molti di loro sono in prima linea sin dalla primavera scorsa quando sono stati spostati nelle aree drammaticamente pi\u00f9 colpite. Impresso nelle loro menti c\u2019\u00e8<strong> il silenzio delle citt\u00e0 spaventate:<\/strong> \u00ab Siamo andati a Lodi, Cremona, Mantova. Ovunque trovavamo strade vuole e un silenzio impressionante. Percorrevamo chilometri per soccorrere chi stava male e trovargli un posto in uno degli ospedali lombardi. Abbiamo viaggiato tantissimo, in un\u2019atmosfera da paura dove solo i corvi riempivano il silenzio quando si alzavano in volo al nostro passaggio attraverso le campagne\u00bb.\u00a0 Un\u2019esperienza che rimarr\u00e0 per sempre nelle loro memorie: \u00ab <strong>Correvamo, facevamo del nostro meglio ma qualche volta ci siamo sentiti inutili:<\/strong>\u00a0 tornavano in ospedale e trovavamo ormai deceduto il paziente che avevamo soccorso in tutta fretta qualche ora prima. Questo sentimento di frustrazione rimarr\u00e0 indelebile: noi siamo abituati a trasportare le persone, anche gravi e gravissime, e perderle di vista perch\u00e9 vanno poi in reparto. Ma questa volta ci imbattevamo nei sacchi chiusi con i nostri assistiti ancora nel posto dove li avevamo lasciati: ed \u00e8 stato tremendo\u00bb.\u00a0 <strong>Tremendo anche il momento della separazione dai parenti:<\/strong> \u00ab Eravamo quelli che portavano via la persona amata, che forse non avrebbero pi\u00f9 visto. Abbiamo assistito a momenti dolorosi e toccanti, a cui non ci si potr\u00e0 mai abituare\u00bb.<\/p>\n<p>La<strong> dottoressa Sabina Campi \u00e8 alla guida del 118 varesino<\/strong>, un ruolo che ha occupato dal primo settembre scorso, giusto in tempo per gestire la seconda, pesantissima ondata su Varese:<br \/>\n\u00ab La nostra normalit\u00e0, la quotidianit\u00e0 nella vita privata e nel lavoro sono state travolte &#8211; commenta la dottoressa &#8211; <strong>Niente sar\u00e0 pi\u00f9 come prima anche se ne abbiamo un bisogno disperato<\/strong>. Per me \u00e8 difficilissimo rinunciare agli abbracci, alle carezze: anche nel mio ruolo di medico sono sempre fisica perch\u00e9 mi piace il contatto, credo che aumenti l\u2019empatia. Dover tenere le distanze mi \u00e8 difficile. Gestire la disperazione, lo smarrimento o la preoccupazione solo con le parole e gli sguardi \u00e8 frustrante.<strong> In questi mesi di servizio ho incontrato davvero tanta paura:<\/strong> come in quella madre che non riusciva a far assistere il suo ragazzo, da giorni con febbre altissima. Ho capito quanto fosse disperata perch\u00e9 non trovava risposte e mi sono messa nei suoi panni.<br \/>\nIl mio Natale sar\u00e0 intimo ma bellissimo: <strong>ho bisogno di attaccarmi allo spirito del Natale, che mi restituisca serenit\u00e0<\/strong>. Sono con la mia famiglia, un\u2019intimit\u00e0 che \u00e8 una carezza all\u2019anima\u00bb.<\/p>\n<p><strong>UN INCONTRO DRAMMATICO CHE MI HA CAMBIATO LA VITA<\/strong><\/p>\n<div class=\"photo-inside-post\"><img decoding=\"async\" loading=\"lazy\" fetchpriority=\"low\" width=\"610\" height=\"431\" src=\"https:\/\/staging.varesenews.it\/photogallery_new\/images\/2020\/04\/dottor-cannavo-con-mattia-796200.610x431.jpg\" alt=\"dottor Cannav\u00f2 con Mattia\"><\/div>\n<p>Il dottor Massimo Cannav\u00f2 \u00e8 un chirurgo oncologo dell\u2019ospedale di Cittiglio. A marzo scelse di presentarsi volontario all\u2019ospedale di Cremona. Una decisione che gli ha permesso di essere tra i protagonisti della rinascita del giovanissimo Mattina, appena 18enne salvato in extremis : \u00ab Ho vissuto esperienze indimenticabili perch\u00e9 abbiamo improvvisato davanti a un nemico sconosciuto. Quei giorni a Cremona hanno modificato il mio modo di lavorare. <strong>L\u2019affetto ricevuto e la gratitudine hanno dato il senso pieno della mia missione<\/strong>. Io sono in cammino, voglio e devo continuare a\u00a0 migliorarmi: ma l\u2019obiettivo della relazione \u00e8 ci\u00f2 che d\u00e0 la dimensione del mio percorso.<br \/>\nQuell\u2019incontro mi ripaga di tutti i sacrifici fatti per arrivare sino a qui. Con Mattia e la sua famiglia \u00e8 nata un\u2019amicizia che va oltre la medicina, arriva alla mia quotidianit\u00e0. Quel vissuto ha condizionato la mia azione durante gli ultimi difficili mesi negli ospedali varesini cos\u00ec duramente colpiti. Ricevo ancora tanto affetto, anche da parte di parenti che hanno visto i propri cari sconfitti:<strong> \u00e8 questo il senso della professione, dare tutto se stesso e mostrarti agli altri in un\u2019alleanza fatta di abilit\u00e0 ma anche di emozioni<\/strong>.<br \/>\nIl giorno di Natale\u00a0 sono in reparto, al mio posto. \u00c8 difficile e strano perch\u00e9 \u00e8 un momento difficile sono con la voglia di aiutare chi soffre a sentire il messaggio di speranza che la festa porta con s\u00e9\u00bb.<\/p>\n<p><strong>E\u2019 NEI MOMENTI PIU\u2019 DIFFICILI E DOLOROSI CHE L\u2019UOMO SA ESSERE MERAVIGLIOSO<\/strong><\/p>\n<div class=\"photo-inside-post\"><img decoding=\"async\" loading=\"lazy\" fetchpriority=\"low\" width=\"610\" height=\"431\" src=\"https:\/\/staging.varesenews.it\/photogallery_new\/images\/2020\/12\/asst-1195031.610x431.jpg\" alt=\"asst\"><\/div>\n<p><strong>Gianluca Di Siena \u00e8 un fisioterapista<\/strong> ed entra ogni giorno in reparto per aiutare i suoi pazienti a riacquistare forze e mobilit\u00e0. Un lavoro lungo, a volte, e certosino, che lui vive portando in reparto la sua leggerezza , un toccasana per ridare grinta a chi si sente sopraffatto: \u00ab La prima settimana \u00e8 stata difficilissima. Lavoravo scafandrato, con un sacco di limiti e obblighi, con persone che andavano sostenute e motivate. E <strong>con la grande paura di rimanere contagiati.<\/strong> Presto per\u00f2, mi sono messo tutto alle spalle, paura, dubbi, incertezze davanti a quelle persone che si affidavano totalmente a me. Io ero la loro guida. In cambi<strong>o ti restituiscono un\u2019umanit\u00e0 infinita di quelle che ti galvanizzano<\/strong>. Sentire le loro storie, vederli felici durante la videochiamata, assistere ai miglioramenti quotidiani e sostenerli nei traguardi giganti quotidiani sono momenti irripetibili, dove ti trovi in mezzo perch\u00e8<strong> ti voglio l\u00ec, al loro fianco, per condividere il ritorno alla vita<\/strong>. Questa professione, che amo moltissimo, mi sta dando delle gioie inaspettate perch\u00e9\u00a0<strong> l&#8217;essere umano sa essere meraviglioso, solidale e tutto ci\u00f2 viene fuori nel dolore e nelle difficolt\u00e0.<\/strong><br \/>\nQuest\u2019anno non riesco a sentire lo spirito natalizio. La pandemia mi ha stravolto la vita, a me come a tutti, e faccio fatica a ritrovarmi. Per me il 25 Natale \u00e8 una giornata con gli obiettivi soliti, per i miei pazienti: ognuno ha una storia e un percorso. Rimango concentrato sulla mia strada perch\u00e9 per tutti sia Natale al pi\u00f9 presto\u00bb.<\/p>\n","protected":false},"excerpt":{"rendered":"<p>Sono medici, infermieri, fisioterapisti, soccorritori che raccontano cosa lascia loro questo anno difficile e duro <\/p>\n","protected":false},"author":33,"featured_media":0,"comment_status":"open","ping_status":"open","sticky":false,"template":"","format":"standard","meta":{"footnotes":""},"categories":[9,7,24,1,2],"tags":[57100,109005],"acf":[],"yoast_head":"<!-- This site is optimized with the Yoast SEO plugin v20.1 - https:\/\/yoast.com\/wordpress\/plugins\/seo\/ -->\n<title>Storie di Natale dalla corsia dell&#039;ospedale: i racconti e le emozioni di chi \u00e8 in prima linea<\/title>\n<meta name=\"description\" content=\"Sono medici, infermieri, fisioterapisti, soccorritori che raccontano cosa lascia loro questo anno difficile e duro\" \/>\n<meta name=\"robots\" content=\"noindex, follow, max-snippet:-1, max-image-preview:large, max-video-preview:-1\" \/>\n<meta property=\"og:locale\" content=\"it_IT\" \/>\n<meta property=\"og:type\" content=\"article\" \/>\n<meta property=\"og:title\" content=\"Storie di Natale dalla corsia dell&#039;ospedale: i racconti e le emozioni di chi \u00e8 in prima linea\" \/>\n<meta property=\"og:description\" content=\"Sono medici, infermieri, fisioterapisti, soccorritori che raccontano cosa lascia loro questo anno difficile e duro\" \/>\n<meta property=\"og:url\" content=\"https:\/\/staging.varesenews.it\/2020\/12\/storie-natale-dalla-corsia-dellospedale-racconti-le-emozioni-linea\/1290121\/\" \/>\n<meta property=\"og:site_name\" content=\"VareseNews\" \/>\n<meta property=\"article:publisher\" content=\"https:\/\/www.facebook.com\/varesenews\" \/>\n<meta property=\"article:author\" content=\"alessandra.toni7\" \/>\n<meta property=\"article:published_time\" content=\"2020-12-24T15:21:21+00:00\" \/>\n<meta property=\"article:modified_time\" content=\"2020-12-24T15:22:33+00:00\" \/>\n<meta name=\"author\" content=\"Alessandra Toni\" \/>\n<meta name=\"twitter:card\" content=\"summary_large_image\" \/>\n<meta name=\"twitter:creator\" content=\"@alessandra_toni\" \/>\n<meta name=\"twitter:site\" content=\"@varesenews\" \/>\n<meta name=\"twitter:label1\" content=\"Scritto da\" \/>\n\t<meta name=\"twitter:data1\" content=\"Alessandra Toni\" \/>\n\t<meta name=\"twitter:label2\" content=\"Tempo di lettura stimato\" \/>\n\t<meta name=\"twitter:data2\" content=\"8 minuti\" \/>\n<script type=\"application\/ld+json\" class=\"yoast-schema-graph\">{\"@context\":\"https:\/\/schema.org\",\"@graph\":[{\"@type\":\"WebPage\",\"@id\":\"https:\/\/staging.varesenews.it\/2020\/12\/storie-natale-dalla-corsia-dellospedale-racconti-le-emozioni-linea\/1290121\/\",\"url\":\"https:\/\/staging.varesenews.it\/2020\/12\/storie-natale-dalla-corsia-dellospedale-racconti-le-emozioni-linea\/1290121\/\",\"name\":\"Storie di Natale dalla corsia dell'ospedale: i racconti e le emozioni di chi \u00e8 in prima linea\",\"isPartOf\":{\"@id\":\"https:\/\/staging.varesenews.it\/#website\"},\"datePublished\":\"2020-12-24T15:21:21+00:00\",\"dateModified\":\"2020-12-24T15:22:33+00:00\",\"author\":{\"@id\":\"https:\/\/staging.varesenews.it\/#\/schema\/person\/2643ce123d4a3c9511e015dc548779b8\"},\"description\":\"Sono medici, infermieri, fisioterapisti, soccorritori che raccontano cosa lascia loro questo anno difficile e duro\",\"breadcrumb\":{\"@id\":\"https:\/\/staging.varesenews.it\/2020\/12\/storie-natale-dalla-corsia-dellospedale-racconti-le-emozioni-linea\/1290121\/#breadcrumb\"},\"inLanguage\":\"it-IT\",\"potentialAction\":[{\"@type\":\"ReadAction\",\"target\":[\"https:\/\/staging.varesenews.it\/2020\/12\/storie-natale-dalla-corsia-dellospedale-racconti-le-emozioni-linea\/1290121\/\"]}]},{\"@type\":\"BreadcrumbList\",\"@id\":\"https:\/\/staging.varesenews.it\/2020\/12\/storie-natale-dalla-corsia-dellospedale-racconti-le-emozioni-linea\/1290121\/#breadcrumb\",\"itemListElement\":[{\"@type\":\"ListItem\",\"position\":1,\"name\":\"Home\",\"item\":\"https:\/\/www.varesenews.it\/\"},{\"@type\":\"ListItem\",\"position\":2,\"name\":\"Storie di Natale dalla corsia dell&#8217;ospedale: i racconti e le emozioni di chi \u00e8 in prima linea\"}]},{\"@type\":\"WebSite\",\"@id\":\"https:\/\/staging.varesenews.it\/#website\",\"url\":\"https:\/\/staging.varesenews.it\/\",\"name\":\"VareseNews\",\"description\":\"\",\"potentialAction\":[{\"@type\":\"SearchAction\",\"target\":{\"@type\":\"EntryPoint\",\"urlTemplate\":\"https:\/\/staging.varesenews.it\/?s={search_term_string}\"},\"query-input\":\"required name=search_term_string\"}],\"inLanguage\":\"it-IT\"},{\"@type\":\"Person\",\"@id\":\"https:\/\/staging.varesenews.it\/#\/schema\/person\/2643ce123d4a3c9511e015dc548779b8\",\"name\":\"Alessandra Toni\",\"image\":{\"@type\":\"ImageObject\",\"inLanguage\":\"it-IT\",\"@id\":\"https:\/\/staging.varesenews.it\/#\/schema\/person\/image\/\",\"url\":\"https:\/\/staging.varesenews.it\/wp-content\/uploads\/2020\/12\/alessandra_toni_colori_500.jpg\",\"contentUrl\":\"https:\/\/staging.varesenews.it\/wp-content\/uploads\/2020\/12\/alessandra_toni_colori_500.jpg\",\"caption\":\"Alessandra Toni\"},\"description\":\"Sono entrata nella redazione di VareseNews nel lontano anno 2000. Ero reduce da una bellissima esperienza nella redazione giornalistica della TV Nuova Antennatre, sotto la direzione dell'indimenticabile direttore Adolfo Caldarini. Sono arrivata quando era ancora una piccola realt\u00e0 editoriale e insieme abbiamo fatto un lungo ed entusiasmante lavoro. Mi occupo prevalentemente di scuola e di sanit\u00e0, settori impegnativi di grande valore sociale.\u00a0\",\"sameAs\":[\"alessandra.toni7\",\"alessandra.toni\",\"https:\/\/twitter.com\/alessandra_toni\"],\"url\":\"https:\/\/staging.varesenews.it\/persona\/alessandra_toni1\/\"}]}<\/script>\n<!-- \/ Yoast SEO plugin. -->","yoast_head_json":{"title":"Storie di Natale dalla corsia dell'ospedale: i racconti e le emozioni di chi \u00e8 in prima linea","description":"Sono medici, infermieri, fisioterapisti, soccorritori che raccontano cosa lascia loro questo anno difficile e duro","robots":{"index":"noindex","follow":"follow","max-snippet":"max-snippet:-1","max-image-preview":"max-image-preview:large","max-video-preview":"max-video-preview:-1"},"og_locale":"it_IT","og_type":"article","og_title":"Storie di Natale dalla corsia dell'ospedale: i racconti e le emozioni di chi \u00e8 in prima linea","og_description":"Sono medici, infermieri, fisioterapisti, soccorritori che raccontano cosa lascia loro questo anno difficile e duro","og_url":"https:\/\/staging.varesenews.it\/2020\/12\/storie-natale-dalla-corsia-dellospedale-racconti-le-emozioni-linea\/1290121\/","og_site_name":"VareseNews","article_publisher":"https:\/\/www.facebook.com\/varesenews","article_author":"alessandra.toni7","article_published_time":"2020-12-24T15:21:21+00:00","article_modified_time":"2020-12-24T15:22:33+00:00","author":"Alessandra Toni","twitter_card":"summary_large_image","twitter_creator":"@alessandra_toni","twitter_site":"@varesenews","twitter_misc":{"Scritto da":"Alessandra Toni","Tempo di lettura stimato":"8 minuti"},"schema":{"@context":"https:\/\/schema.org","@graph":[{"@type":"WebPage","@id":"https:\/\/staging.varesenews.it\/2020\/12\/storie-natale-dalla-corsia-dellospedale-racconti-le-emozioni-linea\/1290121\/","url":"https:\/\/staging.varesenews.it\/2020\/12\/storie-natale-dalla-corsia-dellospedale-racconti-le-emozioni-linea\/1290121\/","name":"Storie di Natale dalla corsia dell'ospedale: i racconti e le emozioni di chi \u00e8 in prima linea","isPartOf":{"@id":"https:\/\/staging.varesenews.it\/#website"},"datePublished":"2020-12-24T15:21:21+00:00","dateModified":"2020-12-24T15:22:33+00:00","author":{"@id":"https:\/\/staging.varesenews.it\/#\/schema\/person\/2643ce123d4a3c9511e015dc548779b8"},"description":"Sono medici, infermieri, fisioterapisti, soccorritori che raccontano cosa lascia loro questo anno difficile e duro","breadcrumb":{"@id":"https:\/\/staging.varesenews.it\/2020\/12\/storie-natale-dalla-corsia-dellospedale-racconti-le-emozioni-linea\/1290121\/#breadcrumb"},"inLanguage":"it-IT","potentialAction":[{"@type":"ReadAction","target":["https:\/\/staging.varesenews.it\/2020\/12\/storie-natale-dalla-corsia-dellospedale-racconti-le-emozioni-linea\/1290121\/"]}]},{"@type":"BreadcrumbList","@id":"https:\/\/staging.varesenews.it\/2020\/12\/storie-natale-dalla-corsia-dellospedale-racconti-le-emozioni-linea\/1290121\/#breadcrumb","itemListElement":[{"@type":"ListItem","position":1,"name":"Home","item":"https:\/\/www.varesenews.it\/"},{"@type":"ListItem","position":2,"name":"Storie di Natale dalla corsia dell&#8217;ospedale: i racconti e le emozioni di chi \u00e8 in prima linea"}]},{"@type":"WebSite","@id":"https:\/\/staging.varesenews.it\/#website","url":"https:\/\/staging.varesenews.it\/","name":"VareseNews","description":"","potentialAction":[{"@type":"SearchAction","target":{"@type":"EntryPoint","urlTemplate":"https:\/\/staging.varesenews.it\/?s={search_term_string}"},"query-input":"required name=search_term_string"}],"inLanguage":"it-IT"},{"@type":"Person","@id":"https:\/\/staging.varesenews.it\/#\/schema\/person\/2643ce123d4a3c9511e015dc548779b8","name":"Alessandra Toni","image":{"@type":"ImageObject","inLanguage":"it-IT","@id":"https:\/\/staging.varesenews.it\/#\/schema\/person\/image\/","url":"https:\/\/staging.varesenews.it\/wp-content\/uploads\/2020\/12\/alessandra_toni_colori_500.jpg","contentUrl":"https:\/\/staging.varesenews.it\/wp-content\/uploads\/2020\/12\/alessandra_toni_colori_500.jpg","caption":"Alessandra Toni"},"description":"Sono entrata nella redazione di VareseNews nel lontano anno 2000. Ero reduce da una bellissima esperienza nella redazione giornalistica della TV Nuova Antennatre, sotto la direzione dell'indimenticabile direttore Adolfo Caldarini. Sono arrivata quando era ancora una piccola realt\u00e0 editoriale e insieme abbiamo fatto un lungo ed entusiasmante lavoro. Mi occupo prevalentemente di scuola e di sanit\u00e0, settori impegnativi di grande valore sociale.\u00a0","sameAs":["alessandra.toni7","alessandra.toni","https:\/\/twitter.com\/alessandra_toni"],"url":"https:\/\/staging.varesenews.it\/persona\/alessandra_toni1\/"}]}},"post_meta":{"_edit_lock":"1608835693:33","_edit_last":"42","_category_permalink":"a:1:{s:8:\"category\";s:2:\"24\";}","foto":"1195019","argomento":"Varese","_yoast_wpseo_content_score":"30","_jd_tweet_this":"yes","_encloseme":"1","ratings_users":"0","ratings_score":"0","ratings_average":"0","_wpt_short_url":"https:\/\/www.varesenews.it\/2020\/12\/storie-natale-dalla-corsia-dellospedale-racconti-le-emozioni-linea\/1290121\/","_wp_jd_target":"https:\/\/www.varesenews.it\/2020\/12\/storie-natale-dalla-corsia-dellospedale-racconti-le-emozioni-linea\/1290121\/","_jd_wp_twitter":"a:1:{i:0;s:207:\"Storie di Natale dalla corsia dell\u2019ospedale: i racconti e le emozioni di chi \u00e8 in prima linea https:\/\/www.varesenews.it\/2020\/12\/storie-natale-dalla-corsia-dellospedale-racconti-le-emozioni-linea\/1290121\/ \";}","_wpt_status_message":"Tweet inviato con successo.","id_video_vzaar":"22421354","id_link_fotogallery":"1290161"},"photos":[{"original":"https:\/\/staging.varesenews.it\/photogallery_new\/images\/2020\/12\/grazie-agli-operatori-dell-asst-sette-laghi-1195019.jpg","full":"https:\/\/staging.varesenews.it\/photogallery_new\/images\/2020\/12\/grazie-agli-operatori-dell-asst-sette-laghi-1195019.1024x768.jpg","large":"https:\/\/staging.varesenews.it\/photogallery_new\/images\/2020\/12\/grazie-agli-operatori-dell-asst-sette-laghi-1195019.610x431.jpg"}],"_links":{"self":[{"href":"https:\/\/staging.varesenews.it\/swgapi\/v1\/wp\/v2\/posts\/1290121"}],"collection":[{"href":"https:\/\/staging.varesenews.it\/swgapi\/v1\/wp\/v2\/posts"}],"about":[{"href":"https:\/\/staging.varesenews.it\/swgapi\/v1\/wp\/v2\/types\/post"}],"author":[{"embeddable":true,"href":"https:\/\/staging.varesenews.it\/swgapi\/v1\/wp\/v2\/users\/33"}],"replies":[{"embeddable":true,"href":"https:\/\/staging.varesenews.it\/swgapi\/v1\/wp\/v2\/comments?post=1290121"}],"version-history":[{"count":0,"href":"https:\/\/staging.varesenews.it\/swgapi\/v1\/wp\/v2\/posts\/1290121\/revisions"}],"wp:attachment":[{"href":"https:\/\/staging.varesenews.it\/swgapi\/v1\/wp\/v2\/media?parent=1290121"}],"wp:term":[{"taxonomy":"category","embeddable":true,"href":"https:\/\/staging.varesenews.it\/swgapi\/v1\/wp\/v2\/categories?post=1290121"},{"taxonomy":"post_tag","embeddable":true,"href":"https:\/\/staging.varesenews.it\/swgapi\/v1\/wp\/v2\/tags?post=1290121"}],"curies":[{"name":"wp","href":"https:\/\/api.w.org\/{rel}","templated":true}]}}