{"id":1291734,"date":"2020-12-31T08:17:14","date_gmt":"2020-12-31T07:17:14","guid":{"rendered":"https:\/\/www.varesenews.it\/?p=1291734"},"modified":"2020-12-31T08:17:14","modified_gmt":"2020-12-31T07:17:14","slug":"rogo-nella-notte-ispra-bruciato-tetto-palazzina","status":"publish","type":"post","link":"https:\/\/staging.varesenews.it\/2020\/12\/rogo-nella-notte-ispra-bruciato-tetto-palazzina\/1291734\/","title":{"rendered":"Rogo nella notte a Ispra, bruciato il tetto di una palazzina"},"content":{"rendered":"<p><strong>La richiesta di intervento, verso luna di notte, era per un problema alla canna fumaria. <\/strong><\/p>\n<p>Ma all&#8217;arrivo delle prime squadre dei vigili del fuoco la situazione si \u00e8 fatta decisamente pi\u00f9 seria perch\u00e9 <strong>l&#8217;intera copertura della palazzina di via cascine, a Ispra, stava bruciando<\/strong>.<\/p>\n<p>E allora \u00e8 stata <strong>una corsa contro il tempo<\/strong>. Alla prima partenza dal distaccamento di Ispra si sono subito aggiunte anche un&#8217;autobotte e un&#8217;autoscala da Varese.<\/p>\n<p><strong>Ma oltre alle fiamme anche il denso fumo<\/strong> che si \u00e8 levato dal rogo ha obbligato i vigili del fuoco a indossare le protezioni individuali che consentono di operare nel fumo grazie ai respiratori ad ossigeno (<em>foto Luraghi<\/em>).<\/p>\n<p><strong>Quindi anche il \u201ccarro aria&#8221; \u00e8 stato fatto intervenire sul posto.<\/strong><\/p>\n<p>Alla fine <strong>gran parte del tetto della palazzina \u00e8 stato devastato dalle fiamme<\/strong>. Non si contano, fortunatamente feriti dal momento che l&#8217;incendio si \u00e8 sviluppato nella parte della palazzina in ristrutturazione e quindi non abitata.<\/p>\n<p><strong>Le operazioni di spegnimento sono durate diverse ore.<\/strong><\/p>\n","protected":false},"excerpt":{"rendered":"<p>L&#8217;intervento per un problema alla canna fumaria, ma all&#8217;arrivo dei vigili del fuoco il tetto era in fiamme. \u201cCarro aria\u201c da Varese con le bombole per far respirare le squadre impegnate nello spegnimento<\/p>\n","protected":false},"author":34,"featured_media":0,"comment_status":"open","ping_status":"open","sticky":false,"template":"","format":"standard","meta":{"footnotes":""},"categories":[2],"tags":[567],"acf":[],"yoast_head":"<!-- This site is optimized with the Yoast SEO plugin v20.1 - https:\/\/yoast.com\/wordpress\/plugins\/seo\/ -->\n<title>Rogo nella notte a Ispra, bruciato il tetto di una palazzina<\/title>\n<meta name=\"description\" content=\"L&#039;intervento per un problema alla canna fumaria, ma all&#039;arrivo dei vigili del fuoco il tetto era in fiamme. \u201cCarro aria\u201c da Varese con le bombole per far respirare le squadre impegnate nello spegnimento\" \/>\n<meta name=\"robots\" content=\"noindex, follow, max-snippet:-1, max-image-preview:large, max-video-preview:-1\" \/>\n<meta property=\"og:locale\" content=\"it_IT\" \/>\n<meta property=\"og:type\" content=\"article\" \/>\n<meta property=\"og:title\" content=\"Rogo nella notte a Ispra, bruciato il tetto di una palazzina\" \/>\n<meta property=\"og:description\" content=\"L&#039;intervento per un problema alla canna fumaria, ma all&#039;arrivo dei vigili del fuoco il tetto era in fiamme. \u201cCarro aria\u201c da Varese con le bombole per far respirare le squadre impegnate nello spegnimento\" \/>\n<meta property=\"og:url\" content=\"https:\/\/staging.varesenews.it\/2020\/12\/rogo-nella-notte-ispra-bruciato-tetto-palazzina\/1291734\/\" \/>\n<meta property=\"og:site_name\" content=\"VareseNews\" \/>\n<meta property=\"article:publisher\" content=\"https:\/\/www.facebook.com\/varesenews\" \/>\n<meta property=\"article:author\" content=\"https:\/\/www.facebook.com\/andrea.camurani?fref=photo\" \/>\n<meta property=\"article:published_time\" content=\"2020-12-31T07:17:14+00:00\" \/>\n<meta name=\"author\" content=\"Andrea Camurani\" \/>\n<meta name=\"twitter:card\" content=\"summary_large_image\" \/>\n<meta name=\"twitter:creator\" content=\"@AndreaCamurani\" \/>\n<meta name=\"twitter:site\" content=\"@varesenews\" \/>\n<meta name=\"twitter:label1\" content=\"Scritto da\" \/>\n\t<meta name=\"twitter:data1\" content=\"Andrea Camurani\" \/>\n\t<meta name=\"twitter:label2\" content=\"Tempo di lettura stimato\" \/>\n\t<meta name=\"twitter:data2\" content=\"1 minuto\" \/>\n<script type=\"application\/ld+json\" class=\"yoast-schema-graph\">{\"@context\":\"https:\/\/schema.org\",\"@graph\":[{\"@type\":\"WebPage\",\"@id\":\"https:\/\/staging.varesenews.it\/2020\/12\/rogo-nella-notte-ispra-bruciato-tetto-palazzina\/1291734\/\",\"url\":\"https:\/\/staging.varesenews.it\/2020\/12\/rogo-nella-notte-ispra-bruciato-tetto-palazzina\/1291734\/\",\"name\":\"Rogo nella notte a Ispra, bruciato il tetto di una palazzina\",\"isPartOf\":{\"@id\":\"https:\/\/staging.varesenews.it\/#website\"},\"datePublished\":\"2020-12-31T07:17:14+00:00\",\"dateModified\":\"2020-12-31T07:17:14+00:00\",\"author\":{\"@id\":\"https:\/\/staging.varesenews.it\/#\/schema\/person\/3eb5832c6beae763de8d9596fdbe8c49\"},\"description\":\"L'intervento per un problema alla canna fumaria, ma all'arrivo dei vigili del fuoco il tetto era in fiamme. \u201cCarro aria\u201c da Varese con le bombole per far respirare le squadre impegnate nello spegnimento\",\"breadcrumb\":{\"@id\":\"https:\/\/staging.varesenews.it\/2020\/12\/rogo-nella-notte-ispra-bruciato-tetto-palazzina\/1291734\/#breadcrumb\"},\"inLanguage\":\"it-IT\",\"potentialAction\":[{\"@type\":\"ReadAction\",\"target\":[\"https:\/\/staging.varesenews.it\/2020\/12\/rogo-nella-notte-ispra-bruciato-tetto-palazzina\/1291734\/\"]}]},{\"@type\":\"BreadcrumbList\",\"@id\":\"https:\/\/staging.varesenews.it\/2020\/12\/rogo-nella-notte-ispra-bruciato-tetto-palazzina\/1291734\/#breadcrumb\",\"itemListElement\":[{\"@type\":\"ListItem\",\"position\":1,\"name\":\"Home\",\"item\":\"https:\/\/www.varesenews.it\/\"},{\"@type\":\"ListItem\",\"position\":2,\"name\":\"Rogo nella notte a Ispra, bruciato il tetto di una palazzina\"}]},{\"@type\":\"WebSite\",\"@id\":\"https:\/\/staging.varesenews.it\/#website\",\"url\":\"https:\/\/staging.varesenews.it\/\",\"name\":\"VareseNews\",\"description\":\"\",\"potentialAction\":[{\"@type\":\"SearchAction\",\"target\":{\"@type\":\"EntryPoint\",\"urlTemplate\":\"https:\/\/staging.varesenews.it\/?s={search_term_string}\"},\"query-input\":\"required name=search_term_string\"}],\"inLanguage\":\"it-IT\"},{\"@type\":\"Person\",\"@id\":\"https:\/\/staging.varesenews.it\/#\/schema\/person\/3eb5832c6beae763de8d9596fdbe8c49\",\"name\":\"Andrea Camurani\",\"image\":{\"@type\":\"ImageObject\",\"inLanguage\":\"it-IT\",\"@id\":\"https:\/\/staging.varesenews.it\/#\/schema\/person\/image\/\",\"url\":\"https:\/\/staging.varesenews.it\/wp-content\/uploads\/2020\/12\/andrea_camurani_colori_500.jpg\",\"contentUrl\":\"https:\/\/staging.varesenews.it\/wp-content\/uploads\/2020\/12\/andrea_camurani_colori_500.jpg\",\"caption\":\"Andrea Camurani\"},\"description\":\"Sono figlio degli anni Settanta e di Milano, dove ho imparato a riconoscere buoni e cattivi. Laurea in scienze politiche, lavoro a VareseNews dal 2000. Racconto quel che trovo quando incontro chi vuole lasciare al mondo un pezzetto di vita, che si chiama cronaca. &ldquo;...perch&eacute; &egrave; la gente il pi&ugrave; grande spettacolo del mondo. E non si paga il biglietto...&rdquo; (Charles Bukowsky)\",\"sameAs\":[\"https:\/\/www.facebook.com\/andrea.camurani?fref=photo\",\"andreacamurani\",\"https:\/\/www.linkedin.com\/hp\/?dnr=A9a84RfzsLdo9xg4NcGV4dLiMknoc9ms4WM\",\"https:\/\/twitter.com\/AndreaCamurani\"],\"url\":\"https:\/\/staging.varesenews.it\/persona\/andrea_camurani\/\"}]}<\/script>\n<!-- \/ Yoast SEO plugin. -->","yoast_head_json":{"title":"Rogo nella notte a Ispra, bruciato il tetto di una palazzina","description":"L'intervento per un problema alla canna fumaria, ma all'arrivo dei vigili del fuoco il tetto era in fiamme. \u201cCarro aria\u201c da Varese con le bombole per far respirare le squadre impegnate nello spegnimento","robots":{"index":"noindex","follow":"follow","max-snippet":"max-snippet:-1","max-image-preview":"max-image-preview:large","max-video-preview":"max-video-preview:-1"},"og_locale":"it_IT","og_type":"article","og_title":"Rogo nella notte a Ispra, bruciato il tetto di una palazzina","og_description":"L'intervento per un problema alla canna fumaria, ma all'arrivo dei vigili del fuoco il tetto era in fiamme. \u201cCarro aria\u201c da Varese con le bombole per far respirare le squadre impegnate nello spegnimento","og_url":"https:\/\/staging.varesenews.it\/2020\/12\/rogo-nella-notte-ispra-bruciato-tetto-palazzina\/1291734\/","og_site_name":"VareseNews","article_publisher":"https:\/\/www.facebook.com\/varesenews","article_author":"https:\/\/www.facebook.com\/andrea.camurani?fref=photo","article_published_time":"2020-12-31T07:17:14+00:00","author":"Andrea Camurani","twitter_card":"summary_large_image","twitter_creator":"@AndreaCamurani","twitter_site":"@varesenews","twitter_misc":{"Scritto da":"Andrea Camurani","Tempo di lettura stimato":"1 minuto"},"schema":{"@context":"https:\/\/schema.org","@graph":[{"@type":"WebPage","@id":"https:\/\/staging.varesenews.it\/2020\/12\/rogo-nella-notte-ispra-bruciato-tetto-palazzina\/1291734\/","url":"https:\/\/staging.varesenews.it\/2020\/12\/rogo-nella-notte-ispra-bruciato-tetto-palazzina\/1291734\/","name":"Rogo nella notte a Ispra, bruciato il tetto di una palazzina","isPartOf":{"@id":"https:\/\/staging.varesenews.it\/#website"},"datePublished":"2020-12-31T07:17:14+00:00","dateModified":"2020-12-31T07:17:14+00:00","author":{"@id":"https:\/\/staging.varesenews.it\/#\/schema\/person\/3eb5832c6beae763de8d9596fdbe8c49"},"description":"L'intervento per un problema alla canna fumaria, ma all'arrivo dei vigili del fuoco il tetto era in fiamme. \u201cCarro aria\u201c da Varese con le bombole per far respirare le squadre impegnate nello spegnimento","breadcrumb":{"@id":"https:\/\/staging.varesenews.it\/2020\/12\/rogo-nella-notte-ispra-bruciato-tetto-palazzina\/1291734\/#breadcrumb"},"inLanguage":"it-IT","potentialAction":[{"@type":"ReadAction","target":["https:\/\/staging.varesenews.it\/2020\/12\/rogo-nella-notte-ispra-bruciato-tetto-palazzina\/1291734\/"]}]},{"@type":"BreadcrumbList","@id":"https:\/\/staging.varesenews.it\/2020\/12\/rogo-nella-notte-ispra-bruciato-tetto-palazzina\/1291734\/#breadcrumb","itemListElement":[{"@type":"ListItem","position":1,"name":"Home","item":"https:\/\/www.varesenews.it\/"},{"@type":"ListItem","position":2,"name":"Rogo nella notte a Ispra, bruciato il tetto di una palazzina"}]},{"@type":"WebSite","@id":"https:\/\/staging.varesenews.it\/#website","url":"https:\/\/staging.varesenews.it\/","name":"VareseNews","description":"","potentialAction":[{"@type":"SearchAction","target":{"@type":"EntryPoint","urlTemplate":"https:\/\/staging.varesenews.it\/?s={search_term_string}"},"query-input":"required name=search_term_string"}],"inLanguage":"it-IT"},{"@type":"Person","@id":"https:\/\/staging.varesenews.it\/#\/schema\/person\/3eb5832c6beae763de8d9596fdbe8c49","name":"Andrea Camurani","image":{"@type":"ImageObject","inLanguage":"it-IT","@id":"https:\/\/staging.varesenews.it\/#\/schema\/person\/image\/","url":"https:\/\/staging.varesenews.it\/wp-content\/uploads\/2020\/12\/andrea_camurani_colori_500.jpg","contentUrl":"https:\/\/staging.varesenews.it\/wp-content\/uploads\/2020\/12\/andrea_camurani_colori_500.jpg","caption":"Andrea Camurani"},"description":"Sono figlio degli anni Settanta e di Milano, dove ho imparato a riconoscere buoni e cattivi. Laurea in scienze politiche, lavoro a VareseNews dal 2000. Racconto quel che trovo quando incontro chi vuole lasciare al mondo un pezzetto di vita, che si chiama cronaca. &ldquo;...perch&eacute; &egrave; la gente il pi&ugrave; grande spettacolo del mondo. E non si paga il biglietto...&rdquo; (Charles Bukowsky)","sameAs":["https:\/\/www.facebook.com\/andrea.camurani?fref=photo","andreacamurani","https:\/\/www.linkedin.com\/hp\/?dnr=A9a84RfzsLdo9xg4NcGV4dLiMknoc9ms4WM","https:\/\/twitter.com\/AndreaCamurani"],"url":"https:\/\/staging.varesenews.it\/persona\/andrea_camurani\/"}]}},"post_meta":{"_edit_lock":"1609398946:34","_edit_last":"34","_category_permalink":"a:1:{s:8:\"category\";s:0:\"\";}","_encloseme":"1","ratings_users":"0","ratings_score":"0","ratings_average":"0","foto":"1196309","id_link_fotogallery":"1291733","firma_come_redazione":"1","argomento":"Ispra","_yoast_wpseo_content_score":"60","_jd_tweet_this":"yes","_wpt_short_url":"https:\/\/www.varesenews.it\/2020\/12\/rogo-nella-notte-ispra-bruciato-tetto-palazzina\/1291734\/","_wp_jd_target":"https:\/\/www.varesenews.it\/2020\/12\/rogo-nella-notte-ispra-bruciato-tetto-palazzina\/1291734\/","_jd_wp_twitter":"a:1:{i:0;s:167:\"Rogo nella notte a Ispra, bruciato il tetto di una palazzina https:\/\/www.varesenews.it\/2020\/12\/rogo-nella-notte-ispra-bruciato-tetto-palazzina\/1291734\/ #vigilidelfuoco\";}","_wpt_status_message":"Tweet inviato con successo."},"photos":[{"original":"https:\/\/staging.varesenews.it\/photogallery_new\/images\/2020\/12\/caricamento-temporaneo-per-contributo-1609398170eauqa6esexcpmjla-1196309.jpg","full":"https:\/\/staging.varesenews.it\/photogallery_new\/images\/2020\/12\/caricamento-temporaneo-per-contributo-1609398170eauqa6esexcpmjla-1196309.1024x768.jpg","large":"https:\/\/staging.varesenews.it\/photogallery_new\/images\/2020\/12\/caricamento-temporaneo-per-contributo-1609398170eauqa6esexcpmjla-1196309.610x431.jpg"}],"_links":{"self":[{"href":"https:\/\/staging.varesenews.it\/swgapi\/v1\/wp\/v2\/posts\/1291734"}],"collection":[{"href":"https:\/\/staging.varesenews.it\/swgapi\/v1\/wp\/v2\/posts"}],"about":[{"href":"https:\/\/staging.varesenews.it\/swgapi\/v1\/wp\/v2\/types\/post"}],"author":[{"embeddable":true,"href":"https:\/\/staging.varesenews.it\/swgapi\/v1\/wp\/v2\/users\/34"}],"replies":[{"embeddable":true,"href":"https:\/\/staging.varesenews.it\/swgapi\/v1\/wp\/v2\/comments?post=1291734"}],"version-history":[{"count":0,"href":"https:\/\/staging.varesenews.it\/swgapi\/v1\/wp\/v2\/posts\/1291734\/revisions"}],"wp:attachment":[{"href":"https:\/\/staging.varesenews.it\/swgapi\/v1\/wp\/v2\/media?parent=1291734"}],"wp:term":[{"taxonomy":"category","embeddable":true,"href":"https:\/\/staging.varesenews.it\/swgapi\/v1\/wp\/v2\/categories?post=1291734"},{"taxonomy":"post_tag","embeddable":true,"href":"https:\/\/staging.varesenews.it\/swgapi\/v1\/wp\/v2\/tags?post=1291734"}],"curies":[{"name":"wp","href":"https:\/\/api.w.org\/{rel}","templated":true}]}}