{"id":1293161,"date":"2021-01-07T11:52:02","date_gmt":"2021-01-07T10:52:02","guid":{"rendered":"https:\/\/www.varesenews.it\/?p=1293161"},"modified":"2021-01-14T12:21:26","modified_gmt":"2021-01-14T11:21:26","slug":"digitalife-torna-sugli-schermi-due-anni-dal-debutto-sala","status":"publish","type":"post","link":"https:\/\/staging.varesenews.it\/2021\/01\/digitalife-torna-sugli-schermi-due-anni-dal-debutto-sala\/1293161\/","title":{"rendered":"DigitaLife torna sugli schermi a due anni dal debutto in sala"},"content":{"rendered":"<p>Sono trascorsi 2 anni dalla prima volta in cui <strong><a href=\"https:\/\/digitalife.org\/\" target=\"_blank\" rel=\"noopener\">DigitaLife<\/a> <\/strong>\u00e8 approdato in sala e per celebrare questo anniversario, <strong>il prossimo 15 gennaio<\/strong> \u00e8 in programma una <strong>serata<\/strong> &#8211; rigorosamente &#8220;digitale&#8221; &#8211; <strong>dedicata alla proiezione del film<\/strong>.<\/p>\n<p><strong>L&#8217;appuntamento \u00e8 online per le ore 20.30<\/strong>. Sar\u00e0 possibile seguire l&#8217;evento in <strong>diretta streaming sulla <a href=\"https:\/\/www.facebook.com\/varesenews\/\" target=\"_blank\" rel=\"noopener\">pagina Facebook di VareseNews<\/a><\/strong>\u00a0oppure su quella di <strong><a href=\"https:\/\/www.facebook.com\/DigitaLifefilm\" target=\"_blank\" rel=\"noopener\">DigitaLife<\/a><\/strong>, il tutto in compagnia del\u00a0<span style=\"text-align: center;\">regista <\/span><strong style=\"text-align: center;\">Francesco Raganato<\/strong><span style=\"text-align: center;\"> e alcuni protagonisti del documentario, esattamente come due anni fa.<\/span><\/p>\n<p><span style=\"text-align: center;\">Tra questi <strong>Donata Columbro<\/strong>, <strong>Luca Natale<\/strong>, <strong>Massimo Russo<\/strong>, <strong>Claudia Vago<\/strong>, <strong>Agnese Tombesi,<\/strong>\u00a0<strong>Aldo Cipolli<\/strong>,\u00a0<strong>Flavia Rizza<\/strong>.<\/span><\/p>\n<p>Era il <strong>16 gennaio 2019<\/strong> e DigitaLife\u00a0<a href=\"https:\/\/www.varesenews.it\/2019\/01\/lunghi-applausi-digitalife-alla-al-cinema-anteo\/786167\/\" target=\"_blank\" rel=\"noopener\"><strong>debuttava per la prima volta al cinema Anteo di Milano<\/strong><\/a>. La\u00a0<span data-dobid=\"hdw\">premi\u00e8re\u00a0<\/span>ha coinvolto alcuni protagonisti del film, il produttore\u00a0<strong>Marco Giovannelli<\/strong>, il regista <strong>Francesco Raganato<\/strong>, il direttore al montaggio <strong>Diego Zucchetto<\/strong>, il compositore di tutta la colonna sonora originale <strong>Vittorio Cosma<\/strong> il CEO di Disc to Disc Productions <strong>Antonio D&#8217;Ambrosio<\/strong> e tanti spettatori.<\/p>\n<blockquote>\n<p style=\"text-align: center;\"><a href=\"https:\/\/www.youtube.com\/watch?v=YdhK9oOWqSw&amp;feature=emb_title\" target=\"_blank\" rel=\"noopener\">16 gennaio 2019: DigitaLife debutta in sala &#8211; IL VIDEO<\/a><\/p>\n<\/blockquote>\n<p>Il docufilm prodotto da <strong>Varese Web<\/strong> in collaborazione con <strong>Rai Cinema<\/strong> e <strong>Fondazione Ente dello Spettacolo<\/strong> \u00e8 approdato nelle sale dopo quasi due anni di lavorazione e si compone di <strong>oltre 50 storie<\/strong> selezionate tra le centinaia arrivate alla redazione di DigitaLife &#8211; il Film.<\/p>\n<p>Nato da &#8220;un&#8217;idea folle&#8221; che ha iniziato a prendere forma nel 2017, in occasione dei 20 anni di VareseNews, il film \u00e8 un mosaico di storie, sentimenti, dolori e cambiamenti magistralmente orchestrati dal regista il quale, con i video-contributi inviati dai cybernauti alla redazione di DigitaLife &#8211; il Film, ha dato vita a un <strong>prodotto cinematografico<\/strong> che \u00e8 un vero e proprio <strong>spaccato storico e sociale<\/strong>.<\/p>\n<blockquote>\n<p style=\"text-align: center;\">Quando tutto ebbe inizio:\u00a0<a href=\"https:\/\/www.varesenews.it\/2017\/04\/inizia-avventura-digitalife-il-film-per-20-anni-di-varesenews\/614406\/\" target=\"_blank\" rel=\"noopener\">Inizia l\u2019avventura di DigitaLife, il film per i 20 anni di VareseNews<\/a><\/p>\n<\/blockquote>\n<p>Grazie ai contenuti creati dagli utenti (user-generated content) che per l&#8217;occasione si sono trasformati <strong>da fruitori passivi a partecipanti attivi<\/strong>, DigitaLife racconta di come\u00a0<b>internet e il digitale abbiano cambiato il mondo e la quotidianit\u00e0 di tutti<\/b>.<\/p>\n<p>Al centro del film c&#8217;\u00e8 la vita nelle sue diverse forme: ci sono il lavoro, il viaggio, il dolore, la disperazione, la speranza. Ma anche la malattia e il riscatto, il coraggio di chi sa affrontare i cambiamenti.<\/p>\n<p>La serata del 15 gennaio, giocoforza, sar\u00e0 molto diversa da quella di due anni fa ma \u00e8 bello pensare a come, grazie al digitale, avremo modo di incontrarci nuovamente e condividere tutti insieme la visione del film.<\/p>\n<blockquote>\n<p style=\"text-align: center;\">L&#8217;EVENTO<br \/>\n<a href=\"https:\/\/fb.me\/e\/4AExsFz6B\" target=\"_blank\" rel=\"noopener\">DigitaLife | Proiezione del film e chiacchiere con il regista<\/a><\/p>\n<\/blockquote>\n<h3>LA VOGLIA DI CINEMA NON SI FERMA<\/h3>\n<p><strong>Sabato 23 gennaio<\/strong>, alle <strong>ore 17.00<\/strong>, un altro appuntamento con il cinema. Questa volta <a href=\"https:\/\/fb.me\/e\/1OuAsIIaF\" target=\"_blank\" rel=\"noopener\">l&#8217;iniziativa<\/a> sar\u00e0 dedicata al film\u00a0del regista varesino <strong>Giacomo Campiotti<\/strong>, &#8220;<strong>Come due coccodrilli<\/strong>&#8220;.<\/p>\n<p>Per l&#8217;occasione, il lungometraggio del 1994 sar\u00e0 visibile sugli schermi dei vostri dispositivi (tablet, smartphone, computer). La serata, infatti, si svolger\u00e0 online e sar\u00e0 possibile parteciparvi collegandosi alla <a href=\"https:\/\/www.facebook.com\/varesenews\/\" target=\"_blank\" rel=\"noopener\">pagina\u00a0Facebook di VareseNews<\/a>\u00a0oppure a quella di <a href=\"https:\/\/www.facebook.com\/filmstudio90\/\" target=\"_blank\" rel=\"noopener\">Filmstudio 90<\/a>.<\/p>\n<p><a href=\"http:\/\/www.varesenews.it\/wp-content\/uploads\/2021\/01\/locandina_film_streaming_postfb_loghi.png\"><img loading=\"lazy\" decoding=\"async\" class=\"wp-image-1295594 aligncenter\" src=\"http:\/\/www.varesenews.it\/wp-content\/uploads\/2021\/01\/locandina_film_streaming_postfb_loghi-300x158.png\" alt=\"\" width=\"611\" height=\"322\" srcset=\"https:\/\/staging.varesenews.it\/wp-content\/uploads\/2021\/01\/locandina_film_streaming_postfb_loghi-300x158.png 300w, https:\/\/staging.varesenews.it\/wp-content\/uploads\/2021\/01\/locandina_film_streaming_postfb_loghi-768x403.png 768w, https:\/\/staging.varesenews.it\/wp-content\/uploads\/2021\/01\/locandina_film_streaming_postfb_loghi-1024x538.png 1024w, https:\/\/staging.varesenews.it\/wp-content\/uploads\/2021\/01\/locandina_film_streaming_postfb_loghi.png 1200w, https:\/\/staging.varesenews.it\/wp-content\/uploads\/2021\/01\/locandina_film_streaming_postfb_loghi-992x521.png 992w, https:\/\/staging.varesenews.it\/wp-content\/uploads\/2021\/01\/locandina_film_streaming_postfb_loghi-600x315.png 600w\" sizes=\"(max-width: 611px) 100vw, 611px\" \/><\/a><\/p>\n","protected":false},"excerpt":{"rendered":"<p>Una serata per celebrare un importante traguardo: il debutto sul grande schermo di DigitaLife avvenuto il 16 gennaio 2019 al cinema Anteo di Milano. Sar\u00e0 possibile condividere a distanza la visione del docufilm<\/p>\n","protected":false},"author":5428,"featured_media":0,"comment_status":"open","ping_status":"open","sticky":false,"template":"","format":"standard","meta":{"footnotes":""},"categories":[4,13,3,5,21,2],"tags":[69183,69581],"acf":[],"yoast_head":"<!-- This site is optimized with the Yoast SEO plugin v20.1 - https:\/\/yoast.com\/wordpress\/plugins\/seo\/ -->\n<title>DigitaLife torna sugli schermi a due anni dal debutto in sala<\/title>\n<meta name=\"description\" content=\"Una serata per celebrare un importante traguardo: il debutto sul grande schermo di DigitaLife avvenuto il 16 gennaio 2019 al cinema Anteo di Milano. Sar\u00e0 possibile condividere a distanza la visione del docufilm\" \/>\n<meta name=\"robots\" content=\"noindex, follow, max-snippet:-1, max-image-preview:large, max-video-preview:-1\" \/>\n<meta property=\"og:locale\" content=\"it_IT\" \/>\n<meta property=\"og:type\" content=\"article\" \/>\n<meta property=\"og:title\" content=\"DigitaLife torna sugli schermi a due anni dal debutto in sala\" \/>\n<meta property=\"og:description\" content=\"Una serata per celebrare un importante traguardo: il debutto sul grande schermo di DigitaLife avvenuto il 16 gennaio 2019 al cinema Anteo di Milano. Sar\u00e0 possibile condividere a distanza la visione del docufilm\" \/>\n<meta property=\"og:url\" content=\"https:\/\/www.varesenews.it\/2021\/01\/digitalife-torna-sugli-schermi-due-anni-dal-debutto-sala\/1293161\/\" \/>\n<meta property=\"og:site_name\" content=\"VareseNews\" \/>\n<meta property=\"article:publisher\" content=\"https:\/\/www.facebook.com\/varesenews\" \/>\n<meta property=\"article:published_time\" content=\"2021-01-07T10:52:02+00:00\" \/>\n<meta property=\"article:modified_time\" content=\"2021-01-14T11:21:26+00:00\" \/>\n<meta property=\"og:image\" content=\"http:\/\/www.varesenews.it\/wp-content\/uploads\/2021\/01\/locandina_film_streaming_postfb_loghi-300x158.png\" \/>\n<meta name=\"author\" content=\"divisionebusiness\" \/>\n<meta name=\"twitter:card\" content=\"summary_large_image\" \/>\n<meta name=\"twitter:creator\" content=\"@varesenews\" \/>\n<meta name=\"twitter:site\" content=\"@varesenews\" \/>\n<meta name=\"twitter:label1\" content=\"Scritto da\" \/>\n\t<meta name=\"twitter:data1\" content=\"divisionebusiness\" \/>\n\t<meta name=\"twitter:label2\" content=\"Tempo di lettura stimato\" \/>\n\t<meta name=\"twitter:data2\" content=\"2 minuti\" \/>\n<script type=\"application\/ld+json\" class=\"yoast-schema-graph\">{\"@context\":\"https:\/\/schema.org\",\"@graph\":[{\"@type\":\"WebPage\",\"@id\":\"https:\/\/www.varesenews.it\/2021\/01\/digitalife-torna-sugli-schermi-due-anni-dal-debutto-sala\/1293161\/\",\"url\":\"https:\/\/www.varesenews.it\/2021\/01\/digitalife-torna-sugli-schermi-due-anni-dal-debutto-sala\/1293161\/\",\"name\":\"DigitaLife torna sugli schermi a due anni dal debutto in sala\",\"isPartOf\":{\"@id\":\"https:\/\/staging.varesenews.it\/#website\"},\"datePublished\":\"2021-01-07T10:52:02+00:00\",\"dateModified\":\"2021-01-14T11:21:26+00:00\",\"author\":{\"@id\":\"https:\/\/staging.varesenews.it\/#\/schema\/person\/9fc65cf41366c6512d37aa8b5aa40b98\"},\"description\":\"Una serata per celebrare un importante traguardo: il debutto sul grande schermo di DigitaLife avvenuto il 16 gennaio 2019 al cinema Anteo di Milano. Sar\u00e0 possibile condividere a distanza la visione del docufilm\",\"breadcrumb\":{\"@id\":\"https:\/\/www.varesenews.it\/2021\/01\/digitalife-torna-sugli-schermi-due-anni-dal-debutto-sala\/1293161\/#breadcrumb\"},\"inLanguage\":\"it-IT\",\"potentialAction\":[{\"@type\":\"ReadAction\",\"target\":[\"https:\/\/www.varesenews.it\/2021\/01\/digitalife-torna-sugli-schermi-due-anni-dal-debutto-sala\/1293161\/\"]}]},{\"@type\":\"BreadcrumbList\",\"@id\":\"https:\/\/www.varesenews.it\/2021\/01\/digitalife-torna-sugli-schermi-due-anni-dal-debutto-sala\/1293161\/#breadcrumb\",\"itemListElement\":[{\"@type\":\"ListItem\",\"position\":1,\"name\":\"Home\",\"item\":\"https:\/\/www.varesenews.it\/\"},{\"@type\":\"ListItem\",\"position\":2,\"name\":\"DigitaLife torna sugli schermi a due anni dal debutto in sala\"}]},{\"@type\":\"WebSite\",\"@id\":\"https:\/\/staging.varesenews.it\/#website\",\"url\":\"https:\/\/staging.varesenews.it\/\",\"name\":\"VareseNews\",\"description\":\"\",\"potentialAction\":[{\"@type\":\"SearchAction\",\"target\":{\"@type\":\"EntryPoint\",\"urlTemplate\":\"https:\/\/staging.varesenews.it\/?s={search_term_string}\"},\"query-input\":\"required name=search_term_string\"}],\"inLanguage\":\"it-IT\"},{\"@type\":\"Person\",\"@id\":\"https:\/\/staging.varesenews.it\/#\/schema\/person\/9fc65cf41366c6512d37aa8b5aa40b98\",\"name\":\"divisionebusiness\",\"image\":{\"@type\":\"ImageObject\",\"inLanguage\":\"it-IT\",\"@id\":\"https:\/\/staging.varesenews.it\/#\/schema\/person\/image\/\",\"url\":\"https:\/\/staging.varesenews.it\/wp-content\/uploads\/2015\/03\/mistery.jpg\",\"contentUrl\":\"https:\/\/staging.varesenews.it\/wp-content\/uploads\/2015\/03\/mistery.jpg\",\"caption\":\"divisionebusiness\"},\"url\":\"https:\/\/staging.varesenews.it\/persona\/divisionebusiness2\/\"}]}<\/script>\n<!-- \/ Yoast SEO plugin. -->","yoast_head_json":{"title":"DigitaLife torna sugli schermi a due anni dal debutto in sala","description":"Una serata per celebrare un importante traguardo: il debutto sul grande schermo di DigitaLife avvenuto il 16 gennaio 2019 al cinema Anteo di Milano. Sar\u00e0 possibile condividere a distanza la visione del docufilm","robots":{"index":"noindex","follow":"follow","max-snippet":"max-snippet:-1","max-image-preview":"max-image-preview:large","max-video-preview":"max-video-preview:-1"},"og_locale":"it_IT","og_type":"article","og_title":"DigitaLife torna sugli schermi a due anni dal debutto in sala","og_description":"Una serata per celebrare un importante traguardo: il debutto sul grande schermo di DigitaLife avvenuto il 16 gennaio 2019 al cinema Anteo di Milano. Sar\u00e0 possibile condividere a distanza la visione del docufilm","og_url":"https:\/\/www.varesenews.it\/2021\/01\/digitalife-torna-sugli-schermi-due-anni-dal-debutto-sala\/1293161\/","og_site_name":"VareseNews","article_publisher":"https:\/\/www.facebook.com\/varesenews","article_published_time":"2021-01-07T10:52:02+00:00","article_modified_time":"2021-01-14T11:21:26+00:00","og_image":[{"url":"http:\/\/www.varesenews.it\/wp-content\/uploads\/2021\/01\/locandina_film_streaming_postfb_loghi-300x158.png"}],"author":"divisionebusiness","twitter_card":"summary_large_image","twitter_creator":"@varesenews","twitter_site":"@varesenews","twitter_misc":{"Scritto da":"divisionebusiness","Tempo di lettura stimato":"2 minuti"},"schema":{"@context":"https:\/\/schema.org","@graph":[{"@type":"WebPage","@id":"https:\/\/www.varesenews.it\/2021\/01\/digitalife-torna-sugli-schermi-due-anni-dal-debutto-sala\/1293161\/","url":"https:\/\/www.varesenews.it\/2021\/01\/digitalife-torna-sugli-schermi-due-anni-dal-debutto-sala\/1293161\/","name":"DigitaLife torna sugli schermi a due anni dal debutto in sala","isPartOf":{"@id":"https:\/\/staging.varesenews.it\/#website"},"datePublished":"2021-01-07T10:52:02+00:00","dateModified":"2021-01-14T11:21:26+00:00","author":{"@id":"https:\/\/staging.varesenews.it\/#\/schema\/person\/9fc65cf41366c6512d37aa8b5aa40b98"},"description":"Una serata per celebrare un importante traguardo: il debutto sul grande schermo di DigitaLife avvenuto il 16 gennaio 2019 al cinema Anteo di Milano. Sar\u00e0 possibile condividere a distanza la visione del docufilm","breadcrumb":{"@id":"https:\/\/www.varesenews.it\/2021\/01\/digitalife-torna-sugli-schermi-due-anni-dal-debutto-sala\/1293161\/#breadcrumb"},"inLanguage":"it-IT","potentialAction":[{"@type":"ReadAction","target":["https:\/\/www.varesenews.it\/2021\/01\/digitalife-torna-sugli-schermi-due-anni-dal-debutto-sala\/1293161\/"]}]},{"@type":"BreadcrumbList","@id":"https:\/\/www.varesenews.it\/2021\/01\/digitalife-torna-sugli-schermi-due-anni-dal-debutto-sala\/1293161\/#breadcrumb","itemListElement":[{"@type":"ListItem","position":1,"name":"Home","item":"https:\/\/www.varesenews.it\/"},{"@type":"ListItem","position":2,"name":"DigitaLife torna sugli schermi a due anni dal debutto in sala"}]},{"@type":"WebSite","@id":"https:\/\/staging.varesenews.it\/#website","url":"https:\/\/staging.varesenews.it\/","name":"VareseNews","description":"","potentialAction":[{"@type":"SearchAction","target":{"@type":"EntryPoint","urlTemplate":"https:\/\/staging.varesenews.it\/?s={search_term_string}"},"query-input":"required name=search_term_string"}],"inLanguage":"it-IT"},{"@type":"Person","@id":"https:\/\/staging.varesenews.it\/#\/schema\/person\/9fc65cf41366c6512d37aa8b5aa40b98","name":"divisionebusiness","image":{"@type":"ImageObject","inLanguage":"it-IT","@id":"https:\/\/staging.varesenews.it\/#\/schema\/person\/image\/","url":"https:\/\/staging.varesenews.it\/wp-content\/uploads\/2015\/03\/mistery.jpg","contentUrl":"https:\/\/staging.varesenews.it\/wp-content\/uploads\/2015\/03\/mistery.jpg","caption":"divisionebusiness"},"url":"https:\/\/staging.varesenews.it\/persona\/divisionebusiness2\/"}]}},"post_meta":{"_edit_lock":"1610623153:5428","_edit_last":"5428","_category_permalink":"a:1:{s:8:\"category\";s:2:\"21\";}","foto":"1196965","firma-personalizzata":"Federica Bonada","argomento":"Digitalife","_yoast_wpseo_content_score":"30","_jd_tweet_this":"yes","_encloseme":"1","ratings_users":"0","ratings_score":"0","ratings_average":"0","nascondi_adsense":"1","_wpt_short_url":"https:\/\/www.varesenews.it\/2021\/01\/digitalife-torna-sugli-schermi-due-anni-dal-debutto-sala\/1293161\/","_wp_jd_target":"https:\/\/www.varesenews.it\/2021\/01\/digitalife-torna-sugli-schermi-due-anni-dal-debutto-sala\/1293161\/","_jd_wp_twitter":"a:1:{i:0;s:162:\"DigitaLife torna sugli schermi a due anni dal debutto in sala https:\/\/www.varesenews.it\/2021\/01\/digitalife-torna-sugli-schermi-due-anni-dal-debutto-sala\/1293161\/ \";}","_wpt_status_message":"Tweet inviato con successo.","youtube_id":"_-I5JSm894E"},"photos":[{"original":"https:\/\/staging.varesenews.it\/photogallery_new\/images\/2021\/01\/digitalife-1196965.jpg","full":"https:\/\/staging.varesenews.it\/photogallery_new\/images\/2021\/01\/digitalife-1196965.1024x768.jpg","large":"https:\/\/staging.varesenews.it\/photogallery_new\/images\/2021\/01\/digitalife-1196965.610x431.jpg"}],"_links":{"self":[{"href":"https:\/\/staging.varesenews.it\/swgapi\/v1\/wp\/v2\/posts\/1293161"}],"collection":[{"href":"https:\/\/staging.varesenews.it\/swgapi\/v1\/wp\/v2\/posts"}],"about":[{"href":"https:\/\/staging.varesenews.it\/swgapi\/v1\/wp\/v2\/types\/post"}],"author":[{"embeddable":true,"href":"https:\/\/staging.varesenews.it\/swgapi\/v1\/wp\/v2\/users\/5428"}],"replies":[{"embeddable":true,"href":"https:\/\/staging.varesenews.it\/swgapi\/v1\/wp\/v2\/comments?post=1293161"}],"version-history":[{"count":0,"href":"https:\/\/staging.varesenews.it\/swgapi\/v1\/wp\/v2\/posts\/1293161\/revisions"}],"wp:attachment":[{"href":"https:\/\/staging.varesenews.it\/swgapi\/v1\/wp\/v2\/media?parent=1293161"}],"wp:term":[{"taxonomy":"category","embeddable":true,"href":"https:\/\/staging.varesenews.it\/swgapi\/v1\/wp\/v2\/categories?post=1293161"},{"taxonomy":"post_tag","embeddable":true,"href":"https:\/\/staging.varesenews.it\/swgapi\/v1\/wp\/v2\/tags?post=1293161"}],"curies":[{"name":"wp","href":"https:\/\/api.w.org\/{rel}","templated":true}]}}