{"id":129348,"date":"2011-01-07T00:00:00","date_gmt":"2011-01-07T00:00:00","guid":{"rendered":""},"modified":"2011-01-07T00:00:00","modified_gmt":"2011-01-07T00:00:00","slug":"la-cobra-ha-pagato-le-tredicesime","status":"publish","type":"post","link":"https:\/\/staging.varesenews.it\/2011\/01\/la-cobra-ha-pagato-le-tredicesime\/129348\/","title":{"rendered":"La Cobra ha pagato le tredicesime"},"content":{"rendered":"<div><img loading=\"lazy\" decoding=\"async\" height=\"225\" alt=\"\" hspace=\"5\" width=\"250\" align=\"left\" vspace=\"5\" border=\"1\" src=\"https:\/\/www3.varesenews.it\/immagini_articoli\/201012\/img_0242.jpg\" \/>Il direttore generale della Cobra spa,&nbsp;<a target=\"_blank\" href=\"http:\/\/www3.varesenews.it\/varese\/articolo.php?id=190923\"><strong>Che Naraine <\/strong><\/a>, lo aveva promesso: &laquo;Noi le tredicesime le pagheremo il 7 gennaio&raquo;. Un impegno preso davanti ai lavoratori dell&rsquo;azienda scesi in sciopero, prima di Natale, e rispettato. Gi&agrave; mercoled&igrave; 5 gennaio, infatti,&nbsp;sono arrivati i primi bonifici sui conti correnti dei lavoratori e per luned&igrave; sono attesi gli stipendi. Alcuni dipendenti sono nello stabilimento di via Astico per sistemare il magazzino (la riapertura &egrave; prevista per luned&igrave;). Insomma, c&rsquo;&egrave; voglia di ricominciare. &laquo;Quando il proprietario dell&rsquo;azienda, il signor <strong>Memmola<\/strong>, &egrave; venuto a farci gli auguri di Natale &ndash; racconta un rappresentante sindacale aziendale &#8211; era emozionato e soffriva per questa situazione. Lo capiamo, soprattutto i vecchi dell&rsquo;azienda, perch&eacute; ci ha sempre trattato come suoi figli. Noi ci sentiamo tutti dalla stessa parte e faremo di tutto perch&eacute; l&rsquo;azienda si riprenda&raquo;.<\/div>\n","protected":false},"excerpt":{"rendered":"<p>I soldi sono stati accreditati gi\u00e0 mercoled\u00ec 5 gennaio. Luned\u00ec attesi gli stipendi<\/p>\n","protected":false},"author":10,"featured_media":0,"comment_status":"open","ping_status":"open","sticky":false,"template":"","format":"standard","meta":{"footnotes":""},"categories":[15],"tags":[3165,869,140,141],"acf":[],"yoast_head":"<!-- This site is optimized with the Yoast SEO plugin v20.1 - https:\/\/yoast.com\/wordpress\/plugins\/seo\/ -->\n<title>La Cobra ha pagato le tredicesime<\/title>\n<meta name=\"description\" content=\"I soldi sono stati accreditati gi\u00e0 mercoled\u00ec 5 gennaio. Luned\u00ec attesi gli stipendi\" \/>\n<meta name=\"robots\" content=\"noindex, follow, max-snippet:-1, max-image-preview:large, max-video-preview:-1\" \/>\n<meta property=\"og:locale\" content=\"it_IT\" \/>\n<meta property=\"og:type\" content=\"article\" \/>\n<meta property=\"og:title\" content=\"La Cobra ha pagato le tredicesime\" \/>\n<meta property=\"og:description\" content=\"I soldi sono stati accreditati gi\u00e0 mercoled\u00ec 5 gennaio. Luned\u00ec attesi gli stipendi\" \/>\n<meta property=\"og:url\" content=\"https:\/\/staging.varesenews.it\/2011\/01\/la-cobra-ha-pagato-le-tredicesime\/129348\/\" \/>\n<meta property=\"og:site_name\" content=\"VareseNews\" \/>\n<meta property=\"article:publisher\" content=\"https:\/\/www.facebook.com\/varesenews\" \/>\n<meta property=\"article:published_time\" content=\"2011-01-07T00:00:00+00:00\" \/>\n<meta property=\"og:image\" content=\"https:\/\/www3.varesenews.it\/immagini_articoli\/201012\/img_0242.jpg\" \/>\n<meta name=\"author\" content=\"Redazione VareseNews\" \/>\n<meta name=\"twitter:card\" content=\"summary_large_image\" \/>\n<meta name=\"twitter:creator\" content=\"@varesenews\" \/>\n<meta name=\"twitter:site\" content=\"@varesenews\" \/>\n<meta name=\"twitter:label1\" content=\"Scritto da\" \/>\n\t<meta name=\"twitter:data1\" content=\"Redazione VareseNews\" \/>\n\t<meta name=\"twitter:label2\" content=\"Tempo di lettura stimato\" \/>\n\t<meta name=\"twitter:data2\" content=\"1 minuto\" \/>\n<script type=\"application\/ld+json\" class=\"yoast-schema-graph\">{\"@context\":\"https:\/\/schema.org\",\"@graph\":[{\"@type\":\"WebPage\",\"@id\":\"https:\/\/staging.varesenews.it\/2011\/01\/la-cobra-ha-pagato-le-tredicesime\/129348\/\",\"url\":\"https:\/\/staging.varesenews.it\/2011\/01\/la-cobra-ha-pagato-le-tredicesime\/129348\/\",\"name\":\"La Cobra ha pagato le tredicesime\",\"isPartOf\":{\"@id\":\"https:\/\/staging.varesenews.it\/#website\"},\"datePublished\":\"2011-01-07T00:00:00+00:00\",\"dateModified\":\"2011-01-07T00:00:00+00:00\",\"author\":{\"@id\":\"https:\/\/staging.varesenews.it\/#\/schema\/person\/fb20c4da0b7b16c291707a20db73e169\"},\"description\":\"I soldi sono stati accreditati gi\u00e0 mercoled\u00ec 5 gennaio. Luned\u00ec attesi gli stipendi\",\"breadcrumb\":{\"@id\":\"https:\/\/staging.varesenews.it\/2011\/01\/la-cobra-ha-pagato-le-tredicesime\/129348\/#breadcrumb\"},\"inLanguage\":\"it-IT\",\"potentialAction\":[{\"@type\":\"ReadAction\",\"target\":[\"https:\/\/staging.varesenews.it\/2011\/01\/la-cobra-ha-pagato-le-tredicesime\/129348\/\"]}]},{\"@type\":\"BreadcrumbList\",\"@id\":\"https:\/\/staging.varesenews.it\/2011\/01\/la-cobra-ha-pagato-le-tredicesime\/129348\/#breadcrumb\",\"itemListElement\":[{\"@type\":\"ListItem\",\"position\":1,\"name\":\"Home\",\"item\":\"https:\/\/www.varesenews.it\/\"},{\"@type\":\"ListItem\",\"position\":2,\"name\":\"La Cobra ha pagato le tredicesime\"}]},{\"@type\":\"WebSite\",\"@id\":\"https:\/\/staging.varesenews.it\/#website\",\"url\":\"https:\/\/staging.varesenews.it\/\",\"name\":\"VareseNews\",\"description\":\"\",\"potentialAction\":[{\"@type\":\"SearchAction\",\"target\":{\"@type\":\"EntryPoint\",\"urlTemplate\":\"https:\/\/staging.varesenews.it\/?s={search_term_string}\"},\"query-input\":\"required name=search_term_string\"}],\"inLanguage\":\"it-IT\"},{\"@type\":\"Person\",\"@id\":\"https:\/\/staging.varesenews.it\/#\/schema\/person\/fb20c4da0b7b16c291707a20db73e169\",\"name\":\"Redazione VareseNews\",\"image\":{\"@type\":\"ImageObject\",\"inLanguage\":\"it-IT\",\"@id\":\"https:\/\/staging.varesenews.it\/#\/schema\/person\/image\/\",\"url\":\"https:\/\/staging.varesenews.it\/wp-content\/uploads\/2020\/12\/logo_VN_colori_500.png\",\"contentUrl\":\"https:\/\/staging.varesenews.it\/wp-content\/uploads\/2020\/12\/logo_VN_colori_500.png\",\"caption\":\"Redazione VareseNews\"},\"url\":\"https:\/\/staging.varesenews.it\/persona\/redazione1\/\"}]}<\/script>\n<!-- \/ Yoast SEO plugin. -->","yoast_head_json":{"title":"La Cobra ha pagato le tredicesime","description":"I soldi sono stati accreditati gi\u00e0 mercoled\u00ec 5 gennaio. Luned\u00ec attesi gli stipendi","robots":{"index":"noindex","follow":"follow","max-snippet":"max-snippet:-1","max-image-preview":"max-image-preview:large","max-video-preview":"max-video-preview:-1"},"og_locale":"it_IT","og_type":"article","og_title":"La Cobra ha pagato le tredicesime","og_description":"I soldi sono stati accreditati gi\u00e0 mercoled\u00ec 5 gennaio. Luned\u00ec attesi gli stipendi","og_url":"https:\/\/staging.varesenews.it\/2011\/01\/la-cobra-ha-pagato-le-tredicesime\/129348\/","og_site_name":"VareseNews","article_publisher":"https:\/\/www.facebook.com\/varesenews","article_published_time":"2011-01-07T00:00:00+00:00","og_image":[{"url":"https:\/\/www3.varesenews.it\/immagini_articoli\/201012\/img_0242.jpg"}],"author":"Redazione VareseNews","twitter_card":"summary_large_image","twitter_creator":"@varesenews","twitter_site":"@varesenews","twitter_misc":{"Scritto da":"Redazione VareseNews","Tempo di lettura stimato":"1 minuto"},"schema":{"@context":"https:\/\/schema.org","@graph":[{"@type":"WebPage","@id":"https:\/\/staging.varesenews.it\/2011\/01\/la-cobra-ha-pagato-le-tredicesime\/129348\/","url":"https:\/\/staging.varesenews.it\/2011\/01\/la-cobra-ha-pagato-le-tredicesime\/129348\/","name":"La Cobra ha pagato le tredicesime","isPartOf":{"@id":"https:\/\/staging.varesenews.it\/#website"},"datePublished":"2011-01-07T00:00:00+00:00","dateModified":"2011-01-07T00:00:00+00:00","author":{"@id":"https:\/\/staging.varesenews.it\/#\/schema\/person\/fb20c4da0b7b16c291707a20db73e169"},"description":"I soldi sono stati accreditati gi\u00e0 mercoled\u00ec 5 gennaio. Luned\u00ec attesi gli stipendi","breadcrumb":{"@id":"https:\/\/staging.varesenews.it\/2011\/01\/la-cobra-ha-pagato-le-tredicesime\/129348\/#breadcrumb"},"inLanguage":"it-IT","potentialAction":[{"@type":"ReadAction","target":["https:\/\/staging.varesenews.it\/2011\/01\/la-cobra-ha-pagato-le-tredicesime\/129348\/"]}]},{"@type":"BreadcrumbList","@id":"https:\/\/staging.varesenews.it\/2011\/01\/la-cobra-ha-pagato-le-tredicesime\/129348\/#breadcrumb","itemListElement":[{"@type":"ListItem","position":1,"name":"Home","item":"https:\/\/www.varesenews.it\/"},{"@type":"ListItem","position":2,"name":"La Cobra ha pagato le tredicesime"}]},{"@type":"WebSite","@id":"https:\/\/staging.varesenews.it\/#website","url":"https:\/\/staging.varesenews.it\/","name":"VareseNews","description":"","potentialAction":[{"@type":"SearchAction","target":{"@type":"EntryPoint","urlTemplate":"https:\/\/staging.varesenews.it\/?s={search_term_string}"},"query-input":"required name=search_term_string"}],"inLanguage":"it-IT"},{"@type":"Person","@id":"https:\/\/staging.varesenews.it\/#\/schema\/person\/fb20c4da0b7b16c291707a20db73e169","name":"Redazione VareseNews","image":{"@type":"ImageObject","inLanguage":"it-IT","@id":"https:\/\/staging.varesenews.it\/#\/schema\/person\/image\/","url":"https:\/\/staging.varesenews.it\/wp-content\/uploads\/2020\/12\/logo_VN_colori_500.png","contentUrl":"https:\/\/staging.varesenews.it\/wp-content\/uploads\/2020\/12\/logo_VN_colori_500.png","caption":"Redazione VareseNews"},"url":"https:\/\/staging.varesenews.it\/persona\/redazione1\/"}]}},"post_meta":{"id_old":"192272","argomento":"Economia","autore_old":"m.man."},"photos":[],"_links":{"self":[{"href":"https:\/\/staging.varesenews.it\/swgapi\/v1\/wp\/v2\/posts\/129348"}],"collection":[{"href":"https:\/\/staging.varesenews.it\/swgapi\/v1\/wp\/v2\/posts"}],"about":[{"href":"https:\/\/staging.varesenews.it\/swgapi\/v1\/wp\/v2\/types\/post"}],"author":[{"embeddable":true,"href":"https:\/\/staging.varesenews.it\/swgapi\/v1\/wp\/v2\/users\/10"}],"replies":[{"embeddable":true,"href":"https:\/\/staging.varesenews.it\/swgapi\/v1\/wp\/v2\/comments?post=129348"}],"version-history":[{"count":0,"href":"https:\/\/staging.varesenews.it\/swgapi\/v1\/wp\/v2\/posts\/129348\/revisions"}],"wp:attachment":[{"href":"https:\/\/staging.varesenews.it\/swgapi\/v1\/wp\/v2\/media?parent=129348"}],"wp:term":[{"taxonomy":"category","embeddable":true,"href":"https:\/\/staging.varesenews.it\/swgapi\/v1\/wp\/v2\/categories?post=129348"},{"taxonomy":"post_tag","embeddable":true,"href":"https:\/\/staging.varesenews.it\/swgapi\/v1\/wp\/v2\/tags?post=129348"}],"curies":[{"name":"wp","href":"https:\/\/api.w.org\/{rel}","templated":true}]}}