{"id":1294673,"date":"2021-01-11T17:14:52","date_gmt":"2021-01-11T16:14:52","guid":{"rendered":"https:\/\/www.varesenews.it\/?p=1294673"},"modified":"2021-01-11T17:14:52","modified_gmt":"2021-01-11T16:14:52","slug":"nebiopoli-si-ferma-non-si-arrende-carnevale-trova-strade","status":"publish","type":"post","link":"https:\/\/staging.varesenews.it\/2021\/01\/nebiopoli-si-ferma-non-si-arrende-carnevale-trova-strade\/1294673\/","title":{"rendered":"Nebiopoli si ferma ma non si arrende, il Carnevale trova altre strade"},"content":{"rendered":"<p>L&#8217;emergenza sanitaria ferma i festeggiamenti di Nebiopoli, uno deigli eventi pi\u00f9 amati del Canton Ticino, ma se nel 2021 non si potr\u00e0 celebrare il Carnevale con le tradizionali sfilate non mancheranno una serie di iniziative con cui il Comitato centrale del carnevale intende mantenere vivo lo spirito della manifestazione.<\/p>\n<p>\u00abPurtroppo oggi non \u00e8 possibile programmare &#8211; spiega il presidente del Comitato <strong>Alessandro Gazzani<\/strong> &#8211; quindi alcune importanti novit\u00e0 verranno presentate prossimamente con la conferma dell&#8217;organizzazione delle stesse. Il comitato in questi mesi ha comunque cercato di portare delle iniziative a sostegno del morale della gente e magari di alcune attivit\u00e0 economiche che lavorano abitualmente con noi\u00bb.<\/p>\n<p>\u00ab Il Comitato Direttivo in questi mesi non \u00e8 rimasto con le mani in mano &#8211; prosegue\u00a0 Durante la scorsa estate siamo stati tra i principali promotori nei confronti delle autorit\u00e0 cantonali lavorando con Consiglio di Stato e con gli altri principali carnevali del Cantone. Le decisioni prese a quei tempi sembravano anacronistiche ed hanno fatto tanto discutere l\u2019intero Cantone. Oggi purtroppo invece si sono rivelate fin troppo sensate. Durante la scorsa estate, per come vivevamo quei momenti, sembrava che qualche spiraglio vi potesse essere per il periodo di carnevale. Oggi siamo veramente dispiaciuti di non essere stati smentiti, <strong>la situazione sanitaria \u00e8 nettamente peggiorata<\/strong> e ci troviamo nel pieno della seconda ondata a temere anche che ve ne possa essere una terza. In questi giorni Cantone e Confederazione avranno delle importanti decisioni da prendere, ma malgrado questo vogliamo continuare nel nostro ruolo sociale che \u00e8 quello di donare spensieratezza alla gente. La popolazione \u00e8 stremata dalla pandemia che dura ormai da un anno e per cui non si intravvede ancora chiaramente una fine, i pensieri sul futuro sono sempre pi\u00f9 pesanti (dal lato sanitario ed economico). <strong>Il Carnevale \u00e8 sempre stato nella nostra cultura un momento di sfogo<\/strong>, in cui mascherarsi proprio per uscire dal quotidiano. Si danza e si festeggia, lasciandosi alle spalle pensieri e problemi, \u00e8 la festa di tutti (grandi e piccini, dove anche i grandi possono tornare ad essere piccini). \u00c8 uno degli eventi pi\u00f9 democratici che esistano perch\u00e9 tutti hanno la libert\u00e0 di accantonare pensieri e problemi e vivere un po\u2019 di spensieratezza. La gente oggi \u00e8 comunque stremata dalla situazione ed il morale \u00e8 difficile da mantenere alto proprio per le tante preoccupazioni che ormai sono parte integrante dei pensieri di tutti noi. Sono proprio queste riflessioni che ci hanno spinto a voler comunque pensare a delle <strong>iniziative per questo periodo<\/strong>, sempre nel rispetto di ordinanze federali e cantonali e soprattutto nel rispetto del distanziamento sociale. Sempre nel rispetto di chi in questo momento \u00e8 preoccupato per i propri cari e vive la malattia di amici o parenti. Sempre nel rispetto di chi in questo periodo ha perso qualche caro\u00bb.<\/p>\n<p><strong>#respiraNEBIOPOLI<\/strong> &#8211; Nasce #respiraNEBIOPOLI dopo #NebiopoliCAMBIA che ha avuto un enorme successo nel 2020. Il nome della strategia richiama la voglia di respirare l\u2019aria di carnevale che vi \u00e8 nella gente in questo momento difficile (voglia di spensieratezza e divertimento, sentimenti ormai fermi da tanto tempo a causa della pandemia). Chiaramente richiama l\u2019attuale situazione che ci costringe tutti i giorni a dover indossare una mascherina.<\/p>\n<p><strong>Patacca 2021<\/strong>\u00a0&#8211; La tradizionale patacca, diventata negli anni un oggetto da collezione, verr\u00e0 proposta anche nel 2021 con una grafica estremamente simbolica. Prezzo di vendita e modalit\u00e0 di vendita saranno comunicate prossimamente. Si tratter\u00e0 di un gadget esclusivo limitato a 300 pezzi. \u00abRingraziamo il nostro artista Franco Castelletti che anche questo anno si \u00e8 reso disponibile dopo tanti anni a realizzarne la grafica, che verr\u00e0 svelata solamente nelle prossime settimane assieme alle altre iniziative in fase di allestimento\u00bb.<\/p>\n<p><strong>Giornalino satirico di Carnevale \u201cNebiolino\u201d &#8211;\u00a0<\/strong> In edizione limitata ed esclusiva di 300 copie, sar\u00e0 messo in vendita dopo l\u2019apertura ufficiale del Nebiopoli. Le modalit\u00e0 saranno comunicate prossimamente.<\/p>\n<p><strong>Consegna delle chiavi \u201csimbolica\u201d e programma<\/strong> &#8211; Nebiopoli si sarebbe tenuto dal 28 al 31 gennaio 2021 (due settimane di anticipo rispetto al normale programma). Durante tali date sar\u00e0 organizzata una consegna delle chiavi simbolica che permetter\u00e0, in questo momento difficile, di passare la guida della citt\u00e0 dal sindaco di Chiasso Bruno Arrigoni al Primo Ministro Silvano Pini (che rappresenter\u00e0 l\u2019autorit\u00e0 a Chiasso durante i seguenti giorni). Le iniziative si protrarranno poi nelle successive due settimane. \u00abQuesto perch\u00e9 in un mondo come quello che stiamo vivendo oggi il Comitato Direttivo ha preferito diluire le iniziative su pi\u00f9 tempo, dando cos\u00ec la possibilit\u00e0 di godersi con calma molte delle idee pensate per questo periodo. La decisione in assemblea votata dai nostri rioni \u00e8 per\u00f2 stata quella di fare vivere le nuove date del Nebiopoli, per \u201cportare avanti la tradizione del cambiamento\u201d\u00bb.<\/p>\n<p><strong>Box del carnevale<\/strong> &#8211; \u00c8 in fase di allestimento, grazie alla collaborazione di partner e sponsor, un box di carnevale che sar\u00e0 collegato ad una specifica serata dedicata a Nebiopoli. Tutti i dettagli seguiranno prossimamente. L\u2019utile legato alla vendita di questi box verr\u00e0 devoluto al mondo del carnevale in difficolt\u00e0. \u00abAll\u2019interno dei box vi saranno anche prodotti dei nostri fornitori, proprio quei fornitori che hanno avuto un calo della propria cifra d\u2019affari del 50% o 70%. Vuole essere non solo un box per divertire il pubblico del carnevale e per sostenere Nebiopoli, ma anche un veicolo per aiutare i nostri fornitori a fare conoscere i propri shop online. Nebiopoli non si ferma alla sola volont\u00e0 di voler regalare un po\u2019 di spensieratezza alla gente, ma cerca anche delle soluzioni concrete per sostenere le nostre attivit\u00e0, siamo infatti consci dell\u2019importante ruolo sociale ed economico che un\u2019attivit\u00e0 come la nostra ricopre\u00bb.<\/p>\n<p><strong>Eventi dedicati agli anziani ed ai bambini<\/strong> &#8211; Durante il periodo del carnevale sono in fase di valutazione una serie di piccole iniziative nei confronti di scuole (soprattutto del Mendrisiotto) e case anziani (di Chiasso). Anche questa tipologia di eventi sar\u00e0 quindi programmato e svelato solamente nel caso in cui questo venga ritenuto saggio e nel caso in cui la situazione lo permetta.<\/p>\n<p><strong>Eventi gastronomici<\/strong> &#8211; Inizialmente si pensava che almeno in forma gastronomica il carnevale si potesse festeggiare. Oggi \u00e8 chiaro che ci\u00f2 non \u00e8 possibile. \u00c8 in fase di valutazione la possibilit\u00e0 di sviluppare gli eventi gastronomici in forma di \u201casporto \u2013 take away\u201d. Una decisione in questo senso sar\u00e0 presa comunque a ridosso delle date dopo aver condotto le dovute discussioni assieme alle autorit\u00e0 comunali e cantonali.<\/p>\n<p><strong>Ulteriori progetti<\/strong> &#8211; Sono in fase di allestimento ulteriori progetti relativi ad eventi che si svolgeranno in forma digitale che verranno presentati nelle prossime settimane. \u00abDurante la serata di marted\u00ec 12 gennaio \u00e8 stato convocato da parte nostra il secondo incontro con il mondo del carnevale Mom\u00f2 (in presenza dei comitati di tutti i carnevali pi\u00f9 grandi del Mendrisiotto e dei comitati di gruppi, carri e guggen del mendrisiotto). In questa occasione valuteremo, come regione, se intraprendere anche delle iniziative congiunte e servir\u00e0 a raccogliere idee da sviluppare nelle prossime settimane\u00bb.<\/p>\n<p>Raccolta fondi &#8211; Intanto, per sostenere le spese che comunque ci sono, il Comitato ha lanciato una campagna di raccolta fondi:\u00a0\u00abNel 2021, senza manifestazione, la nostra associazione dovr\u00e0 fare fronte a costi fissi per circa 10.000 franchi tra affitti, asssicurazioni ecc. &#8211; spiegano i responsabili del Comitato Nebiopoli &#8211; Si tratta di una cifra molto importante per le nostre finanze. Diverse sono le donazioni gi\u00e0 ricevute, tutte le coordinate per effettuare una donazione sono reperibili sul nostro sito internet alla voce \u201csponsor\u201d. La nostra associazione, benefica e senza scopo di lucro, gode dell\u2019esenzione fiscale e questo rende quindi ogni elargizione fiscalmente deducibile\u00bb.<\/p>\n<p>Sito internet e social media &#8211; Il sito internet <strong><a href=\"https:\/\/www.nebiopoli.ch\/\">www.nebiopoli.ch<\/a><\/strong>, e le pagine <a href=\"https:\/\/www.facebook.com\/carnevalenebiopoli\"><strong>Facebook<\/strong><\/a> ed <a href=\"https:\/\/www.instagram.com\/nebiopoli_chiasso\/?hl=it\"><strong>Instagram<\/strong><\/a> saranno i principali punti di contatto su cui seguire le novit\u00e0 che verranno presentate in merito al programma e soprattutto per poter seguire i diversi eventi.<\/p>\n","protected":false},"excerpt":{"rendered":"<p>Nel 2021 non ci saranno le tradizionali sfilate ma gli organizzatori di Nebiopoli intendono mantenere vivo lo spirito della manifestazione<\/p>\n","protected":false},"author":44,"featured_media":0,"comment_status":"open","ping_status":"open","sticky":false,"template":"","format":"standard","meta":{"footnotes":""},"categories":[8,21],"tags":[73935,108226,103755,111526],"acf":[],"yoast_head":"<!-- This site is optimized with the Yoast SEO plugin v20.1 - https:\/\/yoast.com\/wordpress\/plugins\/seo\/ -->\n<title>Nebiopoli si ferma ma non si arrende, il Carnevale trova altre strade<\/title>\n<meta name=\"description\" content=\"Nel 2021 non ci saranno le tradizionali sfilate ma gli organizzatori di Nebiopoli intendono mantenere vivo lo spirito della manifestazione\" \/>\n<meta name=\"robots\" content=\"noindex, follow, max-snippet:-1, max-image-preview:large, max-video-preview:-1\" \/>\n<meta property=\"og:locale\" content=\"it_IT\" \/>\n<meta property=\"og:type\" content=\"article\" \/>\n<meta property=\"og:title\" content=\"Nebiopoli si ferma ma non si arrende, il Carnevale trova altre strade\" \/>\n<meta property=\"og:description\" content=\"Nel 2021 non ci saranno le tradizionali sfilate ma gli organizzatori di Nebiopoli intendono mantenere vivo lo spirito della manifestazione\" \/>\n<meta property=\"og:url\" content=\"https:\/\/staging.varesenews.it\/2021\/01\/nebiopoli-si-ferma-non-si-arrende-carnevale-trova-strade\/1294673\/\" \/>\n<meta property=\"og:site_name\" content=\"VareseNews\" \/>\n<meta property=\"article:publisher\" content=\"https:\/\/www.facebook.com\/varesenews\" \/>\n<meta property=\"article:author\" content=\"https:\/\/www.facebook.com\/mariangela.gerletti\" \/>\n<meta property=\"article:published_time\" content=\"2021-01-11T16:14:52+00:00\" \/>\n<meta name=\"author\" content=\"Mariangela Gerletti\" \/>\n<meta name=\"twitter:card\" content=\"summary_large_image\" \/>\n<meta name=\"twitter:creator\" content=\"@MariGerletti\" \/>\n<meta name=\"twitter:site\" content=\"@varesenews\" \/>\n<meta name=\"twitter:label1\" content=\"Scritto da\" \/>\n\t<meta name=\"twitter:data1\" content=\"Mariangela Gerletti\" \/>\n\t<meta name=\"twitter:label2\" content=\"Tempo di lettura stimato\" \/>\n\t<meta name=\"twitter:data2\" content=\"6 minuti\" \/>\n<script type=\"application\/ld+json\" class=\"yoast-schema-graph\">{\"@context\":\"https:\/\/schema.org\",\"@graph\":[{\"@type\":\"WebPage\",\"@id\":\"https:\/\/staging.varesenews.it\/2021\/01\/nebiopoli-si-ferma-non-si-arrende-carnevale-trova-strade\/1294673\/\",\"url\":\"https:\/\/staging.varesenews.it\/2021\/01\/nebiopoli-si-ferma-non-si-arrende-carnevale-trova-strade\/1294673\/\",\"name\":\"Nebiopoli si ferma ma non si arrende, il Carnevale trova altre strade\",\"isPartOf\":{\"@id\":\"https:\/\/staging.varesenews.it\/#website\"},\"datePublished\":\"2021-01-11T16:14:52+00:00\",\"dateModified\":\"2021-01-11T16:14:52+00:00\",\"author\":{\"@id\":\"https:\/\/staging.varesenews.it\/#\/schema\/person\/14f52876ea19bc10d0d2717b6e8f9b89\"},\"description\":\"Nel 2021 non ci saranno le tradizionali sfilate ma gli organizzatori di Nebiopoli intendono mantenere vivo lo spirito della manifestazione\",\"breadcrumb\":{\"@id\":\"https:\/\/staging.varesenews.it\/2021\/01\/nebiopoli-si-ferma-non-si-arrende-carnevale-trova-strade\/1294673\/#breadcrumb\"},\"inLanguage\":\"it-IT\",\"potentialAction\":[{\"@type\":\"ReadAction\",\"target\":[\"https:\/\/staging.varesenews.it\/2021\/01\/nebiopoli-si-ferma-non-si-arrende-carnevale-trova-strade\/1294673\/\"]}]},{\"@type\":\"BreadcrumbList\",\"@id\":\"https:\/\/staging.varesenews.it\/2021\/01\/nebiopoli-si-ferma-non-si-arrende-carnevale-trova-strade\/1294673\/#breadcrumb\",\"itemListElement\":[{\"@type\":\"ListItem\",\"position\":1,\"name\":\"Home\",\"item\":\"https:\/\/www.varesenews.it\/\"},{\"@type\":\"ListItem\",\"position\":2,\"name\":\"Nebiopoli si ferma ma non si arrende, il Carnevale trova altre strade\"}]},{\"@type\":\"WebSite\",\"@id\":\"https:\/\/staging.varesenews.it\/#website\",\"url\":\"https:\/\/staging.varesenews.it\/\",\"name\":\"VareseNews\",\"description\":\"\",\"potentialAction\":[{\"@type\":\"SearchAction\",\"target\":{\"@type\":\"EntryPoint\",\"urlTemplate\":\"https:\/\/staging.varesenews.it\/?s={search_term_string}\"},\"query-input\":\"required name=search_term_string\"}],\"inLanguage\":\"it-IT\"},{\"@type\":\"Person\",\"@id\":\"https:\/\/staging.varesenews.it\/#\/schema\/person\/14f52876ea19bc10d0d2717b6e8f9b89\",\"name\":\"Mariangela Gerletti\",\"image\":{\"@type\":\"ImageObject\",\"inLanguage\":\"it-IT\",\"@id\":\"https:\/\/staging.varesenews.it\/#\/schema\/person\/image\/\",\"url\":\"https:\/\/staging.varesenews.it\/wp-content\/uploads\/2020\/12\/mariangela.jpeg\",\"contentUrl\":\"https:\/\/staging.varesenews.it\/wp-content\/uploads\/2020\/12\/mariangela.jpeg\",\"caption\":\"Mariangela Gerletti\"},\"description\":\"Da pi&ugrave; di trent'anni mi occupo di giornalismo e comunicazione Varesenews &egrave; il luogo dove ho trovato la passione, l'attenzione e le persone che ogni giorno mi fanno amare un po' di pi&ugrave; questo lavoro di cui non mi stanco mai. Far parte della redazione di Varesenews &egrave; un onore, sostenere il progetto della membership &egrave; un piacere perch&eacute; mi fa sentire ancora pi&ugrave; vicina alla grande comunit&agrave; dei nostri lettori.\",\"sameAs\":[\"https:\/\/www.facebook.com\/mariangela.gerletti\",\"marigerletti\",\"https:\/\/twitter.com\/MariGerletti\"],\"url\":\"https:\/\/staging.varesenews.it\/persona\/mariangela-gerletti1\/\"}]}<\/script>\n<!-- \/ Yoast SEO plugin. -->","yoast_head_json":{"title":"Nebiopoli si ferma ma non si arrende, il Carnevale trova altre strade","description":"Nel 2021 non ci saranno le tradizionali sfilate ma gli organizzatori di Nebiopoli intendono mantenere vivo lo spirito della manifestazione","robots":{"index":"noindex","follow":"follow","max-snippet":"max-snippet:-1","max-image-preview":"max-image-preview:large","max-video-preview":"max-video-preview:-1"},"og_locale":"it_IT","og_type":"article","og_title":"Nebiopoli si ferma ma non si arrende, il Carnevale trova altre strade","og_description":"Nel 2021 non ci saranno le tradizionali sfilate ma gli organizzatori di Nebiopoli intendono mantenere vivo lo spirito della manifestazione","og_url":"https:\/\/staging.varesenews.it\/2021\/01\/nebiopoli-si-ferma-non-si-arrende-carnevale-trova-strade\/1294673\/","og_site_name":"VareseNews","article_publisher":"https:\/\/www.facebook.com\/varesenews","article_author":"https:\/\/www.facebook.com\/mariangela.gerletti","article_published_time":"2021-01-11T16:14:52+00:00","author":"Mariangela Gerletti","twitter_card":"summary_large_image","twitter_creator":"@MariGerletti","twitter_site":"@varesenews","twitter_misc":{"Scritto da":"Mariangela Gerletti","Tempo di lettura stimato":"6 minuti"},"schema":{"@context":"https:\/\/schema.org","@graph":[{"@type":"WebPage","@id":"https:\/\/staging.varesenews.it\/2021\/01\/nebiopoli-si-ferma-non-si-arrende-carnevale-trova-strade\/1294673\/","url":"https:\/\/staging.varesenews.it\/2021\/01\/nebiopoli-si-ferma-non-si-arrende-carnevale-trova-strade\/1294673\/","name":"Nebiopoli si ferma ma non si arrende, il Carnevale trova altre strade","isPartOf":{"@id":"https:\/\/staging.varesenews.it\/#website"},"datePublished":"2021-01-11T16:14:52+00:00","dateModified":"2021-01-11T16:14:52+00:00","author":{"@id":"https:\/\/staging.varesenews.it\/#\/schema\/person\/14f52876ea19bc10d0d2717b6e8f9b89"},"description":"Nel 2021 non ci saranno le tradizionali sfilate ma gli organizzatori di Nebiopoli intendono mantenere vivo lo spirito della manifestazione","breadcrumb":{"@id":"https:\/\/staging.varesenews.it\/2021\/01\/nebiopoli-si-ferma-non-si-arrende-carnevale-trova-strade\/1294673\/#breadcrumb"},"inLanguage":"it-IT","potentialAction":[{"@type":"ReadAction","target":["https:\/\/staging.varesenews.it\/2021\/01\/nebiopoli-si-ferma-non-si-arrende-carnevale-trova-strade\/1294673\/"]}]},{"@type":"BreadcrumbList","@id":"https:\/\/staging.varesenews.it\/2021\/01\/nebiopoli-si-ferma-non-si-arrende-carnevale-trova-strade\/1294673\/#breadcrumb","itemListElement":[{"@type":"ListItem","position":1,"name":"Home","item":"https:\/\/www.varesenews.it\/"},{"@type":"ListItem","position":2,"name":"Nebiopoli si ferma ma non si arrende, il Carnevale trova altre strade"}]},{"@type":"WebSite","@id":"https:\/\/staging.varesenews.it\/#website","url":"https:\/\/staging.varesenews.it\/","name":"VareseNews","description":"","potentialAction":[{"@type":"SearchAction","target":{"@type":"EntryPoint","urlTemplate":"https:\/\/staging.varesenews.it\/?s={search_term_string}"},"query-input":"required name=search_term_string"}],"inLanguage":"it-IT"},{"@type":"Person","@id":"https:\/\/staging.varesenews.it\/#\/schema\/person\/14f52876ea19bc10d0d2717b6e8f9b89","name":"Mariangela Gerletti","image":{"@type":"ImageObject","inLanguage":"it-IT","@id":"https:\/\/staging.varesenews.it\/#\/schema\/person\/image\/","url":"https:\/\/staging.varesenews.it\/wp-content\/uploads\/2020\/12\/mariangela.jpeg","contentUrl":"https:\/\/staging.varesenews.it\/wp-content\/uploads\/2020\/12\/mariangela.jpeg","caption":"Mariangela Gerletti"},"description":"Da pi&ugrave; di trent'anni mi occupo di giornalismo e comunicazione Varesenews &egrave; il luogo dove ho trovato la passione, l'attenzione e le persone che ogni giorno mi fanno amare un po' di pi&ugrave; questo lavoro di cui non mi stanco mai. Far parte della redazione di Varesenews &egrave; un onore, sostenere il progetto della membership &egrave; un piacere perch&eacute; mi fa sentire ancora pi&ugrave; vicina alla grande comunit&agrave; dei nostri lettori.","sameAs":["https:\/\/www.facebook.com\/mariangela.gerletti","marigerletti","https:\/\/twitter.com\/MariGerletti"],"url":"https:\/\/staging.varesenews.it\/persona\/mariangela-gerletti1\/"}]}},"post_meta":{"_edit_lock":"1610383024:44","_edit_last":"44","_category_permalink":"a:1:{s:8:\"category\";s:1:\"8\";}","foto":"1197499","_yoast_wpseo_content_score":"30","_jd_tweet_this":"yes","firma_come_redazione":"1","argomento":"Chiasso (Ch)","_encloseme":"1","ratings_users":"0","ratings_score":"0","ratings_average":"0","_wpt_short_url":"https:\/\/www.varesenews.it\/2021\/01\/nebiopoli-si-ferma-non-si-arrende-carnevale-trova-strade\/1294673\/","_wp_jd_target":"https:\/\/www.varesenews.it\/2021\/01\/nebiopoli-si-ferma-non-si-arrende-carnevale-trova-strade\/1294673\/","_jd_wp_twitter":"a:1:{i:0;s:209:\"Nebiopoli si ferma ma non si arrende, il Carnevale trova altre strade https:\/\/www.varesenews.it\/2021\/01\/nebiopoli-si-ferma-non-si-arrende-carnevale-trova-strade\/1294673\/ #CantonTicino #carnevale2021 #nebiopoli\";}","_wpt_status_message":"Tweet inviato con successo."},"photos":[{"original":"https:\/\/staging.varesenews.it\/photogallery_new\/images\/2021\/01\/chiasso-nebiopoli-carnevale-dei-bambini-2020-1197499.jpg","full":"https:\/\/staging.varesenews.it\/photogallery_new\/images\/2021\/01\/chiasso-nebiopoli-carnevale-dei-bambini-2020-1197499.1024x768.jpg","large":"https:\/\/staging.varesenews.it\/photogallery_new\/images\/2021\/01\/chiasso-nebiopoli-carnevale-dei-bambini-2020-1197499.610x431.jpg"}],"_links":{"self":[{"href":"https:\/\/staging.varesenews.it\/swgapi\/v1\/wp\/v2\/posts\/1294673"}],"collection":[{"href":"https:\/\/staging.varesenews.it\/swgapi\/v1\/wp\/v2\/posts"}],"about":[{"href":"https:\/\/staging.varesenews.it\/swgapi\/v1\/wp\/v2\/types\/post"}],"author":[{"embeddable":true,"href":"https:\/\/staging.varesenews.it\/swgapi\/v1\/wp\/v2\/users\/44"}],"replies":[{"embeddable":true,"href":"https:\/\/staging.varesenews.it\/swgapi\/v1\/wp\/v2\/comments?post=1294673"}],"version-history":[{"count":0,"href":"https:\/\/staging.varesenews.it\/swgapi\/v1\/wp\/v2\/posts\/1294673\/revisions"}],"wp:attachment":[{"href":"https:\/\/staging.varesenews.it\/swgapi\/v1\/wp\/v2\/media?parent=1294673"}],"wp:term":[{"taxonomy":"category","embeddable":true,"href":"https:\/\/staging.varesenews.it\/swgapi\/v1\/wp\/v2\/categories?post=1294673"},{"taxonomy":"post_tag","embeddable":true,"href":"https:\/\/staging.varesenews.it\/swgapi\/v1\/wp\/v2\/tags?post=1294673"}],"curies":[{"name":"wp","href":"https:\/\/api.w.org\/{rel}","templated":true}]}}