{"id":1294880,"date":"2021-01-12T09:39:17","date_gmt":"2021-01-12T08:39:17","guid":{"rendered":"https:\/\/www.varesenews.it\/?p=1294880"},"modified":"2021-01-12T09:39:17","modified_gmt":"2021-01-12T08:39:17","slug":"anche-presidente-biden-avra-camicia-made-ispra","status":"publish","type":"post","link":"https:\/\/staging.varesenews.it\/2021\/01\/anche-presidente-biden-avra-camicia-made-ispra\/1294880\/","title":{"rendered":"Anche il presidente Biden avr\u00e0 una camicia made in Ispra"},"content":{"rendered":"<p>Il suo non sar\u00e0 certo ricordato come uno degli insediamenti pi\u00f9 tranquilli della storia degli Stati Uniti, ma\u00a0<strong>anche il presidente eletto Joe Biben potr\u00e0 sfoggiare una camicia <\/strong><em><strong>made-in-Ispra<\/strong>.<\/em><\/p>\n<p><strong>Matteo Petullo<\/strong>, titolare della <strong>Vecchia camiceria<\/strong> di <strong>Ispra<\/strong>, <strong>ha infatti confezionato una camicia su misura per il nuovo presidente eletto statunitense<\/strong>. Il capo \u00e8 stato spedito nella mattinata di marted\u00ec 12 gennaio, e se non si dovessero verificare imprevisti, dovrebbe arrivare dall&#8217;altra parte dell&#8217;Atlantico tra il 16 e il 17 gennaio, in tempo per la cerimonia di insediamento prevista il 20 gennaio.<\/p>\n<p><strong>Anche la nuova camicia di Joe Biden sar\u00e0 personalizzata<\/strong>. L&#8217;etichetta riporter\u00e0 infatti una piccola dedica dorata a &#8220;the President&#8221; cucita a mano.<\/p>\n","protected":false},"excerpt":{"rendered":"<p>Realizzata dalla Vecchia camiceria \u00e8 stata inviata marted\u00ec 12 gennaio e dovrebbe arrivare in tempo per l&#8217;insediamento alla Casa Bianca<\/p>\n","protected":false},"author":12163,"featured_media":0,"comment_status":"open","ping_status":"open","sticky":false,"template":"","format":"standard","meta":{"footnotes":""},"categories":[2],"tags":[],"acf":[],"yoast_head":"<!-- This site is optimized with the Yoast SEO plugin v20.1 - https:\/\/yoast.com\/wordpress\/plugins\/seo\/ -->\n<title>Anche il presidente Biden avr\u00e0 una camicia made in Ispra<\/title>\n<meta name=\"description\" content=\"Realizzata dalla Vecchia camiceria \u00e8 stata inviata marted\u00ec 12 gennaio e dovrebbe arrivare in tempo per l&#039;insediamento alla Casa Bianca\" \/>\n<meta name=\"robots\" content=\"noindex, follow, max-snippet:-1, max-image-preview:large, max-video-preview:-1\" \/>\n<meta property=\"og:locale\" content=\"it_IT\" \/>\n<meta property=\"og:type\" content=\"article\" \/>\n<meta property=\"og:title\" content=\"Anche il presidente Biden avr\u00e0 una camicia made in Ispra\" \/>\n<meta property=\"og:description\" content=\"Realizzata dalla Vecchia camiceria \u00e8 stata inviata marted\u00ec 12 gennaio e dovrebbe arrivare in tempo per l&#039;insediamento alla Casa Bianca\" \/>\n<meta property=\"og:url\" content=\"https:\/\/staging.varesenews.it\/2021\/01\/anche-presidente-biden-avra-camicia-made-ispra\/1294880\/\" \/>\n<meta property=\"og:site_name\" content=\"VareseNews\" \/>\n<meta property=\"article:publisher\" content=\"https:\/\/www.facebook.com\/varesenews\" \/>\n<meta property=\"article:published_time\" content=\"2021-01-12T08:39:17+00:00\" \/>\n<meta name=\"author\" content=\"Alessandro Guglielmi\" \/>\n<meta name=\"twitter:card\" content=\"summary_large_image\" \/>\n<meta name=\"twitter:creator\" content=\"@varesenews\" \/>\n<meta name=\"twitter:site\" content=\"@varesenews\" \/>\n<meta name=\"twitter:label1\" content=\"Scritto da\" \/>\n\t<meta name=\"twitter:data1\" content=\"Alessandro Guglielmi\" \/>\n\t<meta name=\"twitter:label2\" content=\"Tempo di lettura stimato\" \/>\n\t<meta name=\"twitter:data2\" content=\"1 minuto\" \/>\n<script type=\"application\/ld+json\" class=\"yoast-schema-graph\">{\"@context\":\"https:\/\/schema.org\",\"@graph\":[{\"@type\":\"WebPage\",\"@id\":\"https:\/\/staging.varesenews.it\/2021\/01\/anche-presidente-biden-avra-camicia-made-ispra\/1294880\/\",\"url\":\"https:\/\/staging.varesenews.it\/2021\/01\/anche-presidente-biden-avra-camicia-made-ispra\/1294880\/\",\"name\":\"Anche il presidente Biden avr\u00e0 una camicia made in Ispra\",\"isPartOf\":{\"@id\":\"https:\/\/staging.varesenews.it\/#website\"},\"datePublished\":\"2021-01-12T08:39:17+00:00\",\"dateModified\":\"2021-01-12T08:39:17+00:00\",\"author\":{\"@id\":\"https:\/\/staging.varesenews.it\/#\/schema\/person\/862743a45f2663f7148a8b4bcbd05230\"},\"description\":\"Realizzata dalla Vecchia camiceria \u00e8 stata inviata marted\u00ec 12 gennaio e dovrebbe arrivare in tempo per l'insediamento alla Casa Bianca\",\"breadcrumb\":{\"@id\":\"https:\/\/staging.varesenews.it\/2021\/01\/anche-presidente-biden-avra-camicia-made-ispra\/1294880\/#breadcrumb\"},\"inLanguage\":\"it-IT\",\"potentialAction\":[{\"@type\":\"ReadAction\",\"target\":[\"https:\/\/staging.varesenews.it\/2021\/01\/anche-presidente-biden-avra-camicia-made-ispra\/1294880\/\"]}]},{\"@type\":\"BreadcrumbList\",\"@id\":\"https:\/\/staging.varesenews.it\/2021\/01\/anche-presidente-biden-avra-camicia-made-ispra\/1294880\/#breadcrumb\",\"itemListElement\":[{\"@type\":\"ListItem\",\"position\":1,\"name\":\"Home\",\"item\":\"https:\/\/www.varesenews.it\/\"},{\"@type\":\"ListItem\",\"position\":2,\"name\":\"Anche il presidente Biden avr\u00e0 una camicia made in Ispra\"}]},{\"@type\":\"WebSite\",\"@id\":\"https:\/\/staging.varesenews.it\/#website\",\"url\":\"https:\/\/staging.varesenews.it\/\",\"name\":\"VareseNews\",\"description\":\"\",\"potentialAction\":[{\"@type\":\"SearchAction\",\"target\":{\"@type\":\"EntryPoint\",\"urlTemplate\":\"https:\/\/staging.varesenews.it\/?s={search_term_string}\"},\"query-input\":\"required name=search_term_string\"}],\"inLanguage\":\"it-IT\"},{\"@type\":\"Person\",\"@id\":\"https:\/\/staging.varesenews.it\/#\/schema\/person\/862743a45f2663f7148a8b4bcbd05230\",\"name\":\"Alessandro Guglielmi\",\"image\":{\"@type\":\"ImageObject\",\"inLanguage\":\"it-IT\",\"@id\":\"https:\/\/staging.varesenews.it\/#\/schema\/person\/image\/\",\"url\":\"https:\/\/staging.varesenews.it\/wp-content\/uploads\/2020\/12\/alessandro_guglielmi_colori_500.jpg\",\"contentUrl\":\"https:\/\/staging.varesenews.it\/wp-content\/uploads\/2020\/12\/alessandro_guglielmi_colori_500.jpg\",\"caption\":\"Alessandro Guglielmi\"},\"description\":\"Studente classe 1997 collaboro con VareseNews dal 2018. Mi occupo di cronaca, di universit&agrave;, ma soprattutto racconto quel territorio fatto di boschi, piccoli borghi e costellato dai laghi che chiamo casa. Fin da piccolo ho sempre avuto un gran voglia di imparare, nello studio, nel mio lavoro, ma anche nelle arti marziali e in ognuna delle mie passioni. Convinto che ogni persona abbia qualcosa da insegnare, resto sempre aperto all'ascolto, pronto a cogliere lo straordinario anche nei piccoli gesti di tutti i giorni.\",\"url\":\"https:\/\/staging.varesenews.it\/persona\/ale-guglielmi1\/\"}]}<\/script>\n<!-- \/ Yoast SEO plugin. -->","yoast_head_json":{"title":"Anche il presidente Biden avr\u00e0 una camicia made in Ispra","description":"Realizzata dalla Vecchia camiceria \u00e8 stata inviata marted\u00ec 12 gennaio e dovrebbe arrivare in tempo per l'insediamento alla Casa Bianca","robots":{"index":"noindex","follow":"follow","max-snippet":"max-snippet:-1","max-image-preview":"max-image-preview:large","max-video-preview":"max-video-preview:-1"},"og_locale":"it_IT","og_type":"article","og_title":"Anche il presidente Biden avr\u00e0 una camicia made in Ispra","og_description":"Realizzata dalla Vecchia camiceria \u00e8 stata inviata marted\u00ec 12 gennaio e dovrebbe arrivare in tempo per l'insediamento alla Casa Bianca","og_url":"https:\/\/staging.varesenews.it\/2021\/01\/anche-presidente-biden-avra-camicia-made-ispra\/1294880\/","og_site_name":"VareseNews","article_publisher":"https:\/\/www.facebook.com\/varesenews","article_published_time":"2021-01-12T08:39:17+00:00","author":"Alessandro Guglielmi","twitter_card":"summary_large_image","twitter_creator":"@varesenews","twitter_site":"@varesenews","twitter_misc":{"Scritto da":"Alessandro Guglielmi","Tempo di lettura stimato":"1 minuto"},"schema":{"@context":"https:\/\/schema.org","@graph":[{"@type":"WebPage","@id":"https:\/\/staging.varesenews.it\/2021\/01\/anche-presidente-biden-avra-camicia-made-ispra\/1294880\/","url":"https:\/\/staging.varesenews.it\/2021\/01\/anche-presidente-biden-avra-camicia-made-ispra\/1294880\/","name":"Anche il presidente Biden avr\u00e0 una camicia made in Ispra","isPartOf":{"@id":"https:\/\/staging.varesenews.it\/#website"},"datePublished":"2021-01-12T08:39:17+00:00","dateModified":"2021-01-12T08:39:17+00:00","author":{"@id":"https:\/\/staging.varesenews.it\/#\/schema\/person\/862743a45f2663f7148a8b4bcbd05230"},"description":"Realizzata dalla Vecchia camiceria \u00e8 stata inviata marted\u00ec 12 gennaio e dovrebbe arrivare in tempo per l'insediamento alla Casa Bianca","breadcrumb":{"@id":"https:\/\/staging.varesenews.it\/2021\/01\/anche-presidente-biden-avra-camicia-made-ispra\/1294880\/#breadcrumb"},"inLanguage":"it-IT","potentialAction":[{"@type":"ReadAction","target":["https:\/\/staging.varesenews.it\/2021\/01\/anche-presidente-biden-avra-camicia-made-ispra\/1294880\/"]}]},{"@type":"BreadcrumbList","@id":"https:\/\/staging.varesenews.it\/2021\/01\/anche-presidente-biden-avra-camicia-made-ispra\/1294880\/#breadcrumb","itemListElement":[{"@type":"ListItem","position":1,"name":"Home","item":"https:\/\/www.varesenews.it\/"},{"@type":"ListItem","position":2,"name":"Anche il presidente Biden avr\u00e0 una camicia made in Ispra"}]},{"@type":"WebSite","@id":"https:\/\/staging.varesenews.it\/#website","url":"https:\/\/staging.varesenews.it\/","name":"VareseNews","description":"","potentialAction":[{"@type":"SearchAction","target":{"@type":"EntryPoint","urlTemplate":"https:\/\/staging.varesenews.it\/?s={search_term_string}"},"query-input":"required name=search_term_string"}],"inLanguage":"it-IT"},{"@type":"Person","@id":"https:\/\/staging.varesenews.it\/#\/schema\/person\/862743a45f2663f7148a8b4bcbd05230","name":"Alessandro Guglielmi","image":{"@type":"ImageObject","inLanguage":"it-IT","@id":"https:\/\/staging.varesenews.it\/#\/schema\/person\/image\/","url":"https:\/\/staging.varesenews.it\/wp-content\/uploads\/2020\/12\/alessandro_guglielmi_colori_500.jpg","contentUrl":"https:\/\/staging.varesenews.it\/wp-content\/uploads\/2020\/12\/alessandro_guglielmi_colori_500.jpg","caption":"Alessandro Guglielmi"},"description":"Studente classe 1997 collaboro con VareseNews dal 2018. Mi occupo di cronaca, di universit&agrave;, ma soprattutto racconto quel territorio fatto di boschi, piccoli borghi e costellato dai laghi che chiamo casa. Fin da piccolo ho sempre avuto un gran voglia di imparare, nello studio, nel mio lavoro, ma anche nelle arti marziali e in ognuna delle mie passioni. Convinto che ogni persona abbia qualcosa da insegnare, resto sempre aperto all'ascolto, pronto a cogliere lo straordinario anche nei piccoli gesti di tutti i giorni.","url":"https:\/\/staging.varesenews.it\/persona\/ale-guglielmi1\/"}]}},"post_meta":{"_edit_lock":"1610446327:12163","_edit_last":"12163","_category_permalink":"a:1:{s:8:\"category\";s:0:\"\";}","foto":"1197581","firma_come_redazione":"1","argomento":"Ispra","_yoast_wpseo_content_score":"30","_jd_tweet_this":"yes","_encloseme":"1","ratings_users":"0","ratings_score":"0","ratings_average":"0","_wpt_short_url":"https:\/\/www.varesenews.it\/2021\/01\/anche-presidente-biden-avra-camicia-made-ispra\/1294880\/","_wp_jd_target":"https:\/\/www.varesenews.it\/2021\/01\/anche-presidente-biden-avra-camicia-made-ispra\/1294880\/","_jd_wp_twitter":"a:1:{i:0;s:148:\"Anche il presidente Biden avr\u00e0 una camicia made in Ispra https:\/\/www.varesenews.it\/2021\/01\/anche-presidente-biden-avra-camicia-made-ispra\/1294880\/ \";}","_wpt_status_message":"Tweet inviato con successo."},"photos":[{"original":"https:\/\/staging.varesenews.it\/photogallery_new\/images\/2021\/01\/camicia-ispra-1197581.jpg","full":"https:\/\/staging.varesenews.it\/photogallery_new\/images\/2021\/01\/camicia-ispra-1197581.1024x768.jpg","large":"https:\/\/staging.varesenews.it\/photogallery_new\/images\/2021\/01\/camicia-ispra-1197581.610x431.jpg"}],"_links":{"self":[{"href":"https:\/\/staging.varesenews.it\/swgapi\/v1\/wp\/v2\/posts\/1294880"}],"collection":[{"href":"https:\/\/staging.varesenews.it\/swgapi\/v1\/wp\/v2\/posts"}],"about":[{"href":"https:\/\/staging.varesenews.it\/swgapi\/v1\/wp\/v2\/types\/post"}],"author":[{"embeddable":true,"href":"https:\/\/staging.varesenews.it\/swgapi\/v1\/wp\/v2\/users\/12163"}],"replies":[{"embeddable":true,"href":"https:\/\/staging.varesenews.it\/swgapi\/v1\/wp\/v2\/comments?post=1294880"}],"version-history":[{"count":0,"href":"https:\/\/staging.varesenews.it\/swgapi\/v1\/wp\/v2\/posts\/1294880\/revisions"}],"wp:attachment":[{"href":"https:\/\/staging.varesenews.it\/swgapi\/v1\/wp\/v2\/media?parent=1294880"}],"wp:term":[{"taxonomy":"category","embeddable":true,"href":"https:\/\/staging.varesenews.it\/swgapi\/v1\/wp\/v2\/categories?post=1294880"},{"taxonomy":"post_tag","embeddable":true,"href":"https:\/\/staging.varesenews.it\/swgapi\/v1\/wp\/v2\/tags?post=1294880"}],"curies":[{"name":"wp","href":"https:\/\/api.w.org\/{rel}","templated":true}]}}