{"id":1294963,"date":"2021-01-12T18:30:37","date_gmt":"2021-01-12T17:30:37","guid":{"rendered":"https:\/\/www.varesenews.it\/?p=1294963"},"modified":"2021-01-12T12:06:14","modified_gmt":"2021-01-12T11:06:14","slug":"la-scalata-verso-successo-passa-social","status":"publish","type":"post","link":"https:\/\/staging.varesenews.it\/2021\/01\/la-scalata-verso-successo-passa-social\/1294963\/","title":{"rendered":"La scalata verso il successo passa per i social"},"content":{"rendered":"<p>Nato da &#8220;un&#8217;idea folle&#8221; che ha iniziato a prendere forma nel 2017, in occasione dei 20 anni di VareseNews, <strong>DigitaLife<\/strong> \u00e8 il\u00a0docufilm prodotto da <strong>Varese Web<\/strong> in collaborazione con <strong>Rai Cinema<\/strong> e <strong>Fondazione Ente dello Spettacolo<\/strong>. Un mosaico di storie, sentimenti, dolori e cambiamenti magistralmente orchestrati dal regista <strong>Francesco Raganato<\/strong> il quale, con i video-contributi inviati dai cybernauti (user-generated content), ha dato vita a un <strong>prodotto cinematografico<\/strong> che \u00e8 un vero e proprio <strong>spaccato storico e sociale<\/strong>.<\/p>\n<p>Grazie ai contenuti creati dagli utenti che per l&#8217;occasione si sono trasformati da fruitori passivi a partecipanti attivi, DigitaLife racconta di come\u00a0<b>internet e il digitale hanno cambiato il mondo\u00a0<\/b>e lo fa attraverso le voci e le storie dei suoi protagonisti, persone spesso molto diverse tra loro ma con un <strong>percorso simile<\/strong>, come nel caso di <strong>Federico Clapis<\/strong>, <strong>Candela Pelizza<\/strong> e <strong>Riccardo Camb\u00f2<\/strong>.<\/p>\n<p>Le loro storie professionali seguono corsi distinti ma hanno come denominatore comune l&#8217;utilizzo di Internet e dei social per il raggiungimento di uno scopo ben preciso.<\/p>\n<h3>Federico Clapis Strategy<\/h3>\n<p>&#8220;Avevo capito che l&#8217;unico modo per avere un po&#8217; di visibilit\u00e0 era quello di <strong>sfruttare i social<\/strong>&#8220;, racconta <strong>Federico\u00a0 Clapis<\/strong> che per anni ha accumulato followers, attirandoli sul suo\u00a0<a href=\"https:\/\/www.youtube.com\/user\/FedericoClapis\/featured\" target=\"_blank\" rel=\"noopener\">canale YouTube<\/a>\u00a0attraverso video divertenti, al limite del demenziale.<\/p>\n<p>Nel 2015 la svolta: dopo cinque anni di lavoro &#8220;sotto copertura&#8221;, Clapis dice addio al mondo dell&#8217;intrattenimento e confessa la sua strategia ammettendo di avere sempre avuto altre mire.<\/p>\n<p>Appassionato di arte, infatti, una volta raggiunto il successo Clapis pu\u00f2 finalmente convertire tutte le sue fan base sulla verticalit\u00e0 della sua attuale professione, quella di artista.<\/p>\n<p><iframe loading=\"lazy\" src=\"https:\/\/www.youtube.com\/embed\/KVKBhy1ve60\" width=\"560\" height=\"315\" frameborder=\"0\" allowfullscreen=\"allowfullscreen\"><\/iframe><\/p>\n<h3>Candela e il diario della sua vita privata su Instagram<\/h3>\n<p>It girl e icona di stile, <strong>Candela Pelizza<\/strong> \u00e8 considerata una delle maggiori influencer in fatto di moda e lifestyle. Grazie alle sue foto su Instagram, la modella \u00e8 diventata in breve una delle personalit\u00e0 pi\u00f9 influenti nel fashion system attuale.<\/p>\n<p>&#8220;I social sono un mezzo utile per comunicare la propria passione, per ispirarsi, per arrivare a tantissime persone&#8221;.<\/p>\n<p><iframe loading=\"lazy\" src=\"https:\/\/www.youtube.com\/embed\/XEfTRlYwQJY\" width=\"560\" height=\"315\" frameborder=\"0\" allowfullscreen=\"allowfullscreen\"><\/iframe><\/p>\n<h3>Riccardo Camb\u00f2: farsi notare grazie a Internet e ottenere un colloquio di lavoro da Google<\/h3>\n<p>Giovane designer originario di Reggio Emilia, Riccardo \u00e8 un sognatore. Il suo obiettivo \u00e8 quello di promuovere il <a href=\"https:\/\/www.youtube.com\/channel\/UC8yOoFdxxhUXmgYtyXpbr3Q\" target=\"_blank\" rel=\"noopener\">canale Youtube<\/a>\u00a0e per farlo usa l&#8217;astuzia e il <strong>potere della Rete<\/strong>: crea delle immagini del nuovo Google Pixel da mettere online, spacciandole per immagini ufficiali.<\/p>\n<p>&#8220;La gente ha iniziato a pensare che quelle immagini fossero di Google e le ha condivise. Su internet ne parlavano, ne discutevano e sono diventate talmente virali che anche il colosso statunitense le ha viste e mi ha chiamato proponendomi un colloquio&#8221;, spiega Riccardo.<\/p>\n<p><iframe loading=\"lazy\" src=\"https:\/\/www.youtube.com\/embed\/f2vyCjl0VYI\" width=\"560\" height=\"315\" frameborder=\"0\" allowfullscreen=\"allowfullscreen\"><\/iframe><\/p>\n<h3>LA SERATA CINEFORUM DEL 15 GENNAIO<\/h3>\n<p><strong>Venerd\u00ec 15 gennaio 2021<\/strong>,\u00a0a distanza di due anni dal suo debutto in sala, DigitaLife\u00a0torner\u00e0 sugli schermi (questa volta saranno quelli dei vostri dispositivi: tablet, smartphone, computer).<\/p>\n<p>L&#8217;evento \u2013 rigorosamente \u201cdigitale\u201d \u2013 \u00e8 aperto a tutti e avr\u00e0 inizio alle ore<strong> 20.30<\/strong>, in diretta streaming sulla <a href=\"https:\/\/www.facebook.com\/varesenews\/\" target=\"_blank\" rel=\"noopener\">pagina Facebook di VareseNews<\/a>.<\/p>\n<blockquote>\n<p style=\"text-align: center;\">L&#8217;EVENTO<br \/>\n<a href=\"https:\/\/fb.me\/e\/4AExsFz6B\" target=\"_blank\" rel=\"noopener\">DigitaLife | Proiezione del film e chiacchiere con il regista<\/a><\/p>\n<\/blockquote>\n<h5>LEGGI ANCHE:<\/h5>\n<p class=\"title\"><a href=\"https:\/\/www.varesenews.it\/2021\/01\/digitalife-torna-sugli-schermi-due-anni-dal-debutto-sala\/1293161\/\" target=\"_blank\" rel=\"noopener\">DigitaLife torna sugli schermi a due anni dal debutto in sala<\/a><\/p>\n","protected":false},"excerpt":{"rendered":"<p>Federico Clapis, Candela Pelizza, Riccardo Camb\u00f2 e le loro storie sono raccontate all&#8217;interno del docufilm DigitaLife che venerd\u00ec 15 gennaio torner\u00e0 sugli schermi a due anni dal suo debutto in sala<\/p>\n","protected":false},"author":5428,"featured_media":0,"comment_status":"open","ping_status":"open","sticky":false,"template":"","format":"standard","meta":{"footnotes":""},"categories":[4,13,3,5,21,2],"tags":[69183,69581],"acf":[],"yoast_head":"<!-- This site is optimized with the Yoast SEO plugin v20.1 - https:\/\/yoast.com\/wordpress\/plugins\/seo\/ -->\n<title>La scalata verso il successo passa per i social<\/title>\n<meta name=\"description\" content=\"Federico Clapis, Candela Pelizza, Riccardo Camb\u00f2 e le loro storie sono raccontate all&#039;interno del docufilm DigitaLife che venerd\u00ec 15 gennaio torner\u00e0 sugli schermi a due anni dal suo debutto in sala\" \/>\n<meta name=\"robots\" content=\"noindex, follow, max-snippet:-1, max-image-preview:large, max-video-preview:-1\" \/>\n<meta property=\"og:locale\" content=\"it_IT\" \/>\n<meta property=\"og:type\" content=\"article\" \/>\n<meta property=\"og:title\" content=\"La scalata verso il successo passa per i social\" \/>\n<meta property=\"og:description\" content=\"Federico Clapis, Candela Pelizza, Riccardo Camb\u00f2 e le loro storie sono raccontate all&#039;interno del docufilm DigitaLife che venerd\u00ec 15 gennaio torner\u00e0 sugli schermi a due anni dal suo debutto in sala\" \/>\n<meta property=\"og:url\" content=\"https:\/\/www.varesenews.it\/2021\/01\/la-scalata-verso-successo-passa-social\/1294963\/\" \/>\n<meta property=\"og:site_name\" content=\"VareseNews\" \/>\n<meta property=\"article:publisher\" content=\"https:\/\/www.facebook.com\/varesenews\" \/>\n<meta property=\"article:published_time\" content=\"2021-01-12T17:30:37+00:00\" \/>\n<meta property=\"article:modified_time\" content=\"2021-01-12T11:06:14+00:00\" \/>\n<meta name=\"author\" content=\"divisionebusiness\" \/>\n<meta name=\"twitter:card\" content=\"summary_large_image\" \/>\n<meta name=\"twitter:creator\" content=\"@varesenews\" \/>\n<meta name=\"twitter:site\" content=\"@varesenews\" \/>\n<meta name=\"twitter:label1\" content=\"Scritto da\" \/>\n\t<meta name=\"twitter:data1\" content=\"divisionebusiness\" \/>\n\t<meta name=\"twitter:label2\" content=\"Tempo di lettura stimato\" \/>\n\t<meta name=\"twitter:data2\" content=\"3 minuti\" \/>\n<script type=\"application\/ld+json\" class=\"yoast-schema-graph\">{\"@context\":\"https:\/\/schema.org\",\"@graph\":[{\"@type\":\"WebPage\",\"@id\":\"https:\/\/www.varesenews.it\/2021\/01\/la-scalata-verso-successo-passa-social\/1294963\/\",\"url\":\"https:\/\/www.varesenews.it\/2021\/01\/la-scalata-verso-successo-passa-social\/1294963\/\",\"name\":\"La scalata verso il successo passa per i social\",\"isPartOf\":{\"@id\":\"https:\/\/staging.varesenews.it\/#website\"},\"datePublished\":\"2021-01-12T17:30:37+00:00\",\"dateModified\":\"2021-01-12T11:06:14+00:00\",\"author\":{\"@id\":\"https:\/\/staging.varesenews.it\/#\/schema\/person\/9fc65cf41366c6512d37aa8b5aa40b98\"},\"description\":\"Federico Clapis, Candela Pelizza, Riccardo Camb\u00f2 e le loro storie sono raccontate all'interno del docufilm DigitaLife che venerd\u00ec 15 gennaio torner\u00e0 sugli schermi a due anni dal suo debutto in sala\",\"breadcrumb\":{\"@id\":\"https:\/\/www.varesenews.it\/2021\/01\/la-scalata-verso-successo-passa-social\/1294963\/#breadcrumb\"},\"inLanguage\":\"it-IT\",\"potentialAction\":[{\"@type\":\"ReadAction\",\"target\":[\"https:\/\/www.varesenews.it\/2021\/01\/la-scalata-verso-successo-passa-social\/1294963\/\"]}]},{\"@type\":\"BreadcrumbList\",\"@id\":\"https:\/\/www.varesenews.it\/2021\/01\/la-scalata-verso-successo-passa-social\/1294963\/#breadcrumb\",\"itemListElement\":[{\"@type\":\"ListItem\",\"position\":1,\"name\":\"Home\",\"item\":\"https:\/\/www.varesenews.it\/\"},{\"@type\":\"ListItem\",\"position\":2,\"name\":\"La scalata verso il successo passa per i social\"}]},{\"@type\":\"WebSite\",\"@id\":\"https:\/\/staging.varesenews.it\/#website\",\"url\":\"https:\/\/staging.varesenews.it\/\",\"name\":\"VareseNews\",\"description\":\"\",\"potentialAction\":[{\"@type\":\"SearchAction\",\"target\":{\"@type\":\"EntryPoint\",\"urlTemplate\":\"https:\/\/staging.varesenews.it\/?s={search_term_string}\"},\"query-input\":\"required name=search_term_string\"}],\"inLanguage\":\"it-IT\"},{\"@type\":\"Person\",\"@id\":\"https:\/\/staging.varesenews.it\/#\/schema\/person\/9fc65cf41366c6512d37aa8b5aa40b98\",\"name\":\"divisionebusiness\",\"image\":{\"@type\":\"ImageObject\",\"inLanguage\":\"it-IT\",\"@id\":\"https:\/\/staging.varesenews.it\/#\/schema\/person\/image\/\",\"url\":\"https:\/\/staging.varesenews.it\/wp-content\/uploads\/2015\/03\/mistery.jpg\",\"contentUrl\":\"https:\/\/staging.varesenews.it\/wp-content\/uploads\/2015\/03\/mistery.jpg\",\"caption\":\"divisionebusiness\"},\"url\":\"https:\/\/staging.varesenews.it\/persona\/divisionebusiness2\/\"}]}<\/script>\n<!-- \/ Yoast SEO plugin. -->","yoast_head_json":{"title":"La scalata verso il successo passa per i social","description":"Federico Clapis, Candela Pelizza, Riccardo Camb\u00f2 e le loro storie sono raccontate all'interno del docufilm DigitaLife che venerd\u00ec 15 gennaio torner\u00e0 sugli schermi a due anni dal suo debutto in sala","robots":{"index":"noindex","follow":"follow","max-snippet":"max-snippet:-1","max-image-preview":"max-image-preview:large","max-video-preview":"max-video-preview:-1"},"og_locale":"it_IT","og_type":"article","og_title":"La scalata verso il successo passa per i social","og_description":"Federico Clapis, Candela Pelizza, Riccardo Camb\u00f2 e le loro storie sono raccontate all'interno del docufilm DigitaLife che venerd\u00ec 15 gennaio torner\u00e0 sugli schermi a due anni dal suo debutto in sala","og_url":"https:\/\/www.varesenews.it\/2021\/01\/la-scalata-verso-successo-passa-social\/1294963\/","og_site_name":"VareseNews","article_publisher":"https:\/\/www.facebook.com\/varesenews","article_published_time":"2021-01-12T17:30:37+00:00","article_modified_time":"2021-01-12T11:06:14+00:00","author":"divisionebusiness","twitter_card":"summary_large_image","twitter_creator":"@varesenews","twitter_site":"@varesenews","twitter_misc":{"Scritto da":"divisionebusiness","Tempo di lettura stimato":"3 minuti"},"schema":{"@context":"https:\/\/schema.org","@graph":[{"@type":"WebPage","@id":"https:\/\/www.varesenews.it\/2021\/01\/la-scalata-verso-successo-passa-social\/1294963\/","url":"https:\/\/www.varesenews.it\/2021\/01\/la-scalata-verso-successo-passa-social\/1294963\/","name":"La scalata verso il successo passa per i social","isPartOf":{"@id":"https:\/\/staging.varesenews.it\/#website"},"datePublished":"2021-01-12T17:30:37+00:00","dateModified":"2021-01-12T11:06:14+00:00","author":{"@id":"https:\/\/staging.varesenews.it\/#\/schema\/person\/9fc65cf41366c6512d37aa8b5aa40b98"},"description":"Federico Clapis, Candela Pelizza, Riccardo Camb\u00f2 e le loro storie sono raccontate all'interno del docufilm DigitaLife che venerd\u00ec 15 gennaio torner\u00e0 sugli schermi a due anni dal suo debutto in sala","breadcrumb":{"@id":"https:\/\/www.varesenews.it\/2021\/01\/la-scalata-verso-successo-passa-social\/1294963\/#breadcrumb"},"inLanguage":"it-IT","potentialAction":[{"@type":"ReadAction","target":["https:\/\/www.varesenews.it\/2021\/01\/la-scalata-verso-successo-passa-social\/1294963\/"]}]},{"@type":"BreadcrumbList","@id":"https:\/\/www.varesenews.it\/2021\/01\/la-scalata-verso-successo-passa-social\/1294963\/#breadcrumb","itemListElement":[{"@type":"ListItem","position":1,"name":"Home","item":"https:\/\/www.varesenews.it\/"},{"@type":"ListItem","position":2,"name":"La scalata verso il successo passa per i social"}]},{"@type":"WebSite","@id":"https:\/\/staging.varesenews.it\/#website","url":"https:\/\/staging.varesenews.it\/","name":"VareseNews","description":"","potentialAction":[{"@type":"SearchAction","target":{"@type":"EntryPoint","urlTemplate":"https:\/\/staging.varesenews.it\/?s={search_term_string}"},"query-input":"required name=search_term_string"}],"inLanguage":"it-IT"},{"@type":"Person","@id":"https:\/\/staging.varesenews.it\/#\/schema\/person\/9fc65cf41366c6512d37aa8b5aa40b98","name":"divisionebusiness","image":{"@type":"ImageObject","inLanguage":"it-IT","@id":"https:\/\/staging.varesenews.it\/#\/schema\/person\/image\/","url":"https:\/\/staging.varesenews.it\/wp-content\/uploads\/2015\/03\/mistery.jpg","contentUrl":"https:\/\/staging.varesenews.it\/wp-content\/uploads\/2015\/03\/mistery.jpg","caption":"divisionebusiness"},"url":"https:\/\/staging.varesenews.it\/persona\/divisionebusiness2\/"}]}},"post_meta":{"_category_permalink":"a:1:{s:8:\"category\";s:2:\"13\";}","_yoast_wpseo_content_score":"30","_jd_tweet_this":"yes","argomento":"Digitalife","foto":"1197626","nascondi_adsense":"1","_encloseme":"1","ratings_users":"0","ratings_score":"0","ratings_average":"0","_wpt_short_url":"https:\/\/www.varesenews.it\/2021\/01\/luca-spada-gigabyte-passano-dai-monti\/1294033\/","_wp_jd_target":"https:\/\/www.varesenews.it\/2021\/01\/luca-spada-gigabyte-passano-dai-monti\/1294033\/","_jd_wp_twitter":"a:7:{i:0;s:125:\"Luca Spada e gigabyte che passano dai monti https:\/\/www.varesenews.it\/2021\/01\/luca-spada-gigabyte-passano-dai-monti\/1294033\/ \";i:1;s:157:\"Matteo Rainisio e il sogno di un\u2019impresa creata (anche) grazie a internet https:\/\/www.varesenews.it\/2021\/01\/luca-spada-gigabyte-passano-dai-monti\/1294033\/ \";i:2;s:155:\"Stefano Caccavari e la \u201cstartup agricola\u201d nata grazie al crowdfunding https:\/\/www.varesenews.it\/2021\/01\/luca-spada-gigabyte-passano-dai-monti\/1294033\/ \";i:3;s:130:\"Dagli alberi virtuali a quelli reali con Treedom https:\/\/www.varesenews.it\/2021\/01\/luca-spada-gigabyte-passano-dai-monti\/1294033\/ \";i:4;s:116:\"Cyberbullismo, le parole feriscono https:\/\/www.varesenews.it\/2021\/01\/luca-spada-gigabyte-passano-dai-monti\/1294033\/ \";i:5;s:137:\"Raccontare, comunicare e connettersi grazie ad Internet https:\/\/www.varesenews.it\/2021\/01\/luca-spada-gigabyte-passano-dai-monti\/1294033\/ \";i:6;s:129:\"La scalata verso il successo passa per i social https:\/\/www.varesenews.it\/2021\/01\/luca-spada-gigabyte-passano-dai-monti\/1294033\/ \";}","_wpt_status_message":"Tweet inviato con successo.","firma-personalizzata":"Federica Bonada","_dp_original":"1294923","_edit_lock":"1610449694:5428","_edit_last":"5428"},"photos":[{"original":"https:\/\/staging.varesenews.it\/photogallery_new\/images\/2021\/01\/varie-1197626.jpg","full":"https:\/\/staging.varesenews.it\/photogallery_new\/images\/2021\/01\/varie-1197626.1024x768.jpg","large":"https:\/\/staging.varesenews.it\/photogallery_new\/images\/2021\/01\/varie-1197626.610x431.jpg"}],"_links":{"self":[{"href":"https:\/\/staging.varesenews.it\/swgapi\/v1\/wp\/v2\/posts\/1294963"}],"collection":[{"href":"https:\/\/staging.varesenews.it\/swgapi\/v1\/wp\/v2\/posts"}],"about":[{"href":"https:\/\/staging.varesenews.it\/swgapi\/v1\/wp\/v2\/types\/post"}],"author":[{"embeddable":true,"href":"https:\/\/staging.varesenews.it\/swgapi\/v1\/wp\/v2\/users\/5428"}],"replies":[{"embeddable":true,"href":"https:\/\/staging.varesenews.it\/swgapi\/v1\/wp\/v2\/comments?post=1294963"}],"version-history":[{"count":0,"href":"https:\/\/staging.varesenews.it\/swgapi\/v1\/wp\/v2\/posts\/1294963\/revisions"}],"wp:attachment":[{"href":"https:\/\/staging.varesenews.it\/swgapi\/v1\/wp\/v2\/media?parent=1294963"}],"wp:term":[{"taxonomy":"category","embeddable":true,"href":"https:\/\/staging.varesenews.it\/swgapi\/v1\/wp\/v2\/categories?post=1294963"},{"taxonomy":"post_tag","embeddable":true,"href":"https:\/\/staging.varesenews.it\/swgapi\/v1\/wp\/v2\/tags?post=1294963"}],"curies":[{"name":"wp","href":"https:\/\/api.w.org\/{rel}","templated":true}]}}