{"id":1298824,"date":"2021-01-22T11:18:54","date_gmt":"2021-01-22T10:18:54","guid":{"rendered":"https:\/\/www.varesenews.it\/?p=1298824"},"modified":"2021-01-22T17:37:17","modified_gmt":"2021-01-22T16:37:17","slug":"davanti-un-libro-diretta-social-arrivo-weekend","status":"publish","type":"post","link":"https:\/\/staging.varesenews.it\/2021\/01\/davanti-un-libro-diretta-social-arrivo-weekend\/1298824\/","title":{"rendered":"Davanti a un libro o a una diretta social \u00e8 in arrivo il weekend"},"content":{"rendered":"<p>La Lombardia \u00e8 in zona rossa e le restrizioni ci accompagnano in un altro weekend a casa. Diverse le iniziative digitali che spaziano dal cinema alla musica ai libri. Ecco gli eventi del weekend<\/p>\n<p><strong>METEO<\/strong><\/p>\n<p><strong>PREVISIONI<\/strong> &#8211; Ancora qualche ora di pioggia poi schiarite con calo delle temperature. Una perturbazione atlantica far\u00e0 riprendere le precipitazioni, sabato e domenica per\u00f2 il sole far\u00e0 capolino \u2013 <a href=\"https:\/\/www.varesenews.it\/2021\/01\/ancora-qualche-ora-pioggia-schiarite-calo-delle-temperature\/1298800\/\">Leggi l\u2019articolo<\/a><\/p>\n<p><strong>ZONA ROSSA<\/strong><\/p>\n<p><strong>LOMBARDIA<\/strong> &#8211; La Lombardia in zona rossa, cosa si pu\u00f2 fare e cosa no. Dagli spostamenti alle visite ai parenti, dai negozi chiusi al divieto di asporto nei bar dopo le 18. Ecco le nuove regole da osservare \u00a0\u2013 <a href=\"https:\/\/www.varesenews.it\/2021\/01\/la-lombardia-zona-rossa-cosa-si-puo-cosa-no\/1296436\/\">Leggi l\u2019articolo<\/a><\/p>\n<p><strong>DAL WEB<\/strong> &#8211; Una slot machine on line per sapere \u201cChe zona \u00e8 oggi\u201d. Il &#8220;giochino&#8221; permette di sapere con un semplice clic di che colore \u00e8 la zona in cui viviamo, il tal giorno. L&#8217;hanno inventato, senza pretesa di fare chiss\u00e0 che, un un informatico, una designer e un agronomo \u2013<a href=\"https:\/\/www.varesenews.it\/2021\/01\/slot-machine-line-sapere-zona-oggi\/1296991\/\"> Leggi l\u2019articolo<\/a><\/p>\n<p><strong>DOMANDE &#8211;<\/strong> \u201cDa Varese posso andare a Lugano dalla mia compagna\u201d? Cerchiamo di rispondere al quesito che ci ha posto un nostro lettore, che nel nostro territorio di confine interessa molte persone \u2013<a href=\"https:\/\/www.varesenews.it\/2021\/01\/varese-posso-andare-lugano-dalla-mia-compagna\/1297857\/\"> Leggi l\u2019articolo<\/a><\/p>\n<p><strong>BAMBINI &#8211; D<\/strong>al territorio <strong>arrivano per i bambini proposte di letture teatrali da condividere online, libri da leggere in famiglia e laboratori per ogni gusto:<\/strong> ci sono quelli dedicati alla natura, quelli che permettono di avventurarsi alla scoperta dello Spazio oppure legati alla tradizione della\u00a0<strong>Gi\u00f6bia.<br \/>\n<\/strong><\/p>\n<blockquote class=\"wp-embedded-content\" data-secret=\"pSljZvohAY\"><p><a href=\"https:\/\/www.varesenews.it\/2021\/01\/dalla-giobia-alla-natura-un-weekend-storie-creativita-bambini\/1298841\/\">Dalla Gi\u00f6bia alla natura, un weekend di storie e creativit\u00e0 per i bambini<\/a><\/p><\/blockquote>\n<p><iframe class=\"wp-embedded-content\" sandbox=\"allow-scripts\" security=\"restricted\" style=\"position: absolute; clip: rect(1px, 1px, 1px, 1px);\" src=\"https:\/\/www.varesenews.it\/2021\/01\/dalla-giobia-alla-natura-un-weekend-storie-creativita-bambini\/1298841\/embed\/#?secret=pSljZvohAY\" data-secret=\"pSljZvohAY\" width=\"500\" height=\"282\" title=\"&#8220;Dalla Gi\u00f6bia alla natura, un weekend di storie e creativit\u00e0 per i bambini&#8221; &#8212; VareseNews\" frameborder=\"0\" marginwidth=\"0\" marginheight=\"0\" scrolling=\"no\"><\/iframe><\/p>\n<p><strong>LIBRI<\/strong><\/p>\n<p><strong>IN RETE<\/strong> &#8211; Due pagine Facebook da seguire se siete appassionati di libri e lettura. Incontri con gli autori, interventi di personaggi della cultura e letture online. Due pagine social di Novara che offrono contenuti interessanti e approfondimenti \u2013 <a href=\"https:\/\/www.varesenews.it\/2021\/01\/due-pagine-facebook-da-seguire-se-siete-appassionati-di-libri-e-lettura\/1298400\/\">Leggi l\u2019articolo<\/a><\/p>\n<p><strong>SOMMA LOMBARDO<\/strong> &#8211; \u201cFil noir\u201d: il teatro e la poesia nella raccolta d\u2019esordio della sommese Jessica Gentile. Occhi da sognatrice, una vita tra i versi teatrali e delle poesie: abbiamo intervistato l\u2019autrice, originaria di Somma Lombardo, per l&#8217;uscita della sua raccolta di poesie d&#8217;esordio, &#8220;Fil noir&#8221; \u2013 <a href=\"https:\/\/www.varesenews.it\/2021\/01\/fil-noir-il-raccolta-desordio-sommese-jessica-gentile\/1297602\/\">Leggi l\u2019articolo<\/a><\/p>\n<div class=\"photo-inside-post\"><img decoding=\"async\" loading=\"lazy\" fetchpriority=\"low\" width=\"610\" height=\"431\" src=\"https:\/\/staging.varesenews.it\/photogallery_new\/images\/2021\/01\/che-fare-nel-weekend-1199386.610x431.jpg\" alt=\"Che fare nel weekend\"><\/div>\n<p><strong>ANGERA<\/strong> &#8211; De Lucchi ridisegna Hogwarts e i luoghi magici nelle nuove copertine di Harry Potter. La magia incontra l\u2019architettura nel nuovo progetto di Michele De Lucchi, designer di fama mondiale e angerese d\u2019adozione, che ha dato nuove forme ai luoghi pi\u00f9 celebri della saga \u2013 <a href=\"https:\/\/www.varesenews.it\/2021\/01\/de-lucchi-ridisegna-hogwarts-e-i-luoghi-magici-nelle-nuove-copertine-di-harry-potter\/1298470\/\">Leggi l\u2019articolo<\/a><\/p>\n<p><strong>MUSICA<\/strong><\/p>\n<p><strong>MUSICA<\/strong> &#8211; Voci per Patrick, una maratona musicale per chiedere la liberazione di Zaki. A distanza di un anno dall\u2019arresto dello studente egiziano l&#8217;evento in streaming organizzato da Amnesty International, Mei e Voci per la libert\u00e0. Tempo fino al 31 gennaio per aderire all&#8217;iniziativa inviando il video di una performance musicale artistica dedicata a Zaki \u2013 <a href=\"https:\/\/www.verbanonews.it\/aree-geografiche\/lombardia\/2021\/01\/19\/voci-per-patrick-una-maratona-musicale-per-chiedere-la-liberazione-di-zaki\/924965\/\">Leggi l\u2019articolo<\/a><\/p>\n<p><strong>CUVIO<\/strong> &#8211; Le note a Cuvio non si fermano, concerto di piano in streaming nel \u201cpaese della musica\u201c. La grande tradizione di cultura musicale che si respira nel borgo valcuviano non lascia morire la voglia di note. Appuntamento su youtube per sabato 23 \u2013 <a href=\"https:\/\/www.varesenews.it\/2021\/01\/le-note-cuvio-non-si-fermano-concerto-piano-streaming-nel-paese-della-musica\/1297441\/\">Leggi l\u2019articolo<\/a><\/p>\n<div class=\"photo-inside-post\"><img decoding=\"async\" loading=\"lazy\" fetchpriority=\"low\" width=\"610\" height=\"431\" src=\"https:\/\/staging.varesenews.it\/photogallery_new\/images\/2021\/01\/che-fare-nel-weekend-1199384.610x431.jpg\" alt=\"Che fare nel weekend\"><\/div>\n<p><strong>EVENTI<\/strong><\/p>\n<p><strong>VARESE<\/strong> &#8211; Sabato al cinema con Filmstudio 90 e Giacomo Campiotti. Filmstudio 90 e VareseNews organizzato un appuntamento online per sabato 23 gennaio alle 17: ospite il regista varesino. Si terr\u00e0 la proiezione del film \u201cCome due coccodrilli\u201d \u2013<a href=\"https:\/\/www.varesenews.it\/2021\/01\/sabato-al-cinema-filmstudio-90-giacomo-campiotti\/1297645\/\"> Leggi l\u2019articolo<\/a><\/p>\n<p><strong>VARESE<\/strong> &#8211; Salvare gli anfibi, un dovere anche durante la pandemia. Arriva la stagione in cui diverse specie si muovono e comincia la mattanza sulle strade. Le associazioni ambientaliste si trovano per fare il punto \u2013 <a href=\"https:\/\/www.verbanonews.it\/aree-geografiche\/lombardia\/2021\/01\/21\/salvare-gli-anfibi-un-dovere-anche-durante-la-pandemia\/925061\/\">Leggi l\u2019articolo<\/a><\/p>\n<p><strong>VERBANIA<\/strong> &#8211; Raccolte centomila firme per l\u2019Alpe Devero, sabato l\u2019evento online. L&#8217;evento sar\u00e0 l&#8217;occasione per informare sul progetto di comprensorio turistico e sciistico infrastrutturato che minaccia l&#8217;integrit\u00e0 delle aree protette del parco \u2013 <a href=\"https:\/\/www.varesenews.it\/2021\/01\/raccolte-centomila-firme-per-lalpe-devero-sabato-levento-online\/1298238\/\">Leggi l\u2019articolo<\/a><\/p>\n","protected":false},"excerpt":{"rendered":"<p>Anche nel fine settimana si pu\u00f2 partecipare alla maratona musicale per chiedere la liberazione di Zaki, oltre a guardare un film d\u2019autore o gustare un concerto<\/p>\n","protected":false},"author":36,"featured_media":0,"comment_status":"open","ping_status":"open","sticky":false,"template":"","format":"standard","meta":{"footnotes":""},"categories":[4,18,3,7,5,1,21,2],"tags":[1228,158],"acf":[],"yoast_head":"<!-- This site is optimized with the Yoast SEO plugin v20.1 - https:\/\/yoast.com\/wordpress\/plugins\/seo\/ -->\n<title>Davanti a un libro o a una diretta social \u00e8 in arrivo il weekend<\/title>\n<meta name=\"description\" content=\"Anche nel fine settimana si pu\u00f2 partecipare alla maratona musicale per chiedere la liberazione di Zaki, oltre a guardare un film d\u2019autore o gustare un concerto\" \/>\n<meta name=\"robots\" content=\"noindex, follow, max-snippet:-1, max-image-preview:large, max-video-preview:-1\" \/>\n<meta property=\"og:locale\" content=\"it_IT\" \/>\n<meta property=\"og:type\" content=\"article\" \/>\n<meta property=\"og:title\" content=\"Davanti a un libro o a una diretta social \u00e8 in arrivo il weekend\" \/>\n<meta property=\"og:description\" content=\"Anche nel fine settimana si pu\u00f2 partecipare alla maratona musicale per chiedere la liberazione di Zaki, oltre a guardare un film d\u2019autore o gustare un concerto\" \/>\n<meta property=\"og:url\" content=\"https:\/\/staging.varesenews.it\/2021\/01\/davanti-un-libro-diretta-social-arrivo-weekend\/1298824\/\" \/>\n<meta property=\"og:site_name\" content=\"VareseNews\" \/>\n<meta property=\"article:publisher\" content=\"https:\/\/www.facebook.com\/varesenews\" \/>\n<meta property=\"article:published_time\" content=\"2021-01-22T10:18:54+00:00\" \/>\n<meta property=\"article:modified_time\" content=\"2021-01-22T16:37:17+00:00\" \/>\n<meta name=\"author\" content=\"Erika La Rosa\" \/>\n<meta name=\"twitter:card\" content=\"summary_large_image\" \/>\n<meta name=\"twitter:creator\" content=\"@twerirosa\" \/>\n<meta name=\"twitter:site\" content=\"@varesenews\" \/>\n<meta name=\"twitter:label1\" content=\"Scritto da\" \/>\n\t<meta name=\"twitter:data1\" content=\"Erika La Rosa\" \/>\n\t<meta name=\"twitter:label2\" content=\"Tempo di lettura stimato\" \/>\n\t<meta name=\"twitter:data2\" content=\"3 minuti\" \/>\n<script type=\"application\/ld+json\" class=\"yoast-schema-graph\">{\"@context\":\"https:\/\/schema.org\",\"@graph\":[{\"@type\":\"WebPage\",\"@id\":\"https:\/\/staging.varesenews.it\/2021\/01\/davanti-un-libro-diretta-social-arrivo-weekend\/1298824\/\",\"url\":\"https:\/\/staging.varesenews.it\/2021\/01\/davanti-un-libro-diretta-social-arrivo-weekend\/1298824\/\",\"name\":\"Davanti a un libro o a una diretta social \u00e8 in arrivo il weekend\",\"isPartOf\":{\"@id\":\"https:\/\/staging.varesenews.it\/#website\"},\"datePublished\":\"2021-01-22T10:18:54+00:00\",\"dateModified\":\"2021-01-22T16:37:17+00:00\",\"author\":{\"@id\":\"https:\/\/staging.varesenews.it\/#\/schema\/person\/0512a4cda1d8b4f14c19f86d1016dc18\"},\"description\":\"Anche nel fine settimana si pu\u00f2 partecipare alla maratona musicale per chiedere la liberazione di Zaki, oltre a guardare un film d\u2019autore o gustare un concerto\",\"breadcrumb\":{\"@id\":\"https:\/\/staging.varesenews.it\/2021\/01\/davanti-un-libro-diretta-social-arrivo-weekend\/1298824\/#breadcrumb\"},\"inLanguage\":\"it-IT\",\"potentialAction\":[{\"@type\":\"ReadAction\",\"target\":[\"https:\/\/staging.varesenews.it\/2021\/01\/davanti-un-libro-diretta-social-arrivo-weekend\/1298824\/\"]}]},{\"@type\":\"BreadcrumbList\",\"@id\":\"https:\/\/staging.varesenews.it\/2021\/01\/davanti-un-libro-diretta-social-arrivo-weekend\/1298824\/#breadcrumb\",\"itemListElement\":[{\"@type\":\"ListItem\",\"position\":1,\"name\":\"Home\",\"item\":\"https:\/\/www.varesenews.it\/\"},{\"@type\":\"ListItem\",\"position\":2,\"name\":\"Davanti a un libro o a una diretta social \u00e8 in arrivo il weekend\"}]},{\"@type\":\"WebSite\",\"@id\":\"https:\/\/staging.varesenews.it\/#website\",\"url\":\"https:\/\/staging.varesenews.it\/\",\"name\":\"VareseNews\",\"description\":\"\",\"potentialAction\":[{\"@type\":\"SearchAction\",\"target\":{\"@type\":\"EntryPoint\",\"urlTemplate\":\"https:\/\/staging.varesenews.it\/?s={search_term_string}\"},\"query-input\":\"required name=search_term_string\"}],\"inLanguage\":\"it-IT\"},{\"@type\":\"Person\",\"@id\":\"https:\/\/staging.varesenews.it\/#\/schema\/person\/0512a4cda1d8b4f14c19f86d1016dc18\",\"name\":\"Erika La Rosa\",\"image\":{\"@type\":\"ImageObject\",\"inLanguage\":\"it-IT\",\"@id\":\"https:\/\/staging.varesenews.it\/#\/schema\/person\/image\/\",\"url\":\"https:\/\/staging.varesenews.it\/wp-content\/uploads\/2020\/12\/erika_larosa_colori_500.jpg\",\"contentUrl\":\"https:\/\/staging.varesenews.it\/wp-content\/uploads\/2020\/12\/erika_larosa_colori_500.jpg\",\"caption\":\"Erika La Rosa\"},\"description\":\"Giornalista pubblicista, collaboro con VareseNews dal lontano 1997 quando la redazione piccolissima ma l&rsquo;entusiasmo era tanto e la sfida titanica. Da allora siamo cresciuti, la redazione &egrave; diventata pi&ugrave; grande ma l&rsquo;entusiasmo &egrave; rimato lo stesso. Mi piace guardare il mondo attraverso gli occhi degli artisti, per questo scrivo, leggo e mi nutro di arte seguendo per il giornale le pagine dedicate alle mostre e agli artisti. Ho collaborato con diversi Musei e Istituzioni culturali italiane e svizzere. Da oltre dieci anni mi occupo di strategie e comunicazione sui social media di enti pubblici e privati. Vivo il presente e non dimentico mai che quando c&rsquo;&egrave; una meta, anche il deserto diventa una strada.\",\"sameAs\":[\"https:\/\/www.linkedin.com\/profile\/view?id=93070756&trk=nav_responsive_tab_profile_pic\",\"https:\/\/twitter.com\/twerirosa\"],\"url\":\"https:\/\/staging.varesenews.it\/persona\/erika_larosa\/\"}]}<\/script>\n<!-- \/ Yoast SEO plugin. -->","yoast_head_json":{"title":"Davanti a un libro o a una diretta social \u00e8 in arrivo il weekend","description":"Anche nel fine settimana si pu\u00f2 partecipare alla maratona musicale per chiedere la liberazione di Zaki, oltre a guardare un film d\u2019autore o gustare un concerto","robots":{"index":"noindex","follow":"follow","max-snippet":"max-snippet:-1","max-image-preview":"max-image-preview:large","max-video-preview":"max-video-preview:-1"},"og_locale":"it_IT","og_type":"article","og_title":"Davanti a un libro o a una diretta social \u00e8 in arrivo il weekend","og_description":"Anche nel fine settimana si pu\u00f2 partecipare alla maratona musicale per chiedere la liberazione di Zaki, oltre a guardare un film d\u2019autore o gustare un concerto","og_url":"https:\/\/staging.varesenews.it\/2021\/01\/davanti-un-libro-diretta-social-arrivo-weekend\/1298824\/","og_site_name":"VareseNews","article_publisher":"https:\/\/www.facebook.com\/varesenews","article_published_time":"2021-01-22T10:18:54+00:00","article_modified_time":"2021-01-22T16:37:17+00:00","author":"Erika La Rosa","twitter_card":"summary_large_image","twitter_creator":"@twerirosa","twitter_site":"@varesenews","twitter_misc":{"Scritto da":"Erika La Rosa","Tempo di lettura stimato":"3 minuti"},"schema":{"@context":"https:\/\/schema.org","@graph":[{"@type":"WebPage","@id":"https:\/\/staging.varesenews.it\/2021\/01\/davanti-un-libro-diretta-social-arrivo-weekend\/1298824\/","url":"https:\/\/staging.varesenews.it\/2021\/01\/davanti-un-libro-diretta-social-arrivo-weekend\/1298824\/","name":"Davanti a un libro o a una diretta social \u00e8 in arrivo il weekend","isPartOf":{"@id":"https:\/\/staging.varesenews.it\/#website"},"datePublished":"2021-01-22T10:18:54+00:00","dateModified":"2021-01-22T16:37:17+00:00","author":{"@id":"https:\/\/staging.varesenews.it\/#\/schema\/person\/0512a4cda1d8b4f14c19f86d1016dc18"},"description":"Anche nel fine settimana si pu\u00f2 partecipare alla maratona musicale per chiedere la liberazione di Zaki, oltre a guardare un film d\u2019autore o gustare un concerto","breadcrumb":{"@id":"https:\/\/staging.varesenews.it\/2021\/01\/davanti-un-libro-diretta-social-arrivo-weekend\/1298824\/#breadcrumb"},"inLanguage":"it-IT","potentialAction":[{"@type":"ReadAction","target":["https:\/\/staging.varesenews.it\/2021\/01\/davanti-un-libro-diretta-social-arrivo-weekend\/1298824\/"]}]},{"@type":"BreadcrumbList","@id":"https:\/\/staging.varesenews.it\/2021\/01\/davanti-un-libro-diretta-social-arrivo-weekend\/1298824\/#breadcrumb","itemListElement":[{"@type":"ListItem","position":1,"name":"Home","item":"https:\/\/www.varesenews.it\/"},{"@type":"ListItem","position":2,"name":"Davanti a un libro o a una diretta social \u00e8 in arrivo il weekend"}]},{"@type":"WebSite","@id":"https:\/\/staging.varesenews.it\/#website","url":"https:\/\/staging.varesenews.it\/","name":"VareseNews","description":"","potentialAction":[{"@type":"SearchAction","target":{"@type":"EntryPoint","urlTemplate":"https:\/\/staging.varesenews.it\/?s={search_term_string}"},"query-input":"required name=search_term_string"}],"inLanguage":"it-IT"},{"@type":"Person","@id":"https:\/\/staging.varesenews.it\/#\/schema\/person\/0512a4cda1d8b4f14c19f86d1016dc18","name":"Erika La Rosa","image":{"@type":"ImageObject","inLanguage":"it-IT","@id":"https:\/\/staging.varesenews.it\/#\/schema\/person\/image\/","url":"https:\/\/staging.varesenews.it\/wp-content\/uploads\/2020\/12\/erika_larosa_colori_500.jpg","contentUrl":"https:\/\/staging.varesenews.it\/wp-content\/uploads\/2020\/12\/erika_larosa_colori_500.jpg","caption":"Erika La Rosa"},"description":"Giornalista pubblicista, collaboro con VareseNews dal lontano 1997 quando la redazione piccolissima ma l&rsquo;entusiasmo era tanto e la sfida titanica. Da allora siamo cresciuti, la redazione &egrave; diventata pi&ugrave; grande ma l&rsquo;entusiasmo &egrave; rimato lo stesso. Mi piace guardare il mondo attraverso gli occhi degli artisti, per questo scrivo, leggo e mi nutro di arte seguendo per il giornale le pagine dedicate alle mostre e agli artisti. Ho collaborato con diversi Musei e Istituzioni culturali italiane e svizzere. Da oltre dieci anni mi occupo di strategie e comunicazione sui social media di enti pubblici e privati. Vivo il presente e non dimentico mai che quando c&rsquo;&egrave; una meta, anche il deserto diventa una strada.","sameAs":["https:\/\/www.linkedin.com\/profile\/view?id=93070756&trk=nav_responsive_tab_profile_pic","https:\/\/twitter.com\/twerirosa"],"url":"https:\/\/staging.varesenews.it\/persona\/erika_larosa\/"}]}},"post_meta":{"_edit_lock":"1611333388:14095","_edit_last":"14095","_category_permalink":"a:1:{s:8:\"category\";s:2:\"21\";}","firma_come_redazione":"1","argomento":"Che fare nel weekend","_yoast_wpseo_content_score":"30","_jd_tweet_this":"yes","foto":"1199383","_encloseme":"1","ratings_users":"0","ratings_score":"0","ratings_average":"0","_wpt_short_url":"https:\/\/www.varesenews.it\/2021\/01\/davanti-un-libro-diretta-social-arrivo-weekend\/1298824\/","_wp_jd_target":"https:\/\/www.varesenews.it\/2021\/01\/davanti-un-libro-diretta-social-arrivo-weekend\/1298824\/","_jd_wp_twitter":"a:1:{i:0;s:164:\"Davanti a un libro o a una diretta social \u00e8 in arrivo il weekend https:\/\/www.varesenews.it\/2021\/01\/davanti-un-libro-diretta-social-arrivo-weekend\/1298824\/ #weekend\";}","_wpt_status_message":"Tweet inviato con successo.","id_leggi_anche":"1298841","_oembed_af11b19c585473d33ca976090d16f891":"<blockquote class=\"wp-embedded-content\" data-secret=\"0abSxaZrtX\"><a href=\"https:\/\/www.varesenews.it\/2021\/01\/la-lombardia-zona-rossa-cosa-si-puo-cosa-no\/1296436\/\">La Lombardia in zona rossa, cosa si pu\u00f2 fare e cosa no<\/a><\/blockquote><iframe class=\"wp-embedded-content\" sandbox=\"allow-scripts\" security=\"restricted\" style=\"position: absolute; clip: rect(1px, 1px, 1px, 1px);\" src=\"https:\/\/www.varesenews.it\/2021\/01\/la-lombardia-zona-rossa-cosa-si-puo-cosa-no\/1296436\/embed\/#?secret=0abSxaZrtX\" data-secret=\"0abSxaZrtX\" width=\"600\" height=\"338\" title=\"&#8220;La Lombardia in zona rossa, cosa si pu\u00f2 fare e cosa no&#8221; &#8212; VareseNews\" frameborder=\"0\" marginwidth=\"0\" marginheight=\"0\" scrolling=\"no\"><\/iframe>","_oembed_time_af11b19c585473d33ca976090d16f891":"1611333338","_oembed_f147ea5145c4e21455194532ca50a8dd":"<blockquote class=\"wp-embedded-content\" data-secret=\"x2BdSHcoTd\"><a href=\"https:\/\/www.varesenews.it\/2021\/01\/dalla-giobia-alla-natura-un-weekend-storie-creativita-bambini\/1298841\/\">Dalla Gi\u00f6bia alla natura, un weekend di storie e creativit\u00e0 per i bambini<\/a><\/blockquote><iframe class=\"wp-embedded-content\" sandbox=\"allow-scripts\" security=\"restricted\" style=\"position: absolute; clip: rect(1px, 1px, 1px, 1px);\" src=\"https:\/\/www.varesenews.it\/2021\/01\/dalla-giobia-alla-natura-un-weekend-storie-creativita-bambini\/1298841\/embed\/#?secret=x2BdSHcoTd\" data-secret=\"x2BdSHcoTd\" width=\"600\" height=\"338\" title=\"&#8220;Dalla Gi\u00f6bia alla natura, un weekend di storie e creativit\u00e0 per i bambini&#8221; &#8212; VareseNews\" frameborder=\"0\" marginwidth=\"0\" marginheight=\"0\" scrolling=\"no\"><\/iframe>","_oembed_time_f147ea5145c4e21455194532ca50a8dd":"1611333413","_oembed_0a4c42bd5db48708a8f10ddba2a18961":"<blockquote class=\"wp-embedded-content\" data-secret=\"pSljZvohAY\"><a href=\"https:\/\/www.varesenews.it\/2021\/01\/dalla-giobia-alla-natura-un-weekend-storie-creativita-bambini\/1298841\/\">Dalla Gi\u00f6bia alla natura, un weekend di storie e creativit\u00e0 per i bambini<\/a><\/blockquote><iframe class=\"wp-embedded-content\" sandbox=\"allow-scripts\" security=\"restricted\" style=\"position: absolute; clip: rect(1px, 1px, 1px, 1px);\" src=\"https:\/\/www.varesenews.it\/2021\/01\/dalla-giobia-alla-natura-un-weekend-storie-creativita-bambini\/1298841\/embed\/#?secret=pSljZvohAY\" data-secret=\"pSljZvohAY\" width=\"500\" height=\"282\" title=\"&#8220;Dalla Gi\u00f6bia alla natura, un weekend di storie e creativit\u00e0 per i bambini&#8221; &#8212; VareseNews\" frameborder=\"0\" marginwidth=\"0\" marginheight=\"0\" scrolling=\"no\"><\/iframe>","_oembed_time_0a4c42bd5db48708a8f10ddba2a18961":"1611333442","_oembed_90d0888a88f68c17c6891c7e3cb09317":"<blockquote class=\"wp-embedded-content\" data-secret=\"mmWVcFwUJu\"><a href=\"https:\/\/www.varesenews.it\/2021\/01\/dalla-giobia-alla-natura-un-weekend-storie-creativita-bambini\/1298841\/\">Dalla Gi\u00f6bia alla natura, un weekend di storie e creativit\u00e0 per i bambini<\/a><\/blockquote><iframe class=\"wp-embedded-content\" sandbox=\"allow-scripts\" security=\"restricted\" style=\"position: absolute; clip: rect(1px, 1px, 1px, 1px);\" src=\"https:\/\/www.varesenews.it\/2021\/01\/dalla-giobia-alla-natura-un-weekend-storie-creativita-bambini\/1298841\/embed\/#?secret=mmWVcFwUJu\" data-secret=\"mmWVcFwUJu\" width=\"600\" height=\"338\" title=\"&#8220;Dalla Gi\u00f6bia alla natura, un weekend di storie e creativit\u00e0 per i bambini&#8221; &#8212; VareseNews\" frameborder=\"0\" marginwidth=\"0\" marginheight=\"0\" scrolling=\"no\"><\/iframe>","_oembed_time_90d0888a88f68c17c6891c7e3cb09317":"1611333449"},"photos":[{"original":"https:\/\/staging.varesenews.it\/photogallery_new\/images\/2021\/01\/che-fare-nel-weekend-1199383.jpg","full":"https:\/\/staging.varesenews.it\/photogallery_new\/images\/2021\/01\/che-fare-nel-weekend-1199383.1024x768.jpg","large":"https:\/\/staging.varesenews.it\/photogallery_new\/images\/2021\/01\/che-fare-nel-weekend-1199383.610x431.jpg"}],"_links":{"self":[{"href":"https:\/\/staging.varesenews.it\/swgapi\/v1\/wp\/v2\/posts\/1298824"}],"collection":[{"href":"https:\/\/staging.varesenews.it\/swgapi\/v1\/wp\/v2\/posts"}],"about":[{"href":"https:\/\/staging.varesenews.it\/swgapi\/v1\/wp\/v2\/types\/post"}],"author":[{"embeddable":true,"href":"https:\/\/staging.varesenews.it\/swgapi\/v1\/wp\/v2\/users\/36"}],"replies":[{"embeddable":true,"href":"https:\/\/staging.varesenews.it\/swgapi\/v1\/wp\/v2\/comments?post=1298824"}],"version-history":[{"count":0,"href":"https:\/\/staging.varesenews.it\/swgapi\/v1\/wp\/v2\/posts\/1298824\/revisions"}],"wp:attachment":[{"href":"https:\/\/staging.varesenews.it\/swgapi\/v1\/wp\/v2\/media?parent=1298824"}],"wp:term":[{"taxonomy":"category","embeddable":true,"href":"https:\/\/staging.varesenews.it\/swgapi\/v1\/wp\/v2\/categories?post=1298824"},{"taxonomy":"post_tag","embeddable":true,"href":"https:\/\/staging.varesenews.it\/swgapi\/v1\/wp\/v2\/tags?post=1298824"}],"curies":[{"name":"wp","href":"https:\/\/api.w.org\/{rel}","templated":true}]}}