{"id":1299895,"date":"2021-01-25T17:49:45","date_gmt":"2021-01-25T16:49:45","guid":{"rendered":"https:\/\/www.varesenews.it\/?p=1299895"},"modified":"2021-01-25T17:49:45","modified_gmt":"2021-01-25T16:49:45","slug":"crisi-governo-premier-conte-salire-al-colle","status":"publish","type":"post","link":"https:\/\/staging.varesenews.it\/2021\/01\/crisi-governo-premier-conte-salire-al-colle\/1299895\/","title":{"rendered":"Crisi di governo, il premier Conte potrebbe salire al Colle"},"content":{"rendered":"<p>Sono <strong>ore calde per Giuseppe Conte<\/strong> e per il suo governo. Il presidente del Consiglio \u00e8 ad un bivio e l&#8217;ipotesi che gi\u00e0 questa sera (luned\u00ec) si presenti al cospetto del Presidente della Repubblica<strong> Sergio Mattarella<\/strong> si fa di ora in ora pi\u00f9 probabile anche se da pi\u00f9 parti arrivano smentite.<\/p>\n<p>In primis \u00e8 il Pd, fondamentale gamba su cui si regge il suo governo, a smarcarsi sostenendo tramite le parole del suo segretario <strong>Nicola Zingaretti<\/strong> che nessuno dei Dem ha chiesto al Presidente del Consiglio di presentare le proprie dimissioni. I 5 Stelle ribadiscono il loro sostegno al premier attraverso le dichiarazioni del capo politico <strong>Vito Crimi. <\/strong><\/p>\n<p>Nel frattempo <strong>l&#8217;Udc si chiama ancora fuori dal balletto dei cosiddetti responsabili<\/strong> e Forza Italia ribadisce che non lo appogger\u00e0 in Parlamento. La strada verso un rilancio dell&#8217;azione di questo governo si fa sempre pi\u00f9 stretta.<\/p>\n","protected":false},"excerpt":{"rendered":"<p>Il presidente del Consiglio non \u00e8 ancora riuscito ad allargare la maggioranza con i cosiddetti responsabili. Pd e 5 Stelle confermano il sostegno ma da Udc e Forza Italia non arrivano segnali positivi<\/p>\n","protected":false},"author":47,"featured_media":0,"comment_status":"open","ping_status":"open","sticky":false,"template":"","format":"standard","meta":{"footnotes":""},"categories":[9,16],"tags":[13698,99168],"acf":[],"yoast_head":"<!-- This site is optimized with the Yoast SEO plugin v20.1 - https:\/\/yoast.com\/wordpress\/plugins\/seo\/ -->\n<title>Crisi di governo, il premier Conte potrebbe salire al Colle<\/title>\n<meta name=\"description\" content=\"Il presidente del Consiglio non \u00e8 ancora riuscito ad allargare la maggioranza con i cosiddetti responsabili. Pd e 5 Stelle confermano il sostegno ma da Udc e Forza Italia non arrivano segnali positivi\" \/>\n<meta name=\"robots\" content=\"noindex, follow, max-snippet:-1, max-image-preview:large, max-video-preview:-1\" \/>\n<meta property=\"og:locale\" content=\"it_IT\" \/>\n<meta property=\"og:type\" content=\"article\" \/>\n<meta property=\"og:title\" content=\"Crisi di governo, il premier Conte potrebbe salire al Colle\" \/>\n<meta property=\"og:description\" content=\"Il presidente del Consiglio non \u00e8 ancora riuscito ad allargare la maggioranza con i cosiddetti responsabili. Pd e 5 Stelle confermano il sostegno ma da Udc e Forza Italia non arrivano segnali positivi\" \/>\n<meta property=\"og:url\" content=\"https:\/\/staging.varesenews.it\/2021\/01\/crisi-governo-premier-conte-salire-al-colle\/1299895\/\" \/>\n<meta property=\"og:site_name\" content=\"VareseNews\" \/>\n<meta property=\"article:publisher\" content=\"https:\/\/www.facebook.com\/varesenews\" \/>\n<meta property=\"article:published_time\" content=\"2021-01-25T16:49:45+00:00\" \/>\n<meta name=\"author\" content=\"Orlando Mastrillo\" \/>\n<meta name=\"twitter:card\" content=\"summary_large_image\" \/>\n<meta name=\"twitter:creator\" content=\"@nando_mastrillo\" \/>\n<meta name=\"twitter:site\" content=\"@varesenews\" \/>\n<meta name=\"twitter:label1\" content=\"Scritto da\" \/>\n\t<meta name=\"twitter:data1\" content=\"Orlando Mastrillo\" \/>\n\t<meta name=\"twitter:label2\" content=\"Tempo di lettura stimato\" \/>\n\t<meta name=\"twitter:data2\" content=\"1 minuto\" \/>\n<script type=\"application\/ld+json\" class=\"yoast-schema-graph\">{\"@context\":\"https:\/\/schema.org\",\"@graph\":[{\"@type\":\"WebPage\",\"@id\":\"https:\/\/staging.varesenews.it\/2021\/01\/crisi-governo-premier-conte-salire-al-colle\/1299895\/\",\"url\":\"https:\/\/staging.varesenews.it\/2021\/01\/crisi-governo-premier-conte-salire-al-colle\/1299895\/\",\"name\":\"Crisi di governo, il premier Conte potrebbe salire al Colle\",\"isPartOf\":{\"@id\":\"https:\/\/staging.varesenews.it\/#website\"},\"datePublished\":\"2021-01-25T16:49:45+00:00\",\"dateModified\":\"2021-01-25T16:49:45+00:00\",\"author\":{\"@id\":\"https:\/\/staging.varesenews.it\/#\/schema\/person\/14c47ccce537a9058dddce296f10b296\"},\"description\":\"Il presidente del Consiglio non \u00e8 ancora riuscito ad allargare la maggioranza con i cosiddetti responsabili. Pd e 5 Stelle confermano il sostegno ma da Udc e Forza Italia non arrivano segnali positivi\",\"breadcrumb\":{\"@id\":\"https:\/\/staging.varesenews.it\/2021\/01\/crisi-governo-premier-conte-salire-al-colle\/1299895\/#breadcrumb\"},\"inLanguage\":\"it-IT\",\"potentialAction\":[{\"@type\":\"ReadAction\",\"target\":[\"https:\/\/staging.varesenews.it\/2021\/01\/crisi-governo-premier-conte-salire-al-colle\/1299895\/\"]}]},{\"@type\":\"BreadcrumbList\",\"@id\":\"https:\/\/staging.varesenews.it\/2021\/01\/crisi-governo-premier-conte-salire-al-colle\/1299895\/#breadcrumb\",\"itemListElement\":[{\"@type\":\"ListItem\",\"position\":1,\"name\":\"Home\",\"item\":\"https:\/\/www.varesenews.it\/\"},{\"@type\":\"ListItem\",\"position\":2,\"name\":\"Crisi di governo, il premier Conte potrebbe salire al Colle\"}]},{\"@type\":\"WebSite\",\"@id\":\"https:\/\/staging.varesenews.it\/#website\",\"url\":\"https:\/\/staging.varesenews.it\/\",\"name\":\"VareseNews\",\"description\":\"\",\"potentialAction\":[{\"@type\":\"SearchAction\",\"target\":{\"@type\":\"EntryPoint\",\"urlTemplate\":\"https:\/\/staging.varesenews.it\/?s={search_term_string}\"},\"query-input\":\"required name=search_term_string\"}],\"inLanguage\":\"it-IT\"},{\"@type\":\"Person\",\"@id\":\"https:\/\/staging.varesenews.it\/#\/schema\/person\/14c47ccce537a9058dddce296f10b296\",\"name\":\"Orlando Mastrillo\",\"image\":{\"@type\":\"ImageObject\",\"inLanguage\":\"it-IT\",\"@id\":\"https:\/\/staging.varesenews.it\/#\/schema\/person\/image\/\",\"url\":\"https:\/\/staging.varesenews.it\/wp-content\/uploads\/2020\/12\/orlando_mastrillo_colori_500.jpg\",\"contentUrl\":\"https:\/\/staging.varesenews.it\/wp-content\/uploads\/2020\/12\/orlando_mastrillo_colori_500.jpg\",\"caption\":\"Orlando Mastrillo\"},\"description\":\"Nasco a Luino nel 1981, ho iniziato questo lavoro nell'estate del 2003 nella redazione de Il Giorno di Varese e dall'anno successivo ho intrapreso la collaborazione con VareseNews. Dopo anni nell'Alto Varesotto mi sono trasferito a Busto Arsizio nel 2007, territorio che ho iniziato a seguire e che seguo tutt'oggi. Nel 2013 sono diventato giornalista professionista. Mi occupo di cronaca politica, giudiziaria e nera in una vasta area che comprende anche parte della Valle Olona e il Legnanese. Sono sposato con Valeria Arini e ho due splendide figlie.\",\"sameAs\":[\"or_ma\",\"https:\/\/twitter.com\/nando_mastrillo\"],\"url\":\"https:\/\/staging.varesenews.it\/persona\/orlando-mastrillo1\/\"}]}<\/script>\n<!-- \/ Yoast SEO plugin. -->","yoast_head_json":{"title":"Crisi di governo, il premier Conte potrebbe salire al Colle","description":"Il presidente del Consiglio non \u00e8 ancora riuscito ad allargare la maggioranza con i cosiddetti responsabili. Pd e 5 Stelle confermano il sostegno ma da Udc e Forza Italia non arrivano segnali positivi","robots":{"index":"noindex","follow":"follow","max-snippet":"max-snippet:-1","max-image-preview":"max-image-preview:large","max-video-preview":"max-video-preview:-1"},"og_locale":"it_IT","og_type":"article","og_title":"Crisi di governo, il premier Conte potrebbe salire al Colle","og_description":"Il presidente del Consiglio non \u00e8 ancora riuscito ad allargare la maggioranza con i cosiddetti responsabili. Pd e 5 Stelle confermano il sostegno ma da Udc e Forza Italia non arrivano segnali positivi","og_url":"https:\/\/staging.varesenews.it\/2021\/01\/crisi-governo-premier-conte-salire-al-colle\/1299895\/","og_site_name":"VareseNews","article_publisher":"https:\/\/www.facebook.com\/varesenews","article_published_time":"2021-01-25T16:49:45+00:00","author":"Orlando Mastrillo","twitter_card":"summary_large_image","twitter_creator":"@nando_mastrillo","twitter_site":"@varesenews","twitter_misc":{"Scritto da":"Orlando Mastrillo","Tempo di lettura stimato":"1 minuto"},"schema":{"@context":"https:\/\/schema.org","@graph":[{"@type":"WebPage","@id":"https:\/\/staging.varesenews.it\/2021\/01\/crisi-governo-premier-conte-salire-al-colle\/1299895\/","url":"https:\/\/staging.varesenews.it\/2021\/01\/crisi-governo-premier-conte-salire-al-colle\/1299895\/","name":"Crisi di governo, il premier Conte potrebbe salire al Colle","isPartOf":{"@id":"https:\/\/staging.varesenews.it\/#website"},"datePublished":"2021-01-25T16:49:45+00:00","dateModified":"2021-01-25T16:49:45+00:00","author":{"@id":"https:\/\/staging.varesenews.it\/#\/schema\/person\/14c47ccce537a9058dddce296f10b296"},"description":"Il presidente del Consiglio non \u00e8 ancora riuscito ad allargare la maggioranza con i cosiddetti responsabili. Pd e 5 Stelle confermano il sostegno ma da Udc e Forza Italia non arrivano segnali positivi","breadcrumb":{"@id":"https:\/\/staging.varesenews.it\/2021\/01\/crisi-governo-premier-conte-salire-al-colle\/1299895\/#breadcrumb"},"inLanguage":"it-IT","potentialAction":[{"@type":"ReadAction","target":["https:\/\/staging.varesenews.it\/2021\/01\/crisi-governo-premier-conte-salire-al-colle\/1299895\/"]}]},{"@type":"BreadcrumbList","@id":"https:\/\/staging.varesenews.it\/2021\/01\/crisi-governo-premier-conte-salire-al-colle\/1299895\/#breadcrumb","itemListElement":[{"@type":"ListItem","position":1,"name":"Home","item":"https:\/\/www.varesenews.it\/"},{"@type":"ListItem","position":2,"name":"Crisi di governo, il premier Conte potrebbe salire al Colle"}]},{"@type":"WebSite","@id":"https:\/\/staging.varesenews.it\/#website","url":"https:\/\/staging.varesenews.it\/","name":"VareseNews","description":"","potentialAction":[{"@type":"SearchAction","target":{"@type":"EntryPoint","urlTemplate":"https:\/\/staging.varesenews.it\/?s={search_term_string}"},"query-input":"required name=search_term_string"}],"inLanguage":"it-IT"},{"@type":"Person","@id":"https:\/\/staging.varesenews.it\/#\/schema\/person\/14c47ccce537a9058dddce296f10b296","name":"Orlando Mastrillo","image":{"@type":"ImageObject","inLanguage":"it-IT","@id":"https:\/\/staging.varesenews.it\/#\/schema\/person\/image\/","url":"https:\/\/staging.varesenews.it\/wp-content\/uploads\/2020\/12\/orlando_mastrillo_colori_500.jpg","contentUrl":"https:\/\/staging.varesenews.it\/wp-content\/uploads\/2020\/12\/orlando_mastrillo_colori_500.jpg","caption":"Orlando Mastrillo"},"description":"Nasco a Luino nel 1981, ho iniziato questo lavoro nell'estate del 2003 nella redazione de Il Giorno di Varese e dall'anno successivo ho intrapreso la collaborazione con VareseNews. Dopo anni nell'Alto Varesotto mi sono trasferito a Busto Arsizio nel 2007, territorio che ho iniziato a seguire e che seguo tutt'oggi. Nel 2013 sono diventato giornalista professionista. Mi occupo di cronaca politica, giudiziaria e nera in una vasta area che comprende anche parte della Valle Olona e il Legnanese. Sono sposato con Valeria Arini e ho due splendide figlie.","sameAs":["or_ma","https:\/\/twitter.com\/nando_mastrillo"],"url":"https:\/\/staging.varesenews.it\/persona\/orlando-mastrillo1\/"}]}},"post_meta":{"_edit_lock":"1611593450:47","_edit_last":"47","_category_permalink":"a:1:{s:8:\"category\";s:0:\"\";}","_encloseme":"1","ratings_users":"0","ratings_score":"0","ratings_average":"0","foto":"1198822","firma_come_redazione":"1","argomento":"Roma","_yoast_wpseo_focuskw_text_input":"premier conte","_yoast_wpseo_focuskw":"premier conte","_yoast_wpseo_linkdex":"44","_yoast_wpseo_content_score":"30","_jd_tweet_this":"yes","_wpt_short_url":"https:\/\/www.varesenews.it\/2021\/01\/crisi-governo-premier-conte-salire-al-colle\/1299895\/","_wp_jd_target":"https:\/\/www.varesenews.it\/2021\/01\/crisi-governo-premier-conte-salire-al-colle\/1299895\/","_jd_wp_twitter":"a:1:{i:0;s:179:\"Crisi di governo, il premier Conte potrebbe salire al Colle https:\/\/www.varesenews.it\/2021\/01\/crisi-governo-premier-conte-salire-al-colle\/1299895\/ #crisidigoverno #governocontebis\";}","_wpt_status_message":"Tweet inviato con successo.","id_leggi_anche":"1301841"},"photos":[{"original":"https:\/\/staging.varesenews.it\/photogallery_new\/images\/2021\/01\/giuseppe-conte-senato-1198822.jpg","full":"https:\/\/staging.varesenews.it\/photogallery_new\/images\/2021\/01\/giuseppe-conte-senato-1198822.1024x768.jpg","large":"https:\/\/staging.varesenews.it\/photogallery_new\/images\/2021\/01\/giuseppe-conte-senato-1198822.610x431.jpg"}],"_links":{"self":[{"href":"https:\/\/staging.varesenews.it\/swgapi\/v1\/wp\/v2\/posts\/1299895"}],"collection":[{"href":"https:\/\/staging.varesenews.it\/swgapi\/v1\/wp\/v2\/posts"}],"about":[{"href":"https:\/\/staging.varesenews.it\/swgapi\/v1\/wp\/v2\/types\/post"}],"author":[{"embeddable":true,"href":"https:\/\/staging.varesenews.it\/swgapi\/v1\/wp\/v2\/users\/47"}],"replies":[{"embeddable":true,"href":"https:\/\/staging.varesenews.it\/swgapi\/v1\/wp\/v2\/comments?post=1299895"}],"version-history":[{"count":0,"href":"https:\/\/staging.varesenews.it\/swgapi\/v1\/wp\/v2\/posts\/1299895\/revisions"}],"wp:attachment":[{"href":"https:\/\/staging.varesenews.it\/swgapi\/v1\/wp\/v2\/media?parent=1299895"}],"wp:term":[{"taxonomy":"category","embeddable":true,"href":"https:\/\/staging.varesenews.it\/swgapi\/v1\/wp\/v2\/categories?post=1299895"},{"taxonomy":"post_tag","embeddable":true,"href":"https:\/\/staging.varesenews.it\/swgapi\/v1\/wp\/v2\/tags?post=1299895"}],"curies":[{"name":"wp","href":"https:\/\/api.w.org\/{rel}","templated":true}]}}