{"id":1301349,"date":"2021-01-29T10:30:14","date_gmt":"2021-01-29T09:30:14","guid":{"rendered":"https:\/\/www.varesenews.it\/?p=1301349"},"modified":"2021-01-29T10:30:14","modified_gmt":"2021-01-29T09:30:14","slug":"negli-ospedali-angera-luino-sara-presente-pediatra-virtuale","status":"publish","type":"post","link":"https:\/\/staging.varesenews.it\/2021\/01\/negli-ospedali-angera-luino-sara-presente-pediatra-virtuale\/1301349\/","title":{"rendered":"Negli ospedali di Angera e Luino sar\u00e0 presente il pediatra &#8220;virtuale&#8221;"},"content":{"rendered":"<p>La carenza di pediatri si risolve con la tecnologia. <strong>Nei pronto soccorso di Angera e Luino<\/strong> sar\u00e0 attivato un <strong>collegamento diretto con la pediatria del Del Ponte di Varese.<\/strong> Un servizio per i piccoli utenti, <strong>dai 5 anni in su<\/strong> che verranno visitati attraverso il dispositivo<span class=\"Apple-converted-space\">\u00a0<\/span>Tytocare e un&#8217;apposita app.<span class=\"Apple-converted-space\">\u00a0<\/span><\/p>\n<p><strong>Dal prossimo 8 febbraio,<\/strong> quando diventer\u00e0 operativo il sistema, i bambini verranno visitati dagli specialisti con modalit\u00e0 \u201cda remoto\u201d. I pediatri in servizio al Del Ponte potranno svolgere qualsiasi consulenza professionale.<span class=\"Apple-converted-space\">\u00a0<\/span><\/p>\n<p>\u00abIn termini molto semplici &#8211;\u00a0spiega il<strong>\u00a0Prof. Massimo Agosti,<\/strong> Direttore del Dipartimento della Donna e del Bambino, che ha voluto provare per primo il nuovo sistema &#8211;\u00a0questa tecnologia non consente solo di <strong>conoscere i parametri vitali del paziente,<\/strong> ovvero frequenza cardiaca e respiratoria, temperatura corporea e saturazione dell&#8217;ossigeno, ma di <strong>rilevarli direttamente e di valutare il paziente mediante l&#8217;esame obiettivo<\/strong>. Permette infatti di vedere il bambino, di osservarne il <strong>cavo orale e le altre parti del corpo<\/strong> da esaminare e di<strong> auscultargli il torace<\/strong>. Insomma, ai fini di una visita, \u00e8 quasi come essere l\u00ec accanto al paziente, compresa la possibilit\u00e0 non secondaria di <strong>relazionarsi\u00a0direttamente con il piccolo e i suoi genitori<\/strong>.\u00a0Grazie a questa tecnologia, anche i Pronto Soccorso di Angera e di Luino, ospedali nei quali non \u00e8 presente un reparto\u00a0di Pediatria, potranno avvalersi h24 della consulenza pediatrica specialistica disponibile al Pronto Soccorso pediatrico dell&#8217;Ospedale Del Ponte di Varese\u00bb.<\/p>\n<p><strong>Il sistema viene avviato per la fascia di pazienti &#8220;pi\u00f9 collaborativa&#8221;<\/strong> per tararne il modello e mettere a punto la procedura di visita da remoto. Una volta a regime, verranno fatte le opportune <strong>valutazioni per aprilo o, eventualmente, ricalibrarlo per i bambini pi\u00f9 piccoli. \u00a0<\/strong><\/p>\n<p>La telemedicina diventa uno strumento importante per risolvere il problema della carenza del personale: la tecnologia sempre pi\u00f9 moderna e sofisticata consente agli specialisti di condurre tutte le indagini cose se fossero in presenza.<\/p>\n","protected":false},"excerpt":{"rendered":"<p>Dal prossimo 8 febbraio, per i piccoli dai 5 anni in su che si presentano nei due pronto soccorso sar\u00e0 attivata una collaborazione da remoto grazie a una tecnologia di ultima generazione<\/p>\n","protected":false},"author":33,"featured_media":0,"comment_status":"open","ping_status":"open","sticky":false,"template":"","format":"standard","meta":{"footnotes":""},"categories":[23,24,2],"tags":[57100,4749,2283,66171],"acf":[],"yoast_head":"<!-- This site is optimized with the Yoast SEO plugin v20.1 - https:\/\/yoast.com\/wordpress\/plugins\/seo\/ -->\n<title>Negli ospedali di Angera e Luino sar\u00e0 presente il pediatra &quot;virtuale&quot;<\/title>\n<meta name=\"description\" content=\"Dal prossimo 8 febbraio, per i piccoli dai 5 anni in su che si presentano nei due pronto soccorso sar\u00e0 attivata una collaborazione da remoto grazie a una tecnologia di ultima generazione\" \/>\n<meta name=\"robots\" content=\"noindex, follow, max-snippet:-1, max-image-preview:large, max-video-preview:-1\" \/>\n<meta property=\"og:locale\" content=\"it_IT\" \/>\n<meta property=\"og:type\" content=\"article\" \/>\n<meta property=\"og:title\" content=\"Negli ospedali di Angera e Luino sar\u00e0 presente il pediatra &quot;virtuale&quot;\" \/>\n<meta property=\"og:description\" content=\"Dal prossimo 8 febbraio, per i piccoli dai 5 anni in su che si presentano nei due pronto soccorso sar\u00e0 attivata una collaborazione da remoto grazie a una tecnologia di ultima generazione\" \/>\n<meta property=\"og:url\" content=\"https:\/\/staging.varesenews.it\/2021\/01\/negli-ospedali-angera-luino-sara-presente-pediatra-virtuale\/1301349\/\" \/>\n<meta property=\"og:site_name\" content=\"VareseNews\" \/>\n<meta property=\"article:publisher\" content=\"https:\/\/www.facebook.com\/varesenews\" \/>\n<meta property=\"article:author\" content=\"alessandra.toni7\" \/>\n<meta property=\"article:published_time\" content=\"2021-01-29T09:30:14+00:00\" \/>\n<meta name=\"author\" content=\"Alessandra Toni\" \/>\n<meta name=\"twitter:card\" content=\"summary_large_image\" \/>\n<meta name=\"twitter:creator\" content=\"@alessandra_toni\" \/>\n<meta name=\"twitter:site\" content=\"@varesenews\" \/>\n<meta name=\"twitter:label1\" content=\"Scritto da\" \/>\n\t<meta name=\"twitter:data1\" content=\"Alessandra Toni\" \/>\n\t<meta name=\"twitter:label2\" content=\"Tempo di lettura stimato\" \/>\n\t<meta name=\"twitter:data2\" content=\"2 minuti\" \/>\n<script type=\"application\/ld+json\" class=\"yoast-schema-graph\">{\"@context\":\"https:\/\/schema.org\",\"@graph\":[{\"@type\":\"WebPage\",\"@id\":\"https:\/\/staging.varesenews.it\/2021\/01\/negli-ospedali-angera-luino-sara-presente-pediatra-virtuale\/1301349\/\",\"url\":\"https:\/\/staging.varesenews.it\/2021\/01\/negli-ospedali-angera-luino-sara-presente-pediatra-virtuale\/1301349\/\",\"name\":\"Negli ospedali di Angera e Luino sar\u00e0 presente il pediatra \\\"virtuale\\\"\",\"isPartOf\":{\"@id\":\"https:\/\/staging.varesenews.it\/#website\"},\"datePublished\":\"2021-01-29T09:30:14+00:00\",\"dateModified\":\"2021-01-29T09:30:14+00:00\",\"author\":{\"@id\":\"https:\/\/staging.varesenews.it\/#\/schema\/person\/2643ce123d4a3c9511e015dc548779b8\"},\"description\":\"Dal prossimo 8 febbraio, per i piccoli dai 5 anni in su che si presentano nei due pronto soccorso sar\u00e0 attivata una collaborazione da remoto grazie a una tecnologia di ultima generazione\",\"breadcrumb\":{\"@id\":\"https:\/\/staging.varesenews.it\/2021\/01\/negli-ospedali-angera-luino-sara-presente-pediatra-virtuale\/1301349\/#breadcrumb\"},\"inLanguage\":\"it-IT\",\"potentialAction\":[{\"@type\":\"ReadAction\",\"target\":[\"https:\/\/staging.varesenews.it\/2021\/01\/negli-ospedali-angera-luino-sara-presente-pediatra-virtuale\/1301349\/\"]}]},{\"@type\":\"BreadcrumbList\",\"@id\":\"https:\/\/staging.varesenews.it\/2021\/01\/negli-ospedali-angera-luino-sara-presente-pediatra-virtuale\/1301349\/#breadcrumb\",\"itemListElement\":[{\"@type\":\"ListItem\",\"position\":1,\"name\":\"Home\",\"item\":\"https:\/\/www.varesenews.it\/\"},{\"@type\":\"ListItem\",\"position\":2,\"name\":\"Negli ospedali di Angera e Luino sar\u00e0 presente il pediatra &#8220;virtuale&#8221;\"}]},{\"@type\":\"WebSite\",\"@id\":\"https:\/\/staging.varesenews.it\/#website\",\"url\":\"https:\/\/staging.varesenews.it\/\",\"name\":\"VareseNews\",\"description\":\"\",\"potentialAction\":[{\"@type\":\"SearchAction\",\"target\":{\"@type\":\"EntryPoint\",\"urlTemplate\":\"https:\/\/staging.varesenews.it\/?s={search_term_string}\"},\"query-input\":\"required name=search_term_string\"}],\"inLanguage\":\"it-IT\"},{\"@type\":\"Person\",\"@id\":\"https:\/\/staging.varesenews.it\/#\/schema\/person\/2643ce123d4a3c9511e015dc548779b8\",\"name\":\"Alessandra Toni\",\"image\":{\"@type\":\"ImageObject\",\"inLanguage\":\"it-IT\",\"@id\":\"https:\/\/staging.varesenews.it\/#\/schema\/person\/image\/\",\"url\":\"https:\/\/staging.varesenews.it\/wp-content\/uploads\/2020\/12\/alessandra_toni_colori_500.jpg\",\"contentUrl\":\"https:\/\/staging.varesenews.it\/wp-content\/uploads\/2020\/12\/alessandra_toni_colori_500.jpg\",\"caption\":\"Alessandra Toni\"},\"description\":\"Sono entrata nella redazione di VareseNews nel lontano anno 2000. Ero reduce da una bellissima esperienza nella redazione giornalistica della TV Nuova Antennatre, sotto la direzione dell'indimenticabile direttore Adolfo Caldarini. Sono arrivata quando era ancora una piccola realt\u00e0 editoriale e insieme abbiamo fatto un lungo ed entusiasmante lavoro. Mi occupo prevalentemente di scuola e di sanit\u00e0, settori impegnativi di grande valore sociale.\u00a0\",\"sameAs\":[\"alessandra.toni7\",\"alessandra.toni\",\"https:\/\/twitter.com\/alessandra_toni\"],\"url\":\"https:\/\/staging.varesenews.it\/persona\/alessandra_toni1\/\"}]}<\/script>\n<!-- \/ Yoast SEO plugin. -->","yoast_head_json":{"title":"Negli ospedali di Angera e Luino sar\u00e0 presente il pediatra \"virtuale\"","description":"Dal prossimo 8 febbraio, per i piccoli dai 5 anni in su che si presentano nei due pronto soccorso sar\u00e0 attivata una collaborazione da remoto grazie a una tecnologia di ultima generazione","robots":{"index":"noindex","follow":"follow","max-snippet":"max-snippet:-1","max-image-preview":"max-image-preview:large","max-video-preview":"max-video-preview:-1"},"og_locale":"it_IT","og_type":"article","og_title":"Negli ospedali di Angera e Luino sar\u00e0 presente il pediatra \"virtuale\"","og_description":"Dal prossimo 8 febbraio, per i piccoli dai 5 anni in su che si presentano nei due pronto soccorso sar\u00e0 attivata una collaborazione da remoto grazie a una tecnologia di ultima generazione","og_url":"https:\/\/staging.varesenews.it\/2021\/01\/negli-ospedali-angera-luino-sara-presente-pediatra-virtuale\/1301349\/","og_site_name":"VareseNews","article_publisher":"https:\/\/www.facebook.com\/varesenews","article_author":"alessandra.toni7","article_published_time":"2021-01-29T09:30:14+00:00","author":"Alessandra Toni","twitter_card":"summary_large_image","twitter_creator":"@alessandra_toni","twitter_site":"@varesenews","twitter_misc":{"Scritto da":"Alessandra Toni","Tempo di lettura stimato":"2 minuti"},"schema":{"@context":"https:\/\/schema.org","@graph":[{"@type":"WebPage","@id":"https:\/\/staging.varesenews.it\/2021\/01\/negli-ospedali-angera-luino-sara-presente-pediatra-virtuale\/1301349\/","url":"https:\/\/staging.varesenews.it\/2021\/01\/negli-ospedali-angera-luino-sara-presente-pediatra-virtuale\/1301349\/","name":"Negli ospedali di Angera e Luino sar\u00e0 presente il pediatra \"virtuale\"","isPartOf":{"@id":"https:\/\/staging.varesenews.it\/#website"},"datePublished":"2021-01-29T09:30:14+00:00","dateModified":"2021-01-29T09:30:14+00:00","author":{"@id":"https:\/\/staging.varesenews.it\/#\/schema\/person\/2643ce123d4a3c9511e015dc548779b8"},"description":"Dal prossimo 8 febbraio, per i piccoli dai 5 anni in su che si presentano nei due pronto soccorso sar\u00e0 attivata una collaborazione da remoto grazie a una tecnologia di ultima generazione","breadcrumb":{"@id":"https:\/\/staging.varesenews.it\/2021\/01\/negli-ospedali-angera-luino-sara-presente-pediatra-virtuale\/1301349\/#breadcrumb"},"inLanguage":"it-IT","potentialAction":[{"@type":"ReadAction","target":["https:\/\/staging.varesenews.it\/2021\/01\/negli-ospedali-angera-luino-sara-presente-pediatra-virtuale\/1301349\/"]}]},{"@type":"BreadcrumbList","@id":"https:\/\/staging.varesenews.it\/2021\/01\/negli-ospedali-angera-luino-sara-presente-pediatra-virtuale\/1301349\/#breadcrumb","itemListElement":[{"@type":"ListItem","position":1,"name":"Home","item":"https:\/\/www.varesenews.it\/"},{"@type":"ListItem","position":2,"name":"Negli ospedali di Angera e Luino sar\u00e0 presente il pediatra &#8220;virtuale&#8221;"}]},{"@type":"WebSite","@id":"https:\/\/staging.varesenews.it\/#website","url":"https:\/\/staging.varesenews.it\/","name":"VareseNews","description":"","potentialAction":[{"@type":"SearchAction","target":{"@type":"EntryPoint","urlTemplate":"https:\/\/staging.varesenews.it\/?s={search_term_string}"},"query-input":"required name=search_term_string"}],"inLanguage":"it-IT"},{"@type":"Person","@id":"https:\/\/staging.varesenews.it\/#\/schema\/person\/2643ce123d4a3c9511e015dc548779b8","name":"Alessandra Toni","image":{"@type":"ImageObject","inLanguage":"it-IT","@id":"https:\/\/staging.varesenews.it\/#\/schema\/person\/image\/","url":"https:\/\/staging.varesenews.it\/wp-content\/uploads\/2020\/12\/alessandra_toni_colori_500.jpg","contentUrl":"https:\/\/staging.varesenews.it\/wp-content\/uploads\/2020\/12\/alessandra_toni_colori_500.jpg","caption":"Alessandra Toni"},"description":"Sono entrata nella redazione di VareseNews nel lontano anno 2000. Ero reduce da una bellissima esperienza nella redazione giornalistica della TV Nuova Antennatre, sotto la direzione dell'indimenticabile direttore Adolfo Caldarini. Sono arrivata quando era ancora una piccola realt\u00e0 editoriale e insieme abbiamo fatto un lungo ed entusiasmante lavoro. Mi occupo prevalentemente di scuola e di sanit\u00e0, settori impegnativi di grande valore sociale.\u00a0","sameAs":["alessandra.toni7","alessandra.toni","https:\/\/twitter.com\/alessandra_toni"],"url":"https:\/\/staging.varesenews.it\/persona\/alessandra_toni1\/"}]}},"post_meta":{"_edit_lock":"1611913599:33","_edit_last":"33","_category_permalink":"a:1:{s:8:\"category\";s:2:\"24\";}","foto":"1200523","firma_come_redazione":"1","argomento":"Luino\/Angera","_yoast_wpseo_content_score":"30","_jd_tweet_this":"yes","_encloseme":"1","ratings_users":"0","ratings_score":"0","ratings_average":"0","_wpt_short_url":"https:\/\/www.varesenews.it\/2021\/01\/negli-ospedali-angera-luino-sara-presente-pediatra-virtuale\/1301349\/","_wp_jd_target":"https:\/\/www.varesenews.it\/2021\/01\/negli-ospedali-angera-luino-sara-presente-pediatra-virtuale\/1301349\/","_jd_wp_twitter":"a:1:{i:0;s:213:\"Negli ospedali di Angera e Luino sar\u00e0 presente il pediatra  https:\/\/www.varesenews.it\/2021\/01\/negli-ospedali-angera-luino-sara-presente-pediatra-virtuale\/1301349\/ #asstsettelaghi #ospedalediluino #pediatriaangera\";}","_wpt_status_message":"Tweet inviato con successo."},"photos":[{"original":"https:\/\/staging.varesenews.it\/photogallery_new\/images\/2021\/01\/massimo-agosti-1200523.jpg","full":"https:\/\/staging.varesenews.it\/photogallery_new\/images\/2021\/01\/massimo-agosti-1200523.1024x768.jpg","large":"https:\/\/staging.varesenews.it\/photogallery_new\/images\/2021\/01\/massimo-agosti-1200523.610x431.jpg"}],"_links":{"self":[{"href":"https:\/\/staging.varesenews.it\/swgapi\/v1\/wp\/v2\/posts\/1301349"}],"collection":[{"href":"https:\/\/staging.varesenews.it\/swgapi\/v1\/wp\/v2\/posts"}],"about":[{"href":"https:\/\/staging.varesenews.it\/swgapi\/v1\/wp\/v2\/types\/post"}],"author":[{"embeddable":true,"href":"https:\/\/staging.varesenews.it\/swgapi\/v1\/wp\/v2\/users\/33"}],"replies":[{"embeddable":true,"href":"https:\/\/staging.varesenews.it\/swgapi\/v1\/wp\/v2\/comments?post=1301349"}],"version-history":[{"count":0,"href":"https:\/\/staging.varesenews.it\/swgapi\/v1\/wp\/v2\/posts\/1301349\/revisions"}],"wp:attachment":[{"href":"https:\/\/staging.varesenews.it\/swgapi\/v1\/wp\/v2\/media?parent=1301349"}],"wp:term":[{"taxonomy":"category","embeddable":true,"href":"https:\/\/staging.varesenews.it\/swgapi\/v1\/wp\/v2\/categories?post=1301349"},{"taxonomy":"post_tag","embeddable":true,"href":"https:\/\/staging.varesenews.it\/swgapi\/v1\/wp\/v2\/tags?post=1301349"}],"curies":[{"name":"wp","href":"https:\/\/api.w.org\/{rel}","templated":true}]}}