{"id":1301949,"date":"2021-01-30T21:02:48","date_gmt":"2021-01-30T20:02:48","guid":{"rendered":"https:\/\/www.varesenews.it\/?p=1301949"},"modified":"2021-01-31T11:14:48","modified_gmt":"2021-01-31T10:14:48","slug":"unauto-fuga-si-schianta-nel-centro-saronno","status":"publish","type":"post","link":"https:\/\/staging.varesenews.it\/2021\/01\/unauto-fuga-si-schianta-nel-centro-saronno\/1301949\/","title":{"rendered":"Un&#8217;auto in fuga si schianta nel centro di Saronno"},"content":{"rendered":"<p>La fuga di un\u2019auto, inseguita dai carabinieri, si \u00e8 conclusa con uno schianto nel centro pedonale di <strong>Saronno<\/strong>. Il fatto \u00e8 accaduto sabato 30 gennaio, poco dopo le 18.<\/p>\n<p>Nessuno \u00e8 stato coinvolto o ferito.<\/p>\n<p>L\u2019auto era in fuga dai carabinieri, dalla zona della Brianza. <strong>In centro a Saronno si \u00e8 infilata in zona pedonale<\/strong> ed \u00e8 stata bloccata dall\u2019impatto con l\u2019arredo urbano: prima ha travolto un alberello (portandosene dietro una parte) poi <strong>si \u00e8 incastrata tra un paletto e una rastrelliera per biciclette<\/strong>.<\/p>\n<p>I <strong>due uomini che si trovavano a bordo hanno tentato di proseguire la fuga a piedi<\/strong>, ma uno \u00e8 stato raggiunto e ammanettato dai militari. Anche il complice \u00e8 stato arrestato subito dopo.<\/p>\n<p>&nbsp;<\/p>\n","protected":false},"excerpt":{"rendered":"<p>La fuga dai carabinieri si \u00e8 conclusa con uno schianto contro un albero nel centro di Saronno e l&#8217;arresto<\/p>\n","protected":false},"author":15866,"featured_media":0,"comment_status":"open","ping_status":"open","sticky":false,"template":"","format":"standard","meta":{"footnotes":""},"categories":[5],"tags":[3536],"acf":[],"yoast_head":"<!-- This site is optimized with the Yoast SEO plugin v20.1 - https:\/\/yoast.com\/wordpress\/plugins\/seo\/ -->\n<title>Un&#039;auto in fuga si schianta nel centro di Saronno<\/title>\n<meta name=\"description\" content=\"La fuga dai carabinieri si \u00e8 conclusa con uno schianto contro un albero nel centro di Saronno e l&#039;arresto\" \/>\n<meta name=\"robots\" content=\"noindex, follow, max-snippet:-1, max-image-preview:large, max-video-preview:-1\" \/>\n<meta property=\"og:locale\" content=\"it_IT\" \/>\n<meta property=\"og:type\" content=\"article\" \/>\n<meta property=\"og:title\" content=\"Un&#039;auto in fuga si schianta nel centro di Saronno\" \/>\n<meta property=\"og:description\" content=\"La fuga dai carabinieri si \u00e8 conclusa con uno schianto contro un albero nel centro di Saronno e l&#039;arresto\" \/>\n<meta property=\"og:url\" content=\"https:\/\/staging.varesenews.it\/2021\/01\/unauto-fuga-si-schianta-nel-centro-saronno\/1301949\/\" \/>\n<meta property=\"og:site_name\" content=\"VareseNews\" \/>\n<meta property=\"article:publisher\" content=\"https:\/\/www.facebook.com\/varesenews\" \/>\n<meta property=\"article:published_time\" content=\"2021-01-30T20:02:48+00:00\" \/>\n<meta property=\"article:modified_time\" content=\"2021-01-31T10:14:48+00:00\" \/>\n<meta name=\"author\" content=\"Nicole Erbetti\" \/>\n<meta name=\"twitter:card\" content=\"summary_large_image\" \/>\n<meta name=\"twitter:creator\" content=\"@varesenews\" \/>\n<meta name=\"twitter:site\" content=\"@varesenews\" \/>\n<meta name=\"twitter:label1\" content=\"Scritto da\" \/>\n\t<meta name=\"twitter:data1\" content=\"Nicole Erbetti\" \/>\n\t<meta name=\"twitter:label2\" content=\"Tempo di lettura stimato\" \/>\n\t<meta name=\"twitter:data2\" content=\"1 minuto\" \/>\n<script type=\"application\/ld+json\" class=\"yoast-schema-graph\">{\"@context\":\"https:\/\/schema.org\",\"@graph\":[{\"@type\":\"WebPage\",\"@id\":\"https:\/\/staging.varesenews.it\/2021\/01\/unauto-fuga-si-schianta-nel-centro-saronno\/1301949\/\",\"url\":\"https:\/\/staging.varesenews.it\/2021\/01\/unauto-fuga-si-schianta-nel-centro-saronno\/1301949\/\",\"name\":\"Un'auto in fuga si schianta nel centro di Saronno\",\"isPartOf\":{\"@id\":\"https:\/\/staging.varesenews.it\/#website\"},\"datePublished\":\"2021-01-30T20:02:48+00:00\",\"dateModified\":\"2021-01-31T10:14:48+00:00\",\"author\":{\"@id\":\"https:\/\/staging.varesenews.it\/#\/schema\/person\/8b180378471627e56865b54b75644650\"},\"description\":\"La fuga dai carabinieri si \u00e8 conclusa con uno schianto contro un albero nel centro di Saronno e l'arresto\",\"breadcrumb\":{\"@id\":\"https:\/\/staging.varesenews.it\/2021\/01\/unauto-fuga-si-schianta-nel-centro-saronno\/1301949\/#breadcrumb\"},\"inLanguage\":\"it-IT\",\"potentialAction\":[{\"@type\":\"ReadAction\",\"target\":[\"https:\/\/staging.varesenews.it\/2021\/01\/unauto-fuga-si-schianta-nel-centro-saronno\/1301949\/\"]}]},{\"@type\":\"BreadcrumbList\",\"@id\":\"https:\/\/staging.varesenews.it\/2021\/01\/unauto-fuga-si-schianta-nel-centro-saronno\/1301949\/#breadcrumb\",\"itemListElement\":[{\"@type\":\"ListItem\",\"position\":1,\"name\":\"Home\",\"item\":\"https:\/\/www.varesenews.it\/\"},{\"@type\":\"ListItem\",\"position\":2,\"name\":\"Un&#8217;auto in fuga si schianta nel centro di Saronno\"}]},{\"@type\":\"WebSite\",\"@id\":\"https:\/\/staging.varesenews.it\/#website\",\"url\":\"https:\/\/staging.varesenews.it\/\",\"name\":\"VareseNews\",\"description\":\"\",\"potentialAction\":[{\"@type\":\"SearchAction\",\"target\":{\"@type\":\"EntryPoint\",\"urlTemplate\":\"https:\/\/staging.varesenews.it\/?s={search_term_string}\"},\"query-input\":\"required name=search_term_string\"}],\"inLanguage\":\"it-IT\"},{\"@type\":\"Person\",\"@id\":\"https:\/\/staging.varesenews.it\/#\/schema\/person\/8b180378471627e56865b54b75644650\",\"name\":\"Nicole Erbetti\",\"image\":{\"@type\":\"ImageObject\",\"inLanguage\":\"it-IT\",\"@id\":\"https:\/\/staging.varesenews.it\/#\/schema\/person\/image\/\",\"url\":\"https:\/\/staging.varesenews.it\/wp-content\/uploads\/2020\/12\/nicole_erbetti_colori_500.jpg\",\"contentUrl\":\"https:\/\/staging.varesenews.it\/wp-content\/uploads\/2020\/12\/nicole_erbetti_colori_500.jpg\",\"caption\":\"Nicole Erbetti\"},\"description\":\"Classe 1995 e una laurea in Lettere. \u201cNata\u201d a VareseNews nel 2019 e co-responsabile di MalpensaNews. Mi occupo di cronaca politica e di storie in quella biosfera a met\u00e0 tra la vecchia anima provinciale e la Milano metropolitana che \u00e8 il gallaratese: insomma, \u00e8 un po\u2019 in bilico come me. Quando non scrivo leggo, recito, contemplo il Lago Maggiore o scappo in un paesaggio alpino.\u00a0\",\"url\":\"https:\/\/staging.varesenews.it\/persona\/nicole-erbetti\/\"}]}<\/script>\n<!-- \/ Yoast SEO plugin. -->","yoast_head_json":{"title":"Un'auto in fuga si schianta nel centro di Saronno","description":"La fuga dai carabinieri si \u00e8 conclusa con uno schianto contro un albero nel centro di Saronno e l'arresto","robots":{"index":"noindex","follow":"follow","max-snippet":"max-snippet:-1","max-image-preview":"max-image-preview:large","max-video-preview":"max-video-preview:-1"},"og_locale":"it_IT","og_type":"article","og_title":"Un'auto in fuga si schianta nel centro di Saronno","og_description":"La fuga dai carabinieri si \u00e8 conclusa con uno schianto contro un albero nel centro di Saronno e l'arresto","og_url":"https:\/\/staging.varesenews.it\/2021\/01\/unauto-fuga-si-schianta-nel-centro-saronno\/1301949\/","og_site_name":"VareseNews","article_publisher":"https:\/\/www.facebook.com\/varesenews","article_published_time":"2021-01-30T20:02:48+00:00","article_modified_time":"2021-01-31T10:14:48+00:00","author":"Nicole Erbetti","twitter_card":"summary_large_image","twitter_creator":"@varesenews","twitter_site":"@varesenews","twitter_misc":{"Scritto da":"Nicole Erbetti","Tempo di lettura stimato":"1 minuto"},"schema":{"@context":"https:\/\/schema.org","@graph":[{"@type":"WebPage","@id":"https:\/\/staging.varesenews.it\/2021\/01\/unauto-fuga-si-schianta-nel-centro-saronno\/1301949\/","url":"https:\/\/staging.varesenews.it\/2021\/01\/unauto-fuga-si-schianta-nel-centro-saronno\/1301949\/","name":"Un'auto in fuga si schianta nel centro di Saronno","isPartOf":{"@id":"https:\/\/staging.varesenews.it\/#website"},"datePublished":"2021-01-30T20:02:48+00:00","dateModified":"2021-01-31T10:14:48+00:00","author":{"@id":"https:\/\/staging.varesenews.it\/#\/schema\/person\/8b180378471627e56865b54b75644650"},"description":"La fuga dai carabinieri si \u00e8 conclusa con uno schianto contro un albero nel centro di Saronno e l'arresto","breadcrumb":{"@id":"https:\/\/staging.varesenews.it\/2021\/01\/unauto-fuga-si-schianta-nel-centro-saronno\/1301949\/#breadcrumb"},"inLanguage":"it-IT","potentialAction":[{"@type":"ReadAction","target":["https:\/\/staging.varesenews.it\/2021\/01\/unauto-fuga-si-schianta-nel-centro-saronno\/1301949\/"]}]},{"@type":"BreadcrumbList","@id":"https:\/\/staging.varesenews.it\/2021\/01\/unauto-fuga-si-schianta-nel-centro-saronno\/1301949\/#breadcrumb","itemListElement":[{"@type":"ListItem","position":1,"name":"Home","item":"https:\/\/www.varesenews.it\/"},{"@type":"ListItem","position":2,"name":"Un&#8217;auto in fuga si schianta nel centro di Saronno"}]},{"@type":"WebSite","@id":"https:\/\/staging.varesenews.it\/#website","url":"https:\/\/staging.varesenews.it\/","name":"VareseNews","description":"","potentialAction":[{"@type":"SearchAction","target":{"@type":"EntryPoint","urlTemplate":"https:\/\/staging.varesenews.it\/?s={search_term_string}"},"query-input":"required name=search_term_string"}],"inLanguage":"it-IT"},{"@type":"Person","@id":"https:\/\/staging.varesenews.it\/#\/schema\/person\/8b180378471627e56865b54b75644650","name":"Nicole Erbetti","image":{"@type":"ImageObject","inLanguage":"it-IT","@id":"https:\/\/staging.varesenews.it\/#\/schema\/person\/image\/","url":"https:\/\/staging.varesenews.it\/wp-content\/uploads\/2020\/12\/nicole_erbetti_colori_500.jpg","contentUrl":"https:\/\/staging.varesenews.it\/wp-content\/uploads\/2020\/12\/nicole_erbetti_colori_500.jpg","caption":"Nicole Erbetti"},"description":"Classe 1995 e una laurea in Lettere. \u201cNata\u201d a VareseNews nel 2019 e co-responsabile di MalpensaNews. Mi occupo di cronaca politica e di storie in quella biosfera a met\u00e0 tra la vecchia anima provinciale e la Milano metropolitana che \u00e8 il gallaratese: insomma, \u00e8 un po\u2019 in bilico come me. Quando non scrivo leggo, recito, contemplo il Lago Maggiore o scappo in un paesaggio alpino.\u00a0","url":"https:\/\/staging.varesenews.it\/persona\/nicole-erbetti\/"}]}},"post_meta":{"_edit_lock":"1612087986:46","_edit_last":"46","_category_permalink":"a:1:{s:8:\"category\";s:0:\"\";}","foto":"1200780","firma_come_redazione":"1","argomento":"Saronno","_yoast_wpseo_focuskw_text_input":"Saronno","_yoast_wpseo_focuskw":"Saronno","_yoast_wpseo_linkdex":"48","_yoast_wpseo_content_score":"60","_jd_tweet_this":"yes","_encloseme":"1","ratings_users":"0","ratings_score":"0","ratings_average":"0"},"photos":[{"original":"https:\/\/staging.varesenews.it\/photogallery_new\/images\/2021\/01\/schianto-saronno-centro-1200780.jpg","full":"https:\/\/staging.varesenews.it\/photogallery_new\/images\/2021\/01\/schianto-saronno-centro-1200780.1024x768.jpg","large":"https:\/\/staging.varesenews.it\/photogallery_new\/images\/2021\/01\/schianto-saronno-centro-1200780.610x431.jpg"}],"_links":{"self":[{"href":"https:\/\/staging.varesenews.it\/swgapi\/v1\/wp\/v2\/posts\/1301949"}],"collection":[{"href":"https:\/\/staging.varesenews.it\/swgapi\/v1\/wp\/v2\/posts"}],"about":[{"href":"https:\/\/staging.varesenews.it\/swgapi\/v1\/wp\/v2\/types\/post"}],"author":[{"embeddable":true,"href":"https:\/\/staging.varesenews.it\/swgapi\/v1\/wp\/v2\/users\/15866"}],"replies":[{"embeddable":true,"href":"https:\/\/staging.varesenews.it\/swgapi\/v1\/wp\/v2\/comments?post=1301949"}],"version-history":[{"count":0,"href":"https:\/\/staging.varesenews.it\/swgapi\/v1\/wp\/v2\/posts\/1301949\/revisions"}],"wp:attachment":[{"href":"https:\/\/staging.varesenews.it\/swgapi\/v1\/wp\/v2\/media?parent=1301949"}],"wp:term":[{"taxonomy":"category","embeddable":true,"href":"https:\/\/staging.varesenews.it\/swgapi\/v1\/wp\/v2\/categories?post=1301949"},{"taxonomy":"post_tag","embeddable":true,"href":"https:\/\/staging.varesenews.it\/swgapi\/v1\/wp\/v2\/tags?post=1301949"}],"curies":[{"name":"wp","href":"https:\/\/api.w.org\/{rel}","templated":true}]}}