{"id":1302311,"date":"2021-02-01T15:01:55","date_gmt":"2021-02-01T14:01:55","guid":{"rendered":"https:\/\/www.varesenews.it\/?p=1302311"},"modified":"2021-02-01T15:05:42","modified_gmt":"2021-02-01T14:05:42","slug":"piccolo-trofeo-binda-sara-griffato-valli-del-verbano","status":"publish","type":"post","link":"https:\/\/staging.varesenews.it\/2021\/02\/piccolo-trofeo-binda-sara-griffato-valli-del-verbano\/1302311\/","title":{"rendered":"Il Piccolo Trofeo Binda sar\u00e0 &#8220;griffato&#8221; Valli del Verbano"},"content":{"rendered":"<p>Avr\u00e0 un <strong>abbinamento &#8220;istituzionale&#8221; il Piccolo Trofeo Binda<\/strong>, la gara di ciclismo juniores che si disputa da alcuni anni nelle ore che precedono il Trofeo Binda vero e proprio, quello delle atlete di categoria Elite (la pi\u00f9 alta in ambito internazionale). La gara giovanile, che <strong>fa parte della Coppa delle Nazioni<\/strong> e che per questo motivo vede al via numerose squadre e atlete straniere, sar\u00e0 &#8220;griffata&#8221; dalla <strong>Comunit\u00e0 Montana Valli del Verbano<\/strong>.<\/p>\n<p>Il nome dell&#8217;ente che raduna numerosi Comuni (<strong>32, per quasi 80mila abitanti<\/strong>) che sono teatro della competizione ciclistica affiancher\u00e0 quindi in via ufficiale la denominazione della corsa che fino allo scorso anno aveva l&#8217;abbinamento &#8220;Da Moreno&#8221; e che quest&#8217;anno, insieme alla sorella maggiore, \u00e8 prevista per <strong>domenica 21 marzo<\/strong>. <div class=\"photo-inside-post\"><img decoding=\"async\" loading=\"lazy\" fetchpriority=\"low\" width=\"610\" height=\"431\" src=\"https:\/\/staging.varesenews.it\/photogallery_new\/images\/2021\/02\/simone-castoldi-mario-minervino-piccolo-trofeo-binda-1201029.610x431.jpg\" alt=\"simone castoldi mario minervino piccolo trofeo binda\"><\/div> Mario Minervino e Simone Castoldi<\/p>\n<p>\u00abQuest\u2019anno, pi\u00f9 che mai, questa manifestazione pu\u00f2 essere definita <strong>la corsa della rinascita<\/strong>, resa possibile grazie all\u2019impegno e alla professionalit\u00e0 di tutti coloro che si prodigano per organizzare l\u2019evento &#8211; ha detto il presidente della comunit\u00e0 montana, <strong>Simone Castoldi<\/strong> &#8211; Si tratta di una vetrina internazionale che offre a tutti l\u2019opportunit\u00e0 di entrare in contatto con i luoghi e le comunit\u00e0 che compongono le Valli del Verbano. Nel contempo \u00e8 <strong>un&#8217;opportunit\u00e0 per dimostrare l\u2019interesse rivolto alla pratica sportiva del ciclismo<\/strong>, che sposa appieno le linee d\u2019indirizzo delle nostre politiche di sviluppo. Quelle di un turismo sostenibile, radicato sul territorio\u00bb.<\/p>\n<p>L&#8217;accordo si \u00e8 sviluppato anche per il lavoro di <strong>Mario Minervino e della Cycling Sport Promotion<\/strong>, la societ\u00e0 che organizza le gare ciclistiche femminili.\u00a0\u00abSono molto orgoglioso di questo sviluppo del rapporto con la Comunit\u00e0 Montana Valli del Verbano &#8211; commenta Minervino &#8211; Da sempre la <strong>Comunit\u00e0 Montana sostiene il nostro lavoro di promozione dello sport e del nostro territorio<\/strong> che la corsa mette in risalto soprattutto grazie alle immagini televisive. Siamo nella fase della ripartenza e la provincia di Varese \u00e8 pronta ad offrire la scenografia per il turismo pi\u00f9 responsabile ed esigente. Qui abbiamo tutte le prerogative per ripartire di scatto. Alla corsa delle junior sono gi\u00e0 iscritte <strong>24 squadre, le pi\u00f9 forti al mondo<\/strong>, tra cui dieci rappresentative nazionali\u00bb.<\/p>\n<blockquote class=\"wp-embedded-content\" data-secret=\"5R8Wx2gclq\"><p><a href=\"https:\/\/www.varesenews.it\/2021\/01\/trofeo-binda-pronti-percorsi-partenza-cocquio-arrivo-cittiglio\/1296124\/\">Trofeo Binda, pronti i percorsi: partenza a Cocquio, arrivo a Cittiglio<\/a><\/p><\/blockquote>\n<p><iframe class=\"wp-embedded-content\" sandbox=\"allow-scripts\" security=\"restricted\" style=\"position: absolute; clip: rect(1px, 1px, 1px, 1px);\" src=\"https:\/\/www.varesenews.it\/2021\/01\/trofeo-binda-pronti-percorsi-partenza-cocquio-arrivo-cittiglio\/1296124\/embed\/#?secret=5R8Wx2gclq\" data-secret=\"5R8Wx2gclq\" width=\"500\" height=\"282\" title=\"&#8220;Trofeo Binda, pronti i percorsi: partenza a Cocquio, arrivo a Cittiglio&#8221; &#8212; VareseNews\" frameborder=\"0\" marginwidth=\"0\" marginheight=\"0\" scrolling=\"no\"><\/iframe><\/p>\n","protected":false},"excerpt":{"rendered":"<p>La Comunit\u00e0 Montana dar\u00e0 il nome alla gara juniores internazionale di domenica 21 marzo, consueto &#8220;antipasto&#8221; della competizione maggiore<\/p>\n","protected":false},"author":38,"featured_media":0,"comment_status":"open","ping_status":"open","sticky":false,"template":"","format":"standard","meta":{"footnotes":""},"categories":[14,2],"tags":[398,471,6207,6208],"acf":[],"yoast_head":"<!-- This site is optimized with the Yoast SEO plugin v20.1 - https:\/\/yoast.com\/wordpress\/plugins\/seo\/ -->\n<title>Il Piccolo Trofeo Binda sar\u00e0 &quot;griffato&quot; Valli del Verbano<\/title>\n<meta name=\"description\" content=\"La Comunit\u00e0 Montana dar\u00e0 il nome alla gara juniores internazionale di domenica 21 marzo, consueto &quot;antipasto&quot; della competizione maggiore\" \/>\n<meta name=\"robots\" content=\"noindex, follow, max-snippet:-1, max-image-preview:large, max-video-preview:-1\" \/>\n<meta property=\"og:locale\" content=\"it_IT\" \/>\n<meta property=\"og:type\" content=\"article\" \/>\n<meta property=\"og:title\" content=\"Il Piccolo Trofeo Binda sar\u00e0 &quot;griffato&quot; Valli del Verbano\" \/>\n<meta property=\"og:description\" content=\"La Comunit\u00e0 Montana dar\u00e0 il nome alla gara juniores internazionale di domenica 21 marzo, consueto &quot;antipasto&quot; della competizione maggiore\" \/>\n<meta property=\"og:url\" content=\"https:\/\/staging.varesenews.it\/2021\/02\/piccolo-trofeo-binda-sara-griffato-valli-del-verbano\/1302311\/\" \/>\n<meta property=\"og:site_name\" content=\"VareseNews\" \/>\n<meta property=\"article:publisher\" content=\"https:\/\/www.facebook.com\/varesenews\" \/>\n<meta property=\"article:published_time\" content=\"2021-02-01T14:01:55+00:00\" \/>\n<meta property=\"article:modified_time\" content=\"2021-02-01T14:05:42+00:00\" \/>\n<meta name=\"author\" content=\"Damiano Franzetti\" \/>\n<meta name=\"twitter:card\" content=\"summary_large_image\" \/>\n<meta name=\"twitter:creator\" content=\"@damianofranz\" \/>\n<meta name=\"twitter:site\" content=\"@varesenews\" \/>\n<meta name=\"twitter:label1\" content=\"Scritto da\" \/>\n\t<meta name=\"twitter:data1\" content=\"Damiano Franzetti\" \/>\n\t<meta name=\"twitter:label2\" content=\"Tempo di lettura stimato\" \/>\n\t<meta name=\"twitter:data2\" content=\"2 minuti\" \/>\n<script type=\"application\/ld+json\" class=\"yoast-schema-graph\">{\"@context\":\"https:\/\/schema.org\",\"@graph\":[{\"@type\":\"WebPage\",\"@id\":\"https:\/\/staging.varesenews.it\/2021\/02\/piccolo-trofeo-binda-sara-griffato-valli-del-verbano\/1302311\/\",\"url\":\"https:\/\/staging.varesenews.it\/2021\/02\/piccolo-trofeo-binda-sara-griffato-valli-del-verbano\/1302311\/\",\"name\":\"Il Piccolo Trofeo Binda sar\u00e0 \\\"griffato\\\" Valli del Verbano\",\"isPartOf\":{\"@id\":\"https:\/\/staging.varesenews.it\/#website\"},\"datePublished\":\"2021-02-01T14:01:55+00:00\",\"dateModified\":\"2021-02-01T14:05:42+00:00\",\"author\":{\"@id\":\"https:\/\/staging.varesenews.it\/#\/schema\/person\/709ae3769f6b4dbde8ec332baede8a5b\"},\"description\":\"La Comunit\u00e0 Montana dar\u00e0 il nome alla gara juniores internazionale di domenica 21 marzo, consueto \\\"antipasto\\\" della competizione maggiore\",\"breadcrumb\":{\"@id\":\"https:\/\/staging.varesenews.it\/2021\/02\/piccolo-trofeo-binda-sara-griffato-valli-del-verbano\/1302311\/#breadcrumb\"},\"inLanguage\":\"it-IT\",\"potentialAction\":[{\"@type\":\"ReadAction\",\"target\":[\"https:\/\/staging.varesenews.it\/2021\/02\/piccolo-trofeo-binda-sara-griffato-valli-del-verbano\/1302311\/\"]}]},{\"@type\":\"BreadcrumbList\",\"@id\":\"https:\/\/staging.varesenews.it\/2021\/02\/piccolo-trofeo-binda-sara-griffato-valli-del-verbano\/1302311\/#breadcrumb\",\"itemListElement\":[{\"@type\":\"ListItem\",\"position\":1,\"name\":\"Home\",\"item\":\"https:\/\/www.varesenews.it\/\"},{\"@type\":\"ListItem\",\"position\":2,\"name\":\"Il Piccolo Trofeo Binda sar\u00e0 &#8220;griffato&#8221; Valli del Verbano\"}]},{\"@type\":\"WebSite\",\"@id\":\"https:\/\/staging.varesenews.it\/#website\",\"url\":\"https:\/\/staging.varesenews.it\/\",\"name\":\"VareseNews\",\"description\":\"\",\"potentialAction\":[{\"@type\":\"SearchAction\",\"target\":{\"@type\":\"EntryPoint\",\"urlTemplate\":\"https:\/\/staging.varesenews.it\/?s={search_term_string}\"},\"query-input\":\"required name=search_term_string\"}],\"inLanguage\":\"it-IT\"},{\"@type\":\"Person\",\"@id\":\"https:\/\/staging.varesenews.it\/#\/schema\/person\/709ae3769f6b4dbde8ec332baede8a5b\",\"name\":\"Damiano Franzetti\",\"image\":{\"@type\":\"ImageObject\",\"inLanguage\":\"it-IT\",\"@id\":\"https:\/\/staging.varesenews.it\/#\/schema\/person\/image\/\",\"url\":\"https:\/\/staging.varesenews.it\/wp-content\/uploads\/2020\/12\/damiano_franzetti_colori_500.jpg\",\"contentUrl\":\"https:\/\/staging.varesenews.it\/wp-content\/uploads\/2020\/12\/damiano_franzetti_colori_500.jpg\",\"caption\":\"Damiano Franzetti\"},\"description\":\"Classe 1976, una laurea (nel cassetto) in scienze e tecnologie alimentari; sono giornalista professionista dal 2009 nato e cresciuto con VareseNews dove mi occupo soprattutto di sport ormai da vent&rsquo;anni. Inviato sui campi (sulle piste, sulle strade...), intervistatore, coordinatore e responsabile delle pagine sportive, mi ritaglio volentieri lo spazio per scrivere di birra sul blog Malto Gradimento. Ho seguito innumerevoli campionati di Serie A di basket, di serie B di calcio, due Mondiali di ciclismo, qualche Giro d&rsquo;;Italia e tanto altro ancora. Collaboro con Tuttosport e altre testate, mi diletto di social. Ho una moglie, un figlio, vivo nella mia Gemonio e ho purtroppo smesso con il basket giocato. &nbsp;\",\"sameAs\":[\"damianofranz\",\"https:\/\/www.linkedin.com\/profile\/view?id=241597124&trk=nav_responsive_tab_profile\",\"https:\/\/twitter.com\/damianofranz\"],\"url\":\"https:\/\/staging.varesenews.it\/persona\/damiano_franzetti-2\/\"}]}<\/script>\n<!-- \/ Yoast SEO plugin. -->","yoast_head_json":{"title":"Il Piccolo Trofeo Binda sar\u00e0 \"griffato\" Valli del Verbano","description":"La Comunit\u00e0 Montana dar\u00e0 il nome alla gara juniores internazionale di domenica 21 marzo, consueto \"antipasto\" della competizione maggiore","robots":{"index":"noindex","follow":"follow","max-snippet":"max-snippet:-1","max-image-preview":"max-image-preview:large","max-video-preview":"max-video-preview:-1"},"og_locale":"it_IT","og_type":"article","og_title":"Il Piccolo Trofeo Binda sar\u00e0 \"griffato\" Valli del Verbano","og_description":"La Comunit\u00e0 Montana dar\u00e0 il nome alla gara juniores internazionale di domenica 21 marzo, consueto \"antipasto\" della competizione maggiore","og_url":"https:\/\/staging.varesenews.it\/2021\/02\/piccolo-trofeo-binda-sara-griffato-valli-del-verbano\/1302311\/","og_site_name":"VareseNews","article_publisher":"https:\/\/www.facebook.com\/varesenews","article_published_time":"2021-02-01T14:01:55+00:00","article_modified_time":"2021-02-01T14:05:42+00:00","author":"Damiano Franzetti","twitter_card":"summary_large_image","twitter_creator":"@damianofranz","twitter_site":"@varesenews","twitter_misc":{"Scritto da":"Damiano Franzetti","Tempo di lettura stimato":"2 minuti"},"schema":{"@context":"https:\/\/schema.org","@graph":[{"@type":"WebPage","@id":"https:\/\/staging.varesenews.it\/2021\/02\/piccolo-trofeo-binda-sara-griffato-valli-del-verbano\/1302311\/","url":"https:\/\/staging.varesenews.it\/2021\/02\/piccolo-trofeo-binda-sara-griffato-valli-del-verbano\/1302311\/","name":"Il Piccolo Trofeo Binda sar\u00e0 \"griffato\" Valli del Verbano","isPartOf":{"@id":"https:\/\/staging.varesenews.it\/#website"},"datePublished":"2021-02-01T14:01:55+00:00","dateModified":"2021-02-01T14:05:42+00:00","author":{"@id":"https:\/\/staging.varesenews.it\/#\/schema\/person\/709ae3769f6b4dbde8ec332baede8a5b"},"description":"La Comunit\u00e0 Montana dar\u00e0 il nome alla gara juniores internazionale di domenica 21 marzo, consueto \"antipasto\" della competizione maggiore","breadcrumb":{"@id":"https:\/\/staging.varesenews.it\/2021\/02\/piccolo-trofeo-binda-sara-griffato-valli-del-verbano\/1302311\/#breadcrumb"},"inLanguage":"it-IT","potentialAction":[{"@type":"ReadAction","target":["https:\/\/staging.varesenews.it\/2021\/02\/piccolo-trofeo-binda-sara-griffato-valli-del-verbano\/1302311\/"]}]},{"@type":"BreadcrumbList","@id":"https:\/\/staging.varesenews.it\/2021\/02\/piccolo-trofeo-binda-sara-griffato-valli-del-verbano\/1302311\/#breadcrumb","itemListElement":[{"@type":"ListItem","position":1,"name":"Home","item":"https:\/\/www.varesenews.it\/"},{"@type":"ListItem","position":2,"name":"Il Piccolo Trofeo Binda sar\u00e0 &#8220;griffato&#8221; Valli del Verbano"}]},{"@type":"WebSite","@id":"https:\/\/staging.varesenews.it\/#website","url":"https:\/\/staging.varesenews.it\/","name":"VareseNews","description":"","potentialAction":[{"@type":"SearchAction","target":{"@type":"EntryPoint","urlTemplate":"https:\/\/staging.varesenews.it\/?s={search_term_string}"},"query-input":"required name=search_term_string"}],"inLanguage":"it-IT"},{"@type":"Person","@id":"https:\/\/staging.varesenews.it\/#\/schema\/person\/709ae3769f6b4dbde8ec332baede8a5b","name":"Damiano Franzetti","image":{"@type":"ImageObject","inLanguage":"it-IT","@id":"https:\/\/staging.varesenews.it\/#\/schema\/person\/image\/","url":"https:\/\/staging.varesenews.it\/wp-content\/uploads\/2020\/12\/damiano_franzetti_colori_500.jpg","contentUrl":"https:\/\/staging.varesenews.it\/wp-content\/uploads\/2020\/12\/damiano_franzetti_colori_500.jpg","caption":"Damiano Franzetti"},"description":"Classe 1976, una laurea (nel cassetto) in scienze e tecnologie alimentari; sono giornalista professionista dal 2009 nato e cresciuto con VareseNews dove mi occupo soprattutto di sport ormai da vent&rsquo;anni. Inviato sui campi (sulle piste, sulle strade...), intervistatore, coordinatore e responsabile delle pagine sportive, mi ritaglio volentieri lo spazio per scrivere di birra sul blog Malto Gradimento. Ho seguito innumerevoli campionati di Serie A di basket, di serie B di calcio, due Mondiali di ciclismo, qualche Giro d&rsquo;;Italia e tanto altro ancora. Collaboro con Tuttosport e altre testate, mi diletto di social. Ho una moglie, un figlio, vivo nella mia Gemonio e ho purtroppo smesso con il basket giocato. &nbsp;","sameAs":["damianofranz","https:\/\/www.linkedin.com\/profile\/view?id=241597124&trk=nav_responsive_tab_profile","https:\/\/twitter.com\/damianofranz"],"url":"https:\/\/staging.varesenews.it\/persona\/damiano_franzetti-2\/"}]}},"post_meta":{"_edit_lock":"1612188610:38","_edit_last":"38","_oembed_6d607f7dfa21a696e8b892d86741f9dd":"<blockquote class=\"wp-embedded-content\" data-secret=\"HdZDeTJP7n\"><a href=\"https:\/\/www.varesenews.it\/2021\/01\/trofeo-binda-pronti-percorsi-partenza-cocquio-arrivo-cittiglio\/1296124\/\">Trofeo Binda, pronti i percorsi: partenza a Cocquio, arrivo a Cittiglio<\/a><\/blockquote><iframe class=\"wp-embedded-content\" sandbox=\"allow-scripts\" security=\"restricted\" style=\"position: absolute; clip: rect(1px, 1px, 1px, 1px);\" src=\"https:\/\/www.varesenews.it\/2021\/01\/trofeo-binda-pronti-percorsi-partenza-cocquio-arrivo-cittiglio\/1296124\/embed\/#?secret=HdZDeTJP7n\" data-secret=\"HdZDeTJP7n\" width=\"600\" height=\"338\" title=\"&#8220;Trofeo Binda, pronti i percorsi: partenza a Cocquio, arrivo a Cittiglio&#8221; &#8212; VareseNews\" frameborder=\"0\" marginwidth=\"0\" marginheight=\"0\" scrolling=\"no\"><\/iframe>","_oembed_time_6d607f7dfa21a696e8b892d86741f9dd":"1612187934","_category_permalink":"a:1:{s:8:\"category\";s:2:\"14\";}","_encloseme":"1","ratings_users":"0","ratings_score":"0","ratings_average":"0","foto":"729431","firma_come_redazione":"1","argomento":"Ciclismo","_yoast_wpseo_content_score":"30","_jd_tweet_this":"yes","_oembed_de1416b527fe1734c1331f972eee42e5":"<blockquote class=\"wp-embedded-content\" data-secret=\"5R8Wx2gclq\"><a href=\"https:\/\/www.varesenews.it\/2021\/01\/trofeo-binda-pronti-percorsi-partenza-cocquio-arrivo-cittiglio\/1296124\/\">Trofeo Binda, pronti i percorsi: partenza a Cocquio, arrivo a Cittiglio<\/a><\/blockquote><iframe class=\"wp-embedded-content\" sandbox=\"allow-scripts\" security=\"restricted\" style=\"position: absolute; clip: rect(1px, 1px, 1px, 1px);\" src=\"https:\/\/www.varesenews.it\/2021\/01\/trofeo-binda-pronti-percorsi-partenza-cocquio-arrivo-cittiglio\/1296124\/embed\/#?secret=5R8Wx2gclq\" data-secret=\"5R8Wx2gclq\" width=\"500\" height=\"282\" title=\"&#8220;Trofeo Binda, pronti i percorsi: partenza a Cocquio, arrivo a Cittiglio&#8221; &#8212; VareseNews\" frameborder=\"0\" marginwidth=\"0\" marginheight=\"0\" scrolling=\"no\"><\/iframe>","_oembed_time_de1416b527fe1734c1331f972eee42e5":"1612188120","_wpt_short_url":"https:\/\/www.varesenews.it\/2021\/02\/piccolo-trofeo-binda-sara-griffato-valli-del-verbano\/1302311\/","_wp_jd_target":"https:\/\/www.varesenews.it\/2021\/02\/piccolo-trofeo-binda-sara-griffato-valli-del-verbano\/1302311\/","_jd_wp_twitter":"a:1:{i:0;s:181:\"Il Piccolo Trofeo Binda sar\u00e0 \u201cgriffato\u201d Valli del Verbano https:\/\/www.varesenews.it\/2021\/02\/piccolo-trofeo-binda-sara-griffato-valli-del-verbano\/1302311\/ #ciclismo #trofeobinda\";}","_wpt_status_message":"Tweet inviato con successo.","_oembed_5035e9554399aec063b27edc80c6894f":"<blockquote class=\"wp-embedded-content\" data-secret=\"Mo6PLcaJMo\"><a href=\"https:\/\/www.varesenews.it\/2021\/01\/trofeo-binda-pronti-percorsi-partenza-cocquio-arrivo-cittiglio\/1296124\/\">Trofeo Binda, pronti i percorsi: partenza a Cocquio, arrivo a Cittiglio<\/a><\/blockquote><iframe class=\"wp-embedded-content\" sandbox=\"allow-scripts\" security=\"restricted\" style=\"position: absolute; clip: rect(1px, 1px, 1px, 1px);\" src=\"https:\/\/www.varesenews.it\/2021\/01\/trofeo-binda-pronti-percorsi-partenza-cocquio-arrivo-cittiglio\/1296124\/embed\/#?secret=Mo6PLcaJMo\" data-secret=\"Mo6PLcaJMo\" width=\"600\" height=\"338\" title=\"&#8220;Trofeo Binda, pronti i percorsi: partenza a Cocquio, arrivo a Cittiglio&#8221; &#8212; VareseNews\" frameborder=\"0\" marginwidth=\"0\" marginheight=\"0\" scrolling=\"no\"><\/iframe>","_oembed_time_5035e9554399aec063b27edc80c6894f":"1612188128"},"photos":[{"original":"https:\/\/staging.varesenews.it\/photogallery_new\/images\/2019\/03\/megan-jabstrab-trofeo-da-moreno-piccolo-binda-ciclismo-729431.jpg","full":"https:\/\/staging.varesenews.it\/photogallery_new\/images\/2019\/03\/megan-jabstrab-trofeo-da-moreno-piccolo-binda-ciclismo-729431.1024x768.jpg","large":"https:\/\/staging.varesenews.it\/photogallery_new\/images\/2019\/03\/megan-jabstrab-trofeo-da-moreno-piccolo-binda-ciclismo-729431.610x431.jpg"}],"_links":{"self":[{"href":"https:\/\/staging.varesenews.it\/swgapi\/v1\/wp\/v2\/posts\/1302311"}],"collection":[{"href":"https:\/\/staging.varesenews.it\/swgapi\/v1\/wp\/v2\/posts"}],"about":[{"href":"https:\/\/staging.varesenews.it\/swgapi\/v1\/wp\/v2\/types\/post"}],"author":[{"embeddable":true,"href":"https:\/\/staging.varesenews.it\/swgapi\/v1\/wp\/v2\/users\/38"}],"replies":[{"embeddable":true,"href":"https:\/\/staging.varesenews.it\/swgapi\/v1\/wp\/v2\/comments?post=1302311"}],"version-history":[{"count":0,"href":"https:\/\/staging.varesenews.it\/swgapi\/v1\/wp\/v2\/posts\/1302311\/revisions"}],"wp:attachment":[{"href":"https:\/\/staging.varesenews.it\/swgapi\/v1\/wp\/v2\/media?parent=1302311"}],"wp:term":[{"taxonomy":"category","embeddable":true,"href":"https:\/\/staging.varesenews.it\/swgapi\/v1\/wp\/v2\/categories?post=1302311"},{"taxonomy":"post_tag","embeddable":true,"href":"https:\/\/staging.varesenews.it\/swgapi\/v1\/wp\/v2\/tags?post=1302311"}],"curies":[{"name":"wp","href":"https:\/\/api.w.org\/{rel}","templated":true}]}}