{"id":1303937,"date":"2021-02-05T12:25:44","date_gmt":"2021-02-05T11:25:44","guid":{"rendered":"https:\/\/www.varesenews.it\/?p=1303937"},"modified":"2021-02-05T12:53:16","modified_gmt":"2021-02-05T11:53:16","slug":"nato-storia-un-bambino-al-microscopio","status":"publish","type":"post","link":"https:\/\/staging.varesenews.it\/2021\/02\/nato-storia-un-bambino-al-microscopio\/1303937\/","title":{"rendered":"Come sono nato? Storia di un bambino al microscopio"},"content":{"rendered":"<p>\u201cCome sono nato?\u201d I bambini fanno spesso questa domanda, ma non sempre per\u00f2 \u00e8 facile rispondere, e non sempre la risposta \u00e8 la stessa. <strong><a href=\"https:\/\/www.publistampa.com\/edizioni\/prodotto\/storia-di-un-bambino-al-microscopio\/\">&#8220;Storia di un bambino al microscopio<\/a>&#8221; \u00e8 un albo illustrato creato proprio per raccontare ai bambini nati da procreazione medicalmente assistita (Pma) come sono stati concepiti.<\/strong><br \/>\n<strong>L&#8217;idea \u00e8 di una mamma varesina,\u00a0Lucia Maroni<\/strong>, che l&#8217;ha scritto perch\u00e9 possa raggiungere altre mamme, pap\u00e0 e bambini: &#8220;Durante il percorso medico della Pma mi sono resa conto di quanta reticenza ci sia nel raccontare questa realt\u00e0 e ho pensato di dare il mio contributo per modificarne la percezione&#8221;, racconta l\u2019autrice, amante della scrittura fin dai tempi del Liceo classico Cairoli, appassionata di teatro e pedagogia.<\/p>\n<p>La Pma richiede molta pazienza e determinazione, \u00e8 una strada in salita, ma se si pu\u00f2 condividere con qualcuno diventa pi\u00f9 semplice percorrerla: &#8220;Mi piacerebbe che fosse <strong>un argomento di cui poter parlare con serenit\u00e0 e naturalezza, anche ai bambini,<\/strong> che hanno il diritto di sentirsi raccontare la propria storia con sincerit\u00e0 e tenerezza afferma Maroni &#8211; Vorrei che questo albo raggiungesse librerie, biblioteche, ospedali, consultori, perch\u00e9 i genitori che hanno affrontato questo percorso possano rispecchiarsi e trovare immagini e parole attraverso cui raccontarsi ai propri figli\u201d.<\/p>\n<div class=\"photo-inside-post\"><img decoding=\"async\" loading=\"lazy\" fetchpriority=\"low\" width=\"610\" height=\"431\" src=\"https:\/\/staging.varesenews.it\/photogallery_new\/images\/2021\/02\/generica-2020-1201808.610x431.jpg\" alt=\"Generica 2020\"><\/div>\n<p>Le illustrazioni di questo delicato albo illustrato (lettura consigliata dai 6 anni) sono state realizzate da <strong>Anna Formilan<\/strong>, una giovane illustratrice trentina esperta di letteratura per l\u2019infanzia, che ha dato forma e colore alle parole del libro.<br \/>\nIn una dimensione onirica, immersa tra cellule al microscopio che si fondono con le stelle, <strong>una piccola \u201cscintilla di desiderio\u201d diventa un \u201cbambino vero\u201d. <\/strong><\/p>\n<p>Il progetto grafico e la stampa sono stati realizzati da <strong>una piccola casa editrice indipendente, Publistampa edizioni, impresa etica certificata a basso impatto ambientale.<\/strong><br \/>\nLa pubblicazione \u00e8 stata sostenuta anche da una campagna di raccolta fondi di \u201cProduzioni dal basso\u201d: &#8220;L\u2019idea di coinvolgere i lettori nel progetto \u00e8 nata per promuovere sensibilit\u00e0 e interesse intorno al tema&#8221;, spiega Lucia Maroni prima di proporre alcuni dei commenti lasciati dai sostenitori del progetto.<\/p>\n<p>\u201cUn progetto delicato, importante, in cui si sentono tutto l\u2019amore e la fatica dell\u2019essere diventati mamma e pap\u00e0 con la PMA\u201d.<br \/>\n\u201cDa tanto mi chiedevo come trovare le parole <strong>per spiegare alle nostre gemelline quanto le abbiamo desiderate e per quanto tempo\u201d.<\/strong><br \/>\n\u201cGrazie per averci pensato. Sono appassionata di albi illustrati, ma non mi era mai venuto in mente di cercare una lettura che spiegasse alle mie bimbe quello che c\u2019\u00e8 stato prima della gioia immensa riuscire finalmente a portarle in grembo.\u201d<\/p>\n<p>&nbsp;<\/p>\n","protected":false},"excerpt":{"rendered":"<p>L&#8217;albo illustrato scritto dalla mamma varesina Lucia Maroni racconta ai bambini il percorso della procreazione assistita, a partire dal desiderio dei genitori <\/p>\n","protected":false},"author":14095,"featured_media":0,"comment_status":"open","ping_status":"open","sticky":false,"template":"","format":"standard","meta":{"footnotes":""},"categories":[23,24,2],"tags":[88185,87683,51603],"acf":[],"yoast_head":"<!-- This site is optimized with the Yoast SEO plugin v20.1 - https:\/\/yoast.com\/wordpress\/plugins\/seo\/ -->\n<title>Come sono nato? Storia di un bambino al microscopio<\/title>\n<meta name=\"description\" content=\"L&#039;albo illustrato scritto dalla mamma varesina Lucia Maroni racconta ai bambini il percorso della procreazione assistita, a partire dal desiderio dei genitori\" \/>\n<meta name=\"robots\" content=\"noindex, follow, max-snippet:-1, max-image-preview:large, max-video-preview:-1\" \/>\n<meta property=\"og:locale\" content=\"it_IT\" \/>\n<meta property=\"og:type\" content=\"article\" \/>\n<meta property=\"og:title\" content=\"Come sono nato? Storia di un bambino al microscopio\" \/>\n<meta property=\"og:description\" content=\"L&#039;albo illustrato scritto dalla mamma varesina Lucia Maroni racconta ai bambini il percorso della procreazione assistita, a partire dal desiderio dei genitori\" \/>\n<meta property=\"og:url\" content=\"https:\/\/staging.varesenews.it\/2021\/02\/nato-storia-un-bambino-al-microscopio\/1303937\/\" \/>\n<meta property=\"og:site_name\" content=\"VareseNews\" \/>\n<meta property=\"article:publisher\" content=\"https:\/\/www.facebook.com\/varesenews\" \/>\n<meta property=\"article:published_time\" content=\"2021-02-05T11:25:44+00:00\" \/>\n<meta property=\"article:modified_time\" content=\"2021-02-05T11:53:16+00:00\" \/>\n<meta name=\"author\" content=\"Lidia Romeo\" \/>\n<meta name=\"twitter:card\" content=\"summary_large_image\" \/>\n<meta name=\"twitter:creator\" content=\"@varesenews\" \/>\n<meta name=\"twitter:site\" content=\"@varesenews\" \/>\n<meta name=\"twitter:label1\" content=\"Scritto da\" \/>\n\t<meta name=\"twitter:data1\" content=\"Lidia Romeo\" \/>\n\t<meta name=\"twitter:label2\" content=\"Tempo di lettura stimato\" \/>\n\t<meta name=\"twitter:data2\" content=\"2 minuti\" \/>\n<script type=\"application\/ld+json\" class=\"yoast-schema-graph\">{\"@context\":\"https:\/\/schema.org\",\"@graph\":[{\"@type\":\"WebPage\",\"@id\":\"https:\/\/staging.varesenews.it\/2021\/02\/nato-storia-un-bambino-al-microscopio\/1303937\/\",\"url\":\"https:\/\/staging.varesenews.it\/2021\/02\/nato-storia-un-bambino-al-microscopio\/1303937\/\",\"name\":\"Come sono nato? Storia di un bambino al microscopio\",\"isPartOf\":{\"@id\":\"https:\/\/staging.varesenews.it\/#website\"},\"datePublished\":\"2021-02-05T11:25:44+00:00\",\"dateModified\":\"2021-02-05T11:53:16+00:00\",\"author\":{\"@id\":\"https:\/\/staging.varesenews.it\/#\/schema\/person\/83b39e5ac77662e18c07cdb07f0b4e7a\"},\"description\":\"L'albo illustrato scritto dalla mamma varesina Lucia Maroni racconta ai bambini il percorso della procreazione assistita, a partire dal desiderio dei genitori\",\"breadcrumb\":{\"@id\":\"https:\/\/staging.varesenews.it\/2021\/02\/nato-storia-un-bambino-al-microscopio\/1303937\/#breadcrumb\"},\"inLanguage\":\"it-IT\",\"potentialAction\":[{\"@type\":\"ReadAction\",\"target\":[\"https:\/\/staging.varesenews.it\/2021\/02\/nato-storia-un-bambino-al-microscopio\/1303937\/\"]}]},{\"@type\":\"BreadcrumbList\",\"@id\":\"https:\/\/staging.varesenews.it\/2021\/02\/nato-storia-un-bambino-al-microscopio\/1303937\/#breadcrumb\",\"itemListElement\":[{\"@type\":\"ListItem\",\"position\":1,\"name\":\"Home\",\"item\":\"https:\/\/www.varesenews.it\/\"},{\"@type\":\"ListItem\",\"position\":2,\"name\":\"Come sono nato? Storia di un bambino al microscopio\"}]},{\"@type\":\"WebSite\",\"@id\":\"https:\/\/staging.varesenews.it\/#website\",\"url\":\"https:\/\/staging.varesenews.it\/\",\"name\":\"VareseNews\",\"description\":\"\",\"potentialAction\":[{\"@type\":\"SearchAction\",\"target\":{\"@type\":\"EntryPoint\",\"urlTemplate\":\"https:\/\/staging.varesenews.it\/?s={search_term_string}\"},\"query-input\":\"required name=search_term_string\"}],\"inLanguage\":\"it-IT\"},{\"@type\":\"Person\",\"@id\":\"https:\/\/staging.varesenews.it\/#\/schema\/person\/83b39e5ac77662e18c07cdb07f0b4e7a\",\"name\":\"Lidia Romeo\",\"image\":{\"@type\":\"ImageObject\",\"inLanguage\":\"it-IT\",\"@id\":\"https:\/\/staging.varesenews.it\/#\/schema\/person\/image\/\",\"url\":\"https:\/\/staging.varesenews.it\/wp-content\/uploads\/2020\/12\/lidia_romeo_colori_500.jpg\",\"contentUrl\":\"https:\/\/staging.varesenews.it\/wp-content\/uploads\/2020\/12\/lidia_romeo_colori_500.jpg\",\"caption\":\"Lidia Romeo\"},\"description\":\"Giornalista professionista dal 2010, una laurea in Scienze politiche e tante, tantissime domande. Ascolto risposte, ne cerco altre e alcune le scrivo. Mi piacciono le chiacchiere, le idee capaci di guardare lontano e camminare in spazi aperti senza altra meta che l&rsquo;orizzonte.&nbsp;Per VareseNews sono responsabile del canale Bambini, a proposito di orizzonti ampi... quanto il futuro. &nbsp;\",\"url\":\"https:\/\/staging.varesenews.it\/persona\/lidia-romeo-a\/\"}]}<\/script>\n<!-- \/ Yoast SEO plugin. -->","yoast_head_json":{"title":"Come sono nato? Storia di un bambino al microscopio","description":"L'albo illustrato scritto dalla mamma varesina Lucia Maroni racconta ai bambini il percorso della procreazione assistita, a partire dal desiderio dei genitori","robots":{"index":"noindex","follow":"follow","max-snippet":"max-snippet:-1","max-image-preview":"max-image-preview:large","max-video-preview":"max-video-preview:-1"},"og_locale":"it_IT","og_type":"article","og_title":"Come sono nato? Storia di un bambino al microscopio","og_description":"L'albo illustrato scritto dalla mamma varesina Lucia Maroni racconta ai bambini il percorso della procreazione assistita, a partire dal desiderio dei genitori","og_url":"https:\/\/staging.varesenews.it\/2021\/02\/nato-storia-un-bambino-al-microscopio\/1303937\/","og_site_name":"VareseNews","article_publisher":"https:\/\/www.facebook.com\/varesenews","article_published_time":"2021-02-05T11:25:44+00:00","article_modified_time":"2021-02-05T11:53:16+00:00","author":"Lidia Romeo","twitter_card":"summary_large_image","twitter_creator":"@varesenews","twitter_site":"@varesenews","twitter_misc":{"Scritto da":"Lidia Romeo","Tempo di lettura stimato":"2 minuti"},"schema":{"@context":"https:\/\/schema.org","@graph":[{"@type":"WebPage","@id":"https:\/\/staging.varesenews.it\/2021\/02\/nato-storia-un-bambino-al-microscopio\/1303937\/","url":"https:\/\/staging.varesenews.it\/2021\/02\/nato-storia-un-bambino-al-microscopio\/1303937\/","name":"Come sono nato? Storia di un bambino al microscopio","isPartOf":{"@id":"https:\/\/staging.varesenews.it\/#website"},"datePublished":"2021-02-05T11:25:44+00:00","dateModified":"2021-02-05T11:53:16+00:00","author":{"@id":"https:\/\/staging.varesenews.it\/#\/schema\/person\/83b39e5ac77662e18c07cdb07f0b4e7a"},"description":"L'albo illustrato scritto dalla mamma varesina Lucia Maroni racconta ai bambini il percorso della procreazione assistita, a partire dal desiderio dei genitori","breadcrumb":{"@id":"https:\/\/staging.varesenews.it\/2021\/02\/nato-storia-un-bambino-al-microscopio\/1303937\/#breadcrumb"},"inLanguage":"it-IT","potentialAction":[{"@type":"ReadAction","target":["https:\/\/staging.varesenews.it\/2021\/02\/nato-storia-un-bambino-al-microscopio\/1303937\/"]}]},{"@type":"BreadcrumbList","@id":"https:\/\/staging.varesenews.it\/2021\/02\/nato-storia-un-bambino-al-microscopio\/1303937\/#breadcrumb","itemListElement":[{"@type":"ListItem","position":1,"name":"Home","item":"https:\/\/www.varesenews.it\/"},{"@type":"ListItem","position":2,"name":"Come sono nato? Storia di un bambino al microscopio"}]},{"@type":"WebSite","@id":"https:\/\/staging.varesenews.it\/#website","url":"https:\/\/staging.varesenews.it\/","name":"VareseNews","description":"","potentialAction":[{"@type":"SearchAction","target":{"@type":"EntryPoint","urlTemplate":"https:\/\/staging.varesenews.it\/?s={search_term_string}"},"query-input":"required name=search_term_string"}],"inLanguage":"it-IT"},{"@type":"Person","@id":"https:\/\/staging.varesenews.it\/#\/schema\/person\/83b39e5ac77662e18c07cdb07f0b4e7a","name":"Lidia Romeo","image":{"@type":"ImageObject","inLanguage":"it-IT","@id":"https:\/\/staging.varesenews.it\/#\/schema\/person\/image\/","url":"https:\/\/staging.varesenews.it\/wp-content\/uploads\/2020\/12\/lidia_romeo_colori_500.jpg","contentUrl":"https:\/\/staging.varesenews.it\/wp-content\/uploads\/2020\/12\/lidia_romeo_colori_500.jpg","caption":"Lidia Romeo"},"description":"Giornalista professionista dal 2010, una laurea in Scienze politiche e tante, tantissime domande. Ascolto risposte, ne cerco altre e alcune le scrivo. Mi piacciono le chiacchiere, le idee capaci di guardare lontano e camminare in spazi aperti senza altra meta che l&rsquo;orizzonte.&nbsp;Per VareseNews sono responsabile del canale Bambini, a proposito di orizzonti ampi... quanto il futuro. &nbsp;","url":"https:\/\/staging.varesenews.it\/persona\/lidia-romeo-a\/"}]}},"post_meta":{"_edit_lock":"1612528937:14095","_edit_last":"14095","_category_permalink":"a:1:{s:8:\"category\";s:2:\"23\";}","foto":"1201804","firma-personalizzata":"bambini@varesenews.it","nascondi_adsense":"1","argomento":"Varese","_yoast_wpseo_content_score":"30","_jd_tweet_this":"yes","_encloseme":"1","ratings_users":"0","ratings_score":"0","ratings_average":"0","_wpt_short_url":"https:\/\/www.varesenews.it\/2021\/02\/nato-storia-un-bambino-al-microscopio\/1303937\/","_wp_jd_target":"https:\/\/www.varesenews.it\/2021\/02\/nato-storia-un-bambino-al-microscopio\/1303937\/","_jd_wp_twitter":"a:1:{i:0;s:162:\"Come sono nato? Storia di un bambino al microscopio https:\/\/www.varesenews.it\/2021\/02\/nato-storia-un-bambino-al-microscopio\/1303937\/ #libriperbambini #Mammaepap\u00e0\";}","_wpt_status_message":"Tweet inviato con successo."},"photos":[{"original":"https:\/\/staging.varesenews.it\/photogallery_new\/images\/2021\/02\/generica-2020-1201804.jpg","full":"https:\/\/staging.varesenews.it\/photogallery_new\/images\/2021\/02\/generica-2020-1201804.1024x768.jpg","large":"https:\/\/staging.varesenews.it\/photogallery_new\/images\/2021\/02\/generica-2020-1201804.610x431.jpg"}],"_links":{"self":[{"href":"https:\/\/staging.varesenews.it\/swgapi\/v1\/wp\/v2\/posts\/1303937"}],"collection":[{"href":"https:\/\/staging.varesenews.it\/swgapi\/v1\/wp\/v2\/posts"}],"about":[{"href":"https:\/\/staging.varesenews.it\/swgapi\/v1\/wp\/v2\/types\/post"}],"author":[{"embeddable":true,"href":"https:\/\/staging.varesenews.it\/swgapi\/v1\/wp\/v2\/users\/14095"}],"replies":[{"embeddable":true,"href":"https:\/\/staging.varesenews.it\/swgapi\/v1\/wp\/v2\/comments?post=1303937"}],"version-history":[{"count":0,"href":"https:\/\/staging.varesenews.it\/swgapi\/v1\/wp\/v2\/posts\/1303937\/revisions"}],"wp:attachment":[{"href":"https:\/\/staging.varesenews.it\/swgapi\/v1\/wp\/v2\/media?parent=1303937"}],"wp:term":[{"taxonomy":"category","embeddable":true,"href":"https:\/\/staging.varesenews.it\/swgapi\/v1\/wp\/v2\/categories?post=1303937"},{"taxonomy":"post_tag","embeddable":true,"href":"https:\/\/staging.varesenews.it\/swgapi\/v1\/wp\/v2\/tags?post=1303937"}],"curies":[{"name":"wp","href":"https:\/\/api.w.org\/{rel}","templated":true}]}}