{"id":1307514,"date":"2021-02-15T18:32:05","date_gmt":"2021-02-15T17:32:05","guid":{"rendered":"https:\/\/www.varesenews.it\/?p=1307514"},"modified":"2021-02-15T18:32:05","modified_gmt":"2021-02-15T17:32:05","slug":"gruppo-amicizia-ragazzi-ai-fornelli-consigli-dello-chef-garzillo","status":"publish","type":"post","link":"https:\/\/staging.varesenews.it\/2021\/02\/gruppo-amicizia-ragazzi-ai-fornelli-consigli-dello-chef-garzillo\/1307514\/","title":{"rendered":"Gruppo Amicizia, i ragazzi ai fornelli con i consigli dello chef Garzillo"},"content":{"rendered":"<p>Cucinare una lasagna o un piatto di cannelloni \u00e8 sempre una buona scelta, se poi \u00e8 possibile vivere questo gesto quotidiano con i suggerimenti di uno chef, \u00e8 tutta un&#8217;altra storia.<\/p>\n<p>Questa esperienza straordinaria, e cio\u00e8 avere la consulenza di uno chef esperto, \u00e8 quanto sta accadendo ai ragazzi del <strong>Gruppo Amicizia<\/strong>. L&#8217;associazione gorlese organizza diversi laboratori, fra i quali quello di cucina, ed \u00e8 in questo spazio che \u00e8 arrivato un aiuto speciale: <strong>lo chef Alessandro Garzillo, allievo di Marchesi, ha infatti iniziato una collaborazione con la cooperativa<\/strong>\u00a0gorlese. Garzillo non \u00e8 nuovo all&#8217;impegno nel sociale: si impegna con entusiasmo con l&#8217;associazione &#8220;<a href=\"https:\/\/www.varesenews.it\/2020\/12\/dono-nel-piatto-nove-ricette-chef-garzillo-banco-solidarieta-alimentare\/1288171\/\">nonsolopane<\/a>&#8220;: a questa attivit\u00e0 si aggiunge ora quella con il Gruppo Amicizia.<br \/>\nA causa delle restrizioni anti Covid non ci potr\u00e0 essere per il momento un incontro di persona, ma collegandosi in video call, <strong>Garzillo ha iniziato a dialogare con i ragazzi e ad offrire la proprio competenza ai fornelli<\/strong>.<br \/>\n\u00abIl nostro incontro, seppur virtuale, \u00e8 andato molto bene: i ragazzi, all&#8217;interno del loro laboratorio di cucina, stavano preparando dei cannelloni &#8211; racconta chef Garzillo &#8211; Sono molto bravi e hanno trasmesso immediatamente il loro entusiasmo per queste attivit\u00e0: ho chiacchierato con loro, promettendo che, in attesa di incontrarci di persona, sar\u00f2 disponibile ogni volta che vorranno, per consigli e ricette da preparare durante i loro laboratori di cucina\u00bb.<\/p>\n<div class=\"photo-inside-post\"><img decoding=\"async\" loading=\"lazy\" fetchpriority=\"low\" width=\"610\" height=\"431\" src=\"https:\/\/staging.varesenews.it\/photogallery_new\/images\/2021\/02\/generica-2020-1203725.610x431.jpg\" alt=\"Generica 2020\"><\/div>\n<p>Lo chef si sofferma a riflettere sul valore di queste esperienze: \u00ab<strong>\u00c8 molto importante il lavoro svolto dalle associazioni di questo tipo<\/strong>: ai ragazzi &#8220;diversamente abili&#8221; occorre dare obiettivi e spronarli continuamente a esprimere il loro potenziale. Sanno fare tantissimo e, soprattutto, sanno dare tantissimo a tutti noi. Si tratta di una parte della nostra societ\u00e0 che non va esclusa, <strong>\u00e8 necessario abbattere il pregiudizio sull&#8217;handicap<\/strong>, i nostri figli devono avvicinarsi a queste realt\u00e0 perch\u00e9 ne possono trarre un insegnamento fondamentale sulla vita. Quanto spesso noi &#8220;normodotati&#8221; ci sentiamo veramente contenti di ci\u00f2 che viviamo? Con una semplice videochiamata, quei ragazzi erano felici e galvanizzati: possono insegnare a tutti noi a godere delle piccole cose e a dare rilevanza a questi momenti. A me hanno gi\u00e0 trasmesso veramente tanto\u00bb.<\/p>\n<div class=\"photo-inside-post\"><img decoding=\"async\" loading=\"lazy\" fetchpriority=\"low\" width=\"610\" height=\"431\" src=\"https:\/\/staging.varesenews.it\/photogallery_new\/images\/2021\/02\/generica-2020-1203723.610x431.jpg\" alt=\"Generica 2020\"><\/div>\n<p>A Gorla Minore, intanto, <strong>educatori e ospiti aspettano con frenesia la prossima videocall<\/strong>, come racconta l&#8217;educatrice Susanna: \u00ab\u00c8 stato veramente molto bello, i ragazzi erano contentissimi, hanno da subito iniziato a raccontarsi allo Chef, perfettamente a loro agio. Grazie a lui per questa disponibilit\u00e0 e e alla prossima: non vediamo l&#8217;ora, tra l&#8217;altro i nostri cannelloni sono venuti veramente bene grazie ai suoi consigli\u00bb.<\/p>\n","protected":false},"excerpt":{"rendered":"<p>Lo Chef Alessandro Garzillo ha iniziato una collaborazione con il &#8220;Gruppo Amicizia&#8221;, offrendo consigli culinari ai ragazzi della Cooperativa sociale gorlese <\/p>\n","protected":false},"author":5862,"featured_media":0,"comment_status":"open","ping_status":"open","sticky":false,"template":"","format":"standard","meta":{"footnotes":""},"categories":[4],"tags":[112282,58468,4354,41555,83046,1249],"acf":[],"yoast_head":"<!-- This site is optimized with the Yoast SEO plugin v20.1 - https:\/\/yoast.com\/wordpress\/plugins\/seo\/ -->\n<title>Gruppo Amicizia, i ragazzi ai fornelli con i consigli dello chef Garzillo<\/title>\n<meta name=\"description\" content=\"Lo Chef Alessandro Garzillo ha iniziato una collaborazione con il &quot;Gruppo Amicizia&quot;, offrendo consigli culinari ai ragazzi della Cooperativa sociale gorlese\" \/>\n<meta name=\"robots\" content=\"noindex, follow, max-snippet:-1, max-image-preview:large, max-video-preview:-1\" \/>\n<meta property=\"og:locale\" content=\"it_IT\" \/>\n<meta property=\"og:type\" content=\"article\" \/>\n<meta property=\"og:title\" content=\"Gruppo Amicizia, i ragazzi ai fornelli con i consigli dello chef Garzillo\" \/>\n<meta property=\"og:description\" content=\"Lo Chef Alessandro Garzillo ha iniziato una collaborazione con il &quot;Gruppo Amicizia&quot;, offrendo consigli culinari ai ragazzi della Cooperativa sociale gorlese\" \/>\n<meta property=\"og:url\" content=\"https:\/\/www.varesenews.it\/2021\/02\/gruppo-amicizia-ragazzi-ai-fornelli-consigli-dello-chef-garzillo\/1307514\/\" \/>\n<meta property=\"og:site_name\" content=\"VareseNews\" \/>\n<meta property=\"article:publisher\" content=\"https:\/\/www.facebook.com\/varesenews\" \/>\n<meta property=\"article:author\" content=\"https:\/\/www.facebook.com\/Xantippe81\" \/>\n<meta property=\"article:published_time\" content=\"2021-02-15T17:32:05+00:00\" \/>\n<meta name=\"author\" content=\"Santina Buscemi\" \/>\n<meta name=\"twitter:card\" content=\"summary_large_image\" \/>\n<meta name=\"twitter:creator\" content=\"@varesenews\" \/>\n<meta name=\"twitter:site\" content=\"@varesenews\" \/>\n<meta name=\"twitter:label1\" content=\"Scritto da\" \/>\n\t<meta name=\"twitter:data1\" content=\"Santina Buscemi\" \/>\n\t<meta name=\"twitter:label2\" content=\"Tempo di lettura stimato\" \/>\n\t<meta name=\"twitter:data2\" content=\"2 minuti\" \/>\n<script type=\"application\/ld+json\" class=\"yoast-schema-graph\">{\"@context\":\"https:\/\/schema.org\",\"@graph\":[{\"@type\":\"WebPage\",\"@id\":\"https:\/\/www.varesenews.it\/2021\/02\/gruppo-amicizia-ragazzi-ai-fornelli-consigli-dello-chef-garzillo\/1307514\/\",\"url\":\"https:\/\/www.varesenews.it\/2021\/02\/gruppo-amicizia-ragazzi-ai-fornelli-consigli-dello-chef-garzillo\/1307514\/\",\"name\":\"Gruppo Amicizia, i ragazzi ai fornelli con i consigli dello chef Garzillo\",\"isPartOf\":{\"@id\":\"https:\/\/staging.varesenews.it\/#website\"},\"datePublished\":\"2021-02-15T17:32:05+00:00\",\"dateModified\":\"2021-02-15T17:32:05+00:00\",\"author\":{\"@id\":\"https:\/\/staging.varesenews.it\/#\/schema\/person\/0598706b6114a3b5f57e159f94f442ca\"},\"description\":\"Lo Chef Alessandro Garzillo ha iniziato una collaborazione con il \\\"Gruppo Amicizia\\\", offrendo consigli culinari ai ragazzi della Cooperativa sociale gorlese\",\"breadcrumb\":{\"@id\":\"https:\/\/www.varesenews.it\/2021\/02\/gruppo-amicizia-ragazzi-ai-fornelli-consigli-dello-chef-garzillo\/1307514\/#breadcrumb\"},\"inLanguage\":\"it-IT\",\"potentialAction\":[{\"@type\":\"ReadAction\",\"target\":[\"https:\/\/www.varesenews.it\/2021\/02\/gruppo-amicizia-ragazzi-ai-fornelli-consigli-dello-chef-garzillo\/1307514\/\"]}]},{\"@type\":\"BreadcrumbList\",\"@id\":\"https:\/\/www.varesenews.it\/2021\/02\/gruppo-amicizia-ragazzi-ai-fornelli-consigli-dello-chef-garzillo\/1307514\/#breadcrumb\",\"itemListElement\":[{\"@type\":\"ListItem\",\"position\":1,\"name\":\"Home\",\"item\":\"https:\/\/www.varesenews.it\/\"},{\"@type\":\"ListItem\",\"position\":2,\"name\":\"Gruppo Amicizia, i ragazzi ai fornelli con i consigli dello chef Garzillo\"}]},{\"@type\":\"WebSite\",\"@id\":\"https:\/\/staging.varesenews.it\/#website\",\"url\":\"https:\/\/staging.varesenews.it\/\",\"name\":\"VareseNews\",\"description\":\"\",\"potentialAction\":[{\"@type\":\"SearchAction\",\"target\":{\"@type\":\"EntryPoint\",\"urlTemplate\":\"https:\/\/staging.varesenews.it\/?s={search_term_string}\"},\"query-input\":\"required name=search_term_string\"}],\"inLanguage\":\"it-IT\"},{\"@type\":\"Person\",\"@id\":\"https:\/\/staging.varesenews.it\/#\/schema\/person\/0598706b6114a3b5f57e159f94f442ca\",\"name\":\"Santina Buscemi\",\"image\":{\"@type\":\"ImageObject\",\"inLanguage\":\"it-IT\",\"@id\":\"https:\/\/staging.varesenews.it\/#\/schema\/person\/image\/\",\"url\":\"https:\/\/staging.varesenews.it\/wp-content\/uploads\/2020\/12\/santina_buscemi_colori_500.jpg\",\"contentUrl\":\"https:\/\/staging.varesenews.it\/wp-content\/uploads\/2020\/12\/santina_buscemi_colori_500.jpg\",\"caption\":\"Santina Buscemi\"},\"description\":\"Classe 81, studi sociologici e poi la scelta di seguire \\\"Editoria e scrittura\\\" alla Sapienza di Roma. Dopo la laurea sono tornata in provincia di Varese, dove ho avuto modo di cimentarmi in diverse attivit&agrave; lavorative, custodendo sempre la passione per il giornalismo. Collaboro con VareseNews da diversi anni e dal 2019 seguo i comuni della valle Olona, raccontando soprattutto dell'impegno delle associazioni che la vivono. Curo con entusiasmo il canale Facebook &ldquo;Oggi in Valle Olona&rdquo; e mi piace narrare del mondo che mi circonda e di come le persone comuni possano fare la differenza. Appena posso attraverso la provincia e vado a rilassarmi in Veddasca con un buon libro. Da qualche mese sto imparando a fare la mamma e le storie pi&ugrave; belle spero di scriverle per la mia bimba. &nbsp;\",\"sameAs\":[\"https:\/\/www.facebook.com\/Xantippe81\"],\"url\":\"https:\/\/staging.varesenews.it\/persona\/xantippe811\/\"}]}<\/script>\n<!-- \/ Yoast SEO plugin. -->","yoast_head_json":{"title":"Gruppo Amicizia, i ragazzi ai fornelli con i consigli dello chef Garzillo","description":"Lo Chef Alessandro Garzillo ha iniziato una collaborazione con il \"Gruppo Amicizia\", offrendo consigli culinari ai ragazzi della Cooperativa sociale gorlese","robots":{"index":"noindex","follow":"follow","max-snippet":"max-snippet:-1","max-image-preview":"max-image-preview:large","max-video-preview":"max-video-preview:-1"},"og_locale":"it_IT","og_type":"article","og_title":"Gruppo Amicizia, i ragazzi ai fornelli con i consigli dello chef Garzillo","og_description":"Lo Chef Alessandro Garzillo ha iniziato una collaborazione con il \"Gruppo Amicizia\", offrendo consigli culinari ai ragazzi della Cooperativa sociale gorlese","og_url":"https:\/\/www.varesenews.it\/2021\/02\/gruppo-amicizia-ragazzi-ai-fornelli-consigli-dello-chef-garzillo\/1307514\/","og_site_name":"VareseNews","article_publisher":"https:\/\/www.facebook.com\/varesenews","article_author":"https:\/\/www.facebook.com\/Xantippe81","article_published_time":"2021-02-15T17:32:05+00:00","author":"Santina Buscemi","twitter_card":"summary_large_image","twitter_creator":"@varesenews","twitter_site":"@varesenews","twitter_misc":{"Scritto da":"Santina Buscemi","Tempo di lettura stimato":"2 minuti"},"schema":{"@context":"https:\/\/schema.org","@graph":[{"@type":"WebPage","@id":"https:\/\/www.varesenews.it\/2021\/02\/gruppo-amicizia-ragazzi-ai-fornelli-consigli-dello-chef-garzillo\/1307514\/","url":"https:\/\/www.varesenews.it\/2021\/02\/gruppo-amicizia-ragazzi-ai-fornelli-consigli-dello-chef-garzillo\/1307514\/","name":"Gruppo Amicizia, i ragazzi ai fornelli con i consigli dello chef Garzillo","isPartOf":{"@id":"https:\/\/staging.varesenews.it\/#website"},"datePublished":"2021-02-15T17:32:05+00:00","dateModified":"2021-02-15T17:32:05+00:00","author":{"@id":"https:\/\/staging.varesenews.it\/#\/schema\/person\/0598706b6114a3b5f57e159f94f442ca"},"description":"Lo Chef Alessandro Garzillo ha iniziato una collaborazione con il \"Gruppo Amicizia\", offrendo consigli culinari ai ragazzi della Cooperativa sociale gorlese","breadcrumb":{"@id":"https:\/\/www.varesenews.it\/2021\/02\/gruppo-amicizia-ragazzi-ai-fornelli-consigli-dello-chef-garzillo\/1307514\/#breadcrumb"},"inLanguage":"it-IT","potentialAction":[{"@type":"ReadAction","target":["https:\/\/www.varesenews.it\/2021\/02\/gruppo-amicizia-ragazzi-ai-fornelli-consigli-dello-chef-garzillo\/1307514\/"]}]},{"@type":"BreadcrumbList","@id":"https:\/\/www.varesenews.it\/2021\/02\/gruppo-amicizia-ragazzi-ai-fornelli-consigli-dello-chef-garzillo\/1307514\/#breadcrumb","itemListElement":[{"@type":"ListItem","position":1,"name":"Home","item":"https:\/\/www.varesenews.it\/"},{"@type":"ListItem","position":2,"name":"Gruppo Amicizia, i ragazzi ai fornelli con i consigli dello chef Garzillo"}]},{"@type":"WebSite","@id":"https:\/\/staging.varesenews.it\/#website","url":"https:\/\/staging.varesenews.it\/","name":"VareseNews","description":"","potentialAction":[{"@type":"SearchAction","target":{"@type":"EntryPoint","urlTemplate":"https:\/\/staging.varesenews.it\/?s={search_term_string}"},"query-input":"required name=search_term_string"}],"inLanguage":"it-IT"},{"@type":"Person","@id":"https:\/\/staging.varesenews.it\/#\/schema\/person\/0598706b6114a3b5f57e159f94f442ca","name":"Santina Buscemi","image":{"@type":"ImageObject","inLanguage":"it-IT","@id":"https:\/\/staging.varesenews.it\/#\/schema\/person\/image\/","url":"https:\/\/staging.varesenews.it\/wp-content\/uploads\/2020\/12\/santina_buscemi_colori_500.jpg","contentUrl":"https:\/\/staging.varesenews.it\/wp-content\/uploads\/2020\/12\/santina_buscemi_colori_500.jpg","caption":"Santina Buscemi"},"description":"Classe 81, studi sociologici e poi la scelta di seguire \"Editoria e scrittura\" alla Sapienza di Roma. Dopo la laurea sono tornata in provincia di Varese, dove ho avuto modo di cimentarmi in diverse attivit&agrave; lavorative, custodendo sempre la passione per il giornalismo. Collaboro con VareseNews da diversi anni e dal 2019 seguo i comuni della valle Olona, raccontando soprattutto dell'impegno delle associazioni che la vivono. Curo con entusiasmo il canale Facebook &ldquo;Oggi in Valle Olona&rdquo; e mi piace narrare del mondo che mi circonda e di come le persone comuni possano fare la differenza. Appena posso attraverso la provincia e vado a rilassarmi in Veddasca con un buon libro. Da qualche mese sto imparando a fare la mamma e le storie pi&ugrave; belle spero di scriverle per la mia bimba. &nbsp;","sameAs":["https:\/\/www.facebook.com\/Xantippe81"],"url":"https:\/\/staging.varesenews.it\/persona\/xantippe811\/"}]}},"post_meta":{"_edit_lock":"1613410332:5862","_edit_last":"5862","_category_permalink":"a:1:{s:8:\"category\";s:0:\"\";}","argomento":"Gorla Minore","_yoast_wpseo_content_score":"30","_jd_tweet_this":"yes","foto":"1203708","_encloseme":"1","ratings_users":"0","ratings_score":"0","ratings_average":"0","_wpt_short_url":"https:\/\/www.varesenews.it\/2021\/02\/gruppo-amicizia-ragazzi-ai-fornelli-consigli-dello-chef-garzillo\/1307514\/","_wp_jd_target":"https:\/\/www.varesenews.it\/2021\/02\/gruppo-amicizia-ragazzi-ai-fornelli-consigli-dello-chef-garzillo\/1307514\/","_jd_wp_twitter":"a:1:{i:0;s:223:\"Gruppo Amicizia, i ragazzi ai fornelli con i consigli dello chef Garzillo https:\/\/www.varesenews.it\/2021\/02\/gruppo-amicizia-ragazzi-ai-fornelli-consigli-dello-chef-garzillo\/1307514\/ #disabilit\u00e0 #gorlaminore #gruppoamicizia\";}","_wpt_status_message":"Tweet inviato con successo."},"photos":[{"original":"https:\/\/staging.varesenews.it\/photogallery_new\/images\/2021\/02\/generica-2020-1203708.jpg","full":"https:\/\/staging.varesenews.it\/photogallery_new\/images\/2021\/02\/generica-2020-1203708.1024x768.jpg","large":"https:\/\/staging.varesenews.it\/photogallery_new\/images\/2021\/02\/generica-2020-1203708.610x431.jpg"}],"_links":{"self":[{"href":"https:\/\/staging.varesenews.it\/swgapi\/v1\/wp\/v2\/posts\/1307514"}],"collection":[{"href":"https:\/\/staging.varesenews.it\/swgapi\/v1\/wp\/v2\/posts"}],"about":[{"href":"https:\/\/staging.varesenews.it\/swgapi\/v1\/wp\/v2\/types\/post"}],"author":[{"embeddable":true,"href":"https:\/\/staging.varesenews.it\/swgapi\/v1\/wp\/v2\/users\/5862"}],"replies":[{"embeddable":true,"href":"https:\/\/staging.varesenews.it\/swgapi\/v1\/wp\/v2\/comments?post=1307514"}],"version-history":[{"count":0,"href":"https:\/\/staging.varesenews.it\/swgapi\/v1\/wp\/v2\/posts\/1307514\/revisions"}],"wp:attachment":[{"href":"https:\/\/staging.varesenews.it\/swgapi\/v1\/wp\/v2\/media?parent=1307514"}],"wp:term":[{"taxonomy":"category","embeddable":true,"href":"https:\/\/staging.varesenews.it\/swgapi\/v1\/wp\/v2\/categories?post=1307514"},{"taxonomy":"post_tag","embeddable":true,"href":"https:\/\/staging.varesenews.it\/swgapi\/v1\/wp\/v2\/tags?post=1307514"}],"curies":[{"name":"wp","href":"https:\/\/api.w.org\/{rel}","templated":true}]}}