{"id":1311598,"date":"2021-02-26T17:08:43","date_gmt":"2021-02-26T16:08:43","guid":{"rendered":"https:\/\/www.varesenews.it\/?p=1311598"},"modified":"2021-02-26T17:09:30","modified_gmt":"2021-02-26T16:09:30","slug":"decolla-hub-dhl-malpensa","status":"publish","type":"post","link":"https:\/\/staging.varesenews.it\/2021\/02\/decolla-hub-dhl-malpensa\/1311598\/","title":{"rendered":"&#8220;Decolla&#8221; il nuovo hub di Dhl a Malpensa"},"content":{"rendered":"<p>Dietro alla fase di <strong><a href=\"https:\/\/www.varesenews.it\/2021\/02\/inizio-2021-malpensa-perde-l87-del-traffico-la-ripresa-verra-dalle-le-low-cost\/1311144\/\">\u00abvorticoso sviluppo\u00bb<\/a> del cargo di Malpensa<\/strong> c&#8217;\u00e8 anche un grande investimento infrastrutturale: quello di Dhl, lo spedizioniere tedesco che ha aperto il suo nuovo hub sull&#8217;aeroporto intercontinentale di Milano, destinato a diventare il quarto pi\u00f9 importante in Europa per il gruppo.<\/p>\n<p>Il centro di smistamento \u00e8 di fatto <a href=\"https:\/\/www.varesenews.it\/2020\/11\/volo-malpensa-cincinnati-dhl-airbus\/1276142\/\">gi\u00e0 attivo dallo scorso autunno<\/a>, anche con un nuovo volo transatlantico verso gli Usa, e ora \u00e8 arrivato anche il momento del <strong>taglio del nastro ufficiale: la cerimonia \u00e8 fissata per venerd\u00ec 5 marzo<\/strong>.<\/p>\n<p>Un <strong>evento in digitale<\/strong> di presentazione a istituzioni, media e clienti del nuovo Hub internazionale di Malpensa &#8220;che rappresenta l\u2019intervento centrale del piano di sviluppo del Gruppo Deutsche Post DHL in Italia, la principale infrastruttura nazionale del Gruppo, la quarta in Europa, che ambisce a diventare la porta sul mondo per le imprese lombarde e italiane&#8221;.<\/span><\/p>\n<p>Interverranno il presidente di Regione Lombardia <strong>Attilio Fontana<\/strong> insieme al Ceo di Dhl Express Italy <strong>Nazzarena Franco<\/strong> e il Ceo di Dhl Express Europe <strong>Alberto Nobis<\/strong>. Previsto interventi anche\u00a0di <strong>Roy Hughes<\/strong> (vicepresidente esecutivo di Network Operations Dhl Europe), di <strong>Roberto Grassi<\/strong> dell&#8217;Unione Industriali di Varese e di alcune primarie realt\u00e0 industriali clienti di Dhl Express Italy.<\/p>\n<p>\u00c8 stato invitato a partecipare anche il Ministro dello Sviluppo Economico, On. Giancarlo Giorgetti.<\/p>\n","protected":false},"excerpt":{"rendered":"<p>L&#8217;investimento dello spedizioniere tedesco sta gi\u00e0 sostenendo il &#8220;vorticoso sviluppo&#8221; del cargo in questi mesi a Malpensa. Venerd\u00ec prossimo il &#8220;taglio del nastro&#8221; ufficiale<\/p>\n","protected":false},"author":46,"featured_media":0,"comment_status":"open","ping_status":"open","sticky":false,"template":"","format":"standard","meta":{"footnotes":""},"categories":[3],"tags":[57587],"acf":[],"yoast_head":"<!-- This site is optimized with the Yoast SEO plugin v20.1 - https:\/\/yoast.com\/wordpress\/plugins\/seo\/ -->\n<title>&quot;Decolla&quot; il nuovo hub di Dhl a Malpensa<\/title>\n<meta name=\"description\" content=\"L&#039;investimento dello spedizioniere tedesco sta gi\u00e0 sostenendo il &quot;vorticoso sviluppo&quot; del cargo in questi mesi a Malpensa. Venerd\u00ec prossimo il &quot;taglio del nastro&quot; ufficiale\" \/>\n<meta name=\"robots\" content=\"noindex, follow, max-snippet:-1, max-image-preview:large, max-video-preview:-1\" \/>\n<meta property=\"og:locale\" content=\"it_IT\" \/>\n<meta property=\"og:type\" content=\"article\" \/>\n<meta property=\"og:title\" content=\"&quot;Decolla&quot; il nuovo hub di Dhl a Malpensa\" \/>\n<meta property=\"og:description\" content=\"L&#039;investimento dello spedizioniere tedesco sta gi\u00e0 sostenendo il &quot;vorticoso sviluppo&quot; del cargo in questi mesi a Malpensa. Venerd\u00ec prossimo il &quot;taglio del nastro&quot; ufficiale\" \/>\n<meta property=\"og:url\" content=\"https:\/\/www.varesenews.it\/2021\/02\/decolla-hub-dhl-malpensa\/1311598\/\" \/>\n<meta property=\"og:site_name\" content=\"VareseNews\" \/>\n<meta property=\"article:publisher\" content=\"https:\/\/www.facebook.com\/varesenews\" \/>\n<meta property=\"article:published_time\" content=\"2021-02-26T16:08:43+00:00\" \/>\n<meta property=\"article:modified_time\" content=\"2021-02-26T16:09:30+00:00\" \/>\n<meta name=\"author\" content=\"Roberto Morandi\" \/>\n<meta name=\"twitter:card\" content=\"summary_large_image\" \/>\n<meta name=\"twitter:creator\" content=\"@ilmorands\" \/>\n<meta name=\"twitter:site\" content=\"@varesenews\" \/>\n<meta name=\"twitter:label1\" content=\"Scritto da\" \/>\n\t<meta name=\"twitter:data1\" content=\"Roberto Morandi\" \/>\n\t<meta name=\"twitter:label2\" content=\"Tempo di lettura stimato\" \/>\n\t<meta name=\"twitter:data2\" content=\"1 minuto\" \/>\n<script type=\"application\/ld+json\" class=\"yoast-schema-graph\">{\"@context\":\"https:\/\/schema.org\",\"@graph\":[{\"@type\":\"WebPage\",\"@id\":\"https:\/\/www.varesenews.it\/2021\/02\/decolla-hub-dhl-malpensa\/1311598\/\",\"url\":\"https:\/\/www.varesenews.it\/2021\/02\/decolla-hub-dhl-malpensa\/1311598\/\",\"name\":\"\\\"Decolla\\\" il nuovo hub di Dhl a Malpensa\",\"isPartOf\":{\"@id\":\"https:\/\/staging.varesenews.it\/#website\"},\"datePublished\":\"2021-02-26T16:08:43+00:00\",\"dateModified\":\"2021-02-26T16:09:30+00:00\",\"author\":{\"@id\":\"https:\/\/staging.varesenews.it\/#\/schema\/person\/efe592ae4c76536b551f89d8b6674bc3\"},\"description\":\"L'investimento dello spedizioniere tedesco sta gi\u00e0 sostenendo il \\\"vorticoso sviluppo\\\" del cargo in questi mesi a Malpensa. Venerd\u00ec prossimo il \\\"taglio del nastro\\\" ufficiale\",\"breadcrumb\":{\"@id\":\"https:\/\/www.varesenews.it\/2021\/02\/decolla-hub-dhl-malpensa\/1311598\/#breadcrumb\"},\"inLanguage\":\"it-IT\",\"potentialAction\":[{\"@type\":\"ReadAction\",\"target\":[\"https:\/\/www.varesenews.it\/2021\/02\/decolla-hub-dhl-malpensa\/1311598\/\"]}]},{\"@type\":\"BreadcrumbList\",\"@id\":\"https:\/\/www.varesenews.it\/2021\/02\/decolla-hub-dhl-malpensa\/1311598\/#breadcrumb\",\"itemListElement\":[{\"@type\":\"ListItem\",\"position\":1,\"name\":\"Home\",\"item\":\"https:\/\/www.varesenews.it\/\"},{\"@type\":\"ListItem\",\"position\":2,\"name\":\"&#8220;Decolla&#8221; il nuovo hub di Dhl a Malpensa\"}]},{\"@type\":\"WebSite\",\"@id\":\"https:\/\/staging.varesenews.it\/#website\",\"url\":\"https:\/\/staging.varesenews.it\/\",\"name\":\"VareseNews\",\"description\":\"\",\"potentialAction\":[{\"@type\":\"SearchAction\",\"target\":{\"@type\":\"EntryPoint\",\"urlTemplate\":\"https:\/\/staging.varesenews.it\/?s={search_term_string}\"},\"query-input\":\"required name=search_term_string\"}],\"inLanguage\":\"it-IT\"},{\"@type\":\"Person\",\"@id\":\"https:\/\/staging.varesenews.it\/#\/schema\/person\/efe592ae4c76536b551f89d8b6674bc3\",\"name\":\"Roberto Morandi\",\"image\":{\"@type\":\"ImageObject\",\"inLanguage\":\"it-IT\",\"@id\":\"https:\/\/staging.varesenews.it\/#\/schema\/person\/image\/\",\"url\":\"https:\/\/staging.varesenews.it\/wp-content\/uploads\/2020\/12\/roberto_morandi_colori_500.jpg\",\"contentUrl\":\"https:\/\/staging.varesenews.it\/wp-content\/uploads\/2020\/12\/roberto_morandi_colori_500.jpg\",\"caption\":\"Roberto Morandi\"},\"description\":\"Classe 1980, laureato in storia, mi occupo dell&rsquo;area di Gallarate e di Malpensa, di trasporti e mobilit&agrave;. Amo molto la dimensione della citt&agrave;, come luogo d&rsquo;incontro di persone diverse e come organismo che si trasforma costantemente. Mi piace anche raccontare le piccole e grandi vicende, anche locali, che compongono la Storia con la S maiuscola. Appassionato di bicicletta: la macchina perfetta per muoversi in citt&agrave; e per viaggiare.\",\"sameAs\":[\"https:\/\/twitter.com\/ilmorands\"],\"url\":\"https:\/\/staging.varesenews.it\/persona\/roberto-morandi1\/\"}]}<\/script>\n<!-- \/ Yoast SEO plugin. -->","yoast_head_json":{"title":"\"Decolla\" il nuovo hub di Dhl a Malpensa","description":"L'investimento dello spedizioniere tedesco sta gi\u00e0 sostenendo il \"vorticoso sviluppo\" del cargo in questi mesi a Malpensa. Venerd\u00ec prossimo il \"taglio del nastro\" ufficiale","robots":{"index":"noindex","follow":"follow","max-snippet":"max-snippet:-1","max-image-preview":"max-image-preview:large","max-video-preview":"max-video-preview:-1"},"og_locale":"it_IT","og_type":"article","og_title":"\"Decolla\" il nuovo hub di Dhl a Malpensa","og_description":"L'investimento dello spedizioniere tedesco sta gi\u00e0 sostenendo il \"vorticoso sviluppo\" del cargo in questi mesi a Malpensa. Venerd\u00ec prossimo il \"taglio del nastro\" ufficiale","og_url":"https:\/\/www.varesenews.it\/2021\/02\/decolla-hub-dhl-malpensa\/1311598\/","og_site_name":"VareseNews","article_publisher":"https:\/\/www.facebook.com\/varesenews","article_published_time":"2021-02-26T16:08:43+00:00","article_modified_time":"2021-02-26T16:09:30+00:00","author":"Roberto Morandi","twitter_card":"summary_large_image","twitter_creator":"@ilmorands","twitter_site":"@varesenews","twitter_misc":{"Scritto da":"Roberto Morandi","Tempo di lettura stimato":"1 minuto"},"schema":{"@context":"https:\/\/schema.org","@graph":[{"@type":"WebPage","@id":"https:\/\/www.varesenews.it\/2021\/02\/decolla-hub-dhl-malpensa\/1311598\/","url":"https:\/\/www.varesenews.it\/2021\/02\/decolla-hub-dhl-malpensa\/1311598\/","name":"\"Decolla\" il nuovo hub di Dhl a Malpensa","isPartOf":{"@id":"https:\/\/staging.varesenews.it\/#website"},"datePublished":"2021-02-26T16:08:43+00:00","dateModified":"2021-02-26T16:09:30+00:00","author":{"@id":"https:\/\/staging.varesenews.it\/#\/schema\/person\/efe592ae4c76536b551f89d8b6674bc3"},"description":"L'investimento dello spedizioniere tedesco sta gi\u00e0 sostenendo il \"vorticoso sviluppo\" del cargo in questi mesi a Malpensa. Venerd\u00ec prossimo il \"taglio del nastro\" ufficiale","breadcrumb":{"@id":"https:\/\/www.varesenews.it\/2021\/02\/decolla-hub-dhl-malpensa\/1311598\/#breadcrumb"},"inLanguage":"it-IT","potentialAction":[{"@type":"ReadAction","target":["https:\/\/www.varesenews.it\/2021\/02\/decolla-hub-dhl-malpensa\/1311598\/"]}]},{"@type":"BreadcrumbList","@id":"https:\/\/www.varesenews.it\/2021\/02\/decolla-hub-dhl-malpensa\/1311598\/#breadcrumb","itemListElement":[{"@type":"ListItem","position":1,"name":"Home","item":"https:\/\/www.varesenews.it\/"},{"@type":"ListItem","position":2,"name":"&#8220;Decolla&#8221; il nuovo hub di Dhl a Malpensa"}]},{"@type":"WebSite","@id":"https:\/\/staging.varesenews.it\/#website","url":"https:\/\/staging.varesenews.it\/","name":"VareseNews","description":"","potentialAction":[{"@type":"SearchAction","target":{"@type":"EntryPoint","urlTemplate":"https:\/\/staging.varesenews.it\/?s={search_term_string}"},"query-input":"required name=search_term_string"}],"inLanguage":"it-IT"},{"@type":"Person","@id":"https:\/\/staging.varesenews.it\/#\/schema\/person\/efe592ae4c76536b551f89d8b6674bc3","name":"Roberto Morandi","image":{"@type":"ImageObject","inLanguage":"it-IT","@id":"https:\/\/staging.varesenews.it\/#\/schema\/person\/image\/","url":"https:\/\/staging.varesenews.it\/wp-content\/uploads\/2020\/12\/roberto_morandi_colori_500.jpg","contentUrl":"https:\/\/staging.varesenews.it\/wp-content\/uploads\/2020\/12\/roberto_morandi_colori_500.jpg","caption":"Roberto Morandi"},"description":"Classe 1980, laureato in storia, mi occupo dell&rsquo;area di Gallarate e di Malpensa, di trasporti e mobilit&agrave;. Amo molto la dimensione della citt&agrave;, come luogo d&rsquo;incontro di persone diverse e come organismo che si trasforma costantemente. Mi piace anche raccontare le piccole e grandi vicende, anche locali, che compongono la Storia con la S maiuscola. Appassionato di bicicletta: la macchina perfetta per muoversi in citt&agrave; e per viaggiare.","sameAs":["https:\/\/twitter.com\/ilmorands"],"url":"https:\/\/staging.varesenews.it\/persona\/roberto-morandi1\/"}]}},"post_meta":{"_edit_lock":"1614356207:46","_edit_last":"46","_category_permalink":"a:1:{s:8:\"category\";s:1:\"3\";}","_encloseme":"1","ratings_users":"0","ratings_score":"0","ratings_average":"0","foto":"1184833","firma_come_redazione":"1","argomento":"Malpensa","_yoast_wpseo_content_score":"30","_jd_tweet_this":"yes","_wpt_short_url":"https:\/\/www.varesenews.it\/2021\/02\/decolla-hub-dhl-malpensa\/1311598\/","_wp_jd_target":"https:\/\/www.varesenews.it\/2021\/02\/decolla-hub-dhl-malpensa\/1311598\/","_jd_wp_twitter":"a:1:{i:0;s:117:\"\u201cDecolla\u201d il nuovo hub di Dhl a Malpensa https:\/\/www.varesenews.it\/2021\/02\/decolla-hub-dhl-malpensa\/1311598\/ #dhl\";}","_wpt_status_message":"Tweet inviato con successo.","id_leggi_anche":"1345270"},"photos":[{"original":"https:\/\/staging.varesenews.it\/photogallery_new\/images\/2020\/10\/hub-dhl-express-malpensa-1184833.jpg","full":"https:\/\/staging.varesenews.it\/photogallery_new\/images\/2020\/10\/hub-dhl-express-malpensa-1184833.1024x768.jpg","large":"https:\/\/staging.varesenews.it\/photogallery_new\/images\/2020\/10\/hub-dhl-express-malpensa-1184833.610x431.jpg"}],"_links":{"self":[{"href":"https:\/\/staging.varesenews.it\/swgapi\/v1\/wp\/v2\/posts\/1311598"}],"collection":[{"href":"https:\/\/staging.varesenews.it\/swgapi\/v1\/wp\/v2\/posts"}],"about":[{"href":"https:\/\/staging.varesenews.it\/swgapi\/v1\/wp\/v2\/types\/post"}],"author":[{"embeddable":true,"href":"https:\/\/staging.varesenews.it\/swgapi\/v1\/wp\/v2\/users\/46"}],"replies":[{"embeddable":true,"href":"https:\/\/staging.varesenews.it\/swgapi\/v1\/wp\/v2\/comments?post=1311598"}],"version-history":[{"count":0,"href":"https:\/\/staging.varesenews.it\/swgapi\/v1\/wp\/v2\/posts\/1311598\/revisions"}],"wp:attachment":[{"href":"https:\/\/staging.varesenews.it\/swgapi\/v1\/wp\/v2\/media?parent=1311598"}],"wp:term":[{"taxonomy":"category","embeddable":true,"href":"https:\/\/staging.varesenews.it\/swgapi\/v1\/wp\/v2\/categories?post=1311598"},{"taxonomy":"post_tag","embeddable":true,"href":"https:\/\/staging.varesenews.it\/swgapi\/v1\/wp\/v2\/tags?post=1311598"}],"curies":[{"name":"wp","href":"https:\/\/api.w.org\/{rel}","templated":true}]}}