{"id":1311611,"date":"2021-02-26T17:09:57","date_gmt":"2021-02-26T16:09:57","guid":{"rendered":"https:\/\/www.varesenews.it\/?p=1311611"},"modified":"2021-02-26T17:09:57","modified_gmt":"2021-02-26T16:09:57","slug":"controlli-della-velocita-canton-ticino-2","status":"publish","type":"post","link":"https:\/\/staging.varesenews.it\/2021\/02\/controlli-della-velocita-canton-ticino-2\/1311611\/","title":{"rendered":"Una settimana di controlli della velocit\u00e0 sulle strade del Canton Ticino"},"content":{"rendered":"<p>La Polizia cantonale comunica le localit\u00e0 dove saranno effettuati controlli della velocit\u00e0 mobili e semi-stazionari <strong>nel corso della settimana dal 1\u00b0 al 7 marzo:<\/strong><\/p>\n<p><strong>Distretto di Blenio<\/strong> \uf0b7 Dongio<\/p>\n<p><strong>Distretto di Riviera<\/strong> \uf0b7 Iragna<\/p>\n<p><strong>Distretto di Bellinzona<\/strong> \uf0b7 Carasso \uf0b7 Bellinzona \uf0b7 Claro \uf0b7 Cadenazzo \uf0b7 Gudo \uf0b7 Giubiasco<\/p>\n<p><strong>Distretto di Locarno<\/strong> \uf0b7 Losone \uf0b7 Ascona \uf0b7 Brissago \uf0b7 Arcegno \uf0b7 Muralto \uf0b7 Piazzogna \uf0b7 Riazzino \uf0b7 Gordola \uf0b7 Vira Gambarogno<\/p>\n<p><strong>Distretto di Lugano<\/strong> \uf0b7 Cadro \uf0b7 Lamone \uf0b7 Cassarate \uf0b7 Davesco Soragno<\/p>\n<p><strong>Distretto di Mendrisio<\/strong> \uf0b7 Chiasso \uf0b7 Ligornetto \uf0b7 Rancate \uf0b7 Mendrisio \uf0b7 Castel San Pietro \uf0b7 Coldrerio \uf0b7 Arzo \uf0b7 Novazzano \uf0b7 Balerna \uf0b7 Morbio Inferiore<\/p>\n<p><strong>Controlli della velocit\u00e0 semi-stazionari<\/strong> \uf0b7 Ruvigliana \uf0b7 Maggia<\/p>\n","protected":false},"excerpt":{"rendered":"<p>Le localit\u00e0 dove saranno effettuati controlli della velocit\u00e0 mobili e semi-stazionari nel corso della settimana dal 1\u00b0 al 7 marzo<\/p>\n","protected":false},"author":44,"featured_media":0,"comment_status":"open","ping_status":"open","sticky":false,"template":"","format":"standard","meta":{"footnotes":""},"categories":[8],"tags":[73935,90605,1796],"acf":[],"yoast_head":"<!-- This site is optimized with the Yoast SEO plugin v20.1 - https:\/\/yoast.com\/wordpress\/plugins\/seo\/ -->\n<title>Una settimana di controlli della velocit\u00e0 sulle strade del Canton Ticino<\/title>\n<meta name=\"description\" content=\"Le localit\u00e0 dove saranno effettuati controlli della velocit\u00e0 mobili e semi-stazionari nel corso della settimana dal 1\u00b0 al 7 marzo\" \/>\n<meta name=\"robots\" content=\"noindex, follow, max-snippet:-1, max-image-preview:large, max-video-preview:-1\" \/>\n<meta property=\"og:locale\" content=\"it_IT\" \/>\n<meta property=\"og:type\" content=\"article\" \/>\n<meta property=\"og:title\" content=\"Una settimana di controlli della velocit\u00e0 sulle strade del Canton Ticino\" \/>\n<meta property=\"og:description\" content=\"Le localit\u00e0 dove saranno effettuati controlli della velocit\u00e0 mobili e semi-stazionari nel corso della settimana dal 1\u00b0 al 7 marzo\" \/>\n<meta property=\"og:url\" content=\"https:\/\/staging.varesenews.it\/2021\/02\/controlli-della-velocita-canton-ticino-2\/1311611\/\" \/>\n<meta property=\"og:site_name\" content=\"VareseNews\" \/>\n<meta property=\"article:publisher\" content=\"https:\/\/www.facebook.com\/varesenews\" \/>\n<meta property=\"article:author\" content=\"https:\/\/www.facebook.com\/mariangela.gerletti\" \/>\n<meta property=\"article:published_time\" content=\"2021-02-26T16:09:57+00:00\" \/>\n<meta name=\"author\" content=\"Mariangela Gerletti\" \/>\n<meta name=\"twitter:card\" content=\"summary_large_image\" \/>\n<meta name=\"twitter:creator\" content=\"@MariGerletti\" \/>\n<meta name=\"twitter:site\" content=\"@varesenews\" \/>\n<meta name=\"twitter:label1\" content=\"Scritto da\" \/>\n\t<meta name=\"twitter:data1\" content=\"Mariangela Gerletti\" \/>\n<script type=\"application\/ld+json\" class=\"yoast-schema-graph\">{\"@context\":\"https:\/\/schema.org\",\"@graph\":[{\"@type\":\"WebPage\",\"@id\":\"https:\/\/staging.varesenews.it\/2021\/02\/controlli-della-velocita-canton-ticino-2\/1311611\/\",\"url\":\"https:\/\/staging.varesenews.it\/2021\/02\/controlli-della-velocita-canton-ticino-2\/1311611\/\",\"name\":\"Una settimana di controlli della velocit\u00e0 sulle strade del Canton Ticino\",\"isPartOf\":{\"@id\":\"https:\/\/staging.varesenews.it\/#website\"},\"datePublished\":\"2021-02-26T16:09:57+00:00\",\"dateModified\":\"2021-02-26T16:09:57+00:00\",\"author\":{\"@id\":\"https:\/\/staging.varesenews.it\/#\/schema\/person\/14f52876ea19bc10d0d2717b6e8f9b89\"},\"description\":\"Le localit\u00e0 dove saranno effettuati controlli della velocit\u00e0 mobili e semi-stazionari nel corso della settimana dal 1\u00b0 al 7 marzo\",\"breadcrumb\":{\"@id\":\"https:\/\/staging.varesenews.it\/2021\/02\/controlli-della-velocita-canton-ticino-2\/1311611\/#breadcrumb\"},\"inLanguage\":\"it-IT\",\"potentialAction\":[{\"@type\":\"ReadAction\",\"target\":[\"https:\/\/staging.varesenews.it\/2021\/02\/controlli-della-velocita-canton-ticino-2\/1311611\/\"]}]},{\"@type\":\"BreadcrumbList\",\"@id\":\"https:\/\/staging.varesenews.it\/2021\/02\/controlli-della-velocita-canton-ticino-2\/1311611\/#breadcrumb\",\"itemListElement\":[{\"@type\":\"ListItem\",\"position\":1,\"name\":\"Home\",\"item\":\"https:\/\/www.varesenews.it\/\"},{\"@type\":\"ListItem\",\"position\":2,\"name\":\"Una settimana di controlli della velocit\u00e0 sulle strade del Canton Ticino\"}]},{\"@type\":\"WebSite\",\"@id\":\"https:\/\/staging.varesenews.it\/#website\",\"url\":\"https:\/\/staging.varesenews.it\/\",\"name\":\"VareseNews\",\"description\":\"\",\"potentialAction\":[{\"@type\":\"SearchAction\",\"target\":{\"@type\":\"EntryPoint\",\"urlTemplate\":\"https:\/\/staging.varesenews.it\/?s={search_term_string}\"},\"query-input\":\"required name=search_term_string\"}],\"inLanguage\":\"it-IT\"},{\"@type\":\"Person\",\"@id\":\"https:\/\/staging.varesenews.it\/#\/schema\/person\/14f52876ea19bc10d0d2717b6e8f9b89\",\"name\":\"Mariangela Gerletti\",\"image\":{\"@type\":\"ImageObject\",\"inLanguage\":\"it-IT\",\"@id\":\"https:\/\/staging.varesenews.it\/#\/schema\/person\/image\/\",\"url\":\"https:\/\/staging.varesenews.it\/wp-content\/uploads\/2020\/12\/mariangela.jpeg\",\"contentUrl\":\"https:\/\/staging.varesenews.it\/wp-content\/uploads\/2020\/12\/mariangela.jpeg\",\"caption\":\"Mariangela Gerletti\"},\"description\":\"Da pi&ugrave; di trent'anni mi occupo di giornalismo e comunicazione Varesenews &egrave; il luogo dove ho trovato la passione, l'attenzione e le persone che ogni giorno mi fanno amare un po' di pi&ugrave; questo lavoro di cui non mi stanco mai. Far parte della redazione di Varesenews &egrave; un onore, sostenere il progetto della membership &egrave; un piacere perch&eacute; mi fa sentire ancora pi&ugrave; vicina alla grande comunit&agrave; dei nostri lettori.\",\"sameAs\":[\"https:\/\/www.facebook.com\/mariangela.gerletti\",\"marigerletti\",\"https:\/\/twitter.com\/MariGerletti\"],\"url\":\"https:\/\/staging.varesenews.it\/persona\/mariangela-gerletti1\/\"}]}<\/script>\n<!-- \/ Yoast SEO plugin. -->","yoast_head_json":{"title":"Una settimana di controlli della velocit\u00e0 sulle strade del Canton Ticino","description":"Le localit\u00e0 dove saranno effettuati controlli della velocit\u00e0 mobili e semi-stazionari nel corso della settimana dal 1\u00b0 al 7 marzo","robots":{"index":"noindex","follow":"follow","max-snippet":"max-snippet:-1","max-image-preview":"max-image-preview:large","max-video-preview":"max-video-preview:-1"},"og_locale":"it_IT","og_type":"article","og_title":"Una settimana di controlli della velocit\u00e0 sulle strade del Canton Ticino","og_description":"Le localit\u00e0 dove saranno effettuati controlli della velocit\u00e0 mobili e semi-stazionari nel corso della settimana dal 1\u00b0 al 7 marzo","og_url":"https:\/\/staging.varesenews.it\/2021\/02\/controlli-della-velocita-canton-ticino-2\/1311611\/","og_site_name":"VareseNews","article_publisher":"https:\/\/www.facebook.com\/varesenews","article_author":"https:\/\/www.facebook.com\/mariangela.gerletti","article_published_time":"2021-02-26T16:09:57+00:00","author":"Mariangela Gerletti","twitter_card":"summary_large_image","twitter_creator":"@MariGerletti","twitter_site":"@varesenews","twitter_misc":{"Scritto da":"Mariangela Gerletti"},"schema":{"@context":"https:\/\/schema.org","@graph":[{"@type":"WebPage","@id":"https:\/\/staging.varesenews.it\/2021\/02\/controlli-della-velocita-canton-ticino-2\/1311611\/","url":"https:\/\/staging.varesenews.it\/2021\/02\/controlli-della-velocita-canton-ticino-2\/1311611\/","name":"Una settimana di controlli della velocit\u00e0 sulle strade del Canton Ticino","isPartOf":{"@id":"https:\/\/staging.varesenews.it\/#website"},"datePublished":"2021-02-26T16:09:57+00:00","dateModified":"2021-02-26T16:09:57+00:00","author":{"@id":"https:\/\/staging.varesenews.it\/#\/schema\/person\/14f52876ea19bc10d0d2717b6e8f9b89"},"description":"Le localit\u00e0 dove saranno effettuati controlli della velocit\u00e0 mobili e semi-stazionari nel corso della settimana dal 1\u00b0 al 7 marzo","breadcrumb":{"@id":"https:\/\/staging.varesenews.it\/2021\/02\/controlli-della-velocita-canton-ticino-2\/1311611\/#breadcrumb"},"inLanguage":"it-IT","potentialAction":[{"@type":"ReadAction","target":["https:\/\/staging.varesenews.it\/2021\/02\/controlli-della-velocita-canton-ticino-2\/1311611\/"]}]},{"@type":"BreadcrumbList","@id":"https:\/\/staging.varesenews.it\/2021\/02\/controlli-della-velocita-canton-ticino-2\/1311611\/#breadcrumb","itemListElement":[{"@type":"ListItem","position":1,"name":"Home","item":"https:\/\/www.varesenews.it\/"},{"@type":"ListItem","position":2,"name":"Una settimana di controlli della velocit\u00e0 sulle strade del Canton Ticino"}]},{"@type":"WebSite","@id":"https:\/\/staging.varesenews.it\/#website","url":"https:\/\/staging.varesenews.it\/","name":"VareseNews","description":"","potentialAction":[{"@type":"SearchAction","target":{"@type":"EntryPoint","urlTemplate":"https:\/\/staging.varesenews.it\/?s={search_term_string}"},"query-input":"required name=search_term_string"}],"inLanguage":"it-IT"},{"@type":"Person","@id":"https:\/\/staging.varesenews.it\/#\/schema\/person\/14f52876ea19bc10d0d2717b6e8f9b89","name":"Mariangela Gerletti","image":{"@type":"ImageObject","inLanguage":"it-IT","@id":"https:\/\/staging.varesenews.it\/#\/schema\/person\/image\/","url":"https:\/\/staging.varesenews.it\/wp-content\/uploads\/2020\/12\/mariangela.jpeg","contentUrl":"https:\/\/staging.varesenews.it\/wp-content\/uploads\/2020\/12\/mariangela.jpeg","caption":"Mariangela Gerletti"},"description":"Da pi&ugrave; di trent'anni mi occupo di giornalismo e comunicazione Varesenews &egrave; il luogo dove ho trovato la passione, l'attenzione e le persone che ogni giorno mi fanno amare un po' di pi&ugrave; questo lavoro di cui non mi stanco mai. Far parte della redazione di Varesenews &egrave; un onore, sostenere il progetto della membership &egrave; un piacere perch&eacute; mi fa sentire ancora pi&ugrave; vicina alla grande comunit&agrave; dei nostri lettori.","sameAs":["https:\/\/www.facebook.com\/mariangela.gerletti","marigerletti","https:\/\/twitter.com\/MariGerletti"],"url":"https:\/\/staging.varesenews.it\/persona\/mariangela-gerletti1\/"}]}},"post_meta":{"_category_permalink":"a:1:{s:8:\"category\";s:1:\"8\";}","foto":"662878","firma_come_redazione":"1","argomento":"Canton Ticino","_yoast_wpseo_content_score":"30","_jd_tweet_this":"yes","_encloseme":"1","ratings_users":"0","ratings_score":"0","ratings_average":"0","_wpt_short_url":"https:\/\/www.varesenews.it\/2020\/12\/controlli-della-velocita-sulle-strade-del-canton-ticino-saranno-radar\/1282633\/","_wp_jd_target":"https:\/\/www.varesenews.it\/2020\/12\/controlli-della-velocita-sulle-strade-del-canton-ticino-saranno-radar\/1282633\/","_jd_wp_twitter":"a:3:{i:0;s:216:\"Controlli della velocit\u00e0 sulle strade del Canton Ticino, ecco dove saranno i \u201cradar\u201d https:\/\/www.varesenews.it\/2020\/12\/controlli-della-velocita-sulle-strade-del-canton-ticino-saranno-radar\/1282633\/ #CantonTicino\";i:1;s:216:\"Controlli della velocit\u00e0 sulle strade del Canton Ticino, ecco dove saranno i \u201cradar\u201d https:\/\/www.varesenews.it\/2020\/12\/controlli-della-velocita-sulle-strade-del-canton-ticino-saranno-radar\/1282633\/ #CantonTicino\";i:2;s:200:\"Una settimana di controlli della velocit\u00e0 sulle strade del Canton Ticino https:\/\/www.varesenews.it\/2020\/12\/controlli-della-velocita-sulle-strade-del-canton-ticino-saranno-radar\/1282633\/ #CantonTicino\";}","_wpt_status_message":"Tweet inviato con successo.","_dp_original":"1309092","_edit_lock":"1614356100:44","_edit_last":"44","_wp_old_slug":"controlli-della-velocita-canton-ticino"},"photos":[{"original":"https:\/\/staging.varesenews.it\/photogallery_new\/images\/2018\/03\/radar-mobili-velocita-662878.jpg","full":"https:\/\/staging.varesenews.it\/photogallery_new\/images\/2018\/03\/radar-mobili-velocita-662878.1024x768.jpg","large":"https:\/\/staging.varesenews.it\/photogallery_new\/images\/2018\/03\/radar-mobili-velocita-662878.610x431.jpg"}],"_links":{"self":[{"href":"https:\/\/staging.varesenews.it\/swgapi\/v1\/wp\/v2\/posts\/1311611"}],"collection":[{"href":"https:\/\/staging.varesenews.it\/swgapi\/v1\/wp\/v2\/posts"}],"about":[{"href":"https:\/\/staging.varesenews.it\/swgapi\/v1\/wp\/v2\/types\/post"}],"author":[{"embeddable":true,"href":"https:\/\/staging.varesenews.it\/swgapi\/v1\/wp\/v2\/users\/44"}],"replies":[{"embeddable":true,"href":"https:\/\/staging.varesenews.it\/swgapi\/v1\/wp\/v2\/comments?post=1311611"}],"version-history":[{"count":0,"href":"https:\/\/staging.varesenews.it\/swgapi\/v1\/wp\/v2\/posts\/1311611\/revisions"}],"wp:attachment":[{"href":"https:\/\/staging.varesenews.it\/swgapi\/v1\/wp\/v2\/media?parent=1311611"}],"wp:term":[{"taxonomy":"category","embeddable":true,"href":"https:\/\/staging.varesenews.it\/swgapi\/v1\/wp\/v2\/categories?post=1311611"},{"taxonomy":"post_tag","embeddable":true,"href":"https:\/\/staging.varesenews.it\/swgapi\/v1\/wp\/v2\/tags?post=1311611"}],"curies":[{"name":"wp","href":"https:\/\/api.w.org\/{rel}","templated":true}]}}