{"id":1314549,"date":"2021-03-06T14:14:58","date_gmt":"2021-03-06T13:14:58","guid":{"rendered":"https:\/\/www.varesenews.it\/?p=1314549"},"modified":"2021-03-06T14:39:24","modified_gmt":"2021-03-06T13:39:24","slug":"la-protesta-dei-genitori-evitiamo-diventi-un-2020-bis","status":"publish","type":"post","link":"https:\/\/staging.varesenews.it\/2021\/03\/la-protesta-dei-genitori-evitiamo-diventi-un-2020-bis\/1314549\/","title":{"rendered":"La protesta dei genitori: &#8220;Evitiamo che diventi un 2020 bis&#8221;"},"content":{"rendered":"<p>&#8220;Non ci interessa contestare i metodi, non ci interessano le teorie complottiste e negazioniste, ci interessa solo dare voce alle persone in difficolt\u00e0 per <strong>trovare e proporre soluzioni diverse dalla chiusura delle scuole per i bambini perch\u00e9, come ha dimostrato il 2020, non serve a contrastare la pandemia, ma crea parecchi problemi ai bambini<\/strong>&#8220;. Cos\u00ec <strong>Chiara Pistoletti<\/strong>, mamma della primaria di Sumirago, si fa portavoce del movimento di protesta che sta nascendo in queste ore sul web e nelle chat dei genitori attorno agli hashtag #fattisentire, #iorestoascuola.<\/p>\n<p>Le scuole sono state chiuse in poche ore con l&#8217;ordinanza regionale del 4 marzo in vigore da ieri, venerd\u00ec 5 marzo, mettendo <a href=\"https:\/\/www.varesenews.it\/2021\/03\/gentile-direttore-bambina-arrabbiata\/1314443\/\">in crisi i bambini<\/a>, i genitori lavoratori, le aziende cui mamme e pap\u00e0 in massa han chiesto permessi per poter rimanere a casa ad accudire i figli e le scuole stesse, sommerse di<a href=\"https:\/\/www.varesenews.it\/2021\/03\/richieste-deroga-alla-didattica-distanza-caos\/1314213\/\"> richieste di deroga per garantire la didattica in presenza ai figli di key workers.\u00a0<\/a> &#8220;<strong>Cos\u00ec non funziona<\/strong> &#8211; spiegano i genitori &#8211; cerchiamo insieme delle soluzioni di senso e praticabili&#8221;.<\/p>\n<p>Le idee sono tante e differenti. L&#8217;obiettivo \u00e8 poter garantire al maggior numero di bambini possibile il diritto alla scuola: &#8220;Evitiamo di creare bambini di serie A e serie B tra compagni di scuola in didattica a distanza e chi invece ottiene la didattica in presenza, <strong>cechiamo di tenere aperte le scuole, dove le regole per il contenimento ci sono e vengono rispettate, valutando semmai la chiusura delle singole scuole solo come soluzione estrema in caso di dati epidemiologici contingenti che la rendano necessaria&#8221;.<\/strong><\/p>\n<p>Ragionare quindi sulle singole zone (come nel caso di Viggi\u00f9), senza generalizzare, evitando cos\u00ec di sacrificare tutti: &#8220;Abbiamo lanciato l&#8217;hashtag #fattisentire proprio perch\u00e9 vogliamo essere propositivi nel cercare insieme soluzioni diverse dalle chiusure generalizzate delle scuole, che gi\u00e0 si sono dimostrate inefficaci nel contenimento della pandemia e hanno invece gi\u00e0 causato grandi problemi ai bambini. <strong>Non vogliamo subire passivamente questa nuova decisione, non vogliamo che quest&#8217;anno si riveli un 2020 bis, vogliamo delle soluzioni alternative e contribuiremo a cercarle&#8221;.<br \/>\n<\/strong>Tra le richieste anche quelle di condividere dati precisi sui contagi che riguardano i bambini.<\/p>\n<p>Il movimento si lega a quelli presenti in rete come #prioritaallascuola, partita in primavera da Milano, cui hanno aderito, ad esempio anche<strong> i genitori della primaria Molinari di Bardello che propongono, per domenica 7 marzo una piccola manifestazione di protesta: al motto di &#8220;La scuola deve essere l&#8217;ultima a chiudere e la prima a ripartite&#8221; invitano ad appendere ai cancelli delle scuole dei disegni creati dai bambini (non arcobaleni) per ricordare i diritti dei bambini e dei ragazzi.\u00a0<\/strong><\/p>\n","protected":false},"excerpt":{"rendered":"<p>#FATTISENTIRE #IORESTOASCUOLA \u00e8 la protesta lanciata dai genitori di Sumirago. A Bardello \u00e8 annunciata una manifestazione simbolica<\/p>\n","protected":false},"author":14095,"featured_media":0,"comment_status":"open","ping_status":"open","sticky":false,"template":"","format":"standard","meta":{"footnotes":""},"categories":[23,3,90,2],"tags":[112819,112818,112820,109036,87683,91679,10291],"acf":[],"yoast_head":"<!-- This site is optimized with the Yoast SEO plugin v20.1 - https:\/\/yoast.com\/wordpress\/plugins\/seo\/ -->\n<title>La protesta dei genitori: &quot;Evitiamo che diventi un 2020 bis&quot;<\/title>\n<meta name=\"description\" content=\"#FATTISENTIRE #IORESTOASCUOLA \u00e8 la protesta lanciata dai genitori di Sumirago. A Bardello \u00e8 annunciata una manifestazione simbolica\" \/>\n<meta name=\"robots\" content=\"noindex, follow, max-snippet:-1, max-image-preview:large, max-video-preview:-1\" \/>\n<meta property=\"og:locale\" content=\"it_IT\" \/>\n<meta property=\"og:type\" content=\"article\" \/>\n<meta property=\"og:title\" content=\"La protesta dei genitori: &quot;Evitiamo che diventi un 2020 bis&quot;\" \/>\n<meta property=\"og:description\" content=\"#FATTISENTIRE #IORESTOASCUOLA \u00e8 la protesta lanciata dai genitori di Sumirago. A Bardello \u00e8 annunciata una manifestazione simbolica\" \/>\n<meta property=\"og:url\" content=\"https:\/\/staging.varesenews.it\/2021\/03\/la-protesta-dei-genitori-evitiamo-diventi-un-2020-bis\/1314549\/\" \/>\n<meta property=\"og:site_name\" content=\"VareseNews\" \/>\n<meta property=\"article:publisher\" content=\"https:\/\/www.facebook.com\/varesenews\" \/>\n<meta property=\"article:published_time\" content=\"2021-03-06T13:14:58+00:00\" \/>\n<meta property=\"article:modified_time\" content=\"2021-03-06T13:39:24+00:00\" \/>\n<meta name=\"author\" content=\"Lidia Romeo\" \/>\n<meta name=\"twitter:card\" content=\"summary_large_image\" \/>\n<meta name=\"twitter:creator\" content=\"@varesenews\" \/>\n<meta name=\"twitter:site\" content=\"@varesenews\" \/>\n<meta name=\"twitter:label1\" content=\"Scritto da\" \/>\n\t<meta name=\"twitter:data1\" content=\"Lidia Romeo\" \/>\n\t<meta name=\"twitter:label2\" content=\"Tempo di lettura stimato\" \/>\n\t<meta name=\"twitter:data2\" content=\"2 minuti\" \/>\n<script type=\"application\/ld+json\" class=\"yoast-schema-graph\">{\"@context\":\"https:\/\/schema.org\",\"@graph\":[{\"@type\":\"WebPage\",\"@id\":\"https:\/\/staging.varesenews.it\/2021\/03\/la-protesta-dei-genitori-evitiamo-diventi-un-2020-bis\/1314549\/\",\"url\":\"https:\/\/staging.varesenews.it\/2021\/03\/la-protesta-dei-genitori-evitiamo-diventi-un-2020-bis\/1314549\/\",\"name\":\"La protesta dei genitori: \\\"Evitiamo che diventi un 2020 bis\\\"\",\"isPartOf\":{\"@id\":\"https:\/\/staging.varesenews.it\/#website\"},\"datePublished\":\"2021-03-06T13:14:58+00:00\",\"dateModified\":\"2021-03-06T13:39:24+00:00\",\"author\":{\"@id\":\"https:\/\/staging.varesenews.it\/#\/schema\/person\/83b39e5ac77662e18c07cdb07f0b4e7a\"},\"description\":\"#FATTISENTIRE #IORESTOASCUOLA \u00e8 la protesta lanciata dai genitori di Sumirago. A Bardello \u00e8 annunciata una manifestazione simbolica\",\"breadcrumb\":{\"@id\":\"https:\/\/staging.varesenews.it\/2021\/03\/la-protesta-dei-genitori-evitiamo-diventi-un-2020-bis\/1314549\/#breadcrumb\"},\"inLanguage\":\"it-IT\",\"potentialAction\":[{\"@type\":\"ReadAction\",\"target\":[\"https:\/\/staging.varesenews.it\/2021\/03\/la-protesta-dei-genitori-evitiamo-diventi-un-2020-bis\/1314549\/\"]}]},{\"@type\":\"BreadcrumbList\",\"@id\":\"https:\/\/staging.varesenews.it\/2021\/03\/la-protesta-dei-genitori-evitiamo-diventi-un-2020-bis\/1314549\/#breadcrumb\",\"itemListElement\":[{\"@type\":\"ListItem\",\"position\":1,\"name\":\"Home\",\"item\":\"https:\/\/www.varesenews.it\/\"},{\"@type\":\"ListItem\",\"position\":2,\"name\":\"La protesta dei genitori: &#8220;Evitiamo che diventi un 2020 bis&#8221;\"}]},{\"@type\":\"WebSite\",\"@id\":\"https:\/\/staging.varesenews.it\/#website\",\"url\":\"https:\/\/staging.varesenews.it\/\",\"name\":\"VareseNews\",\"description\":\"\",\"potentialAction\":[{\"@type\":\"SearchAction\",\"target\":{\"@type\":\"EntryPoint\",\"urlTemplate\":\"https:\/\/staging.varesenews.it\/?s={search_term_string}\"},\"query-input\":\"required name=search_term_string\"}],\"inLanguage\":\"it-IT\"},{\"@type\":\"Person\",\"@id\":\"https:\/\/staging.varesenews.it\/#\/schema\/person\/83b39e5ac77662e18c07cdb07f0b4e7a\",\"name\":\"Lidia Romeo\",\"image\":{\"@type\":\"ImageObject\",\"inLanguage\":\"it-IT\",\"@id\":\"https:\/\/staging.varesenews.it\/#\/schema\/person\/image\/\",\"url\":\"https:\/\/staging.varesenews.it\/wp-content\/uploads\/2020\/12\/lidia_romeo_colori_500.jpg\",\"contentUrl\":\"https:\/\/staging.varesenews.it\/wp-content\/uploads\/2020\/12\/lidia_romeo_colori_500.jpg\",\"caption\":\"Lidia Romeo\"},\"description\":\"Giornalista professionista dal 2010, una laurea in Scienze politiche e tante, tantissime domande. Ascolto risposte, ne cerco altre e alcune le scrivo. Mi piacciono le chiacchiere, le idee capaci di guardare lontano e camminare in spazi aperti senza altra meta che l&rsquo;orizzonte.&nbsp;Per VareseNews sono responsabile del canale Bambini, a proposito di orizzonti ampi... quanto il futuro. &nbsp;\",\"url\":\"https:\/\/staging.varesenews.it\/persona\/lidia-romeo-a\/\"}]}<\/script>\n<!-- \/ Yoast SEO plugin. -->","yoast_head_json":{"title":"La protesta dei genitori: \"Evitiamo che diventi un 2020 bis\"","description":"#FATTISENTIRE #IORESTOASCUOLA \u00e8 la protesta lanciata dai genitori di Sumirago. A Bardello \u00e8 annunciata una manifestazione simbolica","robots":{"index":"noindex","follow":"follow","max-snippet":"max-snippet:-1","max-image-preview":"max-image-preview:large","max-video-preview":"max-video-preview:-1"},"og_locale":"it_IT","og_type":"article","og_title":"La protesta dei genitori: \"Evitiamo che diventi un 2020 bis\"","og_description":"#FATTISENTIRE #IORESTOASCUOLA \u00e8 la protesta lanciata dai genitori di Sumirago. A Bardello \u00e8 annunciata una manifestazione simbolica","og_url":"https:\/\/staging.varesenews.it\/2021\/03\/la-protesta-dei-genitori-evitiamo-diventi-un-2020-bis\/1314549\/","og_site_name":"VareseNews","article_publisher":"https:\/\/www.facebook.com\/varesenews","article_published_time":"2021-03-06T13:14:58+00:00","article_modified_time":"2021-03-06T13:39:24+00:00","author":"Lidia Romeo","twitter_card":"summary_large_image","twitter_creator":"@varesenews","twitter_site":"@varesenews","twitter_misc":{"Scritto da":"Lidia Romeo","Tempo di lettura stimato":"2 minuti"},"schema":{"@context":"https:\/\/schema.org","@graph":[{"@type":"WebPage","@id":"https:\/\/staging.varesenews.it\/2021\/03\/la-protesta-dei-genitori-evitiamo-diventi-un-2020-bis\/1314549\/","url":"https:\/\/staging.varesenews.it\/2021\/03\/la-protesta-dei-genitori-evitiamo-diventi-un-2020-bis\/1314549\/","name":"La protesta dei genitori: \"Evitiamo che diventi un 2020 bis\"","isPartOf":{"@id":"https:\/\/staging.varesenews.it\/#website"},"datePublished":"2021-03-06T13:14:58+00:00","dateModified":"2021-03-06T13:39:24+00:00","author":{"@id":"https:\/\/staging.varesenews.it\/#\/schema\/person\/83b39e5ac77662e18c07cdb07f0b4e7a"},"description":"#FATTISENTIRE #IORESTOASCUOLA \u00e8 la protesta lanciata dai genitori di Sumirago. A Bardello \u00e8 annunciata una manifestazione simbolica","breadcrumb":{"@id":"https:\/\/staging.varesenews.it\/2021\/03\/la-protesta-dei-genitori-evitiamo-diventi-un-2020-bis\/1314549\/#breadcrumb"},"inLanguage":"it-IT","potentialAction":[{"@type":"ReadAction","target":["https:\/\/staging.varesenews.it\/2021\/03\/la-protesta-dei-genitori-evitiamo-diventi-un-2020-bis\/1314549\/"]}]},{"@type":"BreadcrumbList","@id":"https:\/\/staging.varesenews.it\/2021\/03\/la-protesta-dei-genitori-evitiamo-diventi-un-2020-bis\/1314549\/#breadcrumb","itemListElement":[{"@type":"ListItem","position":1,"name":"Home","item":"https:\/\/www.varesenews.it\/"},{"@type":"ListItem","position":2,"name":"La protesta dei genitori: &#8220;Evitiamo che diventi un 2020 bis&#8221;"}]},{"@type":"WebSite","@id":"https:\/\/staging.varesenews.it\/#website","url":"https:\/\/staging.varesenews.it\/","name":"VareseNews","description":"","potentialAction":[{"@type":"SearchAction","target":{"@type":"EntryPoint","urlTemplate":"https:\/\/staging.varesenews.it\/?s={search_term_string}"},"query-input":"required name=search_term_string"}],"inLanguage":"it-IT"},{"@type":"Person","@id":"https:\/\/staging.varesenews.it\/#\/schema\/person\/83b39e5ac77662e18c07cdb07f0b4e7a","name":"Lidia Romeo","image":{"@type":"ImageObject","inLanguage":"it-IT","@id":"https:\/\/staging.varesenews.it\/#\/schema\/person\/image\/","url":"https:\/\/staging.varesenews.it\/wp-content\/uploads\/2020\/12\/lidia_romeo_colori_500.jpg","contentUrl":"https:\/\/staging.varesenews.it\/wp-content\/uploads\/2020\/12\/lidia_romeo_colori_500.jpg","caption":"Lidia Romeo"},"description":"Giornalista professionista dal 2010, una laurea in Scienze politiche e tante, tantissime domande. Ascolto risposte, ne cerco altre e alcune le scrivo. Mi piacciono le chiacchiere, le idee capaci di guardare lontano e camminare in spazi aperti senza altra meta che l&rsquo;orizzonte.&nbsp;Per VareseNews sono responsabile del canale Bambini, a proposito di orizzonti ampi... quanto il futuro. &nbsp;","url":"https:\/\/staging.varesenews.it\/persona\/lidia-romeo-a\/"}]}},"post_meta":{"_edit_lock":"1615039002:14095","_edit_last":"14095","_category_permalink":"a:1:{s:8:\"category\";s:2:\"23\";}","_encloseme":"1","ratings_users":"0","ratings_score":"0","ratings_average":"0","foto":"1207671","firma-personalizzata":"bambini@varesenews.it","nascondi_adsense":"1","argomento":"Sumirago - Bardello","_yoast_wpseo_content_score":"30","_jd_tweet_this":"yes","_wpt_short_url":"https:\/\/www.varesenews.it\/2021\/03\/la-protesta-dei-genitori-evitiamo-diventi-un-2020-bis\/1314549\/","_wp_jd_target":"https:\/\/www.varesenews.it\/2021\/03\/la-protesta-dei-genitori-evitiamo-diventi-un-2020-bis\/1314549\/","_jd_wp_twitter":"a:1:{i:0;s:204:\"La protesta dei genitori: \u201cEvitiamo che diventi un 2020 bis\u201d https:\/\/www.varesenews.it\/2021\/03\/la-protesta-dei-genitori-evitiamo-diventi-un-2020-bis\/1314549\/ #fattisentire #iorestoascuola #Mammaepap\u00e0\";}","_wpt_status_message":"Tweet inviato con successo.","id_leggi_anche":"1314213,1315055"},"photos":[{"original":"https:\/\/staging.varesenews.it\/photogallery_new\/images\/2021\/03\/generica-2020-1207671.jpg","full":"https:\/\/staging.varesenews.it\/photogallery_new\/images\/2021\/03\/generica-2020-1207671.1024x768.jpg","large":"https:\/\/staging.varesenews.it\/photogallery_new\/images\/2021\/03\/generica-2020-1207671.610x431.jpg"}],"_links":{"self":[{"href":"https:\/\/staging.varesenews.it\/swgapi\/v1\/wp\/v2\/posts\/1314549"}],"collection":[{"href":"https:\/\/staging.varesenews.it\/swgapi\/v1\/wp\/v2\/posts"}],"about":[{"href":"https:\/\/staging.varesenews.it\/swgapi\/v1\/wp\/v2\/types\/post"}],"author":[{"embeddable":true,"href":"https:\/\/staging.varesenews.it\/swgapi\/v1\/wp\/v2\/users\/14095"}],"replies":[{"embeddable":true,"href":"https:\/\/staging.varesenews.it\/swgapi\/v1\/wp\/v2\/comments?post=1314549"}],"version-history":[{"count":0,"href":"https:\/\/staging.varesenews.it\/swgapi\/v1\/wp\/v2\/posts\/1314549\/revisions"}],"wp:attachment":[{"href":"https:\/\/staging.varesenews.it\/swgapi\/v1\/wp\/v2\/media?parent=1314549"}],"wp:term":[{"taxonomy":"category","embeddable":true,"href":"https:\/\/staging.varesenews.it\/swgapi\/v1\/wp\/v2\/categories?post=1314549"},{"taxonomy":"post_tag","embeddable":true,"href":"https:\/\/staging.varesenews.it\/swgapi\/v1\/wp\/v2\/tags?post=1314549"}],"curies":[{"name":"wp","href":"https:\/\/api.w.org\/{rel}","templated":true}]}}