{"id":1314807,"date":"2021-03-07T11:04:59","date_gmt":"2021-03-07T10:04:59","guid":{"rendered":"https:\/\/www.varesenews.it\/?p=1314807"},"modified":"2021-03-07T11:06:30","modified_gmt":"2021-03-07T10:06:30","slug":"dalle-minoranze-ai-sindaci-uniamoci-lospedale-angera","status":"publish","type":"post","link":"https:\/\/staging.varesenews.it\/2021\/03\/dalle-minoranze-ai-sindaci-uniamoci-lospedale-angera\/1314807\/","title":{"rendered":"Dalle minoranze ai sindaci: &#8220;Uniamoci per l&#8217;ospedale di Angera&#8221;"},"content":{"rendered":"<p><strong>&#8220;L\u2019Ospedale \u201cCarlo Ondoli\u201d<\/strong> rappresenta per il nostro territorio un presidio importante per la tutela della salute delle nostre comunit\u00e0. \u00c8 essenziale che ritorni al pi\u00f9 presto al livello di prestazioni sanitarie che ha avuto in passato. Invitiamo i nostri Sindaci ad assumere <strong>un\u2019iniziativa comune su questo argomento&#8221;. <\/strong><\/p>\n<p>Questa la sintesi della lettera inviata ai sindaci del piano di zona congiuntamente al progetto di rilancio dell\u2019ospedale Carlo Ondoli di Angera, con la richiesta di sottoscrizione da parte dei Comuni. I firmatari sono i rappresentanti di diversi partiti di minoranza del Basso Verbano:\u00a0Milo Manica, Marcella Androni, Giacomo Baranzini per \u201cAllea \u2013 L\u2019Angera che serve\u201d (Angera) Gianluigi Bielli, Laura Persico Tirelli, Emilio Cancer e Alessandro Marras per \u201cTaino Futuro e tradizione\u201d (Taino) Floriana Tollini, Giancarlo Rossi e Roberto Caielli per \u201cInsieme per Sesto\u201d (Sesto Calende) Alessandra Malini e Simone Danzo per \u201cSesto2030\u201d (Sesto Calende) Mad\u00ec Reggio per \u201cGolasecca Tradizioni e futuro sostenibile\u201d (Golasecca).<\/p>\n<p>&#8220;L\u2019intento &#8211; si legge nella nota congiunta &#8211; \u00e8 quello di fare massa critica, di lavorare tutti insieme per un unico scopo: ridare all\u2019ospedale l\u2019attrattiva giusta per poter offrire il proprio servizio alla cittadinanza e strutturare una proposta a pi\u00f9 ampia scala perla sanit\u00e0 provinciale. <strong>L\u2019ospedale nel 2018 aveva pi\u00f9 di 3.000 dimissioni e pi\u00f9 di 300.000 prestazioni ambulatoriali, il Pronto Soccorso svolgeva a pieno ritmo il suo compito.<\/strong> Si tenga presente che il bacino d\u2019utenza dell\u2019Ospedale \u201cCarlo Ondoli\u201d di Angera \u00e8 rilevabile in 55.000 persone residenti nel suo territorio di competenza. Tale cifra va almeno raddoppiata per quanto riguarda il periodo estivo, vista la vocazione turistica della zona. In altre parole l\u2019ospedale Ondoli aveva saputo svolgere fino a pochi anni fa il compito di struttura intermedia tra la medicina del territorio e i centri poli-specialistici, poi \u00e8 stato abbandonato a se stesso e svuotato di numerosi servizi essenziali per la popolazione&#8221;.<\/p>\n<p>Spiegano i promotori: \u201cRiteniamo sia giunto il tempo per un\u2019azione coordinata e pressante sui responsabili sanitari della Regione Lombardia, Presidente Fontana e assessore Moratti in testa, per insistere sulla richiesta di mantenere le promesse a suo tempo fatte e di destinare al nostro Ospedale l\u2019attenzione e le risorse necessarie. <strong>Siamo nel periodo storico corretto per chiedere una sanit\u00e0 territoriale che sia pi\u00f9 vicina ai cittadini,<\/strong> pi\u00f9 attenta alla prevenzione e che favorisca il collegamento con il sociale, anche grazie alle risorse messe in campo con il recovery plan\u201d.<\/p>\n<p>I firmatari della lettera ora aprono ad altri gruppi l\u2019adesione al progetto, rivolgendosi in particolare alle associazioni e ai comitati del territorio. Si registra gi\u00e0 la prima adesione con Mad\u00ec Reggio, lista \u201cGolasecca tradizioni e futuro sostenibile\u201d, che si dice pronta a collaborare per riportare l\u2019ospedale di Angera al centro dell\u2019attenzione politica locale e regionale. 06 marzo 2021<\/p>\n","protected":false},"excerpt":{"rendered":"<p>Da Angera a Sesto, da Taino a Golasecca: in una lettera l&#8217;appello ai primi cittadini per il rilancio dell&#8217;ospedale <\/p>\n","protected":false},"author":43,"featured_media":0,"comment_status":"open","ping_status":"open","sticky":false,"template":"","format":"standard","meta":{"footnotes":""},"categories":[2],"tags":[1847,11688],"acf":[],"yoast_head":"<!-- This site is optimized with the Yoast SEO plugin v20.1 - https:\/\/yoast.com\/wordpress\/plugins\/seo\/ -->\n<title>Dalle minoranze ai sindaci: &quot;Uniamoci per l&#039;ospedale di Angera&quot;<\/title>\n<meta name=\"description\" content=\"Da Angera a Sesto, da Taino a Golasecca: in una lettera l&#039;appello ai primi cittadini per il rilancio dell&#039;ospedale\" \/>\n<meta name=\"robots\" content=\"noindex, follow, max-snippet:-1, max-image-preview:large, max-video-preview:-1\" \/>\n<meta property=\"og:locale\" content=\"it_IT\" \/>\n<meta property=\"og:type\" content=\"article\" \/>\n<meta property=\"og:title\" content=\"Dalle minoranze ai sindaci: &quot;Uniamoci per l&#039;ospedale di Angera&quot;\" \/>\n<meta property=\"og:description\" content=\"Da Angera a Sesto, da Taino a Golasecca: in una lettera l&#039;appello ai primi cittadini per il rilancio dell&#039;ospedale\" \/>\n<meta property=\"og:url\" content=\"https:\/\/staging.varesenews.it\/2021\/03\/dalle-minoranze-ai-sindaci-uniamoci-lospedale-angera\/1314807\/\" \/>\n<meta property=\"og:site_name\" content=\"VareseNews\" \/>\n<meta property=\"article:publisher\" content=\"https:\/\/www.facebook.com\/varesenews\" \/>\n<meta property=\"article:author\" content=\"https:\/\/www.facebook.com\/mariacarla.cebrelli\" \/>\n<meta property=\"article:published_time\" content=\"2021-03-07T10:04:59+00:00\" \/>\n<meta property=\"article:modified_time\" content=\"2021-03-07T10:06:30+00:00\" \/>\n<meta name=\"author\" content=\"Maria Carla Cebrelli\" \/>\n<meta name=\"twitter:card\" content=\"summary_large_image\" \/>\n<meta name=\"twitter:creator\" content=\"@pikapiketti\" \/>\n<meta name=\"twitter:site\" content=\"@varesenews\" \/>\n<meta name=\"twitter:label1\" content=\"Scritto da\" \/>\n\t<meta name=\"twitter:data1\" content=\"Maria Carla Cebrelli\" \/>\n\t<meta name=\"twitter:label2\" content=\"Tempo di lettura stimato\" \/>\n\t<meta name=\"twitter:data2\" content=\"2 minuti\" \/>\n<script type=\"application\/ld+json\" class=\"yoast-schema-graph\">{\"@context\":\"https:\/\/schema.org\",\"@graph\":[{\"@type\":\"WebPage\",\"@id\":\"https:\/\/staging.varesenews.it\/2021\/03\/dalle-minoranze-ai-sindaci-uniamoci-lospedale-angera\/1314807\/\",\"url\":\"https:\/\/staging.varesenews.it\/2021\/03\/dalle-minoranze-ai-sindaci-uniamoci-lospedale-angera\/1314807\/\",\"name\":\"Dalle minoranze ai sindaci: \\\"Uniamoci per l'ospedale di Angera\\\"\",\"isPartOf\":{\"@id\":\"https:\/\/staging.varesenews.it\/#website\"},\"datePublished\":\"2021-03-07T10:04:59+00:00\",\"dateModified\":\"2021-03-07T10:06:30+00:00\",\"author\":{\"@id\":\"https:\/\/staging.varesenews.it\/#\/schema\/person\/5bf790e99d7ec50061119cc825c454de\"},\"description\":\"Da Angera a Sesto, da Taino a Golasecca: in una lettera l'appello ai primi cittadini per il rilancio dell'ospedale\",\"breadcrumb\":{\"@id\":\"https:\/\/staging.varesenews.it\/2021\/03\/dalle-minoranze-ai-sindaci-uniamoci-lospedale-angera\/1314807\/#breadcrumb\"},\"inLanguage\":\"it-IT\",\"potentialAction\":[{\"@type\":\"ReadAction\",\"target\":[\"https:\/\/staging.varesenews.it\/2021\/03\/dalle-minoranze-ai-sindaci-uniamoci-lospedale-angera\/1314807\/\"]}]},{\"@type\":\"BreadcrumbList\",\"@id\":\"https:\/\/staging.varesenews.it\/2021\/03\/dalle-minoranze-ai-sindaci-uniamoci-lospedale-angera\/1314807\/#breadcrumb\",\"itemListElement\":[{\"@type\":\"ListItem\",\"position\":1,\"name\":\"Home\",\"item\":\"https:\/\/www.varesenews.it\/\"},{\"@type\":\"ListItem\",\"position\":2,\"name\":\"Dalle minoranze ai sindaci: &#8220;Uniamoci per l&#8217;ospedale di Angera&#8221;\"}]},{\"@type\":\"WebSite\",\"@id\":\"https:\/\/staging.varesenews.it\/#website\",\"url\":\"https:\/\/staging.varesenews.it\/\",\"name\":\"VareseNews\",\"description\":\"\",\"potentialAction\":[{\"@type\":\"SearchAction\",\"target\":{\"@type\":\"EntryPoint\",\"urlTemplate\":\"https:\/\/staging.varesenews.it\/?s={search_term_string}\"},\"query-input\":\"required name=search_term_string\"}],\"inLanguage\":\"it-IT\"},{\"@type\":\"Person\",\"@id\":\"https:\/\/staging.varesenews.it\/#\/schema\/person\/5bf790e99d7ec50061119cc825c454de\",\"name\":\"Maria Carla Cebrelli\",\"image\":{\"@type\":\"ImageObject\",\"inLanguage\":\"it-IT\",\"@id\":\"https:\/\/staging.varesenews.it\/#\/schema\/person\/image\/\",\"url\":\"https:\/\/staging.varesenews.it\/wp-content\/uploads\/2020\/12\/mariacarla_cebrelli_colori_500-1.jpg\",\"contentUrl\":\"https:\/\/staging.varesenews.it\/wp-content\/uploads\/2020\/12\/mariacarla_cebrelli_colori_500-1.jpg\",\"caption\":\"Maria Carla Cebrelli\"},\"description\":\"Economista di formazione, giornalista per passione. A VareseNews dal 2005, mi sono occupata negli anni di universit&agrave;, tematiche di confine, news locali e comunicazione nel settore sociale. Attualmente sono responsabile di VerbanoNews, del canale di VareseNews dedicato al Turismo e seguo i social dell'area business.\",\"sameAs\":[\"https:\/\/www.facebook.com\/mariacarla.cebrelli\",\"pikapiketti\",\"https:\/\/twitter.com\/pikapiketti\"],\"url\":\"https:\/\/staging.varesenews.it\/persona\/mariacarla-cebrelli1\/\"}]}<\/script>\n<!-- \/ Yoast SEO plugin. -->","yoast_head_json":{"title":"Dalle minoranze ai sindaci: \"Uniamoci per l'ospedale di Angera\"","description":"Da Angera a Sesto, da Taino a Golasecca: in una lettera l'appello ai primi cittadini per il rilancio dell'ospedale","robots":{"index":"noindex","follow":"follow","max-snippet":"max-snippet:-1","max-image-preview":"max-image-preview:large","max-video-preview":"max-video-preview:-1"},"og_locale":"it_IT","og_type":"article","og_title":"Dalle minoranze ai sindaci: \"Uniamoci per l'ospedale di Angera\"","og_description":"Da Angera a Sesto, da Taino a Golasecca: in una lettera l'appello ai primi cittadini per il rilancio dell'ospedale","og_url":"https:\/\/staging.varesenews.it\/2021\/03\/dalle-minoranze-ai-sindaci-uniamoci-lospedale-angera\/1314807\/","og_site_name":"VareseNews","article_publisher":"https:\/\/www.facebook.com\/varesenews","article_author":"https:\/\/www.facebook.com\/mariacarla.cebrelli","article_published_time":"2021-03-07T10:04:59+00:00","article_modified_time":"2021-03-07T10:06:30+00:00","author":"Maria Carla Cebrelli","twitter_card":"summary_large_image","twitter_creator":"@pikapiketti","twitter_site":"@varesenews","twitter_misc":{"Scritto da":"Maria Carla Cebrelli","Tempo di lettura stimato":"2 minuti"},"schema":{"@context":"https:\/\/schema.org","@graph":[{"@type":"WebPage","@id":"https:\/\/staging.varesenews.it\/2021\/03\/dalle-minoranze-ai-sindaci-uniamoci-lospedale-angera\/1314807\/","url":"https:\/\/staging.varesenews.it\/2021\/03\/dalle-minoranze-ai-sindaci-uniamoci-lospedale-angera\/1314807\/","name":"Dalle minoranze ai sindaci: \"Uniamoci per l'ospedale di Angera\"","isPartOf":{"@id":"https:\/\/staging.varesenews.it\/#website"},"datePublished":"2021-03-07T10:04:59+00:00","dateModified":"2021-03-07T10:06:30+00:00","author":{"@id":"https:\/\/staging.varesenews.it\/#\/schema\/person\/5bf790e99d7ec50061119cc825c454de"},"description":"Da Angera a Sesto, da Taino a Golasecca: in una lettera l'appello ai primi cittadini per il rilancio dell'ospedale","breadcrumb":{"@id":"https:\/\/staging.varesenews.it\/2021\/03\/dalle-minoranze-ai-sindaci-uniamoci-lospedale-angera\/1314807\/#breadcrumb"},"inLanguage":"it-IT","potentialAction":[{"@type":"ReadAction","target":["https:\/\/staging.varesenews.it\/2021\/03\/dalle-minoranze-ai-sindaci-uniamoci-lospedale-angera\/1314807\/"]}]},{"@type":"BreadcrumbList","@id":"https:\/\/staging.varesenews.it\/2021\/03\/dalle-minoranze-ai-sindaci-uniamoci-lospedale-angera\/1314807\/#breadcrumb","itemListElement":[{"@type":"ListItem","position":1,"name":"Home","item":"https:\/\/www.varesenews.it\/"},{"@type":"ListItem","position":2,"name":"Dalle minoranze ai sindaci: &#8220;Uniamoci per l&#8217;ospedale di Angera&#8221;"}]},{"@type":"WebSite","@id":"https:\/\/staging.varesenews.it\/#website","url":"https:\/\/staging.varesenews.it\/","name":"VareseNews","description":"","potentialAction":[{"@type":"SearchAction","target":{"@type":"EntryPoint","urlTemplate":"https:\/\/staging.varesenews.it\/?s={search_term_string}"},"query-input":"required name=search_term_string"}],"inLanguage":"it-IT"},{"@type":"Person","@id":"https:\/\/staging.varesenews.it\/#\/schema\/person\/5bf790e99d7ec50061119cc825c454de","name":"Maria Carla Cebrelli","image":{"@type":"ImageObject","inLanguage":"it-IT","@id":"https:\/\/staging.varesenews.it\/#\/schema\/person\/image\/","url":"https:\/\/staging.varesenews.it\/wp-content\/uploads\/2020\/12\/mariacarla_cebrelli_colori_500-1.jpg","contentUrl":"https:\/\/staging.varesenews.it\/wp-content\/uploads\/2020\/12\/mariacarla_cebrelli_colori_500-1.jpg","caption":"Maria Carla Cebrelli"},"description":"Economista di formazione, giornalista per passione. A VareseNews dal 2005, mi sono occupata negli anni di universit&agrave;, tematiche di confine, news locali e comunicazione nel settore sociale. Attualmente sono responsabile di VerbanoNews, del canale di VareseNews dedicato al Turismo e seguo i social dell'area business.","sameAs":["https:\/\/www.facebook.com\/mariacarla.cebrelli","pikapiketti","https:\/\/twitter.com\/pikapiketti"],"url":"https:\/\/staging.varesenews.it\/persona\/mariacarla-cebrelli1\/"}]}},"post_meta":{"_edit_lock":"1615113661:43","_edit_last":"43","_category_permalink":"a:1:{s:8:\"category\";s:0:\"\";}","_encloseme":"1","ratings_users":"0","ratings_score":"0","ratings_average":"0","foto":"649455","argomento":"Basso Verbano","_yoast_wpseo_content_score":"30","_jd_tweet_this":"yes","_wpt_short_url":"https:\/\/www.varesenews.it\/2021\/03\/dalle-minoranze-ai-sindaci-uniamoci-lospedale-angera\/1314807\/","_wp_jd_target":"https:\/\/www.varesenews.it\/2021\/03\/dalle-minoranze-ai-sindaci-uniamoci-lospedale-angera\/1314807\/","_jd_wp_twitter":"a:1:{i:0;s:197:\"Dalle minoranze ai sindaci: \u201cUniamoci per l\u2019ospedale di Angera\u201d https:\/\/www.varesenews.it\/2021\/03\/dalle-minoranze-ai-sindaci-uniamoci-lospedale-angera\/1314807\/ #ospedaleangera #ospedaleondoli\";}","_wpt_status_message":"Tweet inviato con successo.","firma_come_redazione":"1","id_leggi_anche":"1316614"},"photos":[{"original":"https:\/\/staging.varesenews.it\/photogallery_new\/images\/2017\/12\/ospedale-di-angera-649455.jpg","full":"https:\/\/staging.varesenews.it\/photogallery_new\/images\/2017\/12\/ospedale-di-angera-649455.1024x768.jpg","large":"https:\/\/staging.varesenews.it\/photogallery_new\/images\/2017\/12\/ospedale-di-angera-649455.610x431.jpg"}],"_links":{"self":[{"href":"https:\/\/staging.varesenews.it\/swgapi\/v1\/wp\/v2\/posts\/1314807"}],"collection":[{"href":"https:\/\/staging.varesenews.it\/swgapi\/v1\/wp\/v2\/posts"}],"about":[{"href":"https:\/\/staging.varesenews.it\/swgapi\/v1\/wp\/v2\/types\/post"}],"author":[{"embeddable":true,"href":"https:\/\/staging.varesenews.it\/swgapi\/v1\/wp\/v2\/users\/43"}],"replies":[{"embeddable":true,"href":"https:\/\/staging.varesenews.it\/swgapi\/v1\/wp\/v2\/comments?post=1314807"}],"version-history":[{"count":0,"href":"https:\/\/staging.varesenews.it\/swgapi\/v1\/wp\/v2\/posts\/1314807\/revisions"}],"wp:attachment":[{"href":"https:\/\/staging.varesenews.it\/swgapi\/v1\/wp\/v2\/media?parent=1314807"}],"wp:term":[{"taxonomy":"category","embeddable":true,"href":"https:\/\/staging.varesenews.it\/swgapi\/v1\/wp\/v2\/categories?post=1314807"},{"taxonomy":"post_tag","embeddable":true,"href":"https:\/\/staging.varesenews.it\/swgapi\/v1\/wp\/v2\/tags?post=1314807"}],"curies":[{"name":"wp","href":"https:\/\/api.w.org\/{rel}","templated":true}]}}