{"id":1315376,"date":"2021-03-08T23:37:07","date_gmt":"2021-03-08T22:37:07","guid":{"rendered":"https:\/\/www.varesenews.it\/?p=1315376"},"modified":"2021-03-08T23:38:04","modified_gmt":"2021-03-08T22:38:04","slug":"presidente-voglia-ripartire-csi-varese","status":"publish","type":"post","link":"https:\/\/staging.varesenews.it\/2021\/03\/presidente-voglia-ripartire-csi-varese\/1315376\/","title":{"rendered":"Nuovo presidente e voglia di ripartire per il Csi Varese"},"content":{"rendered":"<p class=\"p1\">Da poche settimane, dopo 21 anni, il Csi (Centro Sportivo Italiano) di Varese ha un nuovo presidente. Diego Peri \u00e8 stato eletto dall\u2019assemblea e prende l\u2019eredit\u00e0 di Redento Colletto.<span class=\"Apple-converted-space\">\u00a0<\/span><\/p>\n<p class=\"p1\"><strong>Peri, come ci si sente a essere il nuovo presidente del Csi?<\/strong><\/p>\n<p class=\"p1\">\u00ab\u00c8\u00a0per me un grande onore dopo la presidenza Colletto, che rimarr\u00e0 comunque legato al comitato. Da un lato \u00e8 anche una sfida. \u00c8 senza dubbio\u00a0una grande novit\u00e0: un conto \u00e8 essere consigliere, diverso essere presidente con tutte le sfaccettature del ruolo. \u00c8\u00a0stato un mese e mezzo di tanti contatti, purtroppo non di persona ma la tecnologia ci permette di ridurre le distanze\u00bb.<\/p>\n<p class=\"p1\"><strong>Quali saranno i suoi primi passi da presidente?<\/strong><\/p>\n<p class=\"p1\">\u00abNon partiamo da zero, il Csi di Varese \u00e8 nato nel 1968 e questo \u00e8 un punto di partenza. I numeri sono importanti, siamo l\u2019undicesimo comitato nazionale, il quarto in Lombardia. Anche a livello economico non navighiamo nell\u2019oro ma il bilancio \u00e8 positivo. Siamo vigili, siamo anche pronti a cambiare e molte scelte non dipenderanno da noi. Siamo un ente di promozione sportiva, questo \u00e8 quello che ci contraddistingue\u00bb.<\/p>\n<p class=\"p1\"><strong>A livello di discipline quale sar\u00e0 la \u201cpolitica\u201d?<\/strong><\/p>\n<p class=\"p1\">\u00abIl calcio a 7 funziona, i numeri sono altalenanti a livello giovanile ma positivi. \u00c8\u00a0nostra intenzione rilanciare pallacanestro e pallavolo che per vari motivi si sono azzerate. Abbiamo inoltre tanti sport individuali e vogliamo valorizzarli. Abbiamo sempre puntato tanto sulla formazione, vogliamo dare sempre maggior valore alla figura dell\u2019allenatore, anche perch\u00e9 la pandemia obbligher\u00e0 ad avere un allenatore qualificato\u00bb.<\/p>\n<blockquote><p><a href=\"http:\/\/blogosfera.varesenews.it\/csi\/nuovo-presidente-e-voglia-di-ripartire-per-il-csi-varese\/\">L&#8217;INTERVISTA SUL BLOG DEL CSI<\/a><\/p><\/blockquote>\n<p class=\"p1\"><strong>\u00c8\u00a0vostra intenzione riprendere l\u2019attivit\u00e0 il prima possibile. Alle societ\u00e0 di calcio avete proposto un sondaggio. Come \u00e8 andato?<\/strong><\/p>\n<p class=\"p1\">\u00abQualcuno ci ha preso per pazzi, qualcuno ci ha supportato. Premetto che il sondaggio \u00e8 stato fatto in zona gialla, hanno risposto pi\u00f9 di 120 societ\u00e0, la maggior parte ha manifestato voglia di ripartire. C\u2019\u00e8 la necessit\u00e0 di ripartire, sentiamo le esigenze dei pi\u00f9 giovani, che sono in casa da troppo tempo. Avevamo ipotizzato dopo Pasqua la ripartenza ma ora la situazione \u00e8 tutta in divenire e la monitoriamo quotidianamente. Inutile fare ipotesi in questo momento. Nessuno in ogni caso vuole forzare la mano per convincere le squadre e riprendere l\u2019attivit\u00e0\u00bb.<span class=\"Apple-converted-space\">\u00a0<\/span><\/p>\n<p class=\"p1\"><strong>Tutti i vostri campionati Open di calcio, che sono di livello amatoriale, sono stati giudicati di interesse nazionale, come \u00e8 stato possibile?<\/strong><\/p>\n<p class=\"p1\">\u00abCi basiamo sulle indicazioni del Csi Nazionale e validate del Coni: ci hanno detto che tutte le nostre categorie Open potevano essere inserite in quelle di carattere nazionale. In ogni caso, in questo momento di zona \u201carancione rinforzato\u201d non ci sono le basi per riprendere. Facciamo tanta attivit\u00e0 negli oratori e la Diocesi ha deciso di \u201csconsigliare\u201d gli allenamenti. In comune accordo con gli altri presidenti della Lombardia abbiamo deciso quindi di aspettare, non prendiamo sottogamba la salute\u00bb.<\/p>\n<p class=\"p1\"><strong>Ci saranno protocolli da adottare per le squadre che giocheranno?<span class=\"Apple-converted-space\">\u00a0<\/span><\/strong><\/p>\n<p class=\"p1\">\u00abI nostri protocolli sono stati studiati da universit\u00e0 e validati dal Cts. Ogni disciplina ha il proprio e sono tutti consultabili sul sito del Csi Nazionale. Riguardo agli sport di squadra quello valido \u00e8 quello pubblicato a ottobre, che non prevede tamponi\u00bb.<span class=\"Apple-converted-space\">\u00a0<\/span><\/p>\n<p class=\"p1\"><strong>Chi si prender\u00e0 la responsabilit\u00e0 per il rispetto dei protocolli?<\/strong><\/p>\n<p class=\"p1\">\u00abDobbiamo sensibilizzare le societ\u00e0. \u00c8\u00a0loro diretta responsabilit\u00e0, anche legale, che questi protocolli vengano messi in atto. Cerchiamo di mettere in campo un po\u2019 di buon senso.<span class=\"Apple-converted-space\">\u00a0 <\/span>Nel consiglio che abbiamo dato, sapendo che ci sono spogliatoi piccoli, \u00e8 di organizzarsi prima delle partite. Quello che avevamo consigliato gi\u00e0 a settembre \u00e8 tenersi in contatto organizzando le cose per tempo\u00bb.<\/p>\n","protected":false},"excerpt":{"rendered":"<p>Intervista a Diego Peri, il presidente del comitato varesino che succede a Redento Colletto, che lascia dopo 21 anni<\/p>\n","protected":false},"author":37,"featured_media":0,"comment_status":"open","ping_status":"open","sticky":false,"template":"","format":"standard","meta":{"footnotes":""},"categories":[14],"tags":[108508,681,926,105589],"acf":[],"yoast_head":"<!-- This site is optimized with the Yoast SEO plugin v20.1 - https:\/\/yoast.com\/wordpress\/plugins\/seo\/ -->\n<title>Nuovo presidente e voglia di ripartire per il Csi Varese<\/title>\n<meta name=\"description\" content=\"Intervista a Diego Peri, il presidente del comitato varesino che succede a Redento Colletto, che lascia dopo 21 anni\" \/>\n<meta name=\"robots\" content=\"noindex, follow, max-snippet:-1, max-image-preview:large, max-video-preview:-1\" \/>\n<meta property=\"og:locale\" content=\"it_IT\" \/>\n<meta property=\"og:type\" content=\"article\" \/>\n<meta property=\"og:title\" content=\"Nuovo presidente e voglia di ripartire per il Csi Varese\" \/>\n<meta property=\"og:description\" content=\"Intervista a Diego Peri, il presidente del comitato varesino che succede a Redento Colletto, che lascia dopo 21 anni\" \/>\n<meta property=\"og:url\" content=\"https:\/\/staging.varesenews.it\/2021\/03\/presidente-voglia-ripartire-csi-varese\/1315376\/\" \/>\n<meta property=\"og:site_name\" content=\"VareseNews\" \/>\n<meta property=\"article:publisher\" content=\"https:\/\/www.facebook.com\/varesenews\" \/>\n<meta property=\"article:published_time\" content=\"2021-03-08T22:37:07+00:00\" \/>\n<meta property=\"article:modified_time\" content=\"2021-03-08T22:38:04+00:00\" \/>\n<meta name=\"author\" content=\"Francesco Mazzoleni\" \/>\n<meta name=\"twitter:card\" content=\"summary_large_image\" \/>\n<meta name=\"twitter:creator\" content=\"@fmazzof\" \/>\n<meta name=\"twitter:site\" content=\"@varesenews\" \/>\n<meta name=\"twitter:label1\" content=\"Scritto da\" \/>\n\t<meta name=\"twitter:data1\" content=\"Francesco Mazzoleni\" \/>\n\t<meta name=\"twitter:label2\" content=\"Tempo di lettura stimato\" \/>\n\t<meta name=\"twitter:data2\" content=\"3 minuti\" \/>\n<script type=\"application\/ld+json\" class=\"yoast-schema-graph\">{\"@context\":\"https:\/\/schema.org\",\"@graph\":[{\"@type\":\"WebPage\",\"@id\":\"https:\/\/staging.varesenews.it\/2021\/03\/presidente-voglia-ripartire-csi-varese\/1315376\/\",\"url\":\"https:\/\/staging.varesenews.it\/2021\/03\/presidente-voglia-ripartire-csi-varese\/1315376\/\",\"name\":\"Nuovo presidente e voglia di ripartire per il Csi Varese\",\"isPartOf\":{\"@id\":\"https:\/\/staging.varesenews.it\/#website\"},\"datePublished\":\"2021-03-08T22:37:07+00:00\",\"dateModified\":\"2021-03-08T22:38:04+00:00\",\"author\":{\"@id\":\"https:\/\/staging.varesenews.it\/#\/schema\/person\/e82236e79160d30d4e1f942004ac3038\"},\"description\":\"Intervista a Diego Peri, il presidente del comitato varesino che succede a Redento Colletto, che lascia dopo 21 anni\",\"breadcrumb\":{\"@id\":\"https:\/\/staging.varesenews.it\/2021\/03\/presidente-voglia-ripartire-csi-varese\/1315376\/#breadcrumb\"},\"inLanguage\":\"it-IT\",\"potentialAction\":[{\"@type\":\"ReadAction\",\"target\":[\"https:\/\/staging.varesenews.it\/2021\/03\/presidente-voglia-ripartire-csi-varese\/1315376\/\"]}]},{\"@type\":\"BreadcrumbList\",\"@id\":\"https:\/\/staging.varesenews.it\/2021\/03\/presidente-voglia-ripartire-csi-varese\/1315376\/#breadcrumb\",\"itemListElement\":[{\"@type\":\"ListItem\",\"position\":1,\"name\":\"Home\",\"item\":\"https:\/\/www.varesenews.it\/\"},{\"@type\":\"ListItem\",\"position\":2,\"name\":\"Nuovo presidente e voglia di ripartire per il Csi Varese\"}]},{\"@type\":\"WebSite\",\"@id\":\"https:\/\/staging.varesenews.it\/#website\",\"url\":\"https:\/\/staging.varesenews.it\/\",\"name\":\"VareseNews\",\"description\":\"\",\"potentialAction\":[{\"@type\":\"SearchAction\",\"target\":{\"@type\":\"EntryPoint\",\"urlTemplate\":\"https:\/\/staging.varesenews.it\/?s={search_term_string}\"},\"query-input\":\"required name=search_term_string\"}],\"inLanguage\":\"it-IT\"},{\"@type\":\"Person\",\"@id\":\"https:\/\/staging.varesenews.it\/#\/schema\/person\/e82236e79160d30d4e1f942004ac3038\",\"name\":\"Francesco Mazzoleni\",\"image\":{\"@type\":\"ImageObject\",\"inLanguage\":\"it-IT\",\"@id\":\"https:\/\/staging.varesenews.it\/#\/schema\/person\/image\/\",\"url\":\"https:\/\/staging.varesenews.it\/wp-content\/uploads\/2020\/12\/francesco_mazzoleni_colori_500-1.jpg\",\"contentUrl\":\"https:\/\/staging.varesenews.it\/wp-content\/uploads\/2020\/12\/francesco_mazzoleni_colori_500-1.jpg\",\"caption\":\"Francesco Mazzoleni\"},\"description\":\"\\\"Uomo di campo\\\" della redazione sportiva. Nutro una vera passione per il calcio, che sia ad alti livelli, sui campi di provincia o in altri continenti. Sono nato a Varese nel 1984, vivo da sempre a Malnate e ho una laurea in Scienze Motorie. Ho mosso i primi passi a VareseNews da stagista nel 2002; nel 2008 ho iniziato a collaborare con maggiore continuit\u00e0 e dal 2018 sono giornalista professionista. Orgoglioso pap\u00e0 di Federico e Adelaide.\",\"sameAs\":[\"fmazzof\",\"it.linkedin.com\/in\/francescomazzolenif\",\"https:\/\/twitter.com\/fmazzof\"],\"url\":\"https:\/\/staging.varesenews.it\/persona\/francesco_mazzoleniferracini\/\"}]}<\/script>\n<!-- \/ Yoast SEO plugin. -->","yoast_head_json":{"title":"Nuovo presidente e voglia di ripartire per il Csi Varese","description":"Intervista a Diego Peri, il presidente del comitato varesino che succede a Redento Colletto, che lascia dopo 21 anni","robots":{"index":"noindex","follow":"follow","max-snippet":"max-snippet:-1","max-image-preview":"max-image-preview:large","max-video-preview":"max-video-preview:-1"},"og_locale":"it_IT","og_type":"article","og_title":"Nuovo presidente e voglia di ripartire per il Csi Varese","og_description":"Intervista a Diego Peri, il presidente del comitato varesino che succede a Redento Colletto, che lascia dopo 21 anni","og_url":"https:\/\/staging.varesenews.it\/2021\/03\/presidente-voglia-ripartire-csi-varese\/1315376\/","og_site_name":"VareseNews","article_publisher":"https:\/\/www.facebook.com\/varesenews","article_published_time":"2021-03-08T22:37:07+00:00","article_modified_time":"2021-03-08T22:38:04+00:00","author":"Francesco Mazzoleni","twitter_card":"summary_large_image","twitter_creator":"@fmazzof","twitter_site":"@varesenews","twitter_misc":{"Scritto da":"Francesco Mazzoleni","Tempo di lettura stimato":"3 minuti"},"schema":{"@context":"https:\/\/schema.org","@graph":[{"@type":"WebPage","@id":"https:\/\/staging.varesenews.it\/2021\/03\/presidente-voglia-ripartire-csi-varese\/1315376\/","url":"https:\/\/staging.varesenews.it\/2021\/03\/presidente-voglia-ripartire-csi-varese\/1315376\/","name":"Nuovo presidente e voglia di ripartire per il Csi Varese","isPartOf":{"@id":"https:\/\/staging.varesenews.it\/#website"},"datePublished":"2021-03-08T22:37:07+00:00","dateModified":"2021-03-08T22:38:04+00:00","author":{"@id":"https:\/\/staging.varesenews.it\/#\/schema\/person\/e82236e79160d30d4e1f942004ac3038"},"description":"Intervista a Diego Peri, il presidente del comitato varesino che succede a Redento Colletto, che lascia dopo 21 anni","breadcrumb":{"@id":"https:\/\/staging.varesenews.it\/2021\/03\/presidente-voglia-ripartire-csi-varese\/1315376\/#breadcrumb"},"inLanguage":"it-IT","potentialAction":[{"@type":"ReadAction","target":["https:\/\/staging.varesenews.it\/2021\/03\/presidente-voglia-ripartire-csi-varese\/1315376\/"]}]},{"@type":"BreadcrumbList","@id":"https:\/\/staging.varesenews.it\/2021\/03\/presidente-voglia-ripartire-csi-varese\/1315376\/#breadcrumb","itemListElement":[{"@type":"ListItem","position":1,"name":"Home","item":"https:\/\/www.varesenews.it\/"},{"@type":"ListItem","position":2,"name":"Nuovo presidente e voglia di ripartire per il Csi Varese"}]},{"@type":"WebSite","@id":"https:\/\/staging.varesenews.it\/#website","url":"https:\/\/staging.varesenews.it\/","name":"VareseNews","description":"","potentialAction":[{"@type":"SearchAction","target":{"@type":"EntryPoint","urlTemplate":"https:\/\/staging.varesenews.it\/?s={search_term_string}"},"query-input":"required name=search_term_string"}],"inLanguage":"it-IT"},{"@type":"Person","@id":"https:\/\/staging.varesenews.it\/#\/schema\/person\/e82236e79160d30d4e1f942004ac3038","name":"Francesco Mazzoleni","image":{"@type":"ImageObject","inLanguage":"it-IT","@id":"https:\/\/staging.varesenews.it\/#\/schema\/person\/image\/","url":"https:\/\/staging.varesenews.it\/wp-content\/uploads\/2020\/12\/francesco_mazzoleni_colori_500-1.jpg","contentUrl":"https:\/\/staging.varesenews.it\/wp-content\/uploads\/2020\/12\/francesco_mazzoleni_colori_500-1.jpg","caption":"Francesco Mazzoleni"},"description":"\"Uomo di campo\" della redazione sportiva. Nutro una vera passione per il calcio, che sia ad alti livelli, sui campi di provincia o in altri continenti. Sono nato a Varese nel 1984, vivo da sempre a Malnate e ho una laurea in Scienze Motorie. Ho mosso i primi passi a VareseNews da stagista nel 2002; nel 2008 ho iniziato a collaborare con maggiore continuit\u00e0 e dal 2018 sono giornalista professionista. Orgoglioso pap\u00e0 di Federico e Adelaide.","sameAs":["fmazzof","it.linkedin.com\/in\/francescomazzolenif","https:\/\/twitter.com\/fmazzof"],"url":"https:\/\/staging.varesenews.it\/persona\/francesco_mazzoleniferracini\/"}]}},"post_meta":{"_edit_lock":"1615365759:37","_edit_last":"37","_category_permalink":"a:1:{s:8:\"category\";s:2:\"14\";}","_encloseme":"1","ratings_users":"0","ratings_score":"0","ratings_average":"0","foto":"1199830","firma_come_redazione":"1","argomento":"Sport","_yoast_wpseo_content_score":"60","_jd_tweet_this":"yes","_wpt_short_url":"https:\/\/www.varesenews.it\/2021\/03\/presidente-voglia-ripartire-csi-varese\/1315376\/","_wp_jd_target":"https:\/\/www.varesenews.it\/2021\/03\/presidente-voglia-ripartire-csi-varese\/1315376\/","_jd_wp_twitter":"a:1:{i:0;s:156:\"Nuovo presidente e voglia di ripartire per il Csi Varese https:\/\/www.varesenews.it\/2021\/03\/presidente-voglia-ripartire-csi-varese\/1315376\/ #csivarese #sport\";}","_wpt_status_message":"Tweet inviato con successo.","_oembed_8fdca0b0471f555a7340d5b60e350c32":"<blockquote class=\"wp-embedded-content\" data-secret=\"DyUUeLkX6U\"><a href=\"http:\/\/blogosfera.varesenews.it\/csi\/nuovo-presidente-e-voglia-di-ripartire-per-il-csi-varese\/\">Nuovo presidente e voglia di ripartire per il Csi Varese<\/a><\/blockquote><iframe class=\"wp-embedded-content\" sandbox=\"allow-scripts\" security=\"restricted\" style=\"position: absolute; clip: rect(1px, 1px, 1px, 1px);\" src=\"http:\/\/blogosfera.varesenews.it\/csi\/nuovo-presidente-e-voglia-di-ripartire-per-il-csi-varese\/embed\/#?secret=DyUUeLkX6U\" data-secret=\"DyUUeLkX6U\" width=\"500\" height=\"282\" title=\"&#8220;Nuovo presidente e voglia di ripartire per il Csi Varese&#8221; &#8212; Csi Va\" frameborder=\"0\" marginwidth=\"0\" marginheight=\"0\" scrolling=\"no\"><\/iframe>","_oembed_time_8fdca0b0471f555a7340d5b60e350c32":"1615243049"},"photos":[{"original":"https:\/\/staging.varesenews.it\/photogallery_new\/images\/2021\/01\/diego-peri-csi-varese-1199830.jpg","full":"https:\/\/staging.varesenews.it\/photogallery_new\/images\/2021\/01\/diego-peri-csi-varese-1199830.1024x768.jpg","large":"https:\/\/staging.varesenews.it\/photogallery_new\/images\/2021\/01\/diego-peri-csi-varese-1199830.610x431.jpg"}],"_links":{"self":[{"href":"https:\/\/staging.varesenews.it\/swgapi\/v1\/wp\/v2\/posts\/1315376"}],"collection":[{"href":"https:\/\/staging.varesenews.it\/swgapi\/v1\/wp\/v2\/posts"}],"about":[{"href":"https:\/\/staging.varesenews.it\/swgapi\/v1\/wp\/v2\/types\/post"}],"author":[{"embeddable":true,"href":"https:\/\/staging.varesenews.it\/swgapi\/v1\/wp\/v2\/users\/37"}],"replies":[{"embeddable":true,"href":"https:\/\/staging.varesenews.it\/swgapi\/v1\/wp\/v2\/comments?post=1315376"}],"version-history":[{"count":0,"href":"https:\/\/staging.varesenews.it\/swgapi\/v1\/wp\/v2\/posts\/1315376\/revisions"}],"wp:attachment":[{"href":"https:\/\/staging.varesenews.it\/swgapi\/v1\/wp\/v2\/media?parent=1315376"}],"wp:term":[{"taxonomy":"category","embeddable":true,"href":"https:\/\/staging.varesenews.it\/swgapi\/v1\/wp\/v2\/categories?post=1315376"},{"taxonomy":"post_tag","embeddable":true,"href":"https:\/\/staging.varesenews.it\/swgapi\/v1\/wp\/v2\/tags?post=1315376"}],"curies":[{"name":"wp","href":"https:\/\/api.w.org\/{rel}","templated":true}]}}