{"id":1316313,"date":"2021-03-11T16:14:44","date_gmt":"2021-03-11T15:14:44","guid":{"rendered":"https:\/\/www.varesenews.it\/?p=1316313"},"modified":"2021-03-11T16:14:44","modified_gmt":"2021-03-11T15:14:44","slug":"tre-settimane-allesordio-nel-motomondiale-test-jerez-le-mv-agusta","status":"publish","type":"post","link":"https:\/\/staging.varesenews.it\/2021\/03\/tre-settimane-allesordio-nel-motomondiale-test-jerez-le-mv-agusta\/1316313\/","title":{"rendered":"Tre settimane all&#8217;esordio nel Motomondiale: test a Jerez per le MV Agusta"},"content":{"rendered":"<p>L&#8217;avvio del <strong>Motomondiale 2021<\/strong> \u00e8 sempre pi\u00f9 vicino: la prima gara \u00e8 prevista in Qatar nel weekend del 26-28 marzo ma piloti e squadre sono gi\u00e0 pienamente al lavoro in vista dell&#8217;esordio. Lo stesso Qatar sta ospitando i team della MotoGP mentre alcuni di quelli impegnati in <strong>Moto2 e Moto3<\/strong> si sono ritrovati a <strong>Jerez de la Frontera<\/strong>, in Spagna, per i primi test ufficiali dell&#8217;anno.<\/p>\n<p>Tra i box aperti, naturalmente, anche quello del <strong>Forward Racing Team<\/strong>, la struttura ticinese che per il terzo anno consecutivo gestisce le <strong>Mv Agusta F2<\/strong> iscritte alla seconda categoria iridata. <strong>Tre le moto varesine iscritte<\/strong> a questa edizione del mondiale: il confermato <strong>Simone Corsi<\/strong> sar\u00e0 affiancato da <strong>Lorenzo Baldassarri<\/strong> mentre il giovane <strong>Tommaso Marcon<\/strong> avr\u00e0 il compito di sviluppare le moto e parteciper\u00e0 ad alcune gare europee.<\/p>\n<p>Tutti e tre i piloti hanno <strong>preso parte ai test andalusi<\/strong>, nei quali il miglior tempo assoluto \u00e8 stato di Sam <strong>Lowes con la Kalex<\/strong> del team Marc VDS; <strong>Corsi per\u00f2 ha fatto segnare con il proprio miglior giro il secondo crono di giornata<\/strong> (e il quarto nella graduatoria combinata), chiudendo le sue prove in 1.41.761 con 129 tornate effettuate in due giorni.<\/p>\n<p><strong>Baldassarri<\/strong>, alla seconda uscita in MV dopo il test di &#8220;assaggio&#8221; dei mesi scorsi, ha lavorato soprattutto <strong>sull&#8217;ergonomia per trovare il miglior compromesso<\/strong> tra posizione del pilota e funzionalit\u00e0 del mezzo. Il centauro marchigiano ha percorso 158 giri chiudendo in ottava posizione nella classifica dei tempi combinati. <strong>Sessanta invece i giri incasellati da Marcon<\/strong> che deve riprendere confidenza con questo tipo di mezzi, dopo che nelle ultime esperienze aveva gareggiato in MotoE.<\/p>\n<p>\u00abSono contento di questi due giorni di test <strong>&#8211; ha detto Corsi<\/strong> &#8211; La\u00a0prima giornata \u00e8 stata molto produttiva e sono stato davvero veloce. Nella seconda abbiamo provato particolari che non hanno prodotto i risultati sperati, ma ci siamo <strong>dedicati a questo tipo di lavoro piuttosto che sul tempo<\/strong>. Per ora abbiamo ancora un gap di mezzo secondo dai primi quindi <strong>proseguiremo il nostro lavoro<\/strong> ai test del Qatar per arrivare preparati al meglio per la prima gara del Campionato 2021\u00bb.<\/p>\n<p>\u00abAvevo bisogno di <strong>riacquisire il feeling e di fare un po\u2019 di chilometri<\/strong> con la mia F2 &#8211; ha aggiunto &#8220;Balda&#8221; &#8211;\u00a0C\u2019era bisogno di questi test anche per ristabilire i rapporti con il gruppo, che \u00e8 tutto nuovo per me. Ora siamo <strong>pronti per il Qatar e non vedo l\u2019ora<\/strong> di fare altri giorni di test per stabilire la fiducia e creare un binomio con la moto\u00bb.\u00a0Proprio a Losail sono programmati i prossimi test, gli ultimi prima dell&#8217;esordio in gara: l&#8217;appuntamento \u00e8 <strong>quindi tra il 19 e il 21 marzo, la settimana precedente al GP<\/strong> del Qatar. E dopo sette giorni nuova sfida sullo stesso tracciato: il GP di Doha.<\/p>\n<blockquote class=\"wp-embedded-content\" data-secret=\"fh8E0pjT9r\"><p><a href=\"https:\/\/www.varesenews.it\/2021\/02\/motomondiale-mv-agusta-scatta-allombra-del-monte-bianco\/1311128\/\">Il Motomondiale di MV Agusta scatta all&#8217;ombra del Monte Bianco<\/a><\/p><\/blockquote>\n<p><iframe class=\"wp-embedded-content\" sandbox=\"allow-scripts\" security=\"restricted\" style=\"position: absolute; clip: rect(1px, 1px, 1px, 1px);\" src=\"https:\/\/www.varesenews.it\/2021\/02\/motomondiale-mv-agusta-scatta-allombra-del-monte-bianco\/1311128\/embed\/#?secret=fh8E0pjT9r\" data-secret=\"fh8E0pjT9r\" width=\"500\" height=\"282\" title=\"&#8220;Il Motomondiale di MV Agusta scatta all&#8217;ombra del Monte Bianco&#8221; &#8212; VareseNews\" frameborder=\"0\" marginwidth=\"0\" marginheight=\"0\" scrolling=\"no\"><\/iframe><\/p>\n","protected":false},"excerpt":{"rendered":"<p>I tre piloti del Forward Racing Team hanno testato le moto varesine sul tracciato andaluso in vista dell&#8217;apertura della stagione. Buon risultato per il veterano Corsi; prove di feeling per Baldassarri e Marcon<\/p>\n","protected":false},"author":38,"featured_media":0,"comment_status":"open","ping_status":"open","sticky":false,"template":"","format":"standard","meta":{"footnotes":""},"categories":[9,14],"tags":[89222,1879,112556,4400],"acf":[],"yoast_head":"<!-- This site is optimized with the Yoast SEO plugin v20.1 - https:\/\/yoast.com\/wordpress\/plugins\/seo\/ -->\n<title>Tre settimane all&#039;esordio nel Motomondiale: test a Jerez per le MV Agusta<\/title>\n<meta name=\"description\" content=\"I tre piloti del Forward Racing Team hanno testato le moto varesine sul tracciato andaluso in vista dell&#039;apertura della stagione. Buon risultato per il veterano Corsi; prove di feeling per Baldassarri e Marcon\" \/>\n<meta name=\"robots\" content=\"noindex, follow, max-snippet:-1, max-image-preview:large, max-video-preview:-1\" \/>\n<meta property=\"og:locale\" content=\"it_IT\" \/>\n<meta property=\"og:type\" content=\"article\" \/>\n<meta property=\"og:title\" content=\"Tre settimane all&#039;esordio nel Motomondiale: test a Jerez per le MV Agusta\" \/>\n<meta property=\"og:description\" content=\"I tre piloti del Forward Racing Team hanno testato le moto varesine sul tracciato andaluso in vista dell&#039;apertura della stagione. Buon risultato per il veterano Corsi; prove di feeling per Baldassarri e Marcon\" \/>\n<meta property=\"og:url\" content=\"https:\/\/staging.varesenews.it\/2021\/03\/tre-settimane-allesordio-nel-motomondiale-test-jerez-le-mv-agusta\/1316313\/\" \/>\n<meta property=\"og:site_name\" content=\"VareseNews\" \/>\n<meta property=\"article:publisher\" content=\"https:\/\/www.facebook.com\/varesenews\" \/>\n<meta property=\"article:published_time\" content=\"2021-03-11T15:14:44+00:00\" \/>\n<meta name=\"author\" content=\"Damiano Franzetti\" \/>\n<meta name=\"twitter:card\" content=\"summary_large_image\" \/>\n<meta name=\"twitter:creator\" content=\"@damianofranz\" \/>\n<meta name=\"twitter:site\" content=\"@varesenews\" \/>\n<meta name=\"twitter:label1\" content=\"Scritto da\" \/>\n\t<meta name=\"twitter:data1\" content=\"Damiano Franzetti\" \/>\n\t<meta name=\"twitter:label2\" content=\"Tempo di lettura stimato\" \/>\n\t<meta name=\"twitter:data2\" content=\"2 minuti\" \/>\n<script type=\"application\/ld+json\" class=\"yoast-schema-graph\">{\"@context\":\"https:\/\/schema.org\",\"@graph\":[{\"@type\":\"WebPage\",\"@id\":\"https:\/\/staging.varesenews.it\/2021\/03\/tre-settimane-allesordio-nel-motomondiale-test-jerez-le-mv-agusta\/1316313\/\",\"url\":\"https:\/\/staging.varesenews.it\/2021\/03\/tre-settimane-allesordio-nel-motomondiale-test-jerez-le-mv-agusta\/1316313\/\",\"name\":\"Tre settimane all'esordio nel Motomondiale: test a Jerez per le MV Agusta\",\"isPartOf\":{\"@id\":\"https:\/\/staging.varesenews.it\/#website\"},\"datePublished\":\"2021-03-11T15:14:44+00:00\",\"dateModified\":\"2021-03-11T15:14:44+00:00\",\"author\":{\"@id\":\"https:\/\/staging.varesenews.it\/#\/schema\/person\/709ae3769f6b4dbde8ec332baede8a5b\"},\"description\":\"I tre piloti del Forward Racing Team hanno testato le moto varesine sul tracciato andaluso in vista dell'apertura della stagione. Buon risultato per il veterano Corsi; prove di feeling per Baldassarri e Marcon\",\"breadcrumb\":{\"@id\":\"https:\/\/staging.varesenews.it\/2021\/03\/tre-settimane-allesordio-nel-motomondiale-test-jerez-le-mv-agusta\/1316313\/#breadcrumb\"},\"inLanguage\":\"it-IT\",\"potentialAction\":[{\"@type\":\"ReadAction\",\"target\":[\"https:\/\/staging.varesenews.it\/2021\/03\/tre-settimane-allesordio-nel-motomondiale-test-jerez-le-mv-agusta\/1316313\/\"]}]},{\"@type\":\"BreadcrumbList\",\"@id\":\"https:\/\/staging.varesenews.it\/2021\/03\/tre-settimane-allesordio-nel-motomondiale-test-jerez-le-mv-agusta\/1316313\/#breadcrumb\",\"itemListElement\":[{\"@type\":\"ListItem\",\"position\":1,\"name\":\"Home\",\"item\":\"https:\/\/www.varesenews.it\/\"},{\"@type\":\"ListItem\",\"position\":2,\"name\":\"Tre settimane all&#8217;esordio nel Motomondiale: test a Jerez per le MV Agusta\"}]},{\"@type\":\"WebSite\",\"@id\":\"https:\/\/staging.varesenews.it\/#website\",\"url\":\"https:\/\/staging.varesenews.it\/\",\"name\":\"VareseNews\",\"description\":\"\",\"potentialAction\":[{\"@type\":\"SearchAction\",\"target\":{\"@type\":\"EntryPoint\",\"urlTemplate\":\"https:\/\/staging.varesenews.it\/?s={search_term_string}\"},\"query-input\":\"required name=search_term_string\"}],\"inLanguage\":\"it-IT\"},{\"@type\":\"Person\",\"@id\":\"https:\/\/staging.varesenews.it\/#\/schema\/person\/709ae3769f6b4dbde8ec332baede8a5b\",\"name\":\"Damiano Franzetti\",\"image\":{\"@type\":\"ImageObject\",\"inLanguage\":\"it-IT\",\"@id\":\"https:\/\/staging.varesenews.it\/#\/schema\/person\/image\/\",\"url\":\"https:\/\/staging.varesenews.it\/wp-content\/uploads\/2020\/12\/damiano_franzetti_colori_500.jpg\",\"contentUrl\":\"https:\/\/staging.varesenews.it\/wp-content\/uploads\/2020\/12\/damiano_franzetti_colori_500.jpg\",\"caption\":\"Damiano Franzetti\"},\"description\":\"Classe 1976, una laurea (nel cassetto) in scienze e tecnologie alimentari; sono giornalista professionista dal 2009 nato e cresciuto con VareseNews dove mi occupo soprattutto di sport ormai da vent&rsquo;anni. Inviato sui campi (sulle piste, sulle strade...), intervistatore, coordinatore e responsabile delle pagine sportive, mi ritaglio volentieri lo spazio per scrivere di birra sul blog Malto Gradimento. Ho seguito innumerevoli campionati di Serie A di basket, di serie B di calcio, due Mondiali di ciclismo, qualche Giro d&rsquo;;Italia e tanto altro ancora. Collaboro con Tuttosport e altre testate, mi diletto di social. Ho una moglie, un figlio, vivo nella mia Gemonio e ho purtroppo smesso con il basket giocato. &nbsp;\",\"sameAs\":[\"damianofranz\",\"https:\/\/www.linkedin.com\/profile\/view?id=241597124&trk=nav_responsive_tab_profile\",\"https:\/\/twitter.com\/damianofranz\"],\"url\":\"https:\/\/staging.varesenews.it\/persona\/damiano_franzetti-2\/\"}]}<\/script>\n<!-- \/ Yoast SEO plugin. -->","yoast_head_json":{"title":"Tre settimane all'esordio nel Motomondiale: test a Jerez per le MV Agusta","description":"I tre piloti del Forward Racing Team hanno testato le moto varesine sul tracciato andaluso in vista dell'apertura della stagione. Buon risultato per il veterano Corsi; prove di feeling per Baldassarri e Marcon","robots":{"index":"noindex","follow":"follow","max-snippet":"max-snippet:-1","max-image-preview":"max-image-preview:large","max-video-preview":"max-video-preview:-1"},"og_locale":"it_IT","og_type":"article","og_title":"Tre settimane all'esordio nel Motomondiale: test a Jerez per le MV Agusta","og_description":"I tre piloti del Forward Racing Team hanno testato le moto varesine sul tracciato andaluso in vista dell'apertura della stagione. Buon risultato per il veterano Corsi; prove di feeling per Baldassarri e Marcon","og_url":"https:\/\/staging.varesenews.it\/2021\/03\/tre-settimane-allesordio-nel-motomondiale-test-jerez-le-mv-agusta\/1316313\/","og_site_name":"VareseNews","article_publisher":"https:\/\/www.facebook.com\/varesenews","article_published_time":"2021-03-11T15:14:44+00:00","author":"Damiano Franzetti","twitter_card":"summary_large_image","twitter_creator":"@damianofranz","twitter_site":"@varesenews","twitter_misc":{"Scritto da":"Damiano Franzetti","Tempo di lettura stimato":"2 minuti"},"schema":{"@context":"https:\/\/schema.org","@graph":[{"@type":"WebPage","@id":"https:\/\/staging.varesenews.it\/2021\/03\/tre-settimane-allesordio-nel-motomondiale-test-jerez-le-mv-agusta\/1316313\/","url":"https:\/\/staging.varesenews.it\/2021\/03\/tre-settimane-allesordio-nel-motomondiale-test-jerez-le-mv-agusta\/1316313\/","name":"Tre settimane all'esordio nel Motomondiale: test a Jerez per le MV Agusta","isPartOf":{"@id":"https:\/\/staging.varesenews.it\/#website"},"datePublished":"2021-03-11T15:14:44+00:00","dateModified":"2021-03-11T15:14:44+00:00","author":{"@id":"https:\/\/staging.varesenews.it\/#\/schema\/person\/709ae3769f6b4dbde8ec332baede8a5b"},"description":"I tre piloti del Forward Racing Team hanno testato le moto varesine sul tracciato andaluso in vista dell'apertura della stagione. Buon risultato per il veterano Corsi; prove di feeling per Baldassarri e Marcon","breadcrumb":{"@id":"https:\/\/staging.varesenews.it\/2021\/03\/tre-settimane-allesordio-nel-motomondiale-test-jerez-le-mv-agusta\/1316313\/#breadcrumb"},"inLanguage":"it-IT","potentialAction":[{"@type":"ReadAction","target":["https:\/\/staging.varesenews.it\/2021\/03\/tre-settimane-allesordio-nel-motomondiale-test-jerez-le-mv-agusta\/1316313\/"]}]},{"@type":"BreadcrumbList","@id":"https:\/\/staging.varesenews.it\/2021\/03\/tre-settimane-allesordio-nel-motomondiale-test-jerez-le-mv-agusta\/1316313\/#breadcrumb","itemListElement":[{"@type":"ListItem","position":1,"name":"Home","item":"https:\/\/www.varesenews.it\/"},{"@type":"ListItem","position":2,"name":"Tre settimane all&#8217;esordio nel Motomondiale: test a Jerez per le MV Agusta"}]},{"@type":"WebSite","@id":"https:\/\/staging.varesenews.it\/#website","url":"https:\/\/staging.varesenews.it\/","name":"VareseNews","description":"","potentialAction":[{"@type":"SearchAction","target":{"@type":"EntryPoint","urlTemplate":"https:\/\/staging.varesenews.it\/?s={search_term_string}"},"query-input":"required name=search_term_string"}],"inLanguage":"it-IT"},{"@type":"Person","@id":"https:\/\/staging.varesenews.it\/#\/schema\/person\/709ae3769f6b4dbde8ec332baede8a5b","name":"Damiano Franzetti","image":{"@type":"ImageObject","inLanguage":"it-IT","@id":"https:\/\/staging.varesenews.it\/#\/schema\/person\/image\/","url":"https:\/\/staging.varesenews.it\/wp-content\/uploads\/2020\/12\/damiano_franzetti_colori_500.jpg","contentUrl":"https:\/\/staging.varesenews.it\/wp-content\/uploads\/2020\/12\/damiano_franzetti_colori_500.jpg","caption":"Damiano Franzetti"},"description":"Classe 1976, una laurea (nel cassetto) in scienze e tecnologie alimentari; sono giornalista professionista dal 2009 nato e cresciuto con VareseNews dove mi occupo soprattutto di sport ormai da vent&rsquo;anni. Inviato sui campi (sulle piste, sulle strade...), intervistatore, coordinatore e responsabile delle pagine sportive, mi ritaglio volentieri lo spazio per scrivere di birra sul blog Malto Gradimento. Ho seguito innumerevoli campionati di Serie A di basket, di serie B di calcio, due Mondiali di ciclismo, qualche Giro d&rsquo;;Italia e tanto altro ancora. Collaboro con Tuttosport e altre testate, mi diletto di social. Ho una moglie, un figlio, vivo nella mia Gemonio e ho purtroppo smesso con il basket giocato. &nbsp;","sameAs":["damianofranz","https:\/\/www.linkedin.com\/profile\/view?id=241597124&trk=nav_responsive_tab_profile","https:\/\/twitter.com\/damianofranz"],"url":"https:\/\/staging.varesenews.it\/persona\/damiano_franzetti-2\/"}]}},"post_meta":{"_edit_lock":"1615476386:38","_edit_last":"38","_category_permalink":"a:1:{s:8:\"category\";s:2:\"14\";}","argomento":"Motociclismo","_yoast_wpseo_content_score":"30","_jd_tweet_this":"yes","foto":"1208881","_oembed_2807348fb0bf805b248a6f04ef669da3":"<blockquote class=\"wp-embedded-content\" data-secret=\"JW3hv9yNfJ\"><a href=\"https:\/\/www.varesenews.it\/2021\/02\/motomondiale-mv-agusta-scatta-allombra-del-monte-bianco\/1311128\/\">Il Motomondiale di MV Agusta scatta all&#8217;ombra del Monte Bianco<\/a><\/blockquote><iframe class=\"wp-embedded-content\" sandbox=\"allow-scripts\" security=\"restricted\" style=\"position: absolute; clip: rect(1px, 1px, 1px, 1px);\" src=\"https:\/\/www.varesenews.it\/2021\/02\/motomondiale-mv-agusta-scatta-allombra-del-monte-bianco\/1311128\/embed\/#?secret=JW3hv9yNfJ\" data-secret=\"JW3hv9yNfJ\" width=\"600\" height=\"338\" title=\"&#8220;Il Motomondiale di MV Agusta scatta all&#8217;ombra del Monte Bianco&#8221; &#8212; VareseNews\" frameborder=\"0\" marginwidth=\"0\" marginheight=\"0\" scrolling=\"no\"><\/iframe>","_oembed_time_2807348fb0bf805b248a6f04ef669da3":"1615475676","_encloseme":"1","ratings_users":"0","ratings_score":"0","ratings_average":"0","_oembed_552c8839e2a358bdbfaaeb6ff9c54a33":"<blockquote class=\"wp-embedded-content\" data-secret=\"fh8E0pjT9r\"><a href=\"https:\/\/www.varesenews.it\/2021\/02\/motomondiale-mv-agusta-scatta-allombra-del-monte-bianco\/1311128\/\">Il Motomondiale di MV Agusta scatta all&#8217;ombra del Monte Bianco<\/a><\/blockquote><iframe class=\"wp-embedded-content\" sandbox=\"allow-scripts\" security=\"restricted\" style=\"position: absolute; clip: rect(1px, 1px, 1px, 1px);\" src=\"https:\/\/www.varesenews.it\/2021\/02\/motomondiale-mv-agusta-scatta-allombra-del-monte-bianco\/1311128\/embed\/#?secret=fh8E0pjT9r\" data-secret=\"fh8E0pjT9r\" width=\"500\" height=\"282\" title=\"&#8220;Il Motomondiale di MV Agusta scatta all&#8217;ombra del Monte Bianco&#8221; &#8212; VareseNews\" frameborder=\"0\" marginwidth=\"0\" marginheight=\"0\" scrolling=\"no\"><\/iframe>","_oembed_time_552c8839e2a358bdbfaaeb6ff9c54a33":"1615475689","_wpt_short_url":"https:\/\/www.varesenews.it\/2021\/03\/tre-settimane-allesordio-nel-motomondiale-test-jerez-le-mv-agusta\/1316313\/","_wp_jd_target":"https:\/\/www.varesenews.it\/2021\/03\/tre-settimane-allesordio-nel-motomondiale-test-jerez-le-mv-agusta\/1316313\/","_jd_wp_twitter":"a:1:{i:0;s:223:\"Tre settimane all\u2019esordio nel Motomondiale: test a Jerez per le MV Agusta https:\/\/www.varesenews.it\/2021\/03\/tre-settimane-allesordio-nel-motomondiale-test-jerez-le-mv-agusta\/1316313\/ #forwardracing #motociclismo #MVAgusta\";}","_wpt_status_message":"Tweet inviato con successo.","_oembed_7b966f7492d576f474921e84cf8e3813":"<blockquote class=\"wp-embedded-content\" data-secret=\"TlbwRJCoCH\"><a href=\"https:\/\/www.varesenews.it\/2021\/02\/motomondiale-mv-agusta-scatta-allombra-del-monte-bianco\/1311128\/\">Il Motomondiale di MV Agusta scatta all&#8217;ombra del Monte Bianco<\/a><\/blockquote><iframe class=\"wp-embedded-content\" sandbox=\"allow-scripts\" security=\"restricted\" style=\"position: absolute; clip: rect(1px, 1px, 1px, 1px);\" src=\"https:\/\/www.varesenews.it\/2021\/02\/motomondiale-mv-agusta-scatta-allombra-del-monte-bianco\/1311128\/embed\/#?secret=TlbwRJCoCH\" data-secret=\"TlbwRJCoCH\" width=\"600\" height=\"338\" title=\"&#8220;Il Motomondiale di MV Agusta scatta all&#8217;ombra del Monte Bianco&#8221; &#8212; VareseNews\" frameborder=\"0\" marginwidth=\"0\" marginheight=\"0\" scrolling=\"no\"><\/iframe>","_oembed_time_7b966f7492d576f474921e84cf8e3813":"1615475693"},"photos":[{"original":"https:\/\/staging.varesenews.it\/photogallery_new\/images\/2021\/03\/motomondiale-2021-mv-agusta-forward-racing-team-motociclismo-1208881.jpg","full":"https:\/\/staging.varesenews.it\/photogallery_new\/images\/2021\/03\/motomondiale-2021-mv-agusta-forward-racing-team-motociclismo-1208881.1024x768.jpg","large":"https:\/\/staging.varesenews.it\/photogallery_new\/images\/2021\/03\/motomondiale-2021-mv-agusta-forward-racing-team-motociclismo-1208881.610x431.jpg"}],"_links":{"self":[{"href":"https:\/\/staging.varesenews.it\/swgapi\/v1\/wp\/v2\/posts\/1316313"}],"collection":[{"href":"https:\/\/staging.varesenews.it\/swgapi\/v1\/wp\/v2\/posts"}],"about":[{"href":"https:\/\/staging.varesenews.it\/swgapi\/v1\/wp\/v2\/types\/post"}],"author":[{"embeddable":true,"href":"https:\/\/staging.varesenews.it\/swgapi\/v1\/wp\/v2\/users\/38"}],"replies":[{"embeddable":true,"href":"https:\/\/staging.varesenews.it\/swgapi\/v1\/wp\/v2\/comments?post=1316313"}],"version-history":[{"count":0,"href":"https:\/\/staging.varesenews.it\/swgapi\/v1\/wp\/v2\/posts\/1316313\/revisions"}],"wp:attachment":[{"href":"https:\/\/staging.varesenews.it\/swgapi\/v1\/wp\/v2\/media?parent=1316313"}],"wp:term":[{"taxonomy":"category","embeddable":true,"href":"https:\/\/staging.varesenews.it\/swgapi\/v1\/wp\/v2\/categories?post=1316313"},{"taxonomy":"post_tag","embeddable":true,"href":"https:\/\/staging.varesenews.it\/swgapi\/v1\/wp\/v2\/tags?post=1316313"}],"curies":[{"name":"wp","href":"https:\/\/api.w.org\/{rel}","templated":true}]}}